{"id":49668,"date":"2020-09-14T15:38:05","date_gmt":"2020-09-14T13:38:05","guid":{"rendered":"https:\/\/vosgesinfo.fr\/gerardmerinfo\/2020\/09\/recherche-de-decors-tournage-dun-court-metrage\/"},"modified":"2020-09-14T15:38:05","modified_gmt":"2020-09-14T13:38:05","slug":"recherche-de-decors-tournage-dun-court-metrage","status":"publish","type":"post","link":"https:\/\/vosgesinfo.fr\/gerardmerinfo\/2020\/09\/recherche-de-decors-tournage-dun-court-metrage\/","title":{"rendered":"Recherche de d\u00e9cors pour le tournage d&rsquo;un court m\u00e9trage"},"content":{"rendered":"<p><a href=\"https:\/\/gerardmerinfo.fr\/2020\/09\/recherche-de-decors-tournage-dun-court-metrage\/decor\/\" rel=\"attachment wp-att-167597\"><img decoding=\"async\" class=\"aligncenter size-full wp-image-167597\" src=\"\/2020\/09\/d\u00e9cor.jpg\" alt=\"d\u00e9cor\" width=\"800\" height=\"800\" \/><\/a><strong>RELAIS RECHERCHE DE D\u00c9COR | Court m\u00e9trage | Vosges Nom du projet : Des Hortensias en Hiver R\u00e9alisatrice : H\u00e9l\u00e8ne Rastegar Production : Les Films du Pingouin. P\u00e9riode de tournage : novembre\/ \/ d\u00e9cembre 2020 Lieu : Vosges \u2192<\/strong><\/p>\n<p>RECHERCHE<\/p>\n<p>&#8211; une maison au bord d&rsquo;un lac ou situ\u00e9e non loin d&rsquo;un lac aux alentours de G\u00e9rardmer ou de Longemer. Grande maison isol\u00e9e ou pas trop coll\u00e9e aux autres, id\u00e9alement en pierre avec un petit jardin devant ou derri\u00e8re. Pas de chalet ou d&rsquo;int\u00e9rieur en bois.<\/p>\n<p>&#8211; un atelier type sculpteur ou potier dans les alentours de G\u00e9rardmer ou de Longemer.<\/p>\n<p>\u2192 PROPOSITIONS<\/p>\n<p>Merci d&rsquo;envoyer vos propositions \u00e0 \u25ba <a href=\"mailto:decordheh@gmail.com\">decordheh@gmail.com<\/a> \u2192 CONDITIONS Le lieu choisi fera l&rsquo;objet d\u2019une indemnit\u00e9.<\/p>\n<p>La location sera contractualis\u00e9e et la production s\u2019engage \u00e0 restituer les lieux dans l\u2019\u00e9tat ou ils \u00e9taient avant le tournage et \u00e0 pr\u00e9senter une attestation d\u2018assurance.<\/p>\n<p>Le projet est accompagn\u00e9 par le Bureau d&rsquo;accueil des tournages de l&rsquo;Agence culturelle Grand Est et a re\u00e7u une aide \u00e0 la production de la R\u00e9gion Grand Est.<\/p>\n","protected":false},"excerpt":{"rendered":"<p>RELAIS RECHERCHE DE D\u00c9COR | Court m\u00e9trage | Vosges Nom du projet : Des Hortensias en Hiver R\u00e9alisatrice : H\u00e9l\u00e8ne [&hellip;]<\/p>\n","protected":false},"author":1,"featured_media":49669,"comment_status":"open","ping_status":"open","sticky":false,"template":"","format":"standard","meta":{"footnotes":""},"categories":[20,18],"tags":[],"class_list":["post-49668","post","type-post","status-publish","format-standard","has-post-thumbnail","hentry","category-a-la-une","category-vosges"],"acf":[],"yoast_head":"<!-- This site is optimized with the Yoast SEO plugin v22.5 - https:\/\/yoast.com\/wordpress\/plugins\/seo\/ -->\n<title>Recherche de d\u00e9cors pour le tournage d&#039;un court m\u00e9trage - Gerardmer Info<\/title>\n<meta name=\"robots\" content=\"index, follow, max-snippet:-1, max-image-preview:large, max-video-preview:-1\" \/>\n<link rel=\"canonical\" href=\"https:\/\/vosgesinfo.fr\/gerardmerinfo\/2020\/09\/recherche-de-decors-tournage-dun-court-metrage\/\" \/>\n<meta name=\"twitter:card\" content=\"summary_large_image\" \/>\n<meta name=\"twitter:title\" content=\"Recherche de d\u00e9cors pour le tournage d&#039;un court m\u00e9trage - Gerardmer Info\" \/>\n<meta name=\"twitter:description\" content=\"RELAIS RECHERCHE DE D\u00c9COR | Court m\u00e9trage | Vosges Nom du projet : Des Hortensias en Hiver R\u00e9alisatrice : H\u00e9l\u00e8ne [&hellip;]\" \/>\n<meta name=\"twitter:image\" content=\"https:\/\/vosgesinfo.fr\/app\/uploads\/sites\/6\/2024\/07\/202009decor.jpg\" \/>\n<meta name=\"twitter:creator\" content=\"@VosgesInfo88\" \/>\n<meta name=\"twitter:site\" content=\"@VosgesInfo88\" \/>\n<meta name=\"twitter:label1\" content=\"\u00c9crit par\" \/>\n\t<meta name=\"twitter:data1\" content=\"qs_admin\" \/>\n\t<meta name=\"twitter:label2\" content=\"Dur\u00e9e de lecture estim\u00e9e\" \/>\n\t<meta name=\"twitter:data2\" content=\"1 minute\" \/>\n<script type=\"application\/ld+json\" class=\"yoast-schema-graph\">{\"@context\":\"https:\/\/schema.org\",\"@graph\":[{\"@type\":\"Article\",\"@id\":\"https:\/\/vosgesinfo.fr\/gerardmerinfo\/2020\/09\/recherche-de-decors-tournage-dun-court-metrage\/#article\",\"isPartOf\":{\"@id\":\"https:\/\/vosgesinfo.fr\/gerardmerinfo\/2020\/09\/recherche-de-decors-tournage-dun-court-metrage\/\"},\"author\":{\"name\":\"qs_admin\",\"@id\":\"https:\/\/vosgesinfo.fr\/gerardmerinfo\/#\/schema\/person\/bc5d02d71e6932e81b6dadb7386667b1\"},\"headline\":\"Recherche de d\u00e9cors pour le tournage d&rsquo;un court m\u00e9trage\",\"datePublished\":\"2020-09-14T13:38:05+00:00\",\"dateModified\":\"2020-09-14T13:38:05+00:00\",\"mainEntityOfPage\":{\"@id\":\"https:\/\/vosgesinfo.fr\/gerardmerinfo\/2020\/09\/recherche-de-decors-tournage-dun-court-metrage\/\"},\"wordCount\":200,\"commentCount\":0,\"publisher\":{\"@id\":\"https:\/\/vosgesinfo.fr\/gerardmerinfo\/#organization\"},\"image\":{\"@id\":\"https:\/\/vosgesinfo.fr\/gerardmerinfo\/2020\/09\/recherche-de-decors-tournage-dun-court-metrage\/#primaryimage\"},\"thumbnailUrl\":\"https:\/\/vosgesinfo.fr\/app\/uploads\/sites\/6\/2024\/07\/202009decor.jpg\",\"articleSection\":[\"A la une\",\"Vosges\"],\"inLanguage\":\"fr-FR\",\"potentialAction\":[{\"@type\":\"CommentAction\",\"name\":\"Comment\",\"target\":[\"https:\/\/vosgesinfo.fr\/gerardmerinfo\/2020\/09\/recherche-de-decors-tournage-dun-court-metrage\/#respond\"]}]},{\"@type\":\"WebPage\",\"@id\":\"https:\/\/vosgesinfo.fr\/gerardmerinfo\/2020\/09\/recherche-de-decors-tournage-dun-court-metrage\/\",\"url\":\"https:\/\/vosgesinfo.fr\/gerardmerinfo\/2020\/09\/recherche-de-decors-tournage-dun-court-metrage\/\",\"name\":\"Recherche de d\u00e9cors pour le tournage d'un court m\u00e9trage - Gerardmer Info\",\"isPartOf\":{\"@id\":\"https:\/\/vosgesinfo.fr\/gerardmerinfo\/#website\"},\"primaryImageOfPage\":{\"@id\":\"https:\/\/vosgesinfo.fr\/gerardmerinfo\/2020\/09\/recherche-de-decors-tournage-dun-court-metrage\/#primaryimage\"},\"image\":{\"@id\":\"https:\/\/vosgesinfo.fr\/gerardmerinfo\/2020\/09\/recherche-de-decors-tournage-dun-court-metrage\/#primaryimage\"},\"thumbnailUrl\":\"https:\/\/vosgesinfo.fr\/app\/uploads\/sites\/6\/2024\/07\/202009decor.jpg\",\"datePublished\":\"2020-09-14T13:38:05+00:00\",\"dateModified\":\"2020-09-14T13:38:05+00:00\",\"breadcrumb\":{\"@id\":\"https:\/\/vosgesinfo.fr\/gerardmerinfo\/2020\/09\/recherche-de-decors-tournage-dun-court-metrage\/#breadcrumb\"},\"inLanguage\":\"fr-FR\",\"potentialAction\":[{\"@type\":\"ReadAction\",\"target\":[\"https:\/\/vosgesinfo.fr\/gerardmerinfo\/2020\/09\/recherche-de-decors-tournage-dun-court-metrage\/\"]}]},{\"@type\":\"ImageObject\",\"inLanguage\":\"fr-FR\",\"@id\":\"https:\/\/vosgesinfo.fr\/gerardmerinfo\/2020\/09\/recherche-de-decors-tournage-dun-court-metrage\/#primaryimage\",\"url\":\"https:\/\/vosgesinfo.fr\/app\/uploads\/sites\/6\/2024\/07\/202009decor.jpg\",\"contentUrl\":\"https:\/\/vosgesinfo.fr\/app\/uploads\/sites\/6\/2024\/07\/202009decor.jpg\",\"width\":800,\"height\":800},{\"@type\":\"BreadcrumbList\",\"@id\":\"https:\/\/vosgesinfo.fr\/gerardmerinfo\/2020\/09\/recherche-de-decors-tournage-dun-court-metrage\/#breadcrumb\",\"itemListElement\":[{\"@type\":\"ListItem\",\"position\":1,\"name\":\"Home\",\"item\":\"https:\/\/vosgesinfo.fr\/gerardmerinfo\/\"},{\"@type\":\"ListItem\",\"position\":2,\"name\":\"Recherche de d\u00e9cors pour le tournage d&rsquo;un court m\u00e9trage\"}]},{\"@type\":\"WebSite\",\"@id\":\"https:\/\/vosgesinfo.fr\/gerardmerinfo\/#website\",\"url\":\"https:\/\/vosgesinfo.fr\/gerardmerinfo\/\",\"name\":\"Gerardmer Info\",\"description\":\"Toute l&#039;actualit\u00e9 de G\u00e9rardmer\",\"publisher\":{\"@id\":\"https:\/\/vosgesinfo.fr\/gerardmerinfo\/#organization\"},\"alternateName\":\"Toute l'actualit\u00e9 de G\u00e9rardmer\",\"potentialAction\":[{\"@type\":\"SearchAction\",\"target\":{\"@type\":\"EntryPoint\",\"urlTemplate\":\"https:\/\/vosgesinfo.fr\/gerardmerinfo\/?s={search_term_string}\"},\"query-input\":\"required name=search_term_string\"}],\"inLanguage\":\"fr-FR\"},{\"@type\":\"Organization\",\"@id\":\"https:\/\/vosgesinfo.fr\/gerardmerinfo\/#organization\",\"name\":\"Gerardmer Info\",\"url\":\"https:\/\/vosgesinfo.fr\/gerardmerinfo\/\",\"logo\":{\"@type\":\"ImageObject\",\"inLanguage\":\"fr-FR\",\"@id\":\"https:\/\/vosgesinfo.fr\/gerardmerinfo\/#\/schema\/logo\/image\/\",\"url\":\"https:\/\/vosgesinfo.fr\/app\/uploads\/sites\/6\/2023\/08\/favicon-gerardmerinfo.png\",\"contentUrl\":\"https:\/\/vosgesinfo.fr\/app\/uploads\/sites\/6\/2023\/08\/favicon-gerardmerinfo.png\",\"width\":512,\"height\":512,\"caption\":\"Gerardmer Info\"},\"image\":{\"@id\":\"https:\/\/vosgesinfo.fr\/gerardmerinfo\/#\/schema\/logo\/image\/\"},\"sameAs\":[\"https:\/\/www.facebook.com\/profile.php?id=100049475262660\",\"https:\/\/x.com\/VosgesInfo88\",\"https:\/\/www.youtube.com\/@vosgesinfo\"]},{\"@type\":\"Person\",\"@id\":\"https:\/\/vosgesinfo.fr\/gerardmerinfo\/#\/schema\/person\/bc5d02d71e6932e81b6dadb7386667b1\",\"name\":\"qs_admin\",\"image\":{\"@type\":\"ImageObject\",\"inLanguage\":\"fr-FR\",\"@id\":\"https:\/\/vosgesinfo.fr\/gerardmerinfo\/#\/schema\/person\/image\/\",\"url\":\"https:\/\/secure.gravatar.com\/avatar\/94b18ee0ed79e4a42ea2f2931277b6841a8999fc6fde214600c78057cf1fe1de?s=96&d=mm&r=g\",\"contentUrl\":\"https:\/\/secure.gravatar.com\/avatar\/94b18ee0ed79e4a42ea2f2931277b6841a8999fc6fde214600c78057cf1fe1de?s=96&d=mm&r=g\",\"caption\":\"qs_admin\"},\"sameAs\":[\"https:\/\/vosgesinfo.fr\/wp\"],\"url\":\"https:\/\/vosgesinfo.fr\/gerardmerinfo\/author\/qs_admin\/\"}]}<\/script>\n<!-- \/ Yoast SEO plugin. -->","yoast_head_json":{"title":"Recherche de d\u00e9cors pour le tournage d'un court m\u00e9trage - Gerardmer Info","robots":{"index":"index","follow":"follow","max-snippet":"max-snippet:-1","max-image-preview":"max-image-preview:large","max-video-preview":"max-video-preview:-1"},"canonical":"https:\/\/vosgesinfo.fr\/gerardmerinfo\/2020\/09\/recherche-de-decors-tournage-dun-court-metrage\/","twitter_card":"summary_large_image","twitter_title":"Recherche de d\u00e9cors pour le tournage d'un court m\u00e9trage - Gerardmer Info","twitter_description":"RELAIS RECHERCHE DE D\u00c9COR | Court m\u00e9trage | Vosges Nom du projet : Des Hortensias en Hiver R\u00e9alisatrice : H\u00e9l\u00e8ne [&hellip;]","twitter_image":"https:\/\/vosgesinfo.fr\/app\/uploads\/sites\/6\/2024\/07\/202009decor.jpg","twitter_creator":"@VosgesInfo88","twitter_site":"@VosgesInfo88","twitter_misc":{"\u00c9crit par":"qs_admin","Dur\u00e9e de lecture estim\u00e9e":"1 minute"},"schema":{"@context":"https:\/\/schema.org","@graph":[{"@type":"Article","@id":"https:\/\/vosgesinfo.fr\/gerardmerinfo\/2020\/09\/recherche-de-decors-tournage-dun-court-metrage\/#article","isPartOf":{"@id":"https:\/\/vosgesinfo.fr\/gerardmerinfo\/2020\/09\/recherche-de-decors-tournage-dun-court-metrage\/"},"author":{"name":"qs_admin","@id":"https:\/\/vosgesinfo.fr\/gerardmerinfo\/#\/schema\/person\/bc5d02d71e6932e81b6dadb7386667b1"},"headline":"Recherche de d\u00e9cors pour le tournage d&rsquo;un court m\u00e9trage","datePublished":"2020-09-14T13:38:05+00:00","dateModified":"2020-09-14T13:38:05+00:00","mainEntityOfPage":{"@id":"https:\/\/vosgesinfo.fr\/gerardmerinfo\/2020\/09\/recherche-de-decors-tournage-dun-court-metrage\/"},"wordCount":200,"commentCount":0,"publisher":{"@id":"https:\/\/vosgesinfo.fr\/gerardmerinfo\/#organization"},"image":{"@id":"https:\/\/vosgesinfo.fr\/gerardmerinfo\/2020\/09\/recherche-de-decors-tournage-dun-court-metrage\/#primaryimage"},"thumbnailUrl":"https:\/\/vosgesinfo.fr\/app\/uploads\/sites\/6\/2024\/07\/202009decor.jpg","articleSection":["A la une","Vosges"],"inLanguage":"fr-FR","potentialAction":[{"@type":"CommentAction","name":"Comment","target":["https:\/\/vosgesinfo.fr\/gerardmerinfo\/2020\/09\/recherche-de-decors-tournage-dun-court-metrage\/#respond"]}]},{"@type":"WebPage","@id":"https:\/\/vosgesinfo.fr\/gerardmerinfo\/2020\/09\/recherche-de-decors-tournage-dun-court-metrage\/","url":"https:\/\/vosgesinfo.fr\/gerardmerinfo\/2020\/09\/recherche-de-decors-tournage-dun-court-metrage\/","name":"Recherche de d\u00e9cors pour le tournage d'un court m\u00e9trage - Gerardmer Info","isPartOf":{"@id":"https:\/\/vosgesinfo.fr\/gerardmerinfo\/#website"},"primaryImageOfPage":{"@id":"https:\/\/vosgesinfo.fr\/gerardmerinfo\/2020\/09\/recherche-de-decors-tournage-dun-court-metrage\/#primaryimage"},"image":{"@id":"https:\/\/vosgesinfo.fr\/gerardmerinfo\/2020\/09\/recherche-de-decors-tournage-dun-court-metrage\/#primaryimage"},"thumbnailUrl":"https:\/\/vosgesinfo.fr\/app\/uploads\/sites\/6\/2024\/07\/202009decor.jpg","datePublished":"2020-09-14T13:38:05+00:00","dateModified":"2020-09-14T13:38:05+00:00","breadcrumb":{"@id":"https:\/\/vosgesinfo.fr\/gerardmerinfo\/2020\/09\/recherche-de-decors-tournage-dun-court-metrage\/#breadcrumb"},"inLanguage":"fr-FR","potentialAction":[{"@type":"ReadAction","target":["https:\/\/vosgesinfo.fr\/gerardmerinfo\/2020\/09\/recherche-de-decors-tournage-dun-court-metrage\/"]}]},{"@type":"ImageObject","inLanguage":"fr-FR","@id":"https:\/\/vosgesinfo.fr\/gerardmerinfo\/2020\/09\/recherche-de-decors-tournage-dun-court-metrage\/#primaryimage","url":"https:\/\/vosgesinfo.fr\/app\/uploads\/sites\/6\/2024\/07\/202009decor.jpg","contentUrl":"https:\/\/vosgesinfo.fr\/app\/uploads\/sites\/6\/2024\/07\/202009decor.jpg","width":800,"height":800},{"@type":"BreadcrumbList","@id":"https:\/\/vosgesinfo.fr\/gerardmerinfo\/2020\/09\/recherche-de-decors-tournage-dun-court-metrage\/#breadcrumb","itemListElement":[{"@type":"ListItem","position":1,"name":"Home","item":"https:\/\/vosgesinfo.fr\/gerardmerinfo\/"},{"@type":"ListItem","position":2,"name":"Recherche de d\u00e9cors pour le tournage d&rsquo;un court m\u00e9trage"}]},{"@type":"WebSite","@id":"https:\/\/vosgesinfo.fr\/gerardmerinfo\/#website","url":"https:\/\/vosgesinfo.fr\/gerardmerinfo\/","name":"Gerardmer Info","description":"Toute l&#039;actualit\u00e9 de G\u00e9rardmer","publisher":{"@id":"https:\/\/vosgesinfo.fr\/gerardmerinfo\/#organization"},"alternateName":"Toute l'actualit\u00e9 de G\u00e9rardmer","potentialAction":[{"@type":"SearchAction","target":{"@type":"EntryPoint","urlTemplate":"https:\/\/vosgesinfo.fr\/gerardmerinfo\/?s={search_term_string}"},"query-input":"required name=search_term_string"}],"inLanguage":"fr-FR"},{"@type":"Organization","@id":"https:\/\/vosgesinfo.fr\/gerardmerinfo\/#organization","name":"Gerardmer Info","url":"https:\/\/vosgesinfo.fr\/gerardmerinfo\/","logo":{"@type":"ImageObject","inLanguage":"fr-FR","@id":"https:\/\/vosgesinfo.fr\/gerardmerinfo\/#\/schema\/logo\/image\/","url":"https:\/\/vosgesinfo.fr\/app\/uploads\/sites\/6\/2023\/08\/favicon-gerardmerinfo.png","contentUrl":"https:\/\/vosgesinfo.fr\/app\/uploads\/sites\/6\/2023\/08\/favicon-gerardmerinfo.png","width":512,"height":512,"caption":"Gerardmer Info"},"image":{"@id":"https:\/\/vosgesinfo.fr\/gerardmerinfo\/#\/schema\/logo\/image\/"},"sameAs":["https:\/\/www.facebook.com\/profile.php?id=100049475262660","https:\/\/x.com\/VosgesInfo88","https:\/\/www.youtube.com\/@vosgesinfo"]},{"@type":"Person","@id":"https:\/\/vosgesinfo.fr\/gerardmerinfo\/#\/schema\/person\/bc5d02d71e6932e81b6dadb7386667b1","name":"qs_admin","image":{"@type":"ImageObject","inLanguage":"fr-FR","@id":"https:\/\/vosgesinfo.fr\/gerardmerinfo\/#\/schema\/person\/image\/","url":"https:\/\/secure.gravatar.com\/avatar\/94b18ee0ed79e4a42ea2f2931277b6841a8999fc6fde214600c78057cf1fe1de?s=96&d=mm&r=g","contentUrl":"https:\/\/secure.gravatar.com\/avatar\/94b18ee0ed79e4a42ea2f2931277b6841a8999fc6fde214600c78057cf1fe1de?s=96&d=mm&r=g","caption":"qs_admin"},"sameAs":["https:\/\/vosgesinfo.fr\/wp"],"url":"https:\/\/vosgesinfo.fr\/gerardmerinfo\/author\/qs_admin\/"}]}},"_links":{"self":[{"href":"https:\/\/vosgesinfo.fr\/gerardmerinfo\/wp-json\/wp\/v2\/posts\/49668","targetHints":{"allow":["GET"]}}],"collection":[{"href":"https:\/\/vosgesinfo.fr\/gerardmerinfo\/wp-json\/wp\/v2\/posts"}],"about":[{"href":"https:\/\/vosgesinfo.fr\/gerardmerinfo\/wp-json\/wp\/v2\/types\/post"}],"author":[{"embeddable":true,"href":"https:\/\/vosgesinfo.fr\/gerardmerinfo\/wp-json\/wp\/v2\/users\/1"}],"replies":[{"embeddable":true,"href":"https:\/\/vosgesinfo.fr\/gerardmerinfo\/wp-json\/wp\/v2\/comments?post=49668"}],"version-history":[{"count":0,"href":"https:\/\/vosgesinfo.fr\/gerardmerinfo\/wp-json\/wp\/v2\/posts\/49668\/revisions"}],"wp:featuredmedia":[{"embeddable":true,"href":"https:\/\/vosgesinfo.fr\/gerardmerinfo\/wp-json\/wp\/v2\/media\/49669"}],"wp:attachment":[{"href":"https:\/\/vosgesinfo.fr\/gerardmerinfo\/wp-json\/wp\/v2\/media?parent=49668"}],"wp:term":[{"taxonomy":"category","embeddable":true,"href":"https:\/\/vosgesinfo.fr\/gerardmerinfo\/wp-json\/wp\/v2\/categories?post=49668"},{"taxonomy":"post_tag","embeddable":true,"href":"https:\/\/vosgesinfo.fr\/gerardmerinfo\/wp-json\/wp\/v2\/tags?post=49668"}],"curies":[{"name":"wp","href":"https:\/\/api.w.org\/{rel}","templated":true}]}}