{"id":49910,"date":"2020-09-29T06:36:34","date_gmt":"2020-09-29T04:36:34","guid":{"rendered":"https:\/\/vosgesinfo.fr\/gerardmerinfo\/2020\/09\/lassociation-oiseaux-nature-fete-40-ans-on-avance-fort-bien\/"},"modified":"2020-09-29T06:36:34","modified_gmt":"2020-09-29T04:36:34","slug":"lassociation-oiseaux-nature-fete-40-ans-on-avance-fort-bien","status":"publish","type":"post","link":"https:\/\/vosgesinfo.fr\/gerardmerinfo\/2020\/09\/lassociation-oiseaux-nature-fete-40-ans-on-avance-fort-bien\/","title":{"rendered":"L&rsquo;association \u00ab\u00a0Oiseaux Nature\u00a0\u00bb f\u00eate ses 40 ans : \u00ab\u00a0On avance fort et bien !\u00a0\u00bb"},"content":{"rendered":"<p class=\"x_MsoNormal\"><strong>L&rsquo;association \u00ab\u00a0Oiseaux Nature\u00a0\u00bb avait le plaisir de c\u00e9l\u00e9brer son 40\u00e8me anniversaire ce dimanche 27 septembre \u00e0 L\u2019Espace Lac \u00e0 G\u00e9rardmer. Rester vigilent, lancer des alertes et faire respecter les lois et r\u00e8glements restent les ma\u00eetres mots pour Claude MAURICE et ses amis.<\/strong><\/p>\n<div id=\"attachment_168372\" style=\"width: 350px\" class=\"wp-caption alignright\"><a href=\"\/2020\/09\/oiseaux-nature-3.jpg\"><img decoding=\"async\" aria-describedby=\"caption-attachment-168372\" class=\"size-medium wp-image-168372\" src=\"\/2020\/09\/oiseaux-nature-3-340x255.jpg\" alt=\"Claude Laurice\" width=\"340\" height=\"255\" \/><\/a><p id=\"caption-attachment-168372\" class=\"wp-caption-text\">Claude Maurice<\/p><\/div>\n<p class=\"x_MsoNormal\">Pour cet anniversaire, l&rsquo;association avait voulu \u00ab\u00a0un chouette cadre\u00a0\u00bb et s&rsquo;\u00e9tait donc naturellement tourn\u00e9 vers la Perle des Vosges et son lac, adressant au passage un grand merci \u00e0 Ville de G\u00e9rardmer et son maire qui mettent \u00e0 disposition cette belle salle. Premier constat, malgr\u00e9 le COVID, de nombreux adh\u00e9rents avaient fait le d\u00e9placement pour ce bel \u00e9v\u00e9nement, sachant que \u00ab\u00a0Oiseaux Nature\u00a0\u00bb est une structure d\u00e9partementale et m\u00eame la plus grosse association naturaliste de Lorraine. Comme l&rsquo;a rappel\u00e9 son pr\u00e9sident historique Claude Maurice, elle compte d\u00e9sormais dans ses rangs un peu moins de 500 adh\u00e9rents dispers\u00e9s aux 4 coins du d\u00e9partement. <em>\u00ab\u00a0Pour ma part, j&rsquo;avais 30 ans quand j&rsquo;ai commenc\u00e9. Je constate que le niveau de comp\u00e9tences et d&rsquo;investissements de nos membres a largement augment\u00e9. On a de plus en plus de lanceurs d&rsquo;alerte et de relais, on avance fort et bien, on est m\u00eame\u00a0\u00bb chauds-bouillants !\u00a0\u00bb<\/em> pr\u00e9cisait-il avec enthousiasme.<\/p>\n<p class=\"x_MsoNormal\"><a href=\"\/2020\/09\/oiseaux-nature-2.jpg\"><img decoding=\"async\" class=\"alignleft size-medium wp-image-168371\" src=\"\/2020\/09\/oiseaux-nature-2-340x255.jpg\" alt=\"oiseaux nature (2)\" width=\"340\" height=\"255\" \/><\/a>Depuis sa naissance il y a 40 ans, \u00ab\u00a0Oiseaux Nature\u00a0\u00bb a toujours pour pr\u00e9occupation principale la pr\u00e9servation des milieux et des esp\u00e8ces, les deux \u00e9tant intimement li\u00e9es. \u00ab\u00a0Nous souhaitons \u00e9galement continuer \u00e0 faire de la sensibilisation environnementale. L&rsquo;un de nos principaux objectifs, qui est d&rsquo;ailleurs inscrit dans nos statuts, est de faire respecter les lois et r\u00e8glements en vigueur. Un autre point essentiel est que nous allons continuer la formation dans tous les domaines afin d&rsquo;\u00eatre toujours efficaces et comp\u00e9tents, afin de conserver une dynamique vitale pour l&rsquo;association.\u00a0\u00bb ajoute Claude Maurice. Le passage de flambeau est donc important, ce n&rsquo;est pas un membre fondateur et mobilis\u00e9 de la premi\u00e8re heure qui dira le contraire !<\/p>\n<div id=\"attachment_168373\" style=\"width: 350px\" class=\"wp-caption alignright\"><a href=\"\/2020\/09\/oiseaux-nature-1.jpg\"><img decoding=\"async\" aria-describedby=\"caption-attachment-168373\" class=\"size-medium wp-image-168373\" src=\"\/2020\/09\/oiseaux-nature-1-340x255.jpg\" alt=\"Une exposition avait \u00e9t\u00e9 mise en place pour l'occasion et la projection d'un documentaire de Vincent Munier venait clore la s\u00e9ance.\" width=\"340\" height=\"255\" \/><\/a><p id=\"caption-attachment-168373\" class=\"wp-caption-text\">Une exposition avait \u00e9t\u00e9 mise en place pour l&rsquo;occasion et la projection d&rsquo;un documentaire de Vincent Munier venait clore la s\u00e9ance.<\/p><\/div>\n<p class=\"x_MsoNormal\">Concr\u00e8tement, \u00ab\u00a0Oiseaux Nature\u00a0\u00bb veille donc \u00e0 la pr\u00e9servation des haies : \u00ab\u00a0<em>Dans les autres d\u00e9partements on agit beaucoup sur ce sujet, pas dans les Vosges<\/em>\u00a0\u00bb commente Claude Maurice. La pr\u00e9servation des sites Natura 200 est \u00e9galement une priorit\u00e9 car ces sites abritent g\u00e9n\u00e9ralement des esp\u00e8ces qui font l&rsquo;objet de plans d&rsquo;action nationale : \u00ab\u00a0<em>Ce sont des zones qui se vident progressivement de leur substance si l&rsquo;on ne fait rien.\u00a0\u00bb<\/em> Autre dossiers, la r\u00e9habilitation du b\u00e2ti, avec l&rsquo;isolation par l&rsquo;ext\u00e9rieur qui pose souvent probl\u00e8me pour certaines esp\u00e8ces : <em>\u00ab\u00a0C&rsquo;est le cas par exemple au lyc\u00e9e Lapique \u00e0 \u00c9pinal. Nous avons sensibilis\u00e9 l&rsquo;architecte et la R\u00e9gion qui finance le projet. Souvent, on peut faire mieux sans que ce soit plus cher, les particuliers et les\u00a0 collectivit\u00e9s ont souvent besoin d&rsquo;\u00eatre accompagn\u00e9s lors de ce genre de chantiers ou d&rsquo;actions\u00a0\u00bb<\/em> explique Claude Maurice.<\/p>\n<p class=\"x_MsoNormal\"><em>\u00ab\u00a0Concernant les haies et autres sites, le probl\u00e8me vient\u00a0 souvent de la m\u00e9canisation \u00e0 outrance qui entra\u00eene des renaturalisations de sites abusives, \u00e0 l&rsquo;image de ce qui s&rsquo;est produit sur le Durbion. On rabote trop vite, on fait tout sur une ann\u00e9e alors qu&rsquo;on pourrait faire par tranche, une ann\u00e9e sur deux, et la brutalit\u00e9 des machines est vraiment probl\u00e9matique, notamment des pelleteuses araign\u00e9es&#8230; Attention, nous sommes conscients qu&rsquo;il faut tailler, enlever les ronces etc&#8230; Mais il y a des solutions plus douces, plus adapt\u00e9es, et encore une fois qui ne co\u00fbtent pas forc\u00e9ment plus cher !<\/em>\u00a0\u00bb conclut le pr\u00e9sident de l&rsquo;association \u00ab\u00a0Oiseaux Nature\u00a0\u00bb dont la flamme semble toujours aussi intense m\u00eame apr\u00e8s 40 ans de lutte pour pr\u00e9server la nature !<\/p>\n<p class=\"x_MsoNormal\">Retrouvez l&rsquo;association sur son site internet : <a href=\"http:\/\/www.association-oiseaux-nature.com\/\" target=\"_blank\" rel=\"noopener\">http:\/\/www.association-oiseaux-nature.com\/<\/a><\/p>\n<p class=\"x_MsoNormal\"><a href=\"\/2020\/09\/Association-Oiseaux-Nature-40-ans-R.jpg\"><img decoding=\"async\" class=\"aligncenter size-medium wp-image-168356\" src=\"\/2020\/09\/Association-Oiseaux-Nature-40-ans-R-367x255.jpg\" alt=\"Association-Oiseaux-Nature-40-ans-R\" width=\"367\" height=\"255\" \/><\/a><\/p>\n","protected":false},"excerpt":{"rendered":"<p>L&rsquo;association \u00ab\u00a0Oiseaux Nature\u00a0\u00bb avait le plaisir de c\u00e9l\u00e9brer son 40\u00e8me anniversaire ce dimanche 27 septembre \u00e0 L\u2019Espace Lac \u00e0 G\u00e9rardmer. [&hellip;]<\/p>\n","protected":false},"author":42,"featured_media":49911,"comment_status":"open","ping_status":"open","sticky":false,"template":"","format":"standard","meta":{"footnotes":""},"categories":[20,7,17,18],"tags":[4435,209],"class_list":["post-49910","post","type-post","status-publish","format-standard","has-post-thumbnail","hentry","category-a-la-une","category-environnement","category-vie-associative","category-vosges","tag-claude-maurice","tag-oiseaux-nature"],"acf":[],"yoast_head":"<!-- This site is optimized with the Yoast SEO plugin v22.5 - https:\/\/yoast.com\/wordpress\/plugins\/seo\/ -->\n<title>L&#039;association &quot;Oiseaux Nature&quot; f\u00eate ses 40 ans : &quot;On avance fort et bien !&quot; - Gerardmer Info<\/title>\n<meta name=\"robots\" content=\"index, follow, max-snippet:-1, max-image-preview:large, max-video-preview:-1\" \/>\n<link rel=\"canonical\" href=\"https:\/\/vosgesinfo.fr\/gerardmerinfo\/2020\/09\/lassociation-oiseaux-nature-fete-40-ans-on-avance-fort-bien\/\" \/>\n<meta name=\"twitter:card\" content=\"summary_large_image\" \/>\n<meta name=\"twitter:title\" content=\"L&#039;association &quot;Oiseaux Nature&quot; f\u00eate ses 40 ans : &quot;On avance fort et bien !&quot; - Gerardmer Info\" \/>\n<meta name=\"twitter:description\" content=\"L&rsquo;association \u00ab\u00a0Oiseaux Nature\u00a0\u00bb avait le plaisir de c\u00e9l\u00e9brer son 40\u00e8me anniversaire ce dimanche 27 septembre \u00e0 L\u2019Espace Lac \u00e0 G\u00e9rardmer. [&hellip;]\" \/>\n<meta name=\"twitter:image\" content=\"https:\/\/vosgesinfo.fr\/app\/uploads\/sites\/6\/2024\/07\/202009association-oiseaux-nature-40-ans-r.jpg\" \/>\n<meta name=\"twitter:creator\" content=\"@VosgesInfo88\" \/>\n<meta name=\"twitter:site\" content=\"@VosgesInfo88\" \/>\n<meta name=\"twitter:label1\" content=\"\u00c9crit par\" \/>\n\t<meta name=\"twitter:data1\" content=\"QG\" \/>\n\t<meta name=\"twitter:label2\" content=\"Dur\u00e9e de lecture estim\u00e9e\" \/>\n\t<meta name=\"twitter:data2\" content=\"3 minutes\" \/>\n<script type=\"application\/ld+json\" class=\"yoast-schema-graph\">{\"@context\":\"https:\/\/schema.org\",\"@graph\":[{\"@type\":\"Article\",\"@id\":\"https:\/\/vosgesinfo.fr\/gerardmerinfo\/2020\/09\/lassociation-oiseaux-nature-fete-40-ans-on-avance-fort-bien\/#article\",\"isPartOf\":{\"@id\":\"https:\/\/vosgesinfo.fr\/gerardmerinfo\/2020\/09\/lassociation-oiseaux-nature-fete-40-ans-on-avance-fort-bien\/\"},\"author\":{\"name\":\"QG\",\"@id\":\"https:\/\/vosgesinfo.fr\/gerardmerinfo\/#\/schema\/person\/db5605779a843dad16b5368f3e7613a5\"},\"headline\":\"L&rsquo;association \u00ab\u00a0Oiseaux Nature\u00a0\u00bb f\u00eate ses 40 ans : \u00ab\u00a0On avance fort et bien !\u00a0\u00bb\",\"datePublished\":\"2020-09-29T04:36:34+00:00\",\"dateModified\":\"2020-09-29T04:36:34+00:00\",\"mainEntityOfPage\":{\"@id\":\"https:\/\/vosgesinfo.fr\/gerardmerinfo\/2020\/09\/lassociation-oiseaux-nature-fete-40-ans-on-avance-fort-bien\/\"},\"wordCount\":694,\"commentCount\":0,\"publisher\":{\"@id\":\"https:\/\/vosgesinfo.fr\/gerardmerinfo\/#organization\"},\"image\":{\"@id\":\"https:\/\/vosgesinfo.fr\/gerardmerinfo\/2020\/09\/lassociation-oiseaux-nature-fete-40-ans-on-avance-fort-bien\/#primaryimage\"},\"thumbnailUrl\":\"https:\/\/vosgesinfo.fr\/app\/uploads\/sites\/6\/2024\/07\/202009association-oiseaux-nature-40-ans-r.jpg\",\"keywords\":[\"Claude Maurice\",\"Oiseaux Nature\"],\"articleSection\":[\"A la une\",\"Environnement\",\"Vie Associative\",\"Vosges\"],\"inLanguage\":\"fr-FR\",\"potentialAction\":[{\"@type\":\"CommentAction\",\"name\":\"Comment\",\"target\":[\"https:\/\/vosgesinfo.fr\/gerardmerinfo\/2020\/09\/lassociation-oiseaux-nature-fete-40-ans-on-avance-fort-bien\/#respond\"]}]},{\"@type\":\"WebPage\",\"@id\":\"https:\/\/vosgesinfo.fr\/gerardmerinfo\/2020\/09\/lassociation-oiseaux-nature-fete-40-ans-on-avance-fort-bien\/\",\"url\":\"https:\/\/vosgesinfo.fr\/gerardmerinfo\/2020\/09\/lassociation-oiseaux-nature-fete-40-ans-on-avance-fort-bien\/\",\"name\":\"L'association \\\"Oiseaux Nature\\\" f\u00eate ses 40 ans : \\\"On avance fort et bien !\\\" - Gerardmer Info\",\"isPartOf\":{\"@id\":\"https:\/\/vosgesinfo.fr\/gerardmerinfo\/#website\"},\"primaryImageOfPage\":{\"@id\":\"https:\/\/vosgesinfo.fr\/gerardmerinfo\/2020\/09\/lassociation-oiseaux-nature-fete-40-ans-on-avance-fort-bien\/#primaryimage\"},\"image\":{\"@id\":\"https:\/\/vosgesinfo.fr\/gerardmerinfo\/2020\/09\/lassociation-oiseaux-nature-fete-40-ans-on-avance-fort-bien\/#primaryimage\"},\"thumbnailUrl\":\"https:\/\/vosgesinfo.fr\/app\/uploads\/sites\/6\/2024\/07\/202009association-oiseaux-nature-40-ans-r.jpg\",\"datePublished\":\"2020-09-29T04:36:34+00:00\",\"dateModified\":\"2020-09-29T04:36:34+00:00\",\"breadcrumb\":{\"@id\":\"https:\/\/vosgesinfo.fr\/gerardmerinfo\/2020\/09\/lassociation-oiseaux-nature-fete-40-ans-on-avance-fort-bien\/#breadcrumb\"},\"inLanguage\":\"fr-FR\",\"potentialAction\":[{\"@type\":\"ReadAction\",\"target\":[\"https:\/\/vosgesinfo.fr\/gerardmerinfo\/2020\/09\/lassociation-oiseaux-nature-fete-40-ans-on-avance-fort-bien\/\"]}]},{\"@type\":\"ImageObject\",\"inLanguage\":\"fr-FR\",\"@id\":\"https:\/\/vosgesinfo.fr\/gerardmerinfo\/2020\/09\/lassociation-oiseaux-nature-fete-40-ans-on-avance-fort-bien\/#primaryimage\",\"url\":\"https:\/\/vosgesinfo.fr\/app\/uploads\/sites\/6\/2024\/07\/202009association-oiseaux-nature-40-ans-r.jpg\",\"contentUrl\":\"https:\/\/vosgesinfo.fr\/app\/uploads\/sites\/6\/2024\/07\/202009association-oiseaux-nature-40-ans-r.jpg\",\"width\":800,\"height\":556},{\"@type\":\"BreadcrumbList\",\"@id\":\"https:\/\/vosgesinfo.fr\/gerardmerinfo\/2020\/09\/lassociation-oiseaux-nature-fete-40-ans-on-avance-fort-bien\/#breadcrumb\",\"itemListElement\":[{\"@type\":\"ListItem\",\"position\":1,\"name\":\"Home\",\"item\":\"https:\/\/vosgesinfo.fr\/gerardmerinfo\/\"},{\"@type\":\"ListItem\",\"position\":2,\"name\":\"L&rsquo;association \u00ab\u00a0Oiseaux Nature\u00a0\u00bb f\u00eate ses 40 ans : \u00ab\u00a0On avance fort et bien !\u00a0\u00bb\"}]},{\"@type\":\"WebSite\",\"@id\":\"https:\/\/vosgesinfo.fr\/gerardmerinfo\/#website\",\"url\":\"https:\/\/vosgesinfo.fr\/gerardmerinfo\/\",\"name\":\"Gerardmer Info\",\"description\":\"Toute l&#039;actualit\u00e9 de G\u00e9rardmer\",\"publisher\":{\"@id\":\"https:\/\/vosgesinfo.fr\/gerardmerinfo\/#organization\"},\"alternateName\":\"Toute l'actualit\u00e9 de G\u00e9rardmer\",\"potentialAction\":[{\"@type\":\"SearchAction\",\"target\":{\"@type\":\"EntryPoint\",\"urlTemplate\":\"https:\/\/vosgesinfo.fr\/gerardmerinfo\/?s={search_term_string}\"},\"query-input\":\"required name=search_term_string\"}],\"inLanguage\":\"fr-FR\"},{\"@type\":\"Organization\",\"@id\":\"https:\/\/vosgesinfo.fr\/gerardmerinfo\/#organization\",\"name\":\"Gerardmer Info\",\"url\":\"https:\/\/vosgesinfo.fr\/gerardmerinfo\/\",\"logo\":{\"@type\":\"ImageObject\",\"inLanguage\":\"fr-FR\",\"@id\":\"https:\/\/vosgesinfo.fr\/gerardmerinfo\/#\/schema\/logo\/image\/\",\"url\":\"https:\/\/vosgesinfo.fr\/app\/uploads\/sites\/6\/2023\/08\/favicon-gerardmerinfo.png\",\"contentUrl\":\"https:\/\/vosgesinfo.fr\/app\/uploads\/sites\/6\/2023\/08\/favicon-gerardmerinfo.png\",\"width\":512,\"height\":512,\"caption\":\"Gerardmer Info\"},\"image\":{\"@id\":\"https:\/\/vosgesinfo.fr\/gerardmerinfo\/#\/schema\/logo\/image\/\"},\"sameAs\":[\"https:\/\/www.facebook.com\/profile.php?id=100049475262660\",\"https:\/\/x.com\/VosgesInfo88\",\"https:\/\/www.youtube.com\/@vosgesinfo\"]},{\"@type\":\"Person\",\"@id\":\"https:\/\/vosgesinfo.fr\/gerardmerinfo\/#\/schema\/person\/db5605779a843dad16b5368f3e7613a5\",\"name\":\"QG\",\"image\":{\"@type\":\"ImageObject\",\"inLanguage\":\"fr-FR\",\"@id\":\"https:\/\/vosgesinfo.fr\/gerardmerinfo\/#\/schema\/person\/image\/\",\"url\":\"https:\/\/secure.gravatar.com\/avatar\/ea80c42c204b534408512832fde52504ecabb9706bcb6151cf6175e5b64e6793?s=96&d=mm&r=g\",\"contentUrl\":\"https:\/\/secure.gravatar.com\/avatar\/ea80c42c204b534408512832fde52504ecabb9706bcb6151cf6175e5b64e6793?s=96&d=mm&r=g\",\"caption\":\"QG\"},\"url\":\"https:\/\/vosgesinfo.fr\/gerardmerinfo\/author\/quentin88\/\"}]}<\/script>\n<!-- \/ Yoast SEO plugin. -->","yoast_head_json":{"title":"L'association \"Oiseaux Nature\" f\u00eate ses 40 ans : \"On avance fort et bien !\" - Gerardmer Info","robots":{"index":"index","follow":"follow","max-snippet":"max-snippet:-1","max-image-preview":"max-image-preview:large","max-video-preview":"max-video-preview:-1"},"canonical":"https:\/\/vosgesinfo.fr\/gerardmerinfo\/2020\/09\/lassociation-oiseaux-nature-fete-40-ans-on-avance-fort-bien\/","twitter_card":"summary_large_image","twitter_title":"L'association \"Oiseaux Nature\" f\u00eate ses 40 ans : \"On avance fort et bien !\" - Gerardmer Info","twitter_description":"L&rsquo;association \u00ab\u00a0Oiseaux Nature\u00a0\u00bb avait le plaisir de c\u00e9l\u00e9brer son 40\u00e8me anniversaire ce dimanche 27 septembre \u00e0 L\u2019Espace Lac \u00e0 G\u00e9rardmer. [&hellip;]","twitter_image":"https:\/\/vosgesinfo.fr\/app\/uploads\/sites\/6\/2024\/07\/202009association-oiseaux-nature-40-ans-r.jpg","twitter_creator":"@VosgesInfo88","twitter_site":"@VosgesInfo88","twitter_misc":{"\u00c9crit par":"QG","Dur\u00e9e de lecture estim\u00e9e":"3 minutes"},"schema":{"@context":"https:\/\/schema.org","@graph":[{"@type":"Article","@id":"https:\/\/vosgesinfo.fr\/gerardmerinfo\/2020\/09\/lassociation-oiseaux-nature-fete-40-ans-on-avance-fort-bien\/#article","isPartOf":{"@id":"https:\/\/vosgesinfo.fr\/gerardmerinfo\/2020\/09\/lassociation-oiseaux-nature-fete-40-ans-on-avance-fort-bien\/"},"author":{"name":"QG","@id":"https:\/\/vosgesinfo.fr\/gerardmerinfo\/#\/schema\/person\/db5605779a843dad16b5368f3e7613a5"},"headline":"L&rsquo;association \u00ab\u00a0Oiseaux Nature\u00a0\u00bb f\u00eate ses 40 ans : \u00ab\u00a0On avance fort et bien !\u00a0\u00bb","datePublished":"2020-09-29T04:36:34+00:00","dateModified":"2020-09-29T04:36:34+00:00","mainEntityOfPage":{"@id":"https:\/\/vosgesinfo.fr\/gerardmerinfo\/2020\/09\/lassociation-oiseaux-nature-fete-40-ans-on-avance-fort-bien\/"},"wordCount":694,"commentCount":0,"publisher":{"@id":"https:\/\/vosgesinfo.fr\/gerardmerinfo\/#organization"},"image":{"@id":"https:\/\/vosgesinfo.fr\/gerardmerinfo\/2020\/09\/lassociation-oiseaux-nature-fete-40-ans-on-avance-fort-bien\/#primaryimage"},"thumbnailUrl":"https:\/\/vosgesinfo.fr\/app\/uploads\/sites\/6\/2024\/07\/202009association-oiseaux-nature-40-ans-r.jpg","keywords":["Claude Maurice","Oiseaux Nature"],"articleSection":["A la une","Environnement","Vie Associative","Vosges"],"inLanguage":"fr-FR","potentialAction":[{"@type":"CommentAction","name":"Comment","target":["https:\/\/vosgesinfo.fr\/gerardmerinfo\/2020\/09\/lassociation-oiseaux-nature-fete-40-ans-on-avance-fort-bien\/#respond"]}]},{"@type":"WebPage","@id":"https:\/\/vosgesinfo.fr\/gerardmerinfo\/2020\/09\/lassociation-oiseaux-nature-fete-40-ans-on-avance-fort-bien\/","url":"https:\/\/vosgesinfo.fr\/gerardmerinfo\/2020\/09\/lassociation-oiseaux-nature-fete-40-ans-on-avance-fort-bien\/","name":"L'association \"Oiseaux Nature\" f\u00eate ses 40 ans : \"On avance fort et bien !\" - Gerardmer Info","isPartOf":{"@id":"https:\/\/vosgesinfo.fr\/gerardmerinfo\/#website"},"primaryImageOfPage":{"@id":"https:\/\/vosgesinfo.fr\/gerardmerinfo\/2020\/09\/lassociation-oiseaux-nature-fete-40-ans-on-avance-fort-bien\/#primaryimage"},"image":{"@id":"https:\/\/vosgesinfo.fr\/gerardmerinfo\/2020\/09\/lassociation-oiseaux-nature-fete-40-ans-on-avance-fort-bien\/#primaryimage"},"thumbnailUrl":"https:\/\/vosgesinfo.fr\/app\/uploads\/sites\/6\/2024\/07\/202009association-oiseaux-nature-40-ans-r.jpg","datePublished":"2020-09-29T04:36:34+00:00","dateModified":"2020-09-29T04:36:34+00:00","breadcrumb":{"@id":"https:\/\/vosgesinfo.fr\/gerardmerinfo\/2020\/09\/lassociation-oiseaux-nature-fete-40-ans-on-avance-fort-bien\/#breadcrumb"},"inLanguage":"fr-FR","potentialAction":[{"@type":"ReadAction","target":["https:\/\/vosgesinfo.fr\/gerardmerinfo\/2020\/09\/lassociation-oiseaux-nature-fete-40-ans-on-avance-fort-bien\/"]}]},{"@type":"ImageObject","inLanguage":"fr-FR","@id":"https:\/\/vosgesinfo.fr\/gerardmerinfo\/2020\/09\/lassociation-oiseaux-nature-fete-40-ans-on-avance-fort-bien\/#primaryimage","url":"https:\/\/vosgesinfo.fr\/app\/uploads\/sites\/6\/2024\/07\/202009association-oiseaux-nature-40-ans-r.jpg","contentUrl":"https:\/\/vosgesinfo.fr\/app\/uploads\/sites\/6\/2024\/07\/202009association-oiseaux-nature-40-ans-r.jpg","width":800,"height":556},{"@type":"BreadcrumbList","@id":"https:\/\/vosgesinfo.fr\/gerardmerinfo\/2020\/09\/lassociation-oiseaux-nature-fete-40-ans-on-avance-fort-bien\/#breadcrumb","itemListElement":[{"@type":"ListItem","position":1,"name":"Home","item":"https:\/\/vosgesinfo.fr\/gerardmerinfo\/"},{"@type":"ListItem","position":2,"name":"L&rsquo;association \u00ab\u00a0Oiseaux Nature\u00a0\u00bb f\u00eate ses 40 ans : \u00ab\u00a0On avance fort et bien !\u00a0\u00bb"}]},{"@type":"WebSite","@id":"https:\/\/vosgesinfo.fr\/gerardmerinfo\/#website","url":"https:\/\/vosgesinfo.fr\/gerardmerinfo\/","name":"Gerardmer Info","description":"Toute l&#039;actualit\u00e9 de G\u00e9rardmer","publisher":{"@id":"https:\/\/vosgesinfo.fr\/gerardmerinfo\/#organization"},"alternateName":"Toute l'actualit\u00e9 de G\u00e9rardmer","potentialAction":[{"@type":"SearchAction","target":{"@type":"EntryPoint","urlTemplate":"https:\/\/vosgesinfo.fr\/gerardmerinfo\/?s={search_term_string}"},"query-input":"required name=search_term_string"}],"inLanguage":"fr-FR"},{"@type":"Organization","@id":"https:\/\/vosgesinfo.fr\/gerardmerinfo\/#organization","name":"Gerardmer Info","url":"https:\/\/vosgesinfo.fr\/gerardmerinfo\/","logo":{"@type":"ImageObject","inLanguage":"fr-FR","@id":"https:\/\/vosgesinfo.fr\/gerardmerinfo\/#\/schema\/logo\/image\/","url":"https:\/\/vosgesinfo.fr\/app\/uploads\/sites\/6\/2023\/08\/favicon-gerardmerinfo.png","contentUrl":"https:\/\/vosgesinfo.fr\/app\/uploads\/sites\/6\/2023\/08\/favicon-gerardmerinfo.png","width":512,"height":512,"caption":"Gerardmer Info"},"image":{"@id":"https:\/\/vosgesinfo.fr\/gerardmerinfo\/#\/schema\/logo\/image\/"},"sameAs":["https:\/\/www.facebook.com\/profile.php?id=100049475262660","https:\/\/x.com\/VosgesInfo88","https:\/\/www.youtube.com\/@vosgesinfo"]},{"@type":"Person","@id":"https:\/\/vosgesinfo.fr\/gerardmerinfo\/#\/schema\/person\/db5605779a843dad16b5368f3e7613a5","name":"QG","image":{"@type":"ImageObject","inLanguage":"fr-FR","@id":"https:\/\/vosgesinfo.fr\/gerardmerinfo\/#\/schema\/person\/image\/","url":"https:\/\/secure.gravatar.com\/avatar\/ea80c42c204b534408512832fde52504ecabb9706bcb6151cf6175e5b64e6793?s=96&d=mm&r=g","contentUrl":"https:\/\/secure.gravatar.com\/avatar\/ea80c42c204b534408512832fde52504ecabb9706bcb6151cf6175e5b64e6793?s=96&d=mm&r=g","caption":"QG"},"url":"https:\/\/vosgesinfo.fr\/gerardmerinfo\/author\/quentin88\/"}]}},"_links":{"self":[{"href":"https:\/\/vosgesinfo.fr\/gerardmerinfo\/wp-json\/wp\/v2\/posts\/49910","targetHints":{"allow":["GET"]}}],"collection":[{"href":"https:\/\/vosgesinfo.fr\/gerardmerinfo\/wp-json\/wp\/v2\/posts"}],"about":[{"href":"https:\/\/vosgesinfo.fr\/gerardmerinfo\/wp-json\/wp\/v2\/types\/post"}],"author":[{"embeddable":true,"href":"https:\/\/vosgesinfo.fr\/gerardmerinfo\/wp-json\/wp\/v2\/users\/42"}],"replies":[{"embeddable":true,"href":"https:\/\/vosgesinfo.fr\/gerardmerinfo\/wp-json\/wp\/v2\/comments?post=49910"}],"version-history":[{"count":0,"href":"https:\/\/vosgesinfo.fr\/gerardmerinfo\/wp-json\/wp\/v2\/posts\/49910\/revisions"}],"wp:featuredmedia":[{"embeddable":true,"href":"https:\/\/vosgesinfo.fr\/gerardmerinfo\/wp-json\/wp\/v2\/media\/49911"}],"wp:attachment":[{"href":"https:\/\/vosgesinfo.fr\/gerardmerinfo\/wp-json\/wp\/v2\/media?parent=49910"}],"wp:term":[{"taxonomy":"category","embeddable":true,"href":"https:\/\/vosgesinfo.fr\/gerardmerinfo\/wp-json\/wp\/v2\/categories?post=49910"},{"taxonomy":"post_tag","embeddable":true,"href":"https:\/\/vosgesinfo.fr\/gerardmerinfo\/wp-json\/wp\/v2\/tags?post=49910"}],"curies":[{"name":"wp","href":"https:\/\/api.w.org\/{rel}","templated":true}]}}