{"id":49943,"date":"2020-09-29T08:42:03","date_gmt":"2020-09-29T06:42:03","guid":{"rendered":"https:\/\/vosgesinfo.fr\/gerardmerinfo\/2020\/09\/secouristes-pgm-de-xonrupt-longemer-appeles-renfort-cretes\/"},"modified":"2020-09-29T08:42:03","modified_gmt":"2020-09-29T06:42:03","slug":"secouristes-pgm-de-xonrupt-longemer-appeles-renfort-cretes","status":"publish","type":"post","link":"https:\/\/vosgesinfo.fr\/gerardmerinfo\/2020\/09\/secouristes-pgm-de-xonrupt-longemer-appeles-renfort-cretes\/","title":{"rendered":"Les secouristes du PGM de Xonrupt Longemer appel\u00e9s en renfort sur les cr\u00eates"},"content":{"rendered":"\n<h3>Lundi, en fin de matin\u00e9e, alors qu&rsquo;elle randonnait avec ses chiens sur un sentier de randonn\u00e9e acc\u00e9dant au Hohneck, une jeune femme de 23 ans a gliss\u00e9 et a d\u00e9val\u00e9 dans une pente tr\u00e8s raide sur environ 180 m\u00e8tres, versant alsacien.<\/h3>\n<p>&nbsp;<\/p>\n<p>C&rsquo;est un t\u00e9moin qui se trouvait pr\u00e8s de la table d\u2019orientation du Hohneck qui a entendu des appels \u00e0 l&rsquo;aide, sans savoir d&rsquo;o\u00f9 ils<br \/>\nprovenaient en raison d&rsquo;un \u00e9pais brouillard, et a donc appel\u00e9 les secours.<br \/>\nLes secouristes du Peloton de Gendarmerie Montagne (PGM) d&rsquo;Hohrod (68)<br \/>\net des sapeurs-pompiers de l\u2019\u00e9quipe de montagne du SDIS 68 sont<br \/>\nrapidement intervenus, et apr\u00e8s avoir localis\u00e9 la victime, ils sont<br \/>\nparvenus jusqu\u2019\u00e0 elle en descendant en rappel dans un terrain rendu<br \/>\nglissant par les chutes de neiges du week-end.<br \/>\nLa jeune femme souffrait de multiples fractures \u00e0 une jambe.<br \/>\nLes conditions m\u00e9t\u00e9o d\u00e9plorables ne permettant pas \u00e0 l&rsquo;h\u00e9licopt\u00e8re de la<br \/>\nGendarmerie de Colmar d&rsquo;effectuer un h\u00e9litreuillage de la victime, son<br \/>\nextraction a du se faire en terrestre par des techniques de secours sur<br \/>\ncordes.<br \/>\nLe PGM de Xonrupt Longemer a \u00e9t\u00e9 sollicit\u00e9 en renfort pour mettre en<br \/>\nplace le dispositif pour remonter la victime \u00e0 l&rsquo;aide d&rsquo;un treuil<br \/>\nm\u00e9canique et de deux cordes de 90 m\u00e8tres.<br \/>\nUne fois remont\u00e9e sur le sentier, la jeune femme a \u00e9t\u00e9 brancard\u00e9e<br \/>\njusqu&rsquo;au VSAV des pompiers, avant son transport en h\u00e9licopt\u00e8re jusqu&rsquo;\u00e0<br \/>\nl&rsquo;h\u00f4pital de Colmar.<span style=\"color: #888888;\"><br \/>\n<\/span><\/p>\n","protected":false},"excerpt":{"rendered":"<p>Lundi, en fin de matin\u00e9e, alors qu&rsquo;elle randonnait avec ses chiens sur un sentier de randonn\u00e9e acc\u00e9dant au Hohneck, une [&hellip;]<\/p>\n","protected":false},"author":1,"featured_media":49944,"comment_status":"open","ping_status":"open","sticky":false,"template":"","format":"standard","meta":{"footnotes":""},"categories":[20,8,31],"tags":[719,3965,4119],"class_list":["post-49943","post","type-post","status-publish","format-standard","has-post-thumbnail","hentry","category-a-la-une","category-faits-divers","category-vosges-faits-divers","tag-hohneck","tag-les-cretes","tag-pgm-xonrupt-longemer"],"acf":[],"yoast_head":"<!-- This site is optimized with the Yoast SEO plugin v22.5 - https:\/\/yoast.com\/wordpress\/plugins\/seo\/ -->\n<title>Les secouristes du PGM de Xonrupt Longemer appel\u00e9s en renfort sur les cr\u00eates - Gerardmer Info<\/title>\n<meta name=\"robots\" content=\"index, follow, max-snippet:-1, max-image-preview:large, max-video-preview:-1\" \/>\n<link rel=\"canonical\" href=\"https:\/\/vosgesinfo.fr\/gerardmerinfo\/2020\/09\/secouristes-pgm-de-xonrupt-longemer-appeles-renfort-cretes\/\" \/>\n<meta name=\"twitter:card\" content=\"summary_large_image\" \/>\n<meta name=\"twitter:title\" content=\"Les secouristes du PGM de Xonrupt Longemer appel\u00e9s en renfort sur les cr\u00eates - Gerardmer Info\" \/>\n<meta name=\"twitter:description\" content=\"Lundi, en fin de matin\u00e9e, alors qu&rsquo;elle randonnait avec ses chiens sur un sentier de randonn\u00e9e acc\u00e9dant au Hohneck, une [&hellip;]\" \/>\n<meta name=\"twitter:image\" content=\"https:\/\/vosgesinfo.fr\/app\/uploads\/sites\/6\/2024\/07\/202009pgm-xonrupt-hohneck-3.jpg\" \/>\n<meta name=\"twitter:creator\" content=\"@VosgesInfo88\" \/>\n<meta name=\"twitter:site\" content=\"@VosgesInfo88\" \/>\n<meta name=\"twitter:label1\" content=\"\u00c9crit par\" \/>\n\t<meta name=\"twitter:data1\" content=\"qs_admin\" \/>\n\t<meta name=\"twitter:label2\" content=\"Dur\u00e9e de lecture estim\u00e9e\" \/>\n\t<meta name=\"twitter:data2\" content=\"1 minute\" \/>\n<script type=\"application\/ld+json\" class=\"yoast-schema-graph\">{\"@context\":\"https:\/\/schema.org\",\"@graph\":[{\"@type\":\"Article\",\"@id\":\"https:\/\/vosgesinfo.fr\/gerardmerinfo\/2020\/09\/secouristes-pgm-de-xonrupt-longemer-appeles-renfort-cretes\/#article\",\"isPartOf\":{\"@id\":\"https:\/\/vosgesinfo.fr\/gerardmerinfo\/2020\/09\/secouristes-pgm-de-xonrupt-longemer-appeles-renfort-cretes\/\"},\"author\":{\"name\":\"qs_admin\",\"@id\":\"https:\/\/vosgesinfo.fr\/gerardmerinfo\/#\/schema\/person\/bc5d02d71e6932e81b6dadb7386667b1\"},\"headline\":\"Les secouristes du PGM de Xonrupt Longemer appel\u00e9s en renfort sur les cr\u00eates\",\"datePublished\":\"2020-09-29T06:42:03+00:00\",\"dateModified\":\"2020-09-29T06:42:03+00:00\",\"mainEntityOfPage\":{\"@id\":\"https:\/\/vosgesinfo.fr\/gerardmerinfo\/2020\/09\/secouristes-pgm-de-xonrupt-longemer-appeles-renfort-cretes\/\"},\"wordCount\":280,\"commentCount\":0,\"publisher\":{\"@id\":\"https:\/\/vosgesinfo.fr\/gerardmerinfo\/#organization\"},\"image\":{\"@id\":\"https:\/\/vosgesinfo.fr\/gerardmerinfo\/2020\/09\/secouristes-pgm-de-xonrupt-longemer-appeles-renfort-cretes\/#primaryimage\"},\"thumbnailUrl\":\"https:\/\/vosgesinfo.fr\/app\/uploads\/sites\/6\/2024\/07\/202009pgm-xonrupt-hohneck-3.jpg\",\"keywords\":[\"Hohneck\",\"Les Cr\u00eates\",\"PGM xonrupt Longemer\"],\"articleSection\":[\"A la une\",\"Faits-divers\",\"Vosges\"],\"inLanguage\":\"fr-FR\",\"potentialAction\":[{\"@type\":\"CommentAction\",\"name\":\"Comment\",\"target\":[\"https:\/\/vosgesinfo.fr\/gerardmerinfo\/2020\/09\/secouristes-pgm-de-xonrupt-longemer-appeles-renfort-cretes\/#respond\"]}]},{\"@type\":\"WebPage\",\"@id\":\"https:\/\/vosgesinfo.fr\/gerardmerinfo\/2020\/09\/secouristes-pgm-de-xonrupt-longemer-appeles-renfort-cretes\/\",\"url\":\"https:\/\/vosgesinfo.fr\/gerardmerinfo\/2020\/09\/secouristes-pgm-de-xonrupt-longemer-appeles-renfort-cretes\/\",\"name\":\"Les secouristes du PGM de Xonrupt Longemer appel\u00e9s en renfort sur les cr\u00eates - Gerardmer Info\",\"isPartOf\":{\"@id\":\"https:\/\/vosgesinfo.fr\/gerardmerinfo\/#website\"},\"primaryImageOfPage\":{\"@id\":\"https:\/\/vosgesinfo.fr\/gerardmerinfo\/2020\/09\/secouristes-pgm-de-xonrupt-longemer-appeles-renfort-cretes\/#primaryimage\"},\"image\":{\"@id\":\"https:\/\/vosgesinfo.fr\/gerardmerinfo\/2020\/09\/secouristes-pgm-de-xonrupt-longemer-appeles-renfort-cretes\/#primaryimage\"},\"thumbnailUrl\":\"https:\/\/vosgesinfo.fr\/app\/uploads\/sites\/6\/2024\/07\/202009pgm-xonrupt-hohneck-3.jpg\",\"datePublished\":\"2020-09-29T06:42:03+00:00\",\"dateModified\":\"2020-09-29T06:42:03+00:00\",\"breadcrumb\":{\"@id\":\"https:\/\/vosgesinfo.fr\/gerardmerinfo\/2020\/09\/secouristes-pgm-de-xonrupt-longemer-appeles-renfort-cretes\/#breadcrumb\"},\"inLanguage\":\"fr-FR\",\"potentialAction\":[{\"@type\":\"ReadAction\",\"target\":[\"https:\/\/vosgesinfo.fr\/gerardmerinfo\/2020\/09\/secouristes-pgm-de-xonrupt-longemer-appeles-renfort-cretes\/\"]}]},{\"@type\":\"ImageObject\",\"inLanguage\":\"fr-FR\",\"@id\":\"https:\/\/vosgesinfo.fr\/gerardmerinfo\/2020\/09\/secouristes-pgm-de-xonrupt-longemer-appeles-renfort-cretes\/#primaryimage\",\"url\":\"https:\/\/vosgesinfo.fr\/app\/uploads\/sites\/6\/2024\/07\/202009pgm-xonrupt-hohneck-3.jpg\",\"contentUrl\":\"https:\/\/vosgesinfo.fr\/app\/uploads\/sites\/6\/2024\/07\/202009pgm-xonrupt-hohneck-3.jpg\",\"width\":522,\"height\":768},{\"@type\":\"BreadcrumbList\",\"@id\":\"https:\/\/vosgesinfo.fr\/gerardmerinfo\/2020\/09\/secouristes-pgm-de-xonrupt-longemer-appeles-renfort-cretes\/#breadcrumb\",\"itemListElement\":[{\"@type\":\"ListItem\",\"position\":1,\"name\":\"Home\",\"item\":\"https:\/\/vosgesinfo.fr\/gerardmerinfo\/\"},{\"@type\":\"ListItem\",\"position\":2,\"name\":\"Les secouristes du PGM de Xonrupt Longemer appel\u00e9s en renfort sur les cr\u00eates\"}]},{\"@type\":\"WebSite\",\"@id\":\"https:\/\/vosgesinfo.fr\/gerardmerinfo\/#website\",\"url\":\"https:\/\/vosgesinfo.fr\/gerardmerinfo\/\",\"name\":\"Gerardmer Info\",\"description\":\"Toute l&#039;actualit\u00e9 de G\u00e9rardmer\",\"publisher\":{\"@id\":\"https:\/\/vosgesinfo.fr\/gerardmerinfo\/#organization\"},\"alternateName\":\"Toute l'actualit\u00e9 de G\u00e9rardmer\",\"potentialAction\":[{\"@type\":\"SearchAction\",\"target\":{\"@type\":\"EntryPoint\",\"urlTemplate\":\"https:\/\/vosgesinfo.fr\/gerardmerinfo\/?s={search_term_string}\"},\"query-input\":\"required name=search_term_string\"}],\"inLanguage\":\"fr-FR\"},{\"@type\":\"Organization\",\"@id\":\"https:\/\/vosgesinfo.fr\/gerardmerinfo\/#organization\",\"name\":\"Gerardmer Info\",\"url\":\"https:\/\/vosgesinfo.fr\/gerardmerinfo\/\",\"logo\":{\"@type\":\"ImageObject\",\"inLanguage\":\"fr-FR\",\"@id\":\"https:\/\/vosgesinfo.fr\/gerardmerinfo\/#\/schema\/logo\/image\/\",\"url\":\"https:\/\/vosgesinfo.fr\/app\/uploads\/sites\/6\/2023\/08\/favicon-gerardmerinfo.png\",\"contentUrl\":\"https:\/\/vosgesinfo.fr\/app\/uploads\/sites\/6\/2023\/08\/favicon-gerardmerinfo.png\",\"width\":512,\"height\":512,\"caption\":\"Gerardmer Info\"},\"image\":{\"@id\":\"https:\/\/vosgesinfo.fr\/gerardmerinfo\/#\/schema\/logo\/image\/\"},\"sameAs\":[\"https:\/\/www.facebook.com\/profile.php?id=100049475262660\",\"https:\/\/x.com\/VosgesInfo88\",\"https:\/\/www.youtube.com\/@vosgesinfo\"]},{\"@type\":\"Person\",\"@id\":\"https:\/\/vosgesinfo.fr\/gerardmerinfo\/#\/schema\/person\/bc5d02d71e6932e81b6dadb7386667b1\",\"name\":\"qs_admin\",\"image\":{\"@type\":\"ImageObject\",\"inLanguage\":\"fr-FR\",\"@id\":\"https:\/\/vosgesinfo.fr\/gerardmerinfo\/#\/schema\/person\/image\/\",\"url\":\"https:\/\/secure.gravatar.com\/avatar\/94b18ee0ed79e4a42ea2f2931277b6841a8999fc6fde214600c78057cf1fe1de?s=96&d=mm&r=g\",\"contentUrl\":\"https:\/\/secure.gravatar.com\/avatar\/94b18ee0ed79e4a42ea2f2931277b6841a8999fc6fde214600c78057cf1fe1de?s=96&d=mm&r=g\",\"caption\":\"qs_admin\"},\"sameAs\":[\"https:\/\/vosgesinfo.fr\/wp\"],\"url\":\"https:\/\/vosgesinfo.fr\/gerardmerinfo\/author\/qs_admin\/\"}]}<\/script>\n<!-- \/ Yoast SEO plugin. -->","yoast_head_json":{"title":"Les secouristes du PGM de Xonrupt Longemer appel\u00e9s en renfort sur les cr\u00eates - Gerardmer Info","robots":{"index":"index","follow":"follow","max-snippet":"max-snippet:-1","max-image-preview":"max-image-preview:large","max-video-preview":"max-video-preview:-1"},"canonical":"https:\/\/vosgesinfo.fr\/gerardmerinfo\/2020\/09\/secouristes-pgm-de-xonrupt-longemer-appeles-renfort-cretes\/","twitter_card":"summary_large_image","twitter_title":"Les secouristes du PGM de Xonrupt Longemer appel\u00e9s en renfort sur les cr\u00eates - Gerardmer Info","twitter_description":"Lundi, en fin de matin\u00e9e, alors qu&rsquo;elle randonnait avec ses chiens sur un sentier de randonn\u00e9e acc\u00e9dant au Hohneck, une [&hellip;]","twitter_image":"https:\/\/vosgesinfo.fr\/app\/uploads\/sites\/6\/2024\/07\/202009pgm-xonrupt-hohneck-3.jpg","twitter_creator":"@VosgesInfo88","twitter_site":"@VosgesInfo88","twitter_misc":{"\u00c9crit par":"qs_admin","Dur\u00e9e de lecture estim\u00e9e":"1 minute"},"schema":{"@context":"https:\/\/schema.org","@graph":[{"@type":"Article","@id":"https:\/\/vosgesinfo.fr\/gerardmerinfo\/2020\/09\/secouristes-pgm-de-xonrupt-longemer-appeles-renfort-cretes\/#article","isPartOf":{"@id":"https:\/\/vosgesinfo.fr\/gerardmerinfo\/2020\/09\/secouristes-pgm-de-xonrupt-longemer-appeles-renfort-cretes\/"},"author":{"name":"qs_admin","@id":"https:\/\/vosgesinfo.fr\/gerardmerinfo\/#\/schema\/person\/bc5d02d71e6932e81b6dadb7386667b1"},"headline":"Les secouristes du PGM de Xonrupt Longemer appel\u00e9s en renfort sur les cr\u00eates","datePublished":"2020-09-29T06:42:03+00:00","dateModified":"2020-09-29T06:42:03+00:00","mainEntityOfPage":{"@id":"https:\/\/vosgesinfo.fr\/gerardmerinfo\/2020\/09\/secouristes-pgm-de-xonrupt-longemer-appeles-renfort-cretes\/"},"wordCount":280,"commentCount":0,"publisher":{"@id":"https:\/\/vosgesinfo.fr\/gerardmerinfo\/#organization"},"image":{"@id":"https:\/\/vosgesinfo.fr\/gerardmerinfo\/2020\/09\/secouristes-pgm-de-xonrupt-longemer-appeles-renfort-cretes\/#primaryimage"},"thumbnailUrl":"https:\/\/vosgesinfo.fr\/app\/uploads\/sites\/6\/2024\/07\/202009pgm-xonrupt-hohneck-3.jpg","keywords":["Hohneck","Les Cr\u00eates","PGM xonrupt Longemer"],"articleSection":["A la une","Faits-divers","Vosges"],"inLanguage":"fr-FR","potentialAction":[{"@type":"CommentAction","name":"Comment","target":["https:\/\/vosgesinfo.fr\/gerardmerinfo\/2020\/09\/secouristes-pgm-de-xonrupt-longemer-appeles-renfort-cretes\/#respond"]}]},{"@type":"WebPage","@id":"https:\/\/vosgesinfo.fr\/gerardmerinfo\/2020\/09\/secouristes-pgm-de-xonrupt-longemer-appeles-renfort-cretes\/","url":"https:\/\/vosgesinfo.fr\/gerardmerinfo\/2020\/09\/secouristes-pgm-de-xonrupt-longemer-appeles-renfort-cretes\/","name":"Les secouristes du PGM de Xonrupt Longemer appel\u00e9s en renfort sur les cr\u00eates - Gerardmer Info","isPartOf":{"@id":"https:\/\/vosgesinfo.fr\/gerardmerinfo\/#website"},"primaryImageOfPage":{"@id":"https:\/\/vosgesinfo.fr\/gerardmerinfo\/2020\/09\/secouristes-pgm-de-xonrupt-longemer-appeles-renfort-cretes\/#primaryimage"},"image":{"@id":"https:\/\/vosgesinfo.fr\/gerardmerinfo\/2020\/09\/secouristes-pgm-de-xonrupt-longemer-appeles-renfort-cretes\/#primaryimage"},"thumbnailUrl":"https:\/\/vosgesinfo.fr\/app\/uploads\/sites\/6\/2024\/07\/202009pgm-xonrupt-hohneck-3.jpg","datePublished":"2020-09-29T06:42:03+00:00","dateModified":"2020-09-29T06:42:03+00:00","breadcrumb":{"@id":"https:\/\/vosgesinfo.fr\/gerardmerinfo\/2020\/09\/secouristes-pgm-de-xonrupt-longemer-appeles-renfort-cretes\/#breadcrumb"},"inLanguage":"fr-FR","potentialAction":[{"@type":"ReadAction","target":["https:\/\/vosgesinfo.fr\/gerardmerinfo\/2020\/09\/secouristes-pgm-de-xonrupt-longemer-appeles-renfort-cretes\/"]}]},{"@type":"ImageObject","inLanguage":"fr-FR","@id":"https:\/\/vosgesinfo.fr\/gerardmerinfo\/2020\/09\/secouristes-pgm-de-xonrupt-longemer-appeles-renfort-cretes\/#primaryimage","url":"https:\/\/vosgesinfo.fr\/app\/uploads\/sites\/6\/2024\/07\/202009pgm-xonrupt-hohneck-3.jpg","contentUrl":"https:\/\/vosgesinfo.fr\/app\/uploads\/sites\/6\/2024\/07\/202009pgm-xonrupt-hohneck-3.jpg","width":522,"height":768},{"@type":"BreadcrumbList","@id":"https:\/\/vosgesinfo.fr\/gerardmerinfo\/2020\/09\/secouristes-pgm-de-xonrupt-longemer-appeles-renfort-cretes\/#breadcrumb","itemListElement":[{"@type":"ListItem","position":1,"name":"Home","item":"https:\/\/vosgesinfo.fr\/gerardmerinfo\/"},{"@type":"ListItem","position":2,"name":"Les secouristes du PGM de Xonrupt Longemer appel\u00e9s en renfort sur les cr\u00eates"}]},{"@type":"WebSite","@id":"https:\/\/vosgesinfo.fr\/gerardmerinfo\/#website","url":"https:\/\/vosgesinfo.fr\/gerardmerinfo\/","name":"Gerardmer Info","description":"Toute l&#039;actualit\u00e9 de G\u00e9rardmer","publisher":{"@id":"https:\/\/vosgesinfo.fr\/gerardmerinfo\/#organization"},"alternateName":"Toute l'actualit\u00e9 de G\u00e9rardmer","potentialAction":[{"@type":"SearchAction","target":{"@type":"EntryPoint","urlTemplate":"https:\/\/vosgesinfo.fr\/gerardmerinfo\/?s={search_term_string}"},"query-input":"required name=search_term_string"}],"inLanguage":"fr-FR"},{"@type":"Organization","@id":"https:\/\/vosgesinfo.fr\/gerardmerinfo\/#organization","name":"Gerardmer Info","url":"https:\/\/vosgesinfo.fr\/gerardmerinfo\/","logo":{"@type":"ImageObject","inLanguage":"fr-FR","@id":"https:\/\/vosgesinfo.fr\/gerardmerinfo\/#\/schema\/logo\/image\/","url":"https:\/\/vosgesinfo.fr\/app\/uploads\/sites\/6\/2023\/08\/favicon-gerardmerinfo.png","contentUrl":"https:\/\/vosgesinfo.fr\/app\/uploads\/sites\/6\/2023\/08\/favicon-gerardmerinfo.png","width":512,"height":512,"caption":"Gerardmer Info"},"image":{"@id":"https:\/\/vosgesinfo.fr\/gerardmerinfo\/#\/schema\/logo\/image\/"},"sameAs":["https:\/\/www.facebook.com\/profile.php?id=100049475262660","https:\/\/x.com\/VosgesInfo88","https:\/\/www.youtube.com\/@vosgesinfo"]},{"@type":"Person","@id":"https:\/\/vosgesinfo.fr\/gerardmerinfo\/#\/schema\/person\/bc5d02d71e6932e81b6dadb7386667b1","name":"qs_admin","image":{"@type":"ImageObject","inLanguage":"fr-FR","@id":"https:\/\/vosgesinfo.fr\/gerardmerinfo\/#\/schema\/person\/image\/","url":"https:\/\/secure.gravatar.com\/avatar\/94b18ee0ed79e4a42ea2f2931277b6841a8999fc6fde214600c78057cf1fe1de?s=96&d=mm&r=g","contentUrl":"https:\/\/secure.gravatar.com\/avatar\/94b18ee0ed79e4a42ea2f2931277b6841a8999fc6fde214600c78057cf1fe1de?s=96&d=mm&r=g","caption":"qs_admin"},"sameAs":["https:\/\/vosgesinfo.fr\/wp"],"url":"https:\/\/vosgesinfo.fr\/gerardmerinfo\/author\/qs_admin\/"}]}},"_links":{"self":[{"href":"https:\/\/vosgesinfo.fr\/gerardmerinfo\/wp-json\/wp\/v2\/posts\/49943","targetHints":{"allow":["GET"]}}],"collection":[{"href":"https:\/\/vosgesinfo.fr\/gerardmerinfo\/wp-json\/wp\/v2\/posts"}],"about":[{"href":"https:\/\/vosgesinfo.fr\/gerardmerinfo\/wp-json\/wp\/v2\/types\/post"}],"author":[{"embeddable":true,"href":"https:\/\/vosgesinfo.fr\/gerardmerinfo\/wp-json\/wp\/v2\/users\/1"}],"replies":[{"embeddable":true,"href":"https:\/\/vosgesinfo.fr\/gerardmerinfo\/wp-json\/wp\/v2\/comments?post=49943"}],"version-history":[{"count":0,"href":"https:\/\/vosgesinfo.fr\/gerardmerinfo\/wp-json\/wp\/v2\/posts\/49943\/revisions"}],"wp:featuredmedia":[{"embeddable":true,"href":"https:\/\/vosgesinfo.fr\/gerardmerinfo\/wp-json\/wp\/v2\/media\/49944"}],"wp:attachment":[{"href":"https:\/\/vosgesinfo.fr\/gerardmerinfo\/wp-json\/wp\/v2\/media?parent=49943"}],"wp:term":[{"taxonomy":"category","embeddable":true,"href":"https:\/\/vosgesinfo.fr\/gerardmerinfo\/wp-json\/wp\/v2\/categories?post=49943"},{"taxonomy":"post_tag","embeddable":true,"href":"https:\/\/vosgesinfo.fr\/gerardmerinfo\/wp-json\/wp\/v2\/tags?post=49943"}],"curies":[{"name":"wp","href":"https:\/\/api.w.org\/{rel}","templated":true}]}}