{"id":49987,"date":"2020-10-02T08:36:27","date_gmt":"2020-10-02T06:36:27","guid":{"rendered":"https:\/\/vosgesinfo.fr\/gerardmerinfo\/2020\/10\/fig-carte-ign-geante-festival-dresse-panorama-de-biodiversite-aires-protegees-france\/"},"modified":"2020-10-02T08:36:27","modified_gmt":"2020-10-02T06:36:27","slug":"fig-carte-ign-geante-festival-dresse-panorama-de-biodiversite-aires-protegees-france","status":"publish","type":"post","link":"https:\/\/vosgesinfo.fr\/gerardmerinfo\/2020\/10\/fig-carte-ign-geante-festival-dresse-panorama-de-biodiversite-aires-protegees-france\/","title":{"rendered":"FIG \u2013 La carte IGN g\u00e9ante du festival dresse un panorama de la biodiversit\u00e9 et des aires prot\u00e9g\u00e9es en France"},"content":{"rendered":"<h2><strong>L\u2019inauguration de la carte IGN \u2013 Institut National de l\u2019Information G\u00e9ographique et Foresti\u00e8re \u2013 sur le sol de la gare SNCF d\u00e9odatienne, le vendredi matin \u00e0 9h, est chaque ann\u00e9e l\u2019un des temps forts du Festival International de G\u00e9ographie.<\/strong><\/h2>\n<p>Pour cette 31\u00e8me \u00e9dition, la carte g\u00e9ante de 36 m\u00b2 de surface dresse un panorama de la biodiversit\u00e9 et des aires prot\u00e9g\u00e9es, terrestres et marines, en France m\u00e9tropolitaine. La partie Outre-Mer \u00e9tant pr\u00e9sent\u00e9e au sein de l\u2019Espace G\u00e9o-Num\u00e9rique, \u00e0 l\u2019Espace Fran\u00e7ois-Mitterrand. Pour r\u00e9aliser ce vaste panorama, l\u2019IGN s\u2019est associ\u00e9 \u00e0 l\u2019OFB \u2013 Office Fran\u00e7ais de la Biodiversit\u00e9 \u2013 et le MNHN \u2013 Mus\u00e9um National d\u2019Histoire Naturelle.<\/p>\n","protected":false},"excerpt":{"rendered":"<p>L\u2019inauguration de la carte IGN \u2013 Institut National de l\u2019Information G\u00e9ographique et Foresti\u00e8re \u2013 sur le sol de la gare [&hellip;]<\/p>\n","protected":false},"author":1,"featured_media":49988,"comment_status":"open","ping_status":"open","sticky":false,"template":"","format":"standard","meta":{"footnotes":""},"categories":[20,4,18],"tags":[504],"class_list":["post-49987","post","type-post","status-publish","format-standard","has-post-thumbnail","hentry","category-a-la-une","category-culture","category-vosges","tag-fig"],"acf":[],"yoast_head":"<!-- This site is optimized with the Yoast SEO plugin v22.5 - https:\/\/yoast.com\/wordpress\/plugins\/seo\/ -->\n<title>FIG \u2013 La carte IGN g\u00e9ante du festival dresse un panorama de la biodiversit\u00e9 et des aires prot\u00e9g\u00e9es en France - Gerardmer Info<\/title>\n<meta name=\"robots\" content=\"index, follow, max-snippet:-1, max-image-preview:large, max-video-preview:-1\" \/>\n<link rel=\"canonical\" href=\"https:\/\/vosgesinfo.fr\/gerardmerinfo\/2020\/10\/fig-carte-ign-geante-festival-dresse-panorama-de-biodiversite-aires-protegees-france\/\" \/>\n<meta name=\"twitter:card\" content=\"summary_large_image\" \/>\n<meta name=\"twitter:title\" content=\"FIG \u2013 La carte IGN g\u00e9ante du festival dresse un panorama de la biodiversit\u00e9 et des aires prot\u00e9g\u00e9es en France - Gerardmer Info\" \/>\n<meta name=\"twitter:description\" content=\"L\u2019inauguration de la carte IGN \u2013 Institut National de l\u2019Information G\u00e9ographique et Foresti\u00e8re \u2013 sur le sol de la gare [&hellip;]\" \/>\n<meta name=\"twitter:image\" content=\"https:\/\/vosgesinfo.fr\/app\/uploads\/sites\/6\/2024\/07\/202010fig-inauguration-carte-geante-ign-gare-sncf-4.jpg\" \/>\n<meta name=\"twitter:creator\" content=\"@VosgesInfo88\" \/>\n<meta name=\"twitter:site\" content=\"@VosgesInfo88\" \/>\n<meta name=\"twitter:label1\" content=\"\u00c9crit par\" \/>\n\t<meta name=\"twitter:data1\" content=\"qs_admin\" \/>\n\t<meta name=\"twitter:label2\" content=\"Dur\u00e9e de lecture estim\u00e9e\" \/>\n\t<meta name=\"twitter:data2\" content=\"1 minute\" \/>\n<script type=\"application\/ld+json\" class=\"yoast-schema-graph\">{\"@context\":\"https:\/\/schema.org\",\"@graph\":[{\"@type\":\"Article\",\"@id\":\"https:\/\/vosgesinfo.fr\/gerardmerinfo\/2020\/10\/fig-carte-ign-geante-festival-dresse-panorama-de-biodiversite-aires-protegees-france\/#article\",\"isPartOf\":{\"@id\":\"https:\/\/vosgesinfo.fr\/gerardmerinfo\/2020\/10\/fig-carte-ign-geante-festival-dresse-panorama-de-biodiversite-aires-protegees-france\/\"},\"author\":{\"name\":\"qs_admin\",\"@id\":\"https:\/\/vosgesinfo.fr\/gerardmerinfo\/#\/schema\/person\/bc5d02d71e6932e81b6dadb7386667b1\"},\"headline\":\"FIG \u2013 La carte IGN g\u00e9ante du festival dresse un panorama de la biodiversit\u00e9 et des aires prot\u00e9g\u00e9es en France\",\"datePublished\":\"2020-10-02T06:36:27+00:00\",\"dateModified\":\"2020-10-02T06:36:27+00:00\",\"mainEntityOfPage\":{\"@id\":\"https:\/\/vosgesinfo.fr\/gerardmerinfo\/2020\/10\/fig-carte-ign-geante-festival-dresse-panorama-de-biodiversite-aires-protegees-france\/\"},\"wordCount\":144,\"commentCount\":0,\"publisher\":{\"@id\":\"https:\/\/vosgesinfo.fr\/gerardmerinfo\/#organization\"},\"image\":{\"@id\":\"https:\/\/vosgesinfo.fr\/gerardmerinfo\/2020\/10\/fig-carte-ign-geante-festival-dresse-panorama-de-biodiversite-aires-protegees-france\/#primaryimage\"},\"thumbnailUrl\":\"https:\/\/vosgesinfo.fr\/app\/uploads\/sites\/6\/2024\/07\/202010fig-inauguration-carte-geante-ign-gare-sncf-4.jpg\",\"keywords\":[\"FIG\"],\"articleSection\":[\"A la une\",\"Culture\",\"Vosges\"],\"inLanguage\":\"fr-FR\",\"potentialAction\":[{\"@type\":\"CommentAction\",\"name\":\"Comment\",\"target\":[\"https:\/\/vosgesinfo.fr\/gerardmerinfo\/2020\/10\/fig-carte-ign-geante-festival-dresse-panorama-de-biodiversite-aires-protegees-france\/#respond\"]}]},{\"@type\":\"WebPage\",\"@id\":\"https:\/\/vosgesinfo.fr\/gerardmerinfo\/2020\/10\/fig-carte-ign-geante-festival-dresse-panorama-de-biodiversite-aires-protegees-france\/\",\"url\":\"https:\/\/vosgesinfo.fr\/gerardmerinfo\/2020\/10\/fig-carte-ign-geante-festival-dresse-panorama-de-biodiversite-aires-protegees-france\/\",\"name\":\"FIG \u2013 La carte IGN g\u00e9ante du festival dresse un panorama de la biodiversit\u00e9 et des aires prot\u00e9g\u00e9es en France - Gerardmer Info\",\"isPartOf\":{\"@id\":\"https:\/\/vosgesinfo.fr\/gerardmerinfo\/#website\"},\"primaryImageOfPage\":{\"@id\":\"https:\/\/vosgesinfo.fr\/gerardmerinfo\/2020\/10\/fig-carte-ign-geante-festival-dresse-panorama-de-biodiversite-aires-protegees-france\/#primaryimage\"},\"image\":{\"@id\":\"https:\/\/vosgesinfo.fr\/gerardmerinfo\/2020\/10\/fig-carte-ign-geante-festival-dresse-panorama-de-biodiversite-aires-protegees-france\/#primaryimage\"},\"thumbnailUrl\":\"https:\/\/vosgesinfo.fr\/app\/uploads\/sites\/6\/2024\/07\/202010fig-inauguration-carte-geante-ign-gare-sncf-4.jpg\",\"datePublished\":\"2020-10-02T06:36:27+00:00\",\"dateModified\":\"2020-10-02T06:36:27+00:00\",\"breadcrumb\":{\"@id\":\"https:\/\/vosgesinfo.fr\/gerardmerinfo\/2020\/10\/fig-carte-ign-geante-festival-dresse-panorama-de-biodiversite-aires-protegees-france\/#breadcrumb\"},\"inLanguage\":\"fr-FR\",\"potentialAction\":[{\"@type\":\"ReadAction\",\"target\":[\"https:\/\/vosgesinfo.fr\/gerardmerinfo\/2020\/10\/fig-carte-ign-geante-festival-dresse-panorama-de-biodiversite-aires-protegees-france\/\"]}]},{\"@type\":\"ImageObject\",\"inLanguage\":\"fr-FR\",\"@id\":\"https:\/\/vosgesinfo.fr\/gerardmerinfo\/2020\/10\/fig-carte-ign-geante-festival-dresse-panorama-de-biodiversite-aires-protegees-france\/#primaryimage\",\"url\":\"https:\/\/vosgesinfo.fr\/app\/uploads\/sites\/6\/2024\/07\/202010fig-inauguration-carte-geante-ign-gare-sncf-4.jpg\",\"contentUrl\":\"https:\/\/vosgesinfo.fr\/app\/uploads\/sites\/6\/2024\/07\/202010fig-inauguration-carte-geante-ign-gare-sncf-4.jpg\",\"width\":800,\"height\":600},{\"@type\":\"BreadcrumbList\",\"@id\":\"https:\/\/vosgesinfo.fr\/gerardmerinfo\/2020\/10\/fig-carte-ign-geante-festival-dresse-panorama-de-biodiversite-aires-protegees-france\/#breadcrumb\",\"itemListElement\":[{\"@type\":\"ListItem\",\"position\":1,\"name\":\"Home\",\"item\":\"https:\/\/vosgesinfo.fr\/gerardmerinfo\/\"},{\"@type\":\"ListItem\",\"position\":2,\"name\":\"FIG \u2013 La carte IGN g\u00e9ante du festival dresse un panorama de la biodiversit\u00e9 et des aires prot\u00e9g\u00e9es en France\"}]},{\"@type\":\"WebSite\",\"@id\":\"https:\/\/vosgesinfo.fr\/gerardmerinfo\/#website\",\"url\":\"https:\/\/vosgesinfo.fr\/gerardmerinfo\/\",\"name\":\"Gerardmer Info\",\"description\":\"Toute l&#039;actualit\u00e9 de G\u00e9rardmer\",\"publisher\":{\"@id\":\"https:\/\/vosgesinfo.fr\/gerardmerinfo\/#organization\"},\"alternateName\":\"Toute l'actualit\u00e9 de G\u00e9rardmer\",\"potentialAction\":[{\"@type\":\"SearchAction\",\"target\":{\"@type\":\"EntryPoint\",\"urlTemplate\":\"https:\/\/vosgesinfo.fr\/gerardmerinfo\/?s={search_term_string}\"},\"query-input\":\"required name=search_term_string\"}],\"inLanguage\":\"fr-FR\"},{\"@type\":\"Organization\",\"@id\":\"https:\/\/vosgesinfo.fr\/gerardmerinfo\/#organization\",\"name\":\"Gerardmer Info\",\"url\":\"https:\/\/vosgesinfo.fr\/gerardmerinfo\/\",\"logo\":{\"@type\":\"ImageObject\",\"inLanguage\":\"fr-FR\",\"@id\":\"https:\/\/vosgesinfo.fr\/gerardmerinfo\/#\/schema\/logo\/image\/\",\"url\":\"https:\/\/vosgesinfo.fr\/app\/uploads\/sites\/6\/2023\/08\/favicon-gerardmerinfo.png\",\"contentUrl\":\"https:\/\/vosgesinfo.fr\/app\/uploads\/sites\/6\/2023\/08\/favicon-gerardmerinfo.png\",\"width\":512,\"height\":512,\"caption\":\"Gerardmer Info\"},\"image\":{\"@id\":\"https:\/\/vosgesinfo.fr\/gerardmerinfo\/#\/schema\/logo\/image\/\"},\"sameAs\":[\"https:\/\/www.facebook.com\/profile.php?id=100049475262660\",\"https:\/\/x.com\/VosgesInfo88\",\"https:\/\/www.youtube.com\/@vosgesinfo\"]},{\"@type\":\"Person\",\"@id\":\"https:\/\/vosgesinfo.fr\/gerardmerinfo\/#\/schema\/person\/bc5d02d71e6932e81b6dadb7386667b1\",\"name\":\"qs_admin\",\"image\":{\"@type\":\"ImageObject\",\"inLanguage\":\"fr-FR\",\"@id\":\"https:\/\/vosgesinfo.fr\/gerardmerinfo\/#\/schema\/person\/image\/\",\"url\":\"https:\/\/secure.gravatar.com\/avatar\/94b18ee0ed79e4a42ea2f2931277b6841a8999fc6fde214600c78057cf1fe1de?s=96&d=mm&r=g\",\"contentUrl\":\"https:\/\/secure.gravatar.com\/avatar\/94b18ee0ed79e4a42ea2f2931277b6841a8999fc6fde214600c78057cf1fe1de?s=96&d=mm&r=g\",\"caption\":\"qs_admin\"},\"sameAs\":[\"https:\/\/vosgesinfo.fr\/wp\"],\"url\":\"https:\/\/vosgesinfo.fr\/gerardmerinfo\/author\/qs_admin\/\"}]}<\/script>\n<!-- \/ Yoast SEO plugin. -->","yoast_head_json":{"title":"FIG \u2013 La carte IGN g\u00e9ante du festival dresse un panorama de la biodiversit\u00e9 et des aires prot\u00e9g\u00e9es en France - Gerardmer Info","robots":{"index":"index","follow":"follow","max-snippet":"max-snippet:-1","max-image-preview":"max-image-preview:large","max-video-preview":"max-video-preview:-1"},"canonical":"https:\/\/vosgesinfo.fr\/gerardmerinfo\/2020\/10\/fig-carte-ign-geante-festival-dresse-panorama-de-biodiversite-aires-protegees-france\/","twitter_card":"summary_large_image","twitter_title":"FIG \u2013 La carte IGN g\u00e9ante du festival dresse un panorama de la biodiversit\u00e9 et des aires prot\u00e9g\u00e9es en France - Gerardmer Info","twitter_description":"L\u2019inauguration de la carte IGN \u2013 Institut National de l\u2019Information G\u00e9ographique et Foresti\u00e8re \u2013 sur le sol de la gare [&hellip;]","twitter_image":"https:\/\/vosgesinfo.fr\/app\/uploads\/sites\/6\/2024\/07\/202010fig-inauguration-carte-geante-ign-gare-sncf-4.jpg","twitter_creator":"@VosgesInfo88","twitter_site":"@VosgesInfo88","twitter_misc":{"\u00c9crit par":"qs_admin","Dur\u00e9e de lecture estim\u00e9e":"1 minute"},"schema":{"@context":"https:\/\/schema.org","@graph":[{"@type":"Article","@id":"https:\/\/vosgesinfo.fr\/gerardmerinfo\/2020\/10\/fig-carte-ign-geante-festival-dresse-panorama-de-biodiversite-aires-protegees-france\/#article","isPartOf":{"@id":"https:\/\/vosgesinfo.fr\/gerardmerinfo\/2020\/10\/fig-carte-ign-geante-festival-dresse-panorama-de-biodiversite-aires-protegees-france\/"},"author":{"name":"qs_admin","@id":"https:\/\/vosgesinfo.fr\/gerardmerinfo\/#\/schema\/person\/bc5d02d71e6932e81b6dadb7386667b1"},"headline":"FIG \u2013 La carte IGN g\u00e9ante du festival dresse un panorama de la biodiversit\u00e9 et des aires prot\u00e9g\u00e9es en France","datePublished":"2020-10-02T06:36:27+00:00","dateModified":"2020-10-02T06:36:27+00:00","mainEntityOfPage":{"@id":"https:\/\/vosgesinfo.fr\/gerardmerinfo\/2020\/10\/fig-carte-ign-geante-festival-dresse-panorama-de-biodiversite-aires-protegees-france\/"},"wordCount":144,"commentCount":0,"publisher":{"@id":"https:\/\/vosgesinfo.fr\/gerardmerinfo\/#organization"},"image":{"@id":"https:\/\/vosgesinfo.fr\/gerardmerinfo\/2020\/10\/fig-carte-ign-geante-festival-dresse-panorama-de-biodiversite-aires-protegees-france\/#primaryimage"},"thumbnailUrl":"https:\/\/vosgesinfo.fr\/app\/uploads\/sites\/6\/2024\/07\/202010fig-inauguration-carte-geante-ign-gare-sncf-4.jpg","keywords":["FIG"],"articleSection":["A la une","Culture","Vosges"],"inLanguage":"fr-FR","potentialAction":[{"@type":"CommentAction","name":"Comment","target":["https:\/\/vosgesinfo.fr\/gerardmerinfo\/2020\/10\/fig-carte-ign-geante-festival-dresse-panorama-de-biodiversite-aires-protegees-france\/#respond"]}]},{"@type":"WebPage","@id":"https:\/\/vosgesinfo.fr\/gerardmerinfo\/2020\/10\/fig-carte-ign-geante-festival-dresse-panorama-de-biodiversite-aires-protegees-france\/","url":"https:\/\/vosgesinfo.fr\/gerardmerinfo\/2020\/10\/fig-carte-ign-geante-festival-dresse-panorama-de-biodiversite-aires-protegees-france\/","name":"FIG \u2013 La carte IGN g\u00e9ante du festival dresse un panorama de la biodiversit\u00e9 et des aires prot\u00e9g\u00e9es en France - Gerardmer Info","isPartOf":{"@id":"https:\/\/vosgesinfo.fr\/gerardmerinfo\/#website"},"primaryImageOfPage":{"@id":"https:\/\/vosgesinfo.fr\/gerardmerinfo\/2020\/10\/fig-carte-ign-geante-festival-dresse-panorama-de-biodiversite-aires-protegees-france\/#primaryimage"},"image":{"@id":"https:\/\/vosgesinfo.fr\/gerardmerinfo\/2020\/10\/fig-carte-ign-geante-festival-dresse-panorama-de-biodiversite-aires-protegees-france\/#primaryimage"},"thumbnailUrl":"https:\/\/vosgesinfo.fr\/app\/uploads\/sites\/6\/2024\/07\/202010fig-inauguration-carte-geante-ign-gare-sncf-4.jpg","datePublished":"2020-10-02T06:36:27+00:00","dateModified":"2020-10-02T06:36:27+00:00","breadcrumb":{"@id":"https:\/\/vosgesinfo.fr\/gerardmerinfo\/2020\/10\/fig-carte-ign-geante-festival-dresse-panorama-de-biodiversite-aires-protegees-france\/#breadcrumb"},"inLanguage":"fr-FR","potentialAction":[{"@type":"ReadAction","target":["https:\/\/vosgesinfo.fr\/gerardmerinfo\/2020\/10\/fig-carte-ign-geante-festival-dresse-panorama-de-biodiversite-aires-protegees-france\/"]}]},{"@type":"ImageObject","inLanguage":"fr-FR","@id":"https:\/\/vosgesinfo.fr\/gerardmerinfo\/2020\/10\/fig-carte-ign-geante-festival-dresse-panorama-de-biodiversite-aires-protegees-france\/#primaryimage","url":"https:\/\/vosgesinfo.fr\/app\/uploads\/sites\/6\/2024\/07\/202010fig-inauguration-carte-geante-ign-gare-sncf-4.jpg","contentUrl":"https:\/\/vosgesinfo.fr\/app\/uploads\/sites\/6\/2024\/07\/202010fig-inauguration-carte-geante-ign-gare-sncf-4.jpg","width":800,"height":600},{"@type":"BreadcrumbList","@id":"https:\/\/vosgesinfo.fr\/gerardmerinfo\/2020\/10\/fig-carte-ign-geante-festival-dresse-panorama-de-biodiversite-aires-protegees-france\/#breadcrumb","itemListElement":[{"@type":"ListItem","position":1,"name":"Home","item":"https:\/\/vosgesinfo.fr\/gerardmerinfo\/"},{"@type":"ListItem","position":2,"name":"FIG \u2013 La carte IGN g\u00e9ante du festival dresse un panorama de la biodiversit\u00e9 et des aires prot\u00e9g\u00e9es en France"}]},{"@type":"WebSite","@id":"https:\/\/vosgesinfo.fr\/gerardmerinfo\/#website","url":"https:\/\/vosgesinfo.fr\/gerardmerinfo\/","name":"Gerardmer Info","description":"Toute l&#039;actualit\u00e9 de G\u00e9rardmer","publisher":{"@id":"https:\/\/vosgesinfo.fr\/gerardmerinfo\/#organization"},"alternateName":"Toute l'actualit\u00e9 de G\u00e9rardmer","potentialAction":[{"@type":"SearchAction","target":{"@type":"EntryPoint","urlTemplate":"https:\/\/vosgesinfo.fr\/gerardmerinfo\/?s={search_term_string}"},"query-input":"required name=search_term_string"}],"inLanguage":"fr-FR"},{"@type":"Organization","@id":"https:\/\/vosgesinfo.fr\/gerardmerinfo\/#organization","name":"Gerardmer Info","url":"https:\/\/vosgesinfo.fr\/gerardmerinfo\/","logo":{"@type":"ImageObject","inLanguage":"fr-FR","@id":"https:\/\/vosgesinfo.fr\/gerardmerinfo\/#\/schema\/logo\/image\/","url":"https:\/\/vosgesinfo.fr\/app\/uploads\/sites\/6\/2023\/08\/favicon-gerardmerinfo.png","contentUrl":"https:\/\/vosgesinfo.fr\/app\/uploads\/sites\/6\/2023\/08\/favicon-gerardmerinfo.png","width":512,"height":512,"caption":"Gerardmer Info"},"image":{"@id":"https:\/\/vosgesinfo.fr\/gerardmerinfo\/#\/schema\/logo\/image\/"},"sameAs":["https:\/\/www.facebook.com\/profile.php?id=100049475262660","https:\/\/x.com\/VosgesInfo88","https:\/\/www.youtube.com\/@vosgesinfo"]},{"@type":"Person","@id":"https:\/\/vosgesinfo.fr\/gerardmerinfo\/#\/schema\/person\/bc5d02d71e6932e81b6dadb7386667b1","name":"qs_admin","image":{"@type":"ImageObject","inLanguage":"fr-FR","@id":"https:\/\/vosgesinfo.fr\/gerardmerinfo\/#\/schema\/person\/image\/","url":"https:\/\/secure.gravatar.com\/avatar\/94b18ee0ed79e4a42ea2f2931277b6841a8999fc6fde214600c78057cf1fe1de?s=96&d=mm&r=g","contentUrl":"https:\/\/secure.gravatar.com\/avatar\/94b18ee0ed79e4a42ea2f2931277b6841a8999fc6fde214600c78057cf1fe1de?s=96&d=mm&r=g","caption":"qs_admin"},"sameAs":["https:\/\/vosgesinfo.fr\/wp"],"url":"https:\/\/vosgesinfo.fr\/gerardmerinfo\/author\/qs_admin\/"}]}},"_links":{"self":[{"href":"https:\/\/vosgesinfo.fr\/gerardmerinfo\/wp-json\/wp\/v2\/posts\/49987","targetHints":{"allow":["GET"]}}],"collection":[{"href":"https:\/\/vosgesinfo.fr\/gerardmerinfo\/wp-json\/wp\/v2\/posts"}],"about":[{"href":"https:\/\/vosgesinfo.fr\/gerardmerinfo\/wp-json\/wp\/v2\/types\/post"}],"author":[{"embeddable":true,"href":"https:\/\/vosgesinfo.fr\/gerardmerinfo\/wp-json\/wp\/v2\/users\/1"}],"replies":[{"embeddable":true,"href":"https:\/\/vosgesinfo.fr\/gerardmerinfo\/wp-json\/wp\/v2\/comments?post=49987"}],"version-history":[{"count":0,"href":"https:\/\/vosgesinfo.fr\/gerardmerinfo\/wp-json\/wp\/v2\/posts\/49987\/revisions"}],"wp:featuredmedia":[{"embeddable":true,"href":"https:\/\/vosgesinfo.fr\/gerardmerinfo\/wp-json\/wp\/v2\/media\/49988"}],"wp:attachment":[{"href":"https:\/\/vosgesinfo.fr\/gerardmerinfo\/wp-json\/wp\/v2\/media?parent=49987"}],"wp:term":[{"taxonomy":"category","embeddable":true,"href":"https:\/\/vosgesinfo.fr\/gerardmerinfo\/wp-json\/wp\/v2\/categories?post=49987"},{"taxonomy":"post_tag","embeddable":true,"href":"https:\/\/vosgesinfo.fr\/gerardmerinfo\/wp-json\/wp\/v2\/tags?post=49987"}],"curies":[{"name":"wp","href":"https:\/\/api.w.org\/{rel}","templated":true}]}}