{"id":49995,"date":"2020-10-03T13:00:01","date_gmt":"2020-10-03T11:00:01","guid":{"rendered":"https:\/\/vosgesinfo.fr\/gerardmerinfo\/2020\/10\/souvenir-francais-afn-se-recueillent-cimetiere-duchesne\/"},"modified":"2020-10-03T13:00:01","modified_gmt":"2020-10-03T11:00:01","slug":"souvenir-francais-afn-se-recueillent-cimetiere-duchesne","status":"publish","type":"post","link":"https:\/\/vosgesinfo.fr\/gerardmerinfo\/2020\/10\/souvenir-francais-afn-se-recueillent-cimetiere-duchesne\/","title":{"rendered":"Le Souvenir Fran\u00e7ais et les AFN se recueillent au cimeti\u00e8re Duchesne"},"content":{"rendered":"<div>\n\n<\/div>\n<div><\/div>\n<div><\/div>\n<h3>Andr\u00e9 Debruyne, pr\u00e9sident du Souvenir fran\u00e7ais, et son fid\u00e8le porte drapeau Michel Remy avaient obtenu l&rsquo;autorisation de la mairie d&rsquo; Orbey et de l&rsquo; O.N.F d&rsquo;amener\u00a0 un groupe restreint compos\u00e9 des membres de leur association et des A F N se recueillir sur le monument Henri Duchesne, premi\u00e8re victime en ce lieu de la guerre 14-18.<\/h3>\n<div><\/div>\n<div>Ce monument est\u00a0 dans un site priv\u00e9 situ\u00e9 \u00e0 1125 m\u00e8tres d&rsquo;altitude, dominant toute la vall\u00e9e de la T\u00e8te des Faux.\u00a0 Il constituait un excellent lieu d&rsquo;observation gard\u00e9 par les Chasseurs (les fameux Diables Bleus),\u00a0 mais convoit\u00e9 par les J\u00e4gers allemands; der Buchenkopf pour eux. D&rsquo;o\u00f9 les combats sanglants en 1914 et 1915 : la nuit de No\u00ebl 1914 et la nuit du 25 f\u00e9vrier 1915, les ennemis tent\u00e8rent l&rsquo;assaut, utilisant des gaz et des lance-flammes, tuant 150 \u00ab\u00a0gamins\u00a0\u00bb de 18 \u00e0 25 ans !<\/div>\n<div>Sur les 1 400 000 victimes de la guerre 14-18, 17 000 ont perdu leur vie sur le site de la T\u00eate des Faux. \u00ab\u00a0Nous souhaitons que les jeunes et les moins jeunes connaissent toute l&rsquo;histoire de la FRANCE, sans impasses ! Et qu&rsquo;ils s\u00a0\u00bbaccordent quelques temps de m\u00e9ditation pour penser \u00e0 leurs h\u00e9ros d&rsquo;anc\u00eatres qui, \u00e0 leur \u00e2ge et dans des conditions effroyables, ont sacrifi\u00e9 leur vie pour qu&rsquo;eux vivent libres (parfois 4 fils d&rsquo;une m\u00eame famille ..)!\u00a0\u00bb ont pr\u00e9cis\u00e9 les repr\u00e9sentants du Souvenir Fran\u00e7ais pr\u00e9sents sur le site le 28 septembre dernier, avant de terminer par quelques mots de la chanson de Jean-Pax M\u00e9fret : \u00ab\u00a0<em>Le vieux soldat<\/em>\u00ab\u00a0<\/div>\n<div><\/div>\n","protected":false},"excerpt":{"rendered":"<p>Andr\u00e9 Debruyne, pr\u00e9sident du Souvenir fran\u00e7ais, et son fid\u00e8le porte drapeau Michel Remy avaient obtenu l&rsquo;autorisation de la mairie d&rsquo; [&hellip;]<\/p>\n","protected":false},"author":1,"featured_media":49996,"comment_status":"open","ping_status":"open","sticky":false,"template":"","format":"standard","meta":{"footnotes":""},"categories":[20,17,18],"tags":[2231],"class_list":["post-49995","post","type-post","status-publish","format-standard","has-post-thumbnail","hentry","category-a-la-une","category-vie-associative","category-vosges","tag-unc-afn"],"acf":[],"yoast_head":"<!-- This site is optimized with the Yoast SEO plugin v22.5 - https:\/\/yoast.com\/wordpress\/plugins\/seo\/ -->\n<title>Le Souvenir Fran\u00e7ais et les AFN se recueillent au cimeti\u00e8re Duchesne - Gerardmer Info<\/title>\n<meta name=\"robots\" content=\"index, follow, max-snippet:-1, max-image-preview:large, max-video-preview:-1\" \/>\n<link rel=\"canonical\" href=\"https:\/\/vosgesinfo.fr\/gerardmerinfo\/2020\/10\/souvenir-francais-afn-se-recueillent-cimetiere-duchesne\/\" \/>\n<meta name=\"twitter:card\" content=\"summary_large_image\" \/>\n<meta name=\"twitter:title\" content=\"Le Souvenir Fran\u00e7ais et les AFN se recueillent au cimeti\u00e8re Duchesne - Gerardmer Info\" \/>\n<meta name=\"twitter:description\" content=\"Andr\u00e9 Debruyne, pr\u00e9sident du Souvenir fran\u00e7ais, et son fid\u00e8le porte drapeau Michel Remy avaient obtenu l&rsquo;autorisation de la mairie d&rsquo; [&hellip;]\" \/>\n<meta name=\"twitter:image\" content=\"https:\/\/vosgesinfo.fr\/app\/uploads\/sites\/6\/2024\/07\/202010afn-cimetiere-duchesne-dufresse-4.jpg\" \/>\n<meta name=\"twitter:creator\" content=\"@VosgesInfo88\" \/>\n<meta name=\"twitter:site\" content=\"@VosgesInfo88\" \/>\n<meta name=\"twitter:label1\" content=\"\u00c9crit par\" \/>\n\t<meta name=\"twitter:data1\" content=\"qs_admin\" \/>\n\t<meta name=\"twitter:label2\" content=\"Dur\u00e9e de lecture estim\u00e9e\" \/>\n\t<meta name=\"twitter:data2\" content=\"1 minute\" \/>\n<script type=\"application\/ld+json\" class=\"yoast-schema-graph\">{\"@context\":\"https:\/\/schema.org\",\"@graph\":[{\"@type\":\"Article\",\"@id\":\"https:\/\/vosgesinfo.fr\/gerardmerinfo\/2020\/10\/souvenir-francais-afn-se-recueillent-cimetiere-duchesne\/#article\",\"isPartOf\":{\"@id\":\"https:\/\/vosgesinfo.fr\/gerardmerinfo\/2020\/10\/souvenir-francais-afn-se-recueillent-cimetiere-duchesne\/\"},\"author\":{\"name\":\"qs_admin\",\"@id\":\"https:\/\/vosgesinfo.fr\/gerardmerinfo\/#\/schema\/person\/bc5d02d71e6932e81b6dadb7386667b1\"},\"headline\":\"Le Souvenir Fran\u00e7ais et les AFN se recueillent au cimeti\u00e8re Duchesne\",\"datePublished\":\"2020-10-03T11:00:01+00:00\",\"dateModified\":\"2020-10-03T11:00:01+00:00\",\"mainEntityOfPage\":{\"@id\":\"https:\/\/vosgesinfo.fr\/gerardmerinfo\/2020\/10\/souvenir-francais-afn-se-recueillent-cimetiere-duchesne\/\"},\"wordCount\":282,\"commentCount\":0,\"publisher\":{\"@id\":\"https:\/\/vosgesinfo.fr\/gerardmerinfo\/#organization\"},\"image\":{\"@id\":\"https:\/\/vosgesinfo.fr\/gerardmerinfo\/2020\/10\/souvenir-francais-afn-se-recueillent-cimetiere-duchesne\/#primaryimage\"},\"thumbnailUrl\":\"https:\/\/vosgesinfo.fr\/app\/uploads\/sites\/6\/2024\/07\/202010afn-cimetiere-duchesne-dufresse-4.jpg\",\"keywords\":[\"UNC\/AFN\"],\"articleSection\":[\"A la une\",\"Vie Associative\",\"Vosges\"],\"inLanguage\":\"fr-FR\",\"potentialAction\":[{\"@type\":\"CommentAction\",\"name\":\"Comment\",\"target\":[\"https:\/\/vosgesinfo.fr\/gerardmerinfo\/2020\/10\/souvenir-francais-afn-se-recueillent-cimetiere-duchesne\/#respond\"]}]},{\"@type\":\"WebPage\",\"@id\":\"https:\/\/vosgesinfo.fr\/gerardmerinfo\/2020\/10\/souvenir-francais-afn-se-recueillent-cimetiere-duchesne\/\",\"url\":\"https:\/\/vosgesinfo.fr\/gerardmerinfo\/2020\/10\/souvenir-francais-afn-se-recueillent-cimetiere-duchesne\/\",\"name\":\"Le Souvenir Fran\u00e7ais et les AFN se recueillent au cimeti\u00e8re Duchesne - Gerardmer Info\",\"isPartOf\":{\"@id\":\"https:\/\/vosgesinfo.fr\/gerardmerinfo\/#website\"},\"primaryImageOfPage\":{\"@id\":\"https:\/\/vosgesinfo.fr\/gerardmerinfo\/2020\/10\/souvenir-francais-afn-se-recueillent-cimetiere-duchesne\/#primaryimage\"},\"image\":{\"@id\":\"https:\/\/vosgesinfo.fr\/gerardmerinfo\/2020\/10\/souvenir-francais-afn-se-recueillent-cimetiere-duchesne\/#primaryimage\"},\"thumbnailUrl\":\"https:\/\/vosgesinfo.fr\/app\/uploads\/sites\/6\/2024\/07\/202010afn-cimetiere-duchesne-dufresse-4.jpg\",\"datePublished\":\"2020-10-03T11:00:01+00:00\",\"dateModified\":\"2020-10-03T11:00:01+00:00\",\"breadcrumb\":{\"@id\":\"https:\/\/vosgesinfo.fr\/gerardmerinfo\/2020\/10\/souvenir-francais-afn-se-recueillent-cimetiere-duchesne\/#breadcrumb\"},\"inLanguage\":\"fr-FR\",\"potentialAction\":[{\"@type\":\"ReadAction\",\"target\":[\"https:\/\/vosgesinfo.fr\/gerardmerinfo\/2020\/10\/souvenir-francais-afn-se-recueillent-cimetiere-duchesne\/\"]}]},{\"@type\":\"ImageObject\",\"inLanguage\":\"fr-FR\",\"@id\":\"https:\/\/vosgesinfo.fr\/gerardmerinfo\/2020\/10\/souvenir-francais-afn-se-recueillent-cimetiere-duchesne\/#primaryimage\",\"url\":\"https:\/\/vosgesinfo.fr\/app\/uploads\/sites\/6\/2024\/07\/202010afn-cimetiere-duchesne-dufresse-4.jpg\",\"contentUrl\":\"https:\/\/vosgesinfo.fr\/app\/uploads\/sites\/6\/2024\/07\/202010afn-cimetiere-duchesne-dufresse-4.jpg\",\"width\":800,\"height\":600},{\"@type\":\"BreadcrumbList\",\"@id\":\"https:\/\/vosgesinfo.fr\/gerardmerinfo\/2020\/10\/souvenir-francais-afn-se-recueillent-cimetiere-duchesne\/#breadcrumb\",\"itemListElement\":[{\"@type\":\"ListItem\",\"position\":1,\"name\":\"Home\",\"item\":\"https:\/\/vosgesinfo.fr\/gerardmerinfo\/\"},{\"@type\":\"ListItem\",\"position\":2,\"name\":\"Le Souvenir Fran\u00e7ais et les AFN se recueillent au cimeti\u00e8re Duchesne\"}]},{\"@type\":\"WebSite\",\"@id\":\"https:\/\/vosgesinfo.fr\/gerardmerinfo\/#website\",\"url\":\"https:\/\/vosgesinfo.fr\/gerardmerinfo\/\",\"name\":\"Gerardmer Info\",\"description\":\"Toute l&#039;actualit\u00e9 de G\u00e9rardmer\",\"publisher\":{\"@id\":\"https:\/\/vosgesinfo.fr\/gerardmerinfo\/#organization\"},\"alternateName\":\"Toute l'actualit\u00e9 de G\u00e9rardmer\",\"potentialAction\":[{\"@type\":\"SearchAction\",\"target\":{\"@type\":\"EntryPoint\",\"urlTemplate\":\"https:\/\/vosgesinfo.fr\/gerardmerinfo\/?s={search_term_string}\"},\"query-input\":\"required name=search_term_string\"}],\"inLanguage\":\"fr-FR\"},{\"@type\":\"Organization\",\"@id\":\"https:\/\/vosgesinfo.fr\/gerardmerinfo\/#organization\",\"name\":\"Gerardmer Info\",\"url\":\"https:\/\/vosgesinfo.fr\/gerardmerinfo\/\",\"logo\":{\"@type\":\"ImageObject\",\"inLanguage\":\"fr-FR\",\"@id\":\"https:\/\/vosgesinfo.fr\/gerardmerinfo\/#\/schema\/logo\/image\/\",\"url\":\"https:\/\/vosgesinfo.fr\/app\/uploads\/sites\/6\/2023\/08\/favicon-gerardmerinfo.png\",\"contentUrl\":\"https:\/\/vosgesinfo.fr\/app\/uploads\/sites\/6\/2023\/08\/favicon-gerardmerinfo.png\",\"width\":512,\"height\":512,\"caption\":\"Gerardmer Info\"},\"image\":{\"@id\":\"https:\/\/vosgesinfo.fr\/gerardmerinfo\/#\/schema\/logo\/image\/\"},\"sameAs\":[\"https:\/\/www.facebook.com\/profile.php?id=100049475262660\",\"https:\/\/x.com\/VosgesInfo88\",\"https:\/\/www.youtube.com\/@vosgesinfo\"]},{\"@type\":\"Person\",\"@id\":\"https:\/\/vosgesinfo.fr\/gerardmerinfo\/#\/schema\/person\/bc5d02d71e6932e81b6dadb7386667b1\",\"name\":\"qs_admin\",\"image\":{\"@type\":\"ImageObject\",\"inLanguage\":\"fr-FR\",\"@id\":\"https:\/\/vosgesinfo.fr\/gerardmerinfo\/#\/schema\/person\/image\/\",\"url\":\"https:\/\/secure.gravatar.com\/avatar\/94b18ee0ed79e4a42ea2f2931277b6841a8999fc6fde214600c78057cf1fe1de?s=96&d=mm&r=g\",\"contentUrl\":\"https:\/\/secure.gravatar.com\/avatar\/94b18ee0ed79e4a42ea2f2931277b6841a8999fc6fde214600c78057cf1fe1de?s=96&d=mm&r=g\",\"caption\":\"qs_admin\"},\"sameAs\":[\"https:\/\/vosgesinfo.fr\/wp\"],\"url\":\"https:\/\/vosgesinfo.fr\/gerardmerinfo\/author\/qs_admin\/\"}]}<\/script>\n<!-- \/ Yoast SEO plugin. -->","yoast_head_json":{"title":"Le Souvenir Fran\u00e7ais et les AFN se recueillent au cimeti\u00e8re Duchesne - Gerardmer Info","robots":{"index":"index","follow":"follow","max-snippet":"max-snippet:-1","max-image-preview":"max-image-preview:large","max-video-preview":"max-video-preview:-1"},"canonical":"https:\/\/vosgesinfo.fr\/gerardmerinfo\/2020\/10\/souvenir-francais-afn-se-recueillent-cimetiere-duchesne\/","twitter_card":"summary_large_image","twitter_title":"Le Souvenir Fran\u00e7ais et les AFN se recueillent au cimeti\u00e8re Duchesne - Gerardmer Info","twitter_description":"Andr\u00e9 Debruyne, pr\u00e9sident du Souvenir fran\u00e7ais, et son fid\u00e8le porte drapeau Michel Remy avaient obtenu l&rsquo;autorisation de la mairie d&rsquo; [&hellip;]","twitter_image":"https:\/\/vosgesinfo.fr\/app\/uploads\/sites\/6\/2024\/07\/202010afn-cimetiere-duchesne-dufresse-4.jpg","twitter_creator":"@VosgesInfo88","twitter_site":"@VosgesInfo88","twitter_misc":{"\u00c9crit par":"qs_admin","Dur\u00e9e de lecture estim\u00e9e":"1 minute"},"schema":{"@context":"https:\/\/schema.org","@graph":[{"@type":"Article","@id":"https:\/\/vosgesinfo.fr\/gerardmerinfo\/2020\/10\/souvenir-francais-afn-se-recueillent-cimetiere-duchesne\/#article","isPartOf":{"@id":"https:\/\/vosgesinfo.fr\/gerardmerinfo\/2020\/10\/souvenir-francais-afn-se-recueillent-cimetiere-duchesne\/"},"author":{"name":"qs_admin","@id":"https:\/\/vosgesinfo.fr\/gerardmerinfo\/#\/schema\/person\/bc5d02d71e6932e81b6dadb7386667b1"},"headline":"Le Souvenir Fran\u00e7ais et les AFN se recueillent au cimeti\u00e8re Duchesne","datePublished":"2020-10-03T11:00:01+00:00","dateModified":"2020-10-03T11:00:01+00:00","mainEntityOfPage":{"@id":"https:\/\/vosgesinfo.fr\/gerardmerinfo\/2020\/10\/souvenir-francais-afn-se-recueillent-cimetiere-duchesne\/"},"wordCount":282,"commentCount":0,"publisher":{"@id":"https:\/\/vosgesinfo.fr\/gerardmerinfo\/#organization"},"image":{"@id":"https:\/\/vosgesinfo.fr\/gerardmerinfo\/2020\/10\/souvenir-francais-afn-se-recueillent-cimetiere-duchesne\/#primaryimage"},"thumbnailUrl":"https:\/\/vosgesinfo.fr\/app\/uploads\/sites\/6\/2024\/07\/202010afn-cimetiere-duchesne-dufresse-4.jpg","keywords":["UNC\/AFN"],"articleSection":["A la une","Vie Associative","Vosges"],"inLanguage":"fr-FR","potentialAction":[{"@type":"CommentAction","name":"Comment","target":["https:\/\/vosgesinfo.fr\/gerardmerinfo\/2020\/10\/souvenir-francais-afn-se-recueillent-cimetiere-duchesne\/#respond"]}]},{"@type":"WebPage","@id":"https:\/\/vosgesinfo.fr\/gerardmerinfo\/2020\/10\/souvenir-francais-afn-se-recueillent-cimetiere-duchesne\/","url":"https:\/\/vosgesinfo.fr\/gerardmerinfo\/2020\/10\/souvenir-francais-afn-se-recueillent-cimetiere-duchesne\/","name":"Le Souvenir Fran\u00e7ais et les AFN se recueillent au cimeti\u00e8re Duchesne - Gerardmer Info","isPartOf":{"@id":"https:\/\/vosgesinfo.fr\/gerardmerinfo\/#website"},"primaryImageOfPage":{"@id":"https:\/\/vosgesinfo.fr\/gerardmerinfo\/2020\/10\/souvenir-francais-afn-se-recueillent-cimetiere-duchesne\/#primaryimage"},"image":{"@id":"https:\/\/vosgesinfo.fr\/gerardmerinfo\/2020\/10\/souvenir-francais-afn-se-recueillent-cimetiere-duchesne\/#primaryimage"},"thumbnailUrl":"https:\/\/vosgesinfo.fr\/app\/uploads\/sites\/6\/2024\/07\/202010afn-cimetiere-duchesne-dufresse-4.jpg","datePublished":"2020-10-03T11:00:01+00:00","dateModified":"2020-10-03T11:00:01+00:00","breadcrumb":{"@id":"https:\/\/vosgesinfo.fr\/gerardmerinfo\/2020\/10\/souvenir-francais-afn-se-recueillent-cimetiere-duchesne\/#breadcrumb"},"inLanguage":"fr-FR","potentialAction":[{"@type":"ReadAction","target":["https:\/\/vosgesinfo.fr\/gerardmerinfo\/2020\/10\/souvenir-francais-afn-se-recueillent-cimetiere-duchesne\/"]}]},{"@type":"ImageObject","inLanguage":"fr-FR","@id":"https:\/\/vosgesinfo.fr\/gerardmerinfo\/2020\/10\/souvenir-francais-afn-se-recueillent-cimetiere-duchesne\/#primaryimage","url":"https:\/\/vosgesinfo.fr\/app\/uploads\/sites\/6\/2024\/07\/202010afn-cimetiere-duchesne-dufresse-4.jpg","contentUrl":"https:\/\/vosgesinfo.fr\/app\/uploads\/sites\/6\/2024\/07\/202010afn-cimetiere-duchesne-dufresse-4.jpg","width":800,"height":600},{"@type":"BreadcrumbList","@id":"https:\/\/vosgesinfo.fr\/gerardmerinfo\/2020\/10\/souvenir-francais-afn-se-recueillent-cimetiere-duchesne\/#breadcrumb","itemListElement":[{"@type":"ListItem","position":1,"name":"Home","item":"https:\/\/vosgesinfo.fr\/gerardmerinfo\/"},{"@type":"ListItem","position":2,"name":"Le Souvenir Fran\u00e7ais et les AFN se recueillent au cimeti\u00e8re Duchesne"}]},{"@type":"WebSite","@id":"https:\/\/vosgesinfo.fr\/gerardmerinfo\/#website","url":"https:\/\/vosgesinfo.fr\/gerardmerinfo\/","name":"Gerardmer Info","description":"Toute l&#039;actualit\u00e9 de G\u00e9rardmer","publisher":{"@id":"https:\/\/vosgesinfo.fr\/gerardmerinfo\/#organization"},"alternateName":"Toute l'actualit\u00e9 de G\u00e9rardmer","potentialAction":[{"@type":"SearchAction","target":{"@type":"EntryPoint","urlTemplate":"https:\/\/vosgesinfo.fr\/gerardmerinfo\/?s={search_term_string}"},"query-input":"required name=search_term_string"}],"inLanguage":"fr-FR"},{"@type":"Organization","@id":"https:\/\/vosgesinfo.fr\/gerardmerinfo\/#organization","name":"Gerardmer Info","url":"https:\/\/vosgesinfo.fr\/gerardmerinfo\/","logo":{"@type":"ImageObject","inLanguage":"fr-FR","@id":"https:\/\/vosgesinfo.fr\/gerardmerinfo\/#\/schema\/logo\/image\/","url":"https:\/\/vosgesinfo.fr\/app\/uploads\/sites\/6\/2023\/08\/favicon-gerardmerinfo.png","contentUrl":"https:\/\/vosgesinfo.fr\/app\/uploads\/sites\/6\/2023\/08\/favicon-gerardmerinfo.png","width":512,"height":512,"caption":"Gerardmer Info"},"image":{"@id":"https:\/\/vosgesinfo.fr\/gerardmerinfo\/#\/schema\/logo\/image\/"},"sameAs":["https:\/\/www.facebook.com\/profile.php?id=100049475262660","https:\/\/x.com\/VosgesInfo88","https:\/\/www.youtube.com\/@vosgesinfo"]},{"@type":"Person","@id":"https:\/\/vosgesinfo.fr\/gerardmerinfo\/#\/schema\/person\/bc5d02d71e6932e81b6dadb7386667b1","name":"qs_admin","image":{"@type":"ImageObject","inLanguage":"fr-FR","@id":"https:\/\/vosgesinfo.fr\/gerardmerinfo\/#\/schema\/person\/image\/","url":"https:\/\/secure.gravatar.com\/avatar\/94b18ee0ed79e4a42ea2f2931277b6841a8999fc6fde214600c78057cf1fe1de?s=96&d=mm&r=g","contentUrl":"https:\/\/secure.gravatar.com\/avatar\/94b18ee0ed79e4a42ea2f2931277b6841a8999fc6fde214600c78057cf1fe1de?s=96&d=mm&r=g","caption":"qs_admin"},"sameAs":["https:\/\/vosgesinfo.fr\/wp"],"url":"https:\/\/vosgesinfo.fr\/gerardmerinfo\/author\/qs_admin\/"}]}},"_links":{"self":[{"href":"https:\/\/vosgesinfo.fr\/gerardmerinfo\/wp-json\/wp\/v2\/posts\/49995","targetHints":{"allow":["GET"]}}],"collection":[{"href":"https:\/\/vosgesinfo.fr\/gerardmerinfo\/wp-json\/wp\/v2\/posts"}],"about":[{"href":"https:\/\/vosgesinfo.fr\/gerardmerinfo\/wp-json\/wp\/v2\/types\/post"}],"author":[{"embeddable":true,"href":"https:\/\/vosgesinfo.fr\/gerardmerinfo\/wp-json\/wp\/v2\/users\/1"}],"replies":[{"embeddable":true,"href":"https:\/\/vosgesinfo.fr\/gerardmerinfo\/wp-json\/wp\/v2\/comments?post=49995"}],"version-history":[{"count":0,"href":"https:\/\/vosgesinfo.fr\/gerardmerinfo\/wp-json\/wp\/v2\/posts\/49995\/revisions"}],"wp:featuredmedia":[{"embeddable":true,"href":"https:\/\/vosgesinfo.fr\/gerardmerinfo\/wp-json\/wp\/v2\/media\/49996"}],"wp:attachment":[{"href":"https:\/\/vosgesinfo.fr\/gerardmerinfo\/wp-json\/wp\/v2\/media?parent=49995"}],"wp:term":[{"taxonomy":"category","embeddable":true,"href":"https:\/\/vosgesinfo.fr\/gerardmerinfo\/wp-json\/wp\/v2\/categories?post=49995"},{"taxonomy":"post_tag","embeddable":true,"href":"https:\/\/vosgesinfo.fr\/gerardmerinfo\/wp-json\/wp\/v2\/tags?post=49995"}],"curies":[{"name":"wp","href":"https:\/\/api.w.org\/{rel}","templated":true}]}}