{"id":50018,"date":"2020-10-03T13:04:13","date_gmt":"2020-10-03T11:04:13","guid":{"rendered":"https:\/\/vosgesinfo.fr\/gerardmerinfo\/2020\/10\/31eme-festival-international-de-geographie-rencontre-richard-brionne\/"},"modified":"2020-10-03T13:04:13","modified_gmt":"2020-10-03T11:04:13","slug":"31eme-festival-international-de-geographie-rencontre-richard-brionne","status":"publish","type":"post","link":"https:\/\/vosgesinfo.fr\/gerardmerinfo\/2020\/10\/31eme-festival-international-de-geographie-rencontre-richard-brionne\/","title":{"rendered":"31\u00e8me Festival International de G\u00e9ographie : rencontre avec Richard Brionne"},"content":{"rendered":"<p><a href=\"\/2020\/10\/DSC_1333.jpg\"><img decoding=\"async\" class=\"aligncenter size-full wp-image-168639\" src=\"\/2020\/10\/DSC_1333.jpg\" alt=\"DSC_1333\" width=\"800\" height=\"533\" \/><\/a><\/p>\n<h3>Dans le cadre du festival, l&rsquo; association Espace Culture de Gerb\u00e9pal a organis\u00e9 une rencontre conf\u00e9rence avec Richard Brionne infatigable marcheur et \u00ab\u00a0photographe amateur\u00a0\u00bb dit-il !<\/h3>\n<p>A la grande surprise et satisfaction de l&rsquo;association organisatrice, le public a r\u00e9pondu pr\u00e9sent. A travers ses photographies, tel un guide, Richard nous conduit sur les pentes et les sentiers vosgiens \u00e0 la d\u00e9couverte des paysages superbes et \u00e0 la rencontre des habitants des lieux.<\/p>\n<p><strong>La magie des Hautes-Vosges<\/strong><\/p>\n<p><a href=\"\/2020\/10\/DSC_1336.jpg\"><img decoding=\"async\" class=\"alignright wp-image-168638\" src=\"\/2020\/10\/DSC_1336.jpg\" alt=\"DSC_1336\" width=\"313\" height=\"488\" \/><\/a>Lien invisible entre la terre et le ciel , la montagne est un espace \u00e0 part. Axe de notre massif, pilier du ciel , elle nourrit notre imaginaire. Et chacun y\u00a0 va de sa vision du monde. Le traileur est un adorateur de la pente qui joue avec\u00a0 le temps. Le marcheur est un contemplatif , tandis que le peintre y trouve mati\u00e8re \u00e0 se nourrir de ce monde de vallons, de plateaux et de vall\u00e9es sans oublier sa flore et sa faune. Evocation du travail d&rsquo;artiste qu&rsquo;effectue Olivier Claudon (acrylique vaches race vosgienne, chamois).<\/p>\n<p>Pour que naisse la cr\u00e9ation, quelle qu&rsquo;en soit la forme de m\u00e9ditation, un apprentissage long et silencieux de l&rsquo; observation et de la lumi\u00e8re. Des personnes s&rsquo;exclament devant la beaut\u00e9 des photos, \u00ab\u00a0mon travail fait r\u00eaver, mais nous avons tous, \u00e0 deux pas de chez nous ou \u00e0 port\u00e9e de fen\u00eatre, mille sujets qui nous attendent. Il suffit de chausser \u00ab\u00a0<em>les godillots<\/em>\u00a0\u00bb et de promener les yeux \u00e0 la recherche d&rsquo;instants magiques, d&rsquo;un oiseau engourdi, d&rsquo;une branche gel\u00e9e, d&rsquo;un rai de lumi\u00e8re sur une goutte qui fera la diff\u00e9rence entre une photo tristouille et une image \u00e9clatante \u00a0\u00bb !<\/p>\n<p><strong>Transmettre de l&rsquo; \u00e9motion \u00e0 travers les images<\/strong><\/p>\n<p>Richard \u00a0\u00bb e vieux montagnard\u00a0\u00bb est all\u00e9 \u00e0 la rencontre des gens qui peuplent le territoire, pour \u00e9changer avec eux sur le quotidien, les pratiques de leur m\u00e9tier et l&rsquo; attachement qu&rsquo;ils portent eux aussi \u00e0 ce massif vosgien.<\/p>\n<p>Une belle soir\u00e9e,\u00a0 un grand moment de partage que l&rsquo;auditoire a appr\u00e9ci\u00e9.<\/p>\n","protected":false},"excerpt":{"rendered":"<p>Dans le cadre du festival, l&rsquo; association Espace Culture de Gerb\u00e9pal a organis\u00e9 une rencontre conf\u00e9rence avec Richard Brionne infatigable [&hellip;]<\/p>\n","protected":false},"author":252,"featured_media":50019,"comment_status":"open","ping_status":"open","sticky":false,"template":"","format":"standard","meta":{"footnotes":""},"categories":[20,4,18],"tags":[4440,2738],"class_list":["post-50018","post","type-post","status-publish","format-standard","has-post-thumbnail","hentry","category-a-la-une","category-culture","category-vosges","tag-festival-internationale-de-geographie","tag-richard-brionne"],"acf":[],"yoast_head":"<!-- This site is optimized with the Yoast SEO plugin v22.5 - https:\/\/yoast.com\/wordpress\/plugins\/seo\/ -->\n<title>31\u00e8me Festival International de G\u00e9ographie : rencontre avec Richard Brionne - Gerardmer Info<\/title>\n<meta name=\"robots\" content=\"index, follow, max-snippet:-1, max-image-preview:large, max-video-preview:-1\" \/>\n<link rel=\"canonical\" href=\"https:\/\/vosgesinfo.fr\/gerardmerinfo\/2020\/10\/31eme-festival-international-de-geographie-rencontre-richard-brionne\/\" \/>\n<meta name=\"twitter:card\" content=\"summary_large_image\" \/>\n<meta name=\"twitter:title\" content=\"31\u00e8me Festival International de G\u00e9ographie : rencontre avec Richard Brionne - Gerardmer Info\" \/>\n<meta name=\"twitter:description\" content=\"Dans le cadre du festival, l&rsquo; association Espace Culture de Gerb\u00e9pal a organis\u00e9 une rencontre conf\u00e9rence avec Richard Brionne infatigable [&hellip;]\" \/>\n<meta name=\"twitter:image\" content=\"https:\/\/vosgesinfo.fr\/app\/uploads\/sites\/6\/2024\/07\/202010dsc-1333.jpg\" \/>\n<meta name=\"twitter:creator\" content=\"@VosgesInfo88\" \/>\n<meta name=\"twitter:site\" content=\"@VosgesInfo88\" \/>\n<meta name=\"twitter:label1\" content=\"\u00c9crit par\" \/>\n\t<meta name=\"twitter:data1\" content=\"Patrick Roux\" \/>\n\t<meta name=\"twitter:label2\" content=\"Dur\u00e9e de lecture estim\u00e9e\" \/>\n\t<meta name=\"twitter:data2\" content=\"2 minutes\" \/>\n<script type=\"application\/ld+json\" class=\"yoast-schema-graph\">{\"@context\":\"https:\/\/schema.org\",\"@graph\":[{\"@type\":\"Article\",\"@id\":\"https:\/\/vosgesinfo.fr\/gerardmerinfo\/2020\/10\/31eme-festival-international-de-geographie-rencontre-richard-brionne\/#article\",\"isPartOf\":{\"@id\":\"https:\/\/vosgesinfo.fr\/gerardmerinfo\/2020\/10\/31eme-festival-international-de-geographie-rencontre-richard-brionne\/\"},\"author\":{\"name\":\"Patrick Roux\",\"@id\":\"https:\/\/vosgesinfo.fr\/gerardmerinfo\/#\/schema\/person\/b136d6f056f95f439bb6d26ba4a72314\"},\"headline\":\"31\u00e8me Festival International de G\u00e9ographie : rencontre avec Richard Brionne\",\"datePublished\":\"2020-10-03T11:04:13+00:00\",\"dateModified\":\"2020-10-03T11:04:13+00:00\",\"mainEntityOfPage\":{\"@id\":\"https:\/\/vosgesinfo.fr\/gerardmerinfo\/2020\/10\/31eme-festival-international-de-geographie-rencontre-richard-brionne\/\"},\"wordCount\":351,\"commentCount\":0,\"publisher\":{\"@id\":\"https:\/\/vosgesinfo.fr\/gerardmerinfo\/#organization\"},\"image\":{\"@id\":\"https:\/\/vosgesinfo.fr\/gerardmerinfo\/2020\/10\/31eme-festival-international-de-geographie-rencontre-richard-brionne\/#primaryimage\"},\"thumbnailUrl\":\"https:\/\/vosgesinfo.fr\/app\/uploads\/sites\/6\/2024\/07\/202010dsc-1333.jpg\",\"keywords\":[\"Festival internationale de G\u00e9ographie\",\"Richard Brionne\"],\"articleSection\":[\"A la une\",\"Culture\",\"Vosges\"],\"inLanguage\":\"fr-FR\",\"potentialAction\":[{\"@type\":\"CommentAction\",\"name\":\"Comment\",\"target\":[\"https:\/\/vosgesinfo.fr\/gerardmerinfo\/2020\/10\/31eme-festival-international-de-geographie-rencontre-richard-brionne\/#respond\"]}]},{\"@type\":\"WebPage\",\"@id\":\"https:\/\/vosgesinfo.fr\/gerardmerinfo\/2020\/10\/31eme-festival-international-de-geographie-rencontre-richard-brionne\/\",\"url\":\"https:\/\/vosgesinfo.fr\/gerardmerinfo\/2020\/10\/31eme-festival-international-de-geographie-rencontre-richard-brionne\/\",\"name\":\"31\u00e8me Festival International de G\u00e9ographie : rencontre avec Richard Brionne - Gerardmer Info\",\"isPartOf\":{\"@id\":\"https:\/\/vosgesinfo.fr\/gerardmerinfo\/#website\"},\"primaryImageOfPage\":{\"@id\":\"https:\/\/vosgesinfo.fr\/gerardmerinfo\/2020\/10\/31eme-festival-international-de-geographie-rencontre-richard-brionne\/#primaryimage\"},\"image\":{\"@id\":\"https:\/\/vosgesinfo.fr\/gerardmerinfo\/2020\/10\/31eme-festival-international-de-geographie-rencontre-richard-brionne\/#primaryimage\"},\"thumbnailUrl\":\"https:\/\/vosgesinfo.fr\/app\/uploads\/sites\/6\/2024\/07\/202010dsc-1333.jpg\",\"datePublished\":\"2020-10-03T11:04:13+00:00\",\"dateModified\":\"2020-10-03T11:04:13+00:00\",\"breadcrumb\":{\"@id\":\"https:\/\/vosgesinfo.fr\/gerardmerinfo\/2020\/10\/31eme-festival-international-de-geographie-rencontre-richard-brionne\/#breadcrumb\"},\"inLanguage\":\"fr-FR\",\"potentialAction\":[{\"@type\":\"ReadAction\",\"target\":[\"https:\/\/vosgesinfo.fr\/gerardmerinfo\/2020\/10\/31eme-festival-international-de-geographie-rencontre-richard-brionne\/\"]}]},{\"@type\":\"ImageObject\",\"inLanguage\":\"fr-FR\",\"@id\":\"https:\/\/vosgesinfo.fr\/gerardmerinfo\/2020\/10\/31eme-festival-international-de-geographie-rencontre-richard-brionne\/#primaryimage\",\"url\":\"https:\/\/vosgesinfo.fr\/app\/uploads\/sites\/6\/2024\/07\/202010dsc-1333.jpg\",\"contentUrl\":\"https:\/\/vosgesinfo.fr\/app\/uploads\/sites\/6\/2024\/07\/202010dsc-1333.jpg\",\"width\":800,\"height\":533},{\"@type\":\"BreadcrumbList\",\"@id\":\"https:\/\/vosgesinfo.fr\/gerardmerinfo\/2020\/10\/31eme-festival-international-de-geographie-rencontre-richard-brionne\/#breadcrumb\",\"itemListElement\":[{\"@type\":\"ListItem\",\"position\":1,\"name\":\"Home\",\"item\":\"https:\/\/vosgesinfo.fr\/gerardmerinfo\/\"},{\"@type\":\"ListItem\",\"position\":2,\"name\":\"31\u00e8me Festival International de G\u00e9ographie : rencontre avec Richard Brionne\"}]},{\"@type\":\"WebSite\",\"@id\":\"https:\/\/vosgesinfo.fr\/gerardmerinfo\/#website\",\"url\":\"https:\/\/vosgesinfo.fr\/gerardmerinfo\/\",\"name\":\"Gerardmer Info\",\"description\":\"Toute l&#039;actualit\u00e9 de G\u00e9rardmer\",\"publisher\":{\"@id\":\"https:\/\/vosgesinfo.fr\/gerardmerinfo\/#organization\"},\"alternateName\":\"Toute l'actualit\u00e9 de G\u00e9rardmer\",\"potentialAction\":[{\"@type\":\"SearchAction\",\"target\":{\"@type\":\"EntryPoint\",\"urlTemplate\":\"https:\/\/vosgesinfo.fr\/gerardmerinfo\/?s={search_term_string}\"},\"query-input\":\"required name=search_term_string\"}],\"inLanguage\":\"fr-FR\"},{\"@type\":\"Organization\",\"@id\":\"https:\/\/vosgesinfo.fr\/gerardmerinfo\/#organization\",\"name\":\"Gerardmer Info\",\"url\":\"https:\/\/vosgesinfo.fr\/gerardmerinfo\/\",\"logo\":{\"@type\":\"ImageObject\",\"inLanguage\":\"fr-FR\",\"@id\":\"https:\/\/vosgesinfo.fr\/gerardmerinfo\/#\/schema\/logo\/image\/\",\"url\":\"https:\/\/vosgesinfo.fr\/app\/uploads\/sites\/6\/2023\/08\/favicon-gerardmerinfo.png\",\"contentUrl\":\"https:\/\/vosgesinfo.fr\/app\/uploads\/sites\/6\/2023\/08\/favicon-gerardmerinfo.png\",\"width\":512,\"height\":512,\"caption\":\"Gerardmer Info\"},\"image\":{\"@id\":\"https:\/\/vosgesinfo.fr\/gerardmerinfo\/#\/schema\/logo\/image\/\"},\"sameAs\":[\"https:\/\/www.facebook.com\/profile.php?id=100049475262660\",\"https:\/\/x.com\/VosgesInfo88\",\"https:\/\/www.youtube.com\/@vosgesinfo\"]},{\"@type\":\"Person\",\"@id\":\"https:\/\/vosgesinfo.fr\/gerardmerinfo\/#\/schema\/person\/b136d6f056f95f439bb6d26ba4a72314\",\"name\":\"Patrick Roux\",\"image\":{\"@type\":\"ImageObject\",\"inLanguage\":\"fr-FR\",\"@id\":\"https:\/\/vosgesinfo.fr\/gerardmerinfo\/#\/schema\/person\/image\/\",\"url\":\"https:\/\/secure.gravatar.com\/avatar\/6558a2adf7d1e6bf7c813231332bd518eb520f6d685b773380f1149dba2530d0?s=96&d=mm&r=g\",\"contentUrl\":\"https:\/\/secure.gravatar.com\/avatar\/6558a2adf7d1e6bf7c813231332bd518eb520f6d685b773380f1149dba2530d0?s=96&d=mm&r=g\",\"caption\":\"Patrick Roux\"},\"url\":\"https:\/\/vosgesinfo.fr\/gerardmerinfo\/author\/patrickginfo\/\"}]}<\/script>\n<!-- \/ Yoast SEO plugin. -->","yoast_head_json":{"title":"31\u00e8me Festival International de G\u00e9ographie : rencontre avec Richard Brionne - Gerardmer Info","robots":{"index":"index","follow":"follow","max-snippet":"max-snippet:-1","max-image-preview":"max-image-preview:large","max-video-preview":"max-video-preview:-1"},"canonical":"https:\/\/vosgesinfo.fr\/gerardmerinfo\/2020\/10\/31eme-festival-international-de-geographie-rencontre-richard-brionne\/","twitter_card":"summary_large_image","twitter_title":"31\u00e8me Festival International de G\u00e9ographie : rencontre avec Richard Brionne - Gerardmer Info","twitter_description":"Dans le cadre du festival, l&rsquo; association Espace Culture de Gerb\u00e9pal a organis\u00e9 une rencontre conf\u00e9rence avec Richard Brionne infatigable [&hellip;]","twitter_image":"https:\/\/vosgesinfo.fr\/app\/uploads\/sites\/6\/2024\/07\/202010dsc-1333.jpg","twitter_creator":"@VosgesInfo88","twitter_site":"@VosgesInfo88","twitter_misc":{"\u00c9crit par":"Patrick Roux","Dur\u00e9e de lecture estim\u00e9e":"2 minutes"},"schema":{"@context":"https:\/\/schema.org","@graph":[{"@type":"Article","@id":"https:\/\/vosgesinfo.fr\/gerardmerinfo\/2020\/10\/31eme-festival-international-de-geographie-rencontre-richard-brionne\/#article","isPartOf":{"@id":"https:\/\/vosgesinfo.fr\/gerardmerinfo\/2020\/10\/31eme-festival-international-de-geographie-rencontre-richard-brionne\/"},"author":{"name":"Patrick Roux","@id":"https:\/\/vosgesinfo.fr\/gerardmerinfo\/#\/schema\/person\/b136d6f056f95f439bb6d26ba4a72314"},"headline":"31\u00e8me Festival International de G\u00e9ographie : rencontre avec Richard Brionne","datePublished":"2020-10-03T11:04:13+00:00","dateModified":"2020-10-03T11:04:13+00:00","mainEntityOfPage":{"@id":"https:\/\/vosgesinfo.fr\/gerardmerinfo\/2020\/10\/31eme-festival-international-de-geographie-rencontre-richard-brionne\/"},"wordCount":351,"commentCount":0,"publisher":{"@id":"https:\/\/vosgesinfo.fr\/gerardmerinfo\/#organization"},"image":{"@id":"https:\/\/vosgesinfo.fr\/gerardmerinfo\/2020\/10\/31eme-festival-international-de-geographie-rencontre-richard-brionne\/#primaryimage"},"thumbnailUrl":"https:\/\/vosgesinfo.fr\/app\/uploads\/sites\/6\/2024\/07\/202010dsc-1333.jpg","keywords":["Festival internationale de G\u00e9ographie","Richard Brionne"],"articleSection":["A la une","Culture","Vosges"],"inLanguage":"fr-FR","potentialAction":[{"@type":"CommentAction","name":"Comment","target":["https:\/\/vosgesinfo.fr\/gerardmerinfo\/2020\/10\/31eme-festival-international-de-geographie-rencontre-richard-brionne\/#respond"]}]},{"@type":"WebPage","@id":"https:\/\/vosgesinfo.fr\/gerardmerinfo\/2020\/10\/31eme-festival-international-de-geographie-rencontre-richard-brionne\/","url":"https:\/\/vosgesinfo.fr\/gerardmerinfo\/2020\/10\/31eme-festival-international-de-geographie-rencontre-richard-brionne\/","name":"31\u00e8me Festival International de G\u00e9ographie : rencontre avec Richard Brionne - Gerardmer Info","isPartOf":{"@id":"https:\/\/vosgesinfo.fr\/gerardmerinfo\/#website"},"primaryImageOfPage":{"@id":"https:\/\/vosgesinfo.fr\/gerardmerinfo\/2020\/10\/31eme-festival-international-de-geographie-rencontre-richard-brionne\/#primaryimage"},"image":{"@id":"https:\/\/vosgesinfo.fr\/gerardmerinfo\/2020\/10\/31eme-festival-international-de-geographie-rencontre-richard-brionne\/#primaryimage"},"thumbnailUrl":"https:\/\/vosgesinfo.fr\/app\/uploads\/sites\/6\/2024\/07\/202010dsc-1333.jpg","datePublished":"2020-10-03T11:04:13+00:00","dateModified":"2020-10-03T11:04:13+00:00","breadcrumb":{"@id":"https:\/\/vosgesinfo.fr\/gerardmerinfo\/2020\/10\/31eme-festival-international-de-geographie-rencontre-richard-brionne\/#breadcrumb"},"inLanguage":"fr-FR","potentialAction":[{"@type":"ReadAction","target":["https:\/\/vosgesinfo.fr\/gerardmerinfo\/2020\/10\/31eme-festival-international-de-geographie-rencontre-richard-brionne\/"]}]},{"@type":"ImageObject","inLanguage":"fr-FR","@id":"https:\/\/vosgesinfo.fr\/gerardmerinfo\/2020\/10\/31eme-festival-international-de-geographie-rencontre-richard-brionne\/#primaryimage","url":"https:\/\/vosgesinfo.fr\/app\/uploads\/sites\/6\/2024\/07\/202010dsc-1333.jpg","contentUrl":"https:\/\/vosgesinfo.fr\/app\/uploads\/sites\/6\/2024\/07\/202010dsc-1333.jpg","width":800,"height":533},{"@type":"BreadcrumbList","@id":"https:\/\/vosgesinfo.fr\/gerardmerinfo\/2020\/10\/31eme-festival-international-de-geographie-rencontre-richard-brionne\/#breadcrumb","itemListElement":[{"@type":"ListItem","position":1,"name":"Home","item":"https:\/\/vosgesinfo.fr\/gerardmerinfo\/"},{"@type":"ListItem","position":2,"name":"31\u00e8me Festival International de G\u00e9ographie : rencontre avec Richard Brionne"}]},{"@type":"WebSite","@id":"https:\/\/vosgesinfo.fr\/gerardmerinfo\/#website","url":"https:\/\/vosgesinfo.fr\/gerardmerinfo\/","name":"Gerardmer Info","description":"Toute l&#039;actualit\u00e9 de G\u00e9rardmer","publisher":{"@id":"https:\/\/vosgesinfo.fr\/gerardmerinfo\/#organization"},"alternateName":"Toute l'actualit\u00e9 de G\u00e9rardmer","potentialAction":[{"@type":"SearchAction","target":{"@type":"EntryPoint","urlTemplate":"https:\/\/vosgesinfo.fr\/gerardmerinfo\/?s={search_term_string}"},"query-input":"required name=search_term_string"}],"inLanguage":"fr-FR"},{"@type":"Organization","@id":"https:\/\/vosgesinfo.fr\/gerardmerinfo\/#organization","name":"Gerardmer Info","url":"https:\/\/vosgesinfo.fr\/gerardmerinfo\/","logo":{"@type":"ImageObject","inLanguage":"fr-FR","@id":"https:\/\/vosgesinfo.fr\/gerardmerinfo\/#\/schema\/logo\/image\/","url":"https:\/\/vosgesinfo.fr\/app\/uploads\/sites\/6\/2023\/08\/favicon-gerardmerinfo.png","contentUrl":"https:\/\/vosgesinfo.fr\/app\/uploads\/sites\/6\/2023\/08\/favicon-gerardmerinfo.png","width":512,"height":512,"caption":"Gerardmer Info"},"image":{"@id":"https:\/\/vosgesinfo.fr\/gerardmerinfo\/#\/schema\/logo\/image\/"},"sameAs":["https:\/\/www.facebook.com\/profile.php?id=100049475262660","https:\/\/x.com\/VosgesInfo88","https:\/\/www.youtube.com\/@vosgesinfo"]},{"@type":"Person","@id":"https:\/\/vosgesinfo.fr\/gerardmerinfo\/#\/schema\/person\/b136d6f056f95f439bb6d26ba4a72314","name":"Patrick Roux","image":{"@type":"ImageObject","inLanguage":"fr-FR","@id":"https:\/\/vosgesinfo.fr\/gerardmerinfo\/#\/schema\/person\/image\/","url":"https:\/\/secure.gravatar.com\/avatar\/6558a2adf7d1e6bf7c813231332bd518eb520f6d685b773380f1149dba2530d0?s=96&d=mm&r=g","contentUrl":"https:\/\/secure.gravatar.com\/avatar\/6558a2adf7d1e6bf7c813231332bd518eb520f6d685b773380f1149dba2530d0?s=96&d=mm&r=g","caption":"Patrick Roux"},"url":"https:\/\/vosgesinfo.fr\/gerardmerinfo\/author\/patrickginfo\/"}]}},"_links":{"self":[{"href":"https:\/\/vosgesinfo.fr\/gerardmerinfo\/wp-json\/wp\/v2\/posts\/50018","targetHints":{"allow":["GET"]}}],"collection":[{"href":"https:\/\/vosgesinfo.fr\/gerardmerinfo\/wp-json\/wp\/v2\/posts"}],"about":[{"href":"https:\/\/vosgesinfo.fr\/gerardmerinfo\/wp-json\/wp\/v2\/types\/post"}],"author":[{"embeddable":true,"href":"https:\/\/vosgesinfo.fr\/gerardmerinfo\/wp-json\/wp\/v2\/users\/252"}],"replies":[{"embeddable":true,"href":"https:\/\/vosgesinfo.fr\/gerardmerinfo\/wp-json\/wp\/v2\/comments?post=50018"}],"version-history":[{"count":0,"href":"https:\/\/vosgesinfo.fr\/gerardmerinfo\/wp-json\/wp\/v2\/posts\/50018\/revisions"}],"wp:featuredmedia":[{"embeddable":true,"href":"https:\/\/vosgesinfo.fr\/gerardmerinfo\/wp-json\/wp\/v2\/media\/50019"}],"wp:attachment":[{"href":"https:\/\/vosgesinfo.fr\/gerardmerinfo\/wp-json\/wp\/v2\/media?parent=50018"}],"wp:term":[{"taxonomy":"category","embeddable":true,"href":"https:\/\/vosgesinfo.fr\/gerardmerinfo\/wp-json\/wp\/v2\/categories?post=50018"},{"taxonomy":"post_tag","embeddable":true,"href":"https:\/\/vosgesinfo.fr\/gerardmerinfo\/wp-json\/wp\/v2\/tags?post=50018"}],"curies":[{"name":"wp","href":"https:\/\/api.w.org\/{rel}","templated":true}]}}