{"id":50217,"date":"2020-10-13T05:01:23","date_gmt":"2020-10-13T03:01:23","guid":{"rendered":"https:\/\/vosgesinfo.fr\/gerardmerinfo\/2020\/10\/graines-toiles-toujours-autant-de-films-danimations-de-plaisir\/"},"modified":"2020-10-13T05:01:23","modified_gmt":"2020-10-13T03:01:23","slug":"graines-toiles-toujours-autant-de-films-danimations-de-plaisir","status":"publish","type":"post","link":"https:\/\/vosgesinfo.fr\/gerardmerinfo\/2020\/10\/graines-toiles-toujours-autant-de-films-danimations-de-plaisir\/","title":{"rendered":"Graines des Toiles : toujours autant de films, d&rsquo;animations &#038; de plaisir"},"content":{"rendered":"<div id=\"attachment_169195\" style=\"width: 810px\" class=\"wp-caption aligncenter\"><a href=\"\/2020\/10\/inauguration-graines-des-toiles-2020-1.jpg\"><img decoding=\"async\" aria-describedby=\"caption-attachment-169195\" class=\"size-full wp-image-169195\" src=\"\/2020\/10\/inauguration-graines-des-toiles-2020-1.jpg\" alt=\"Les trois repr\u00e9sentants du Conseil Municipal des Jeunes de G\u00e9rardmer.\" width=\"800\" height=\"600\" \/><\/a><p id=\"caption-attachment-169195\" class=\"wp-caption-text\">Les trois repr\u00e9sentants du Conseil Municipal des Jeunes de G\u00e9rardmer.<\/p><\/div>\n<h3><\/h3>\n<h3>C&rsquo;est parti pour la 13e \u00e9dition du Festival du Film Jeune Public \u00e0 la MCL de G\u00e9rardmer qui avait tout de m\u00eame tenu a lanc\u00e9 officiellement les r\u00e9jouissances ce lundi soir.<\/h3>\n<p><a href=\"\/2020\/10\/inauguration-graines-des-toiles-2020-2.jpg\"><img decoding=\"async\" class=\"alignright size-medium wp-image-169194\" src=\"\/2020\/10\/inauguration-graines-des-toiles-2020-2-340x255.jpg\" alt=\"inauguration graines des toiles 2020 (2)\" width=\"340\" height=\"255\" \/><\/a>Petit comit\u00e9 donc, pour cette c\u00e9r\u00e9monie qui s&rsquo;est d\u00e9roul\u00e9e dans un foyer bar une fois de plus d\u00e9cor\u00e9 aux couleurs de Graines des Toiles par des petites mains expertes. L&rsquo;occasion pour la tr\u00e9sori\u00e8re de la MCL Lydie Guillemain de proc\u00e9der aux remerciements d&rsquo;usage, que ce soit aux b\u00e9n\u00e9voles, aux partenaires institutionnels, associatifs et priv\u00e9es, aux salari\u00e9s de la maison ou encore aux b\u00e9n\u00e9voles. Mention sp\u00e9ciale \u00e0 Lo\u00efc Moresi qui a \u00e9t\u00e9 (presque !) seul \u00e0 la man\u0153uvre cette ann\u00e9e, d\u00e9pourvu de service civique \u00e0 ses c\u00f4t\u00e9s, et qui a tout de m\u00eame concoct\u00e9 avec ses coll\u00e8gues un festival avec toujours autant de films et d&rsquo;animations, si ce n&rsquo;est plus.\u00a0 On sera proche de la centaine de s\u00e9ances au programme, rien que \u00e7a ! Alors forc\u00e9ment, on peut s&rsquo;attendre \u00e0 \u00ab\u00a0beaucoup de plaisir\u00a0\u00bb pour reprendre les mots du Conseiller D\u00e9partemental Gilbert Poirot qui a souhait\u00e9 \u00ab\u00a0bon vent\u00a0\u00bb \u00e0 cette 13e \u00e9dition. Quant \u00e0 la Ville de G\u00e9rardmer, elle avait fort logiquement d\u00e9p\u00each\u00e9 une d\u00e9l\u00e9gation de son conseil municipal des jeunes repr\u00e9sent\u00e9 par Agathe, Elliot et Aym\u00e9. 3 ambassadeurs qui ont \u00e0 leur tour pr\u00e9sent\u00e9 bri\u00e8vement ce nouvel opus \u00e0 consommer sans mod\u00e9ration \u00e0 la MCL de G\u00e9rardmer du 12 au 29 octobre.<\/p>\n<p>Pour en savoir plus et r\u00e9server vos places pour les animations et s\u00e9ances : <strong><span style=\"color: #000080;\"><a style=\"color: #000080;\" href=\"https:\/\/grainesdestoiles.com\/\" target=\"_blank\" rel=\"noopener\">cliquez ici !<\/a><\/span><\/strong><\/p>\n","protected":false},"excerpt":{"rendered":"<p>C&rsquo;est parti pour la 13e \u00e9dition du Festival du Film Jeune Public \u00e0 la MCL de G\u00e9rardmer qui avait tout [&hellip;]<\/p>\n","protected":false},"author":42,"featured_media":50218,"comment_status":"open","ping_status":"open","sticky":false,"template":"","format":"standard","meta":{"footnotes":""},"categories":[20,4,18],"tags":[537],"class_list":["post-50217","post","type-post","status-publish","format-standard","has-post-thumbnail","hentry","category-a-la-une","category-culture","category-vosges","tag-festival-graines-des-toiles"],"acf":[],"yoast_head":"<!-- This site is optimized with the Yoast SEO plugin v22.5 - https:\/\/yoast.com\/wordpress\/plugins\/seo\/ -->\n<title>Graines des Toiles : toujours autant de films, d&#039;animations &amp; de plaisir - Gerardmer Info<\/title>\n<meta name=\"robots\" content=\"index, follow, max-snippet:-1, max-image-preview:large, max-video-preview:-1\" \/>\n<link rel=\"canonical\" href=\"https:\/\/vosgesinfo.fr\/gerardmerinfo\/2020\/10\/graines-toiles-toujours-autant-de-films-danimations-de-plaisir\/\" \/>\n<meta name=\"twitter:card\" content=\"summary_large_image\" \/>\n<meta name=\"twitter:title\" content=\"Graines des Toiles : toujours autant de films, d&#039;animations &amp; de plaisir - Gerardmer Info\" \/>\n<meta name=\"twitter:description\" content=\"C&rsquo;est parti pour la 13e \u00e9dition du Festival du Film Jeune Public \u00e0 la MCL de G\u00e9rardmer qui avait tout [&hellip;]\" \/>\n<meta name=\"twitter:image\" content=\"https:\/\/vosgesinfo.fr\/app\/uploads\/sites\/6\/2024\/07\/202010inauguration-graines-des-toiles-2020-1.jpg\" \/>\n<meta name=\"twitter:creator\" content=\"@VosgesInfo88\" \/>\n<meta name=\"twitter:site\" content=\"@VosgesInfo88\" \/>\n<meta name=\"twitter:label1\" content=\"\u00c9crit par\" \/>\n\t<meta name=\"twitter:data1\" content=\"QG\" \/>\n\t<meta name=\"twitter:label2\" content=\"Dur\u00e9e de lecture estim\u00e9e\" \/>\n\t<meta name=\"twitter:data2\" content=\"1 minute\" \/>\n<script type=\"application\/ld+json\" class=\"yoast-schema-graph\">{\"@context\":\"https:\/\/schema.org\",\"@graph\":[{\"@type\":\"Article\",\"@id\":\"https:\/\/vosgesinfo.fr\/gerardmerinfo\/2020\/10\/graines-toiles-toujours-autant-de-films-danimations-de-plaisir\/#article\",\"isPartOf\":{\"@id\":\"https:\/\/vosgesinfo.fr\/gerardmerinfo\/2020\/10\/graines-toiles-toujours-autant-de-films-danimations-de-plaisir\/\"},\"author\":{\"name\":\"QG\",\"@id\":\"https:\/\/vosgesinfo.fr\/gerardmerinfo\/#\/schema\/person\/db5605779a843dad16b5368f3e7613a5\"},\"headline\":\"Graines des Toiles : toujours autant de films, d&rsquo;animations &#038; de plaisir\",\"datePublished\":\"2020-10-13T03:01:23+00:00\",\"dateModified\":\"2020-10-13T03:01:23+00:00\",\"mainEntityOfPage\":{\"@id\":\"https:\/\/vosgesinfo.fr\/gerardmerinfo\/2020\/10\/graines-toiles-toujours-autant-de-films-danimations-de-plaisir\/\"},\"wordCount\":310,\"commentCount\":0,\"publisher\":{\"@id\":\"https:\/\/vosgesinfo.fr\/gerardmerinfo\/#organization\"},\"image\":{\"@id\":\"https:\/\/vosgesinfo.fr\/gerardmerinfo\/2020\/10\/graines-toiles-toujours-autant-de-films-danimations-de-plaisir\/#primaryimage\"},\"thumbnailUrl\":\"https:\/\/vosgesinfo.fr\/app\/uploads\/sites\/6\/2024\/07\/202010inauguration-graines-des-toiles-2020-1.jpg\",\"keywords\":[\"festival graines des toiles\"],\"articleSection\":[\"A la une\",\"Culture\",\"Vosges\"],\"inLanguage\":\"fr-FR\",\"potentialAction\":[{\"@type\":\"CommentAction\",\"name\":\"Comment\",\"target\":[\"https:\/\/vosgesinfo.fr\/gerardmerinfo\/2020\/10\/graines-toiles-toujours-autant-de-films-danimations-de-plaisir\/#respond\"]}]},{\"@type\":\"WebPage\",\"@id\":\"https:\/\/vosgesinfo.fr\/gerardmerinfo\/2020\/10\/graines-toiles-toujours-autant-de-films-danimations-de-plaisir\/\",\"url\":\"https:\/\/vosgesinfo.fr\/gerardmerinfo\/2020\/10\/graines-toiles-toujours-autant-de-films-danimations-de-plaisir\/\",\"name\":\"Graines des Toiles : toujours autant de films, d'animations & de plaisir - Gerardmer Info\",\"isPartOf\":{\"@id\":\"https:\/\/vosgesinfo.fr\/gerardmerinfo\/#website\"},\"primaryImageOfPage\":{\"@id\":\"https:\/\/vosgesinfo.fr\/gerardmerinfo\/2020\/10\/graines-toiles-toujours-autant-de-films-danimations-de-plaisir\/#primaryimage\"},\"image\":{\"@id\":\"https:\/\/vosgesinfo.fr\/gerardmerinfo\/2020\/10\/graines-toiles-toujours-autant-de-films-danimations-de-plaisir\/#primaryimage\"},\"thumbnailUrl\":\"https:\/\/vosgesinfo.fr\/app\/uploads\/sites\/6\/2024\/07\/202010inauguration-graines-des-toiles-2020-1.jpg\",\"datePublished\":\"2020-10-13T03:01:23+00:00\",\"dateModified\":\"2020-10-13T03:01:23+00:00\",\"breadcrumb\":{\"@id\":\"https:\/\/vosgesinfo.fr\/gerardmerinfo\/2020\/10\/graines-toiles-toujours-autant-de-films-danimations-de-plaisir\/#breadcrumb\"},\"inLanguage\":\"fr-FR\",\"potentialAction\":[{\"@type\":\"ReadAction\",\"target\":[\"https:\/\/vosgesinfo.fr\/gerardmerinfo\/2020\/10\/graines-toiles-toujours-autant-de-films-danimations-de-plaisir\/\"]}]},{\"@type\":\"ImageObject\",\"inLanguage\":\"fr-FR\",\"@id\":\"https:\/\/vosgesinfo.fr\/gerardmerinfo\/2020\/10\/graines-toiles-toujours-autant-de-films-danimations-de-plaisir\/#primaryimage\",\"url\":\"https:\/\/vosgesinfo.fr\/app\/uploads\/sites\/6\/2024\/07\/202010inauguration-graines-des-toiles-2020-1.jpg\",\"contentUrl\":\"https:\/\/vosgesinfo.fr\/app\/uploads\/sites\/6\/2024\/07\/202010inauguration-graines-des-toiles-2020-1.jpg\",\"width\":800,\"height\":600},{\"@type\":\"BreadcrumbList\",\"@id\":\"https:\/\/vosgesinfo.fr\/gerardmerinfo\/2020\/10\/graines-toiles-toujours-autant-de-films-danimations-de-plaisir\/#breadcrumb\",\"itemListElement\":[{\"@type\":\"ListItem\",\"position\":1,\"name\":\"Home\",\"item\":\"https:\/\/vosgesinfo.fr\/gerardmerinfo\/\"},{\"@type\":\"ListItem\",\"position\":2,\"name\":\"Graines des Toiles : toujours autant de films, d&rsquo;animations &#038; de plaisir\"}]},{\"@type\":\"WebSite\",\"@id\":\"https:\/\/vosgesinfo.fr\/gerardmerinfo\/#website\",\"url\":\"https:\/\/vosgesinfo.fr\/gerardmerinfo\/\",\"name\":\"Gerardmer Info\",\"description\":\"Toute l&#039;actualit\u00e9 de G\u00e9rardmer\",\"publisher\":{\"@id\":\"https:\/\/vosgesinfo.fr\/gerardmerinfo\/#organization\"},\"alternateName\":\"Toute l'actualit\u00e9 de G\u00e9rardmer\",\"potentialAction\":[{\"@type\":\"SearchAction\",\"target\":{\"@type\":\"EntryPoint\",\"urlTemplate\":\"https:\/\/vosgesinfo.fr\/gerardmerinfo\/?s={search_term_string}\"},\"query-input\":\"required name=search_term_string\"}],\"inLanguage\":\"fr-FR\"},{\"@type\":\"Organization\",\"@id\":\"https:\/\/vosgesinfo.fr\/gerardmerinfo\/#organization\",\"name\":\"Gerardmer Info\",\"url\":\"https:\/\/vosgesinfo.fr\/gerardmerinfo\/\",\"logo\":{\"@type\":\"ImageObject\",\"inLanguage\":\"fr-FR\",\"@id\":\"https:\/\/vosgesinfo.fr\/gerardmerinfo\/#\/schema\/logo\/image\/\",\"url\":\"https:\/\/vosgesinfo.fr\/app\/uploads\/sites\/6\/2023\/08\/favicon-gerardmerinfo.png\",\"contentUrl\":\"https:\/\/vosgesinfo.fr\/app\/uploads\/sites\/6\/2023\/08\/favicon-gerardmerinfo.png\",\"width\":512,\"height\":512,\"caption\":\"Gerardmer Info\"},\"image\":{\"@id\":\"https:\/\/vosgesinfo.fr\/gerardmerinfo\/#\/schema\/logo\/image\/\"},\"sameAs\":[\"https:\/\/www.facebook.com\/profile.php?id=100049475262660\",\"https:\/\/x.com\/VosgesInfo88\",\"https:\/\/www.youtube.com\/@vosgesinfo\"]},{\"@type\":\"Person\",\"@id\":\"https:\/\/vosgesinfo.fr\/gerardmerinfo\/#\/schema\/person\/db5605779a843dad16b5368f3e7613a5\",\"name\":\"QG\",\"image\":{\"@type\":\"ImageObject\",\"inLanguage\":\"fr-FR\",\"@id\":\"https:\/\/vosgesinfo.fr\/gerardmerinfo\/#\/schema\/person\/image\/\",\"url\":\"https:\/\/secure.gravatar.com\/avatar\/ea80c42c204b534408512832fde52504ecabb9706bcb6151cf6175e5b64e6793?s=96&d=mm&r=g\",\"contentUrl\":\"https:\/\/secure.gravatar.com\/avatar\/ea80c42c204b534408512832fde52504ecabb9706bcb6151cf6175e5b64e6793?s=96&d=mm&r=g\",\"caption\":\"QG\"},\"url\":\"https:\/\/vosgesinfo.fr\/gerardmerinfo\/author\/quentin88\/\"}]}<\/script>\n<!-- \/ Yoast SEO plugin. -->","yoast_head_json":{"title":"Graines des Toiles : toujours autant de films, d'animations & de plaisir - Gerardmer Info","robots":{"index":"index","follow":"follow","max-snippet":"max-snippet:-1","max-image-preview":"max-image-preview:large","max-video-preview":"max-video-preview:-1"},"canonical":"https:\/\/vosgesinfo.fr\/gerardmerinfo\/2020\/10\/graines-toiles-toujours-autant-de-films-danimations-de-plaisir\/","twitter_card":"summary_large_image","twitter_title":"Graines des Toiles : toujours autant de films, d'animations & de plaisir - Gerardmer Info","twitter_description":"C&rsquo;est parti pour la 13e \u00e9dition du Festival du Film Jeune Public \u00e0 la MCL de G\u00e9rardmer qui avait tout [&hellip;]","twitter_image":"https:\/\/vosgesinfo.fr\/app\/uploads\/sites\/6\/2024\/07\/202010inauguration-graines-des-toiles-2020-1.jpg","twitter_creator":"@VosgesInfo88","twitter_site":"@VosgesInfo88","twitter_misc":{"\u00c9crit par":"QG","Dur\u00e9e de lecture estim\u00e9e":"1 minute"},"schema":{"@context":"https:\/\/schema.org","@graph":[{"@type":"Article","@id":"https:\/\/vosgesinfo.fr\/gerardmerinfo\/2020\/10\/graines-toiles-toujours-autant-de-films-danimations-de-plaisir\/#article","isPartOf":{"@id":"https:\/\/vosgesinfo.fr\/gerardmerinfo\/2020\/10\/graines-toiles-toujours-autant-de-films-danimations-de-plaisir\/"},"author":{"name":"QG","@id":"https:\/\/vosgesinfo.fr\/gerardmerinfo\/#\/schema\/person\/db5605779a843dad16b5368f3e7613a5"},"headline":"Graines des Toiles : toujours autant de films, d&rsquo;animations &#038; de plaisir","datePublished":"2020-10-13T03:01:23+00:00","dateModified":"2020-10-13T03:01:23+00:00","mainEntityOfPage":{"@id":"https:\/\/vosgesinfo.fr\/gerardmerinfo\/2020\/10\/graines-toiles-toujours-autant-de-films-danimations-de-plaisir\/"},"wordCount":310,"commentCount":0,"publisher":{"@id":"https:\/\/vosgesinfo.fr\/gerardmerinfo\/#organization"},"image":{"@id":"https:\/\/vosgesinfo.fr\/gerardmerinfo\/2020\/10\/graines-toiles-toujours-autant-de-films-danimations-de-plaisir\/#primaryimage"},"thumbnailUrl":"https:\/\/vosgesinfo.fr\/app\/uploads\/sites\/6\/2024\/07\/202010inauguration-graines-des-toiles-2020-1.jpg","keywords":["festival graines des toiles"],"articleSection":["A la une","Culture","Vosges"],"inLanguage":"fr-FR","potentialAction":[{"@type":"CommentAction","name":"Comment","target":["https:\/\/vosgesinfo.fr\/gerardmerinfo\/2020\/10\/graines-toiles-toujours-autant-de-films-danimations-de-plaisir\/#respond"]}]},{"@type":"WebPage","@id":"https:\/\/vosgesinfo.fr\/gerardmerinfo\/2020\/10\/graines-toiles-toujours-autant-de-films-danimations-de-plaisir\/","url":"https:\/\/vosgesinfo.fr\/gerardmerinfo\/2020\/10\/graines-toiles-toujours-autant-de-films-danimations-de-plaisir\/","name":"Graines des Toiles : toujours autant de films, d'animations & de plaisir - Gerardmer Info","isPartOf":{"@id":"https:\/\/vosgesinfo.fr\/gerardmerinfo\/#website"},"primaryImageOfPage":{"@id":"https:\/\/vosgesinfo.fr\/gerardmerinfo\/2020\/10\/graines-toiles-toujours-autant-de-films-danimations-de-plaisir\/#primaryimage"},"image":{"@id":"https:\/\/vosgesinfo.fr\/gerardmerinfo\/2020\/10\/graines-toiles-toujours-autant-de-films-danimations-de-plaisir\/#primaryimage"},"thumbnailUrl":"https:\/\/vosgesinfo.fr\/app\/uploads\/sites\/6\/2024\/07\/202010inauguration-graines-des-toiles-2020-1.jpg","datePublished":"2020-10-13T03:01:23+00:00","dateModified":"2020-10-13T03:01:23+00:00","breadcrumb":{"@id":"https:\/\/vosgesinfo.fr\/gerardmerinfo\/2020\/10\/graines-toiles-toujours-autant-de-films-danimations-de-plaisir\/#breadcrumb"},"inLanguage":"fr-FR","potentialAction":[{"@type":"ReadAction","target":["https:\/\/vosgesinfo.fr\/gerardmerinfo\/2020\/10\/graines-toiles-toujours-autant-de-films-danimations-de-plaisir\/"]}]},{"@type":"ImageObject","inLanguage":"fr-FR","@id":"https:\/\/vosgesinfo.fr\/gerardmerinfo\/2020\/10\/graines-toiles-toujours-autant-de-films-danimations-de-plaisir\/#primaryimage","url":"https:\/\/vosgesinfo.fr\/app\/uploads\/sites\/6\/2024\/07\/202010inauguration-graines-des-toiles-2020-1.jpg","contentUrl":"https:\/\/vosgesinfo.fr\/app\/uploads\/sites\/6\/2024\/07\/202010inauguration-graines-des-toiles-2020-1.jpg","width":800,"height":600},{"@type":"BreadcrumbList","@id":"https:\/\/vosgesinfo.fr\/gerardmerinfo\/2020\/10\/graines-toiles-toujours-autant-de-films-danimations-de-plaisir\/#breadcrumb","itemListElement":[{"@type":"ListItem","position":1,"name":"Home","item":"https:\/\/vosgesinfo.fr\/gerardmerinfo\/"},{"@type":"ListItem","position":2,"name":"Graines des Toiles : toujours autant de films, d&rsquo;animations &#038; de plaisir"}]},{"@type":"WebSite","@id":"https:\/\/vosgesinfo.fr\/gerardmerinfo\/#website","url":"https:\/\/vosgesinfo.fr\/gerardmerinfo\/","name":"Gerardmer Info","description":"Toute l&#039;actualit\u00e9 de G\u00e9rardmer","publisher":{"@id":"https:\/\/vosgesinfo.fr\/gerardmerinfo\/#organization"},"alternateName":"Toute l'actualit\u00e9 de G\u00e9rardmer","potentialAction":[{"@type":"SearchAction","target":{"@type":"EntryPoint","urlTemplate":"https:\/\/vosgesinfo.fr\/gerardmerinfo\/?s={search_term_string}"},"query-input":"required name=search_term_string"}],"inLanguage":"fr-FR"},{"@type":"Organization","@id":"https:\/\/vosgesinfo.fr\/gerardmerinfo\/#organization","name":"Gerardmer Info","url":"https:\/\/vosgesinfo.fr\/gerardmerinfo\/","logo":{"@type":"ImageObject","inLanguage":"fr-FR","@id":"https:\/\/vosgesinfo.fr\/gerardmerinfo\/#\/schema\/logo\/image\/","url":"https:\/\/vosgesinfo.fr\/app\/uploads\/sites\/6\/2023\/08\/favicon-gerardmerinfo.png","contentUrl":"https:\/\/vosgesinfo.fr\/app\/uploads\/sites\/6\/2023\/08\/favicon-gerardmerinfo.png","width":512,"height":512,"caption":"Gerardmer Info"},"image":{"@id":"https:\/\/vosgesinfo.fr\/gerardmerinfo\/#\/schema\/logo\/image\/"},"sameAs":["https:\/\/www.facebook.com\/profile.php?id=100049475262660","https:\/\/x.com\/VosgesInfo88","https:\/\/www.youtube.com\/@vosgesinfo"]},{"@type":"Person","@id":"https:\/\/vosgesinfo.fr\/gerardmerinfo\/#\/schema\/person\/db5605779a843dad16b5368f3e7613a5","name":"QG","image":{"@type":"ImageObject","inLanguage":"fr-FR","@id":"https:\/\/vosgesinfo.fr\/gerardmerinfo\/#\/schema\/person\/image\/","url":"https:\/\/secure.gravatar.com\/avatar\/ea80c42c204b534408512832fde52504ecabb9706bcb6151cf6175e5b64e6793?s=96&d=mm&r=g","contentUrl":"https:\/\/secure.gravatar.com\/avatar\/ea80c42c204b534408512832fde52504ecabb9706bcb6151cf6175e5b64e6793?s=96&d=mm&r=g","caption":"QG"},"url":"https:\/\/vosgesinfo.fr\/gerardmerinfo\/author\/quentin88\/"}]}},"_links":{"self":[{"href":"https:\/\/vosgesinfo.fr\/gerardmerinfo\/wp-json\/wp\/v2\/posts\/50217","targetHints":{"allow":["GET"]}}],"collection":[{"href":"https:\/\/vosgesinfo.fr\/gerardmerinfo\/wp-json\/wp\/v2\/posts"}],"about":[{"href":"https:\/\/vosgesinfo.fr\/gerardmerinfo\/wp-json\/wp\/v2\/types\/post"}],"author":[{"embeddable":true,"href":"https:\/\/vosgesinfo.fr\/gerardmerinfo\/wp-json\/wp\/v2\/users\/42"}],"replies":[{"embeddable":true,"href":"https:\/\/vosgesinfo.fr\/gerardmerinfo\/wp-json\/wp\/v2\/comments?post=50217"}],"version-history":[{"count":0,"href":"https:\/\/vosgesinfo.fr\/gerardmerinfo\/wp-json\/wp\/v2\/posts\/50217\/revisions"}],"wp:featuredmedia":[{"embeddable":true,"href":"https:\/\/vosgesinfo.fr\/gerardmerinfo\/wp-json\/wp\/v2\/media\/50218"}],"wp:attachment":[{"href":"https:\/\/vosgesinfo.fr\/gerardmerinfo\/wp-json\/wp\/v2\/media?parent=50217"}],"wp:term":[{"taxonomy":"category","embeddable":true,"href":"https:\/\/vosgesinfo.fr\/gerardmerinfo\/wp-json\/wp\/v2\/categories?post=50217"},{"taxonomy":"post_tag","embeddable":true,"href":"https:\/\/vosgesinfo.fr\/gerardmerinfo\/wp-json\/wp\/v2\/tags?post=50217"}],"curies":[{"name":"wp","href":"https:\/\/api.w.org\/{rel}","templated":true}]}}