{"id":50505,"date":"2020-10-28T08:10:02","date_gmt":"2020-10-28T07:10:02","guid":{"rendered":"https:\/\/vosgesinfo.fr\/gerardmerinfo\/2020\/10\/bresse-32-residents-a-lehpad-clairie-testes-positifs-covid-19\/"},"modified":"2020-10-28T08:10:02","modified_gmt":"2020-10-28T07:10:02","slug":"bresse-32-residents-a-lehpad-clairie-testes-positifs-covid-19","status":"publish","type":"post","link":"https:\/\/vosgesinfo.fr\/gerardmerinfo\/2020\/10\/bresse-32-residents-a-lehpad-clairie-testes-positifs-covid-19\/","title":{"rendered":"La Bresse : 32 r\u00e9sidents \u00e0 l\u2019EHPAD \u00ab La Clairie \u00bb test\u00e9s positifs au Covid-19"},"content":{"rendered":"<h2><strong>Le Conseil D\u00e9partemental des Vosges et l\u2019Agence R\u00e9gionale de Sant\u00e9 Grand Est travaillent \u00e9troitement sur la situation de l\u2019EHPAD de La Bresse, en lien avec la direction de cet \u00e9tablissement. A ce jour, concernant cet EHPAD, on d\u00e9plore 1 d\u00e9c\u00e8s li\u00e9 au virus, 32 r\u00e9sidents cas positifs et 10 personnels cas positifs. <\/strong><\/h2>\n<p>Au regard des risques de transmission du virus au sein de cet \u00e9tablissement qui accueille 90 personnes \u00e2g\u00e9es d\u00e9pendantes, des mesures de s\u00e9curit\u00e9 sanitaire renforc\u00e9es ont imm\u00e9diatement \u00e9t\u00e9 d\u00e9clench\u00e9es sur place :<\/p>\n<p>\u2013 Les visites suspendues et les sorties des r\u00e9sidents en famille proscrites<\/p>\n<p>\u2013 Accompagnement par l\u2019\u00e9quipe op\u00e9rationnel d\u2019hygi\u00e8ne du centre hospitalier sur la mise en place de mesures d\u2019hygi\u00e8ne renforc\u00e9es<\/p>\n","protected":false},"excerpt":{"rendered":"<p>Le Conseil D\u00e9partemental des Vosges et l\u2019Agence R\u00e9gionale de Sant\u00e9 Grand Est travaillent \u00e9troitement sur la situation de l\u2019EHPAD de [&hellip;]<\/p>\n","protected":false},"author":1,"featured_media":50506,"comment_status":"open","ping_status":"open","sticky":false,"template":"","format":"standard","meta":{"footnotes":""},"categories":[20,12,18],"tags":[805],"class_list":["post-50505","post","type-post","status-publish","format-standard","has-post-thumbnail","hentry","category-a-la-une","category-sante","category-vosges","tag-la-bresse"],"acf":[],"yoast_head":"<!-- This site is optimized with the Yoast SEO plugin v22.5 - https:\/\/yoast.com\/wordpress\/plugins\/seo\/ -->\n<title>La Bresse : 32 r\u00e9sidents \u00e0 l\u2019EHPAD \u00ab La Clairie \u00bb test\u00e9s positifs au Covid-19 - Gerardmer Info<\/title>\n<meta name=\"robots\" content=\"index, follow, max-snippet:-1, max-image-preview:large, max-video-preview:-1\" \/>\n<link rel=\"canonical\" href=\"https:\/\/vosgesinfo.fr\/gerardmerinfo\/2020\/10\/bresse-32-residents-a-lehpad-clairie-testes-positifs-covid-19\/\" \/>\n<meta name=\"twitter:card\" content=\"summary_large_image\" \/>\n<meta name=\"twitter:title\" content=\"La Bresse : 32 r\u00e9sidents \u00e0 l\u2019EHPAD \u00ab La Clairie \u00bb test\u00e9s positifs au Covid-19 - Gerardmer Info\" \/>\n<meta name=\"twitter:description\" content=\"Le Conseil D\u00e9partemental des Vosges et l\u2019Agence R\u00e9gionale de Sant\u00e9 Grand Est travaillent \u00e9troitement sur la situation de l\u2019EHPAD de [&hellip;]\" \/>\n<meta name=\"twitter:image\" content=\"https:\/\/vosgesinfo.fr\/app\/uploads\/sites\/6\/2024\/07\/202003coronavirus454-22.jpg\" \/>\n<meta name=\"twitter:creator\" content=\"@VosgesInfo88\" \/>\n<meta name=\"twitter:site\" content=\"@VosgesInfo88\" \/>\n<meta name=\"twitter:label1\" content=\"\u00c9crit par\" \/>\n\t<meta name=\"twitter:data1\" content=\"qs_admin\" \/>\n\t<meta name=\"twitter:label2\" content=\"Dur\u00e9e de lecture estim\u00e9e\" \/>\n\t<meta name=\"twitter:data2\" content=\"1 minute\" \/>\n<script type=\"application\/ld+json\" class=\"yoast-schema-graph\">{\"@context\":\"https:\/\/schema.org\",\"@graph\":[{\"@type\":\"Article\",\"@id\":\"https:\/\/vosgesinfo.fr\/gerardmerinfo\/2020\/10\/bresse-32-residents-a-lehpad-clairie-testes-positifs-covid-19\/#article\",\"isPartOf\":{\"@id\":\"https:\/\/vosgesinfo.fr\/gerardmerinfo\/2020\/10\/bresse-32-residents-a-lehpad-clairie-testes-positifs-covid-19\/\"},\"author\":{\"name\":\"qs_admin\",\"@id\":\"https:\/\/vosgesinfo.fr\/gerardmerinfo\/#\/schema\/person\/bc5d02d71e6932e81b6dadb7386667b1\"},\"headline\":\"La Bresse : 32 r\u00e9sidents \u00e0 l\u2019EHPAD \u00ab La Clairie \u00bb test\u00e9s positifs au Covid-19\",\"datePublished\":\"2020-10-28T07:10:02+00:00\",\"dateModified\":\"2020-10-28T07:10:02+00:00\",\"mainEntityOfPage\":{\"@id\":\"https:\/\/vosgesinfo.fr\/gerardmerinfo\/2020\/10\/bresse-32-residents-a-lehpad-clairie-testes-positifs-covid-19\/\"},\"wordCount\":143,\"commentCount\":0,\"publisher\":{\"@id\":\"https:\/\/vosgesinfo.fr\/gerardmerinfo\/#organization\"},\"image\":{\"@id\":\"https:\/\/vosgesinfo.fr\/gerardmerinfo\/2020\/10\/bresse-32-residents-a-lehpad-clairie-testes-positifs-covid-19\/#primaryimage\"},\"thumbnailUrl\":\"https:\/\/vosgesinfo.fr\/app\/uploads\/sites\/6\/2024\/07\/202003coronavirus454-22.jpg\",\"keywords\":[\"la bresse\"],\"articleSection\":[\"A la une\",\"Sant\u00e9\",\"Vosges\"],\"inLanguage\":\"fr-FR\",\"potentialAction\":[{\"@type\":\"CommentAction\",\"name\":\"Comment\",\"target\":[\"https:\/\/vosgesinfo.fr\/gerardmerinfo\/2020\/10\/bresse-32-residents-a-lehpad-clairie-testes-positifs-covid-19\/#respond\"]}]},{\"@type\":\"WebPage\",\"@id\":\"https:\/\/vosgesinfo.fr\/gerardmerinfo\/2020\/10\/bresse-32-residents-a-lehpad-clairie-testes-positifs-covid-19\/\",\"url\":\"https:\/\/vosgesinfo.fr\/gerardmerinfo\/2020\/10\/bresse-32-residents-a-lehpad-clairie-testes-positifs-covid-19\/\",\"name\":\"La Bresse : 32 r\u00e9sidents \u00e0 l\u2019EHPAD \u00ab La Clairie \u00bb test\u00e9s positifs au Covid-19 - Gerardmer Info\",\"isPartOf\":{\"@id\":\"https:\/\/vosgesinfo.fr\/gerardmerinfo\/#website\"},\"primaryImageOfPage\":{\"@id\":\"https:\/\/vosgesinfo.fr\/gerardmerinfo\/2020\/10\/bresse-32-residents-a-lehpad-clairie-testes-positifs-covid-19\/#primaryimage\"},\"image\":{\"@id\":\"https:\/\/vosgesinfo.fr\/gerardmerinfo\/2020\/10\/bresse-32-residents-a-lehpad-clairie-testes-positifs-covid-19\/#primaryimage\"},\"thumbnailUrl\":\"https:\/\/vosgesinfo.fr\/app\/uploads\/sites\/6\/2024\/07\/202003coronavirus454-22.jpg\",\"datePublished\":\"2020-10-28T07:10:02+00:00\",\"dateModified\":\"2020-10-28T07:10:02+00:00\",\"breadcrumb\":{\"@id\":\"https:\/\/vosgesinfo.fr\/gerardmerinfo\/2020\/10\/bresse-32-residents-a-lehpad-clairie-testes-positifs-covid-19\/#breadcrumb\"},\"inLanguage\":\"fr-FR\",\"potentialAction\":[{\"@type\":\"ReadAction\",\"target\":[\"https:\/\/vosgesinfo.fr\/gerardmerinfo\/2020\/10\/bresse-32-residents-a-lehpad-clairie-testes-positifs-covid-19\/\"]}]},{\"@type\":\"ImageObject\",\"inLanguage\":\"fr-FR\",\"@id\":\"https:\/\/vosgesinfo.fr\/gerardmerinfo\/2020\/10\/bresse-32-residents-a-lehpad-clairie-testes-positifs-covid-19\/#primaryimage\",\"url\":\"https:\/\/vosgesinfo.fr\/app\/uploads\/sites\/6\/2024\/07\/202003coronavirus454-22.jpg\",\"contentUrl\":\"https:\/\/vosgesinfo.fr\/app\/uploads\/sites\/6\/2024\/07\/202003coronavirus454-22.jpg\",\"width\":800,\"height\":454},{\"@type\":\"BreadcrumbList\",\"@id\":\"https:\/\/vosgesinfo.fr\/gerardmerinfo\/2020\/10\/bresse-32-residents-a-lehpad-clairie-testes-positifs-covid-19\/#breadcrumb\",\"itemListElement\":[{\"@type\":\"ListItem\",\"position\":1,\"name\":\"Home\",\"item\":\"https:\/\/vosgesinfo.fr\/gerardmerinfo\/\"},{\"@type\":\"ListItem\",\"position\":2,\"name\":\"La Bresse : 32 r\u00e9sidents \u00e0 l\u2019EHPAD \u00ab La Clairie \u00bb test\u00e9s positifs au Covid-19\"}]},{\"@type\":\"WebSite\",\"@id\":\"https:\/\/vosgesinfo.fr\/gerardmerinfo\/#website\",\"url\":\"https:\/\/vosgesinfo.fr\/gerardmerinfo\/\",\"name\":\"Gerardmer Info\",\"description\":\"Toute l&#039;actualit\u00e9 de G\u00e9rardmer\",\"publisher\":{\"@id\":\"https:\/\/vosgesinfo.fr\/gerardmerinfo\/#organization\"},\"alternateName\":\"Toute l'actualit\u00e9 de G\u00e9rardmer\",\"potentialAction\":[{\"@type\":\"SearchAction\",\"target\":{\"@type\":\"EntryPoint\",\"urlTemplate\":\"https:\/\/vosgesinfo.fr\/gerardmerinfo\/?s={search_term_string}\"},\"query-input\":\"required name=search_term_string\"}],\"inLanguage\":\"fr-FR\"},{\"@type\":\"Organization\",\"@id\":\"https:\/\/vosgesinfo.fr\/gerardmerinfo\/#organization\",\"name\":\"Gerardmer Info\",\"url\":\"https:\/\/vosgesinfo.fr\/gerardmerinfo\/\",\"logo\":{\"@type\":\"ImageObject\",\"inLanguage\":\"fr-FR\",\"@id\":\"https:\/\/vosgesinfo.fr\/gerardmerinfo\/#\/schema\/logo\/image\/\",\"url\":\"https:\/\/vosgesinfo.fr\/app\/uploads\/sites\/6\/2023\/08\/favicon-gerardmerinfo.png\",\"contentUrl\":\"https:\/\/vosgesinfo.fr\/app\/uploads\/sites\/6\/2023\/08\/favicon-gerardmerinfo.png\",\"width\":512,\"height\":512,\"caption\":\"Gerardmer Info\"},\"image\":{\"@id\":\"https:\/\/vosgesinfo.fr\/gerardmerinfo\/#\/schema\/logo\/image\/\"},\"sameAs\":[\"https:\/\/www.facebook.com\/profile.php?id=100049475262660\",\"https:\/\/x.com\/VosgesInfo88\",\"https:\/\/www.youtube.com\/@vosgesinfo\"]},{\"@type\":\"Person\",\"@id\":\"https:\/\/vosgesinfo.fr\/gerardmerinfo\/#\/schema\/person\/bc5d02d71e6932e81b6dadb7386667b1\",\"name\":\"qs_admin\",\"image\":{\"@type\":\"ImageObject\",\"inLanguage\":\"fr-FR\",\"@id\":\"https:\/\/vosgesinfo.fr\/gerardmerinfo\/#\/schema\/person\/image\/\",\"url\":\"https:\/\/secure.gravatar.com\/avatar\/94b18ee0ed79e4a42ea2f2931277b6841a8999fc6fde214600c78057cf1fe1de?s=96&d=mm&r=g\",\"contentUrl\":\"https:\/\/secure.gravatar.com\/avatar\/94b18ee0ed79e4a42ea2f2931277b6841a8999fc6fde214600c78057cf1fe1de?s=96&d=mm&r=g\",\"caption\":\"qs_admin\"},\"sameAs\":[\"https:\/\/vosgesinfo.fr\/wp\"],\"url\":\"https:\/\/vosgesinfo.fr\/gerardmerinfo\/author\/qs_admin\/\"}]}<\/script>\n<!-- \/ Yoast SEO plugin. -->","yoast_head_json":{"title":"La Bresse : 32 r\u00e9sidents \u00e0 l\u2019EHPAD \u00ab La Clairie \u00bb test\u00e9s positifs au Covid-19 - Gerardmer Info","robots":{"index":"index","follow":"follow","max-snippet":"max-snippet:-1","max-image-preview":"max-image-preview:large","max-video-preview":"max-video-preview:-1"},"canonical":"https:\/\/vosgesinfo.fr\/gerardmerinfo\/2020\/10\/bresse-32-residents-a-lehpad-clairie-testes-positifs-covid-19\/","twitter_card":"summary_large_image","twitter_title":"La Bresse : 32 r\u00e9sidents \u00e0 l\u2019EHPAD \u00ab La Clairie \u00bb test\u00e9s positifs au Covid-19 - Gerardmer Info","twitter_description":"Le Conseil D\u00e9partemental des Vosges et l\u2019Agence R\u00e9gionale de Sant\u00e9 Grand Est travaillent \u00e9troitement sur la situation de l\u2019EHPAD de [&hellip;]","twitter_image":"https:\/\/vosgesinfo.fr\/app\/uploads\/sites\/6\/2024\/07\/202003coronavirus454-22.jpg","twitter_creator":"@VosgesInfo88","twitter_site":"@VosgesInfo88","twitter_misc":{"\u00c9crit par":"qs_admin","Dur\u00e9e de lecture estim\u00e9e":"1 minute"},"schema":{"@context":"https:\/\/schema.org","@graph":[{"@type":"Article","@id":"https:\/\/vosgesinfo.fr\/gerardmerinfo\/2020\/10\/bresse-32-residents-a-lehpad-clairie-testes-positifs-covid-19\/#article","isPartOf":{"@id":"https:\/\/vosgesinfo.fr\/gerardmerinfo\/2020\/10\/bresse-32-residents-a-lehpad-clairie-testes-positifs-covid-19\/"},"author":{"name":"qs_admin","@id":"https:\/\/vosgesinfo.fr\/gerardmerinfo\/#\/schema\/person\/bc5d02d71e6932e81b6dadb7386667b1"},"headline":"La Bresse : 32 r\u00e9sidents \u00e0 l\u2019EHPAD \u00ab La Clairie \u00bb test\u00e9s positifs au Covid-19","datePublished":"2020-10-28T07:10:02+00:00","dateModified":"2020-10-28T07:10:02+00:00","mainEntityOfPage":{"@id":"https:\/\/vosgesinfo.fr\/gerardmerinfo\/2020\/10\/bresse-32-residents-a-lehpad-clairie-testes-positifs-covid-19\/"},"wordCount":143,"commentCount":0,"publisher":{"@id":"https:\/\/vosgesinfo.fr\/gerardmerinfo\/#organization"},"image":{"@id":"https:\/\/vosgesinfo.fr\/gerardmerinfo\/2020\/10\/bresse-32-residents-a-lehpad-clairie-testes-positifs-covid-19\/#primaryimage"},"thumbnailUrl":"https:\/\/vosgesinfo.fr\/app\/uploads\/sites\/6\/2024\/07\/202003coronavirus454-22.jpg","keywords":["la bresse"],"articleSection":["A la une","Sant\u00e9","Vosges"],"inLanguage":"fr-FR","potentialAction":[{"@type":"CommentAction","name":"Comment","target":["https:\/\/vosgesinfo.fr\/gerardmerinfo\/2020\/10\/bresse-32-residents-a-lehpad-clairie-testes-positifs-covid-19\/#respond"]}]},{"@type":"WebPage","@id":"https:\/\/vosgesinfo.fr\/gerardmerinfo\/2020\/10\/bresse-32-residents-a-lehpad-clairie-testes-positifs-covid-19\/","url":"https:\/\/vosgesinfo.fr\/gerardmerinfo\/2020\/10\/bresse-32-residents-a-lehpad-clairie-testes-positifs-covid-19\/","name":"La Bresse : 32 r\u00e9sidents \u00e0 l\u2019EHPAD \u00ab La Clairie \u00bb test\u00e9s positifs au Covid-19 - Gerardmer Info","isPartOf":{"@id":"https:\/\/vosgesinfo.fr\/gerardmerinfo\/#website"},"primaryImageOfPage":{"@id":"https:\/\/vosgesinfo.fr\/gerardmerinfo\/2020\/10\/bresse-32-residents-a-lehpad-clairie-testes-positifs-covid-19\/#primaryimage"},"image":{"@id":"https:\/\/vosgesinfo.fr\/gerardmerinfo\/2020\/10\/bresse-32-residents-a-lehpad-clairie-testes-positifs-covid-19\/#primaryimage"},"thumbnailUrl":"https:\/\/vosgesinfo.fr\/app\/uploads\/sites\/6\/2024\/07\/202003coronavirus454-22.jpg","datePublished":"2020-10-28T07:10:02+00:00","dateModified":"2020-10-28T07:10:02+00:00","breadcrumb":{"@id":"https:\/\/vosgesinfo.fr\/gerardmerinfo\/2020\/10\/bresse-32-residents-a-lehpad-clairie-testes-positifs-covid-19\/#breadcrumb"},"inLanguage":"fr-FR","potentialAction":[{"@type":"ReadAction","target":["https:\/\/vosgesinfo.fr\/gerardmerinfo\/2020\/10\/bresse-32-residents-a-lehpad-clairie-testes-positifs-covid-19\/"]}]},{"@type":"ImageObject","inLanguage":"fr-FR","@id":"https:\/\/vosgesinfo.fr\/gerardmerinfo\/2020\/10\/bresse-32-residents-a-lehpad-clairie-testes-positifs-covid-19\/#primaryimage","url":"https:\/\/vosgesinfo.fr\/app\/uploads\/sites\/6\/2024\/07\/202003coronavirus454-22.jpg","contentUrl":"https:\/\/vosgesinfo.fr\/app\/uploads\/sites\/6\/2024\/07\/202003coronavirus454-22.jpg","width":800,"height":454},{"@type":"BreadcrumbList","@id":"https:\/\/vosgesinfo.fr\/gerardmerinfo\/2020\/10\/bresse-32-residents-a-lehpad-clairie-testes-positifs-covid-19\/#breadcrumb","itemListElement":[{"@type":"ListItem","position":1,"name":"Home","item":"https:\/\/vosgesinfo.fr\/gerardmerinfo\/"},{"@type":"ListItem","position":2,"name":"La Bresse : 32 r\u00e9sidents \u00e0 l\u2019EHPAD \u00ab La Clairie \u00bb test\u00e9s positifs au Covid-19"}]},{"@type":"WebSite","@id":"https:\/\/vosgesinfo.fr\/gerardmerinfo\/#website","url":"https:\/\/vosgesinfo.fr\/gerardmerinfo\/","name":"Gerardmer Info","description":"Toute l&#039;actualit\u00e9 de G\u00e9rardmer","publisher":{"@id":"https:\/\/vosgesinfo.fr\/gerardmerinfo\/#organization"},"alternateName":"Toute l'actualit\u00e9 de G\u00e9rardmer","potentialAction":[{"@type":"SearchAction","target":{"@type":"EntryPoint","urlTemplate":"https:\/\/vosgesinfo.fr\/gerardmerinfo\/?s={search_term_string}"},"query-input":"required name=search_term_string"}],"inLanguage":"fr-FR"},{"@type":"Organization","@id":"https:\/\/vosgesinfo.fr\/gerardmerinfo\/#organization","name":"Gerardmer Info","url":"https:\/\/vosgesinfo.fr\/gerardmerinfo\/","logo":{"@type":"ImageObject","inLanguage":"fr-FR","@id":"https:\/\/vosgesinfo.fr\/gerardmerinfo\/#\/schema\/logo\/image\/","url":"https:\/\/vosgesinfo.fr\/app\/uploads\/sites\/6\/2023\/08\/favicon-gerardmerinfo.png","contentUrl":"https:\/\/vosgesinfo.fr\/app\/uploads\/sites\/6\/2023\/08\/favicon-gerardmerinfo.png","width":512,"height":512,"caption":"Gerardmer Info"},"image":{"@id":"https:\/\/vosgesinfo.fr\/gerardmerinfo\/#\/schema\/logo\/image\/"},"sameAs":["https:\/\/www.facebook.com\/profile.php?id=100049475262660","https:\/\/x.com\/VosgesInfo88","https:\/\/www.youtube.com\/@vosgesinfo"]},{"@type":"Person","@id":"https:\/\/vosgesinfo.fr\/gerardmerinfo\/#\/schema\/person\/bc5d02d71e6932e81b6dadb7386667b1","name":"qs_admin","image":{"@type":"ImageObject","inLanguage":"fr-FR","@id":"https:\/\/vosgesinfo.fr\/gerardmerinfo\/#\/schema\/person\/image\/","url":"https:\/\/secure.gravatar.com\/avatar\/94b18ee0ed79e4a42ea2f2931277b6841a8999fc6fde214600c78057cf1fe1de?s=96&d=mm&r=g","contentUrl":"https:\/\/secure.gravatar.com\/avatar\/94b18ee0ed79e4a42ea2f2931277b6841a8999fc6fde214600c78057cf1fe1de?s=96&d=mm&r=g","caption":"qs_admin"},"sameAs":["https:\/\/vosgesinfo.fr\/wp"],"url":"https:\/\/vosgesinfo.fr\/gerardmerinfo\/author\/qs_admin\/"}]}},"_links":{"self":[{"href":"https:\/\/vosgesinfo.fr\/gerardmerinfo\/wp-json\/wp\/v2\/posts\/50505","targetHints":{"allow":["GET"]}}],"collection":[{"href":"https:\/\/vosgesinfo.fr\/gerardmerinfo\/wp-json\/wp\/v2\/posts"}],"about":[{"href":"https:\/\/vosgesinfo.fr\/gerardmerinfo\/wp-json\/wp\/v2\/types\/post"}],"author":[{"embeddable":true,"href":"https:\/\/vosgesinfo.fr\/gerardmerinfo\/wp-json\/wp\/v2\/users\/1"}],"replies":[{"embeddable":true,"href":"https:\/\/vosgesinfo.fr\/gerardmerinfo\/wp-json\/wp\/v2\/comments?post=50505"}],"version-history":[{"count":0,"href":"https:\/\/vosgesinfo.fr\/gerardmerinfo\/wp-json\/wp\/v2\/posts\/50505\/revisions"}],"wp:featuredmedia":[{"embeddable":true,"href":"https:\/\/vosgesinfo.fr\/gerardmerinfo\/wp-json\/wp\/v2\/media\/50506"}],"wp:attachment":[{"href":"https:\/\/vosgesinfo.fr\/gerardmerinfo\/wp-json\/wp\/v2\/media?parent=50505"}],"wp:term":[{"taxonomy":"category","embeddable":true,"href":"https:\/\/vosgesinfo.fr\/gerardmerinfo\/wp-json\/wp\/v2\/categories?post=50505"},{"taxonomy":"post_tag","embeddable":true,"href":"https:\/\/vosgesinfo.fr\/gerardmerinfo\/wp-json\/wp\/v2\/tags?post=50505"}],"curies":[{"name":"wp","href":"https:\/\/api.w.org\/{rel}","templated":true}]}}