{"id":50507,"date":"2020-10-29T06:50:30","date_gmt":"2020-10-29T05:50:30","guid":{"rendered":"https:\/\/vosgesinfo.fr\/gerardmerinfo\/2020\/10\/visioconference-remi-chaye-premiere-graines-toiles-mcl\/"},"modified":"2020-10-29T06:50:30","modified_gmt":"2020-10-29T05:50:30","slug":"visioconference-remi-chaye-premiere-graines-toiles-mcl","status":"publish","type":"post","link":"https:\/\/vosgesinfo.fr\/gerardmerinfo\/2020\/10\/visioconference-remi-chaye-premiere-graines-toiles-mcl\/","title":{"rendered":"Visioconf\u00e9rence avec R\u00e9mi Chay\u00e9 : une premi\u00e8re pour Graines des Toiles &#038; la MCL"},"content":{"rendered":"<div class=\"x_gmail_attr\" dir=\"ltr\"><a href=\"\/2020\/10\/Remi_chaye_GDT-4.jpg\"><img decoding=\"async\" class=\"aligncenter wp-image-169982 size-full\" src=\"\/2020\/10\/Remi_chaye_GDT-4.jpg\" alt=\"Remi_chaye_GDT (4)\" width=\"800\" height=\"533\" \/><\/a><\/div>\n<div class=\"x_gmail_attr\" dir=\"ltr\"><\/div>\n<h3 class=\"x_gmail_attr\" dir=\"ltr\">C&rsquo;\u00e9tait une grande premi\u00e8re \u00e0 la MCL qui proposait ce lundi apr\u00e8s-midi une visioconf\u00e9rence avec R\u00e9mi Chay\u00e9 , le r\u00e9alisateur de <em>Calamity<\/em>.<\/h3>\n<div class=\"x_gmail_attr\" dir=\"ltr\"><\/div>\n<div class=\"x_gmail_attr\" dir=\"ltr\">80 spectateurs avait r\u00e9pondu pr\u00e9sent pour cette projection et cette animation programm\u00e9e dans le cadre de Graines des Toiles. La s\u00e9ance de cin\u00e9 a donc \u00e9t\u00e9 suivie de 25 minutes d&rsquo;\u00e9change o\u00f9 petits et grands ont pu poser leurs questions \u00e0 R\u00e9mi Chay\u00e9 en tout simplicit\u00e9 et sans p\u00e9pins techniques !<\/div>\n<div class=\"x_gmail_attr\" dir=\"ltr\"><span style=\"color: #333333;\"> Pour conclure, rappelons bri\u00e8vement que la cl\u00f4ture de Graines des Toiles aura lieu ce jeudi 29 octobre \u00e0 16h30 avec la Remise des prix du Festival qui sera suivie de l&rsquo;avant-premi\u00e8re du film<\/span> <b><em>Les Elfkins, op\u00e9ration p\u00e2tisserie<\/em>.<\/b><\/div>\n<div class=\"x_gmail_attr\" dir=\"ltr\"><\/div>\n<div class=\"x_gmail_attr\" dir=\"ltr\"><a href=\"\/2020\/09\/Affiche_GDT.jpg\"><img decoding=\"async\" class=\"aligncenter size-full wp-image-167734\" src=\"\/2020\/09\/Affiche_GDT.jpg\" alt=\"Affiche_GDT\" width=\"569\" height=\"800\" \/><\/a><\/div>\n<div class=\"x_gmail_attr\" dir=\"ltr\"><\/div>\n","protected":false},"excerpt":{"rendered":"<p>C&rsquo;\u00e9tait une grande premi\u00e8re \u00e0 la MCL qui proposait ce lundi apr\u00e8s-midi une visioconf\u00e9rence avec R\u00e9mi Chay\u00e9 , le r\u00e9alisateur [&hellip;]<\/p>\n","protected":false},"author":42,"featured_media":50508,"comment_status":"open","ping_status":"open","sticky":false,"template":"","format":"standard","meta":{"footnotes":""},"categories":[20,4,25],"tags":[537,4473],"class_list":["post-50507","post","type-post","status-publish","format-standard","has-post-thumbnail","hentry","category-a-la-une","category-culture","category-gerardmer","tag-festival-graines-des-toiles","tag-remi-chaye"],"acf":[],"yoast_head":"<!-- This site is optimized with the Yoast SEO plugin v22.5 - https:\/\/yoast.com\/wordpress\/plugins\/seo\/ -->\n<title>Visioconf\u00e9rence avec R\u00e9mi Chay\u00e9 : une premi\u00e8re pour Graines des Toiles &amp; la MCL - Gerardmer Info<\/title>\n<meta name=\"robots\" content=\"index, follow, max-snippet:-1, max-image-preview:large, max-video-preview:-1\" \/>\n<link rel=\"canonical\" href=\"https:\/\/vosgesinfo.fr\/gerardmerinfo\/2020\/10\/visioconference-remi-chaye-premiere-graines-toiles-mcl\/\" \/>\n<meta name=\"twitter:card\" content=\"summary_large_image\" \/>\n<meta name=\"twitter:title\" content=\"Visioconf\u00e9rence avec R\u00e9mi Chay\u00e9 : une premi\u00e8re pour Graines des Toiles &amp; la MCL - Gerardmer Info\" \/>\n<meta name=\"twitter:description\" content=\"C&rsquo;\u00e9tait une grande premi\u00e8re \u00e0 la MCL qui proposait ce lundi apr\u00e8s-midi une visioconf\u00e9rence avec R\u00e9mi Chay\u00e9 , le r\u00e9alisateur [&hellip;]\" \/>\n<meta name=\"twitter:image\" content=\"https:\/\/vosgesinfo.fr\/app\/uploads\/sites\/6\/2024\/07\/202010remi-chaye-gdt-4.jpg\" \/>\n<meta name=\"twitter:creator\" content=\"@VosgesInfo88\" \/>\n<meta name=\"twitter:site\" content=\"@VosgesInfo88\" \/>\n<meta name=\"twitter:label1\" content=\"\u00c9crit par\" \/>\n\t<meta name=\"twitter:data1\" content=\"QG\" \/>\n\t<meta name=\"twitter:label2\" content=\"Dur\u00e9e de lecture estim\u00e9e\" \/>\n\t<meta name=\"twitter:data2\" content=\"1 minute\" \/>\n<script type=\"application\/ld+json\" class=\"yoast-schema-graph\">{\"@context\":\"https:\/\/schema.org\",\"@graph\":[{\"@type\":\"Article\",\"@id\":\"https:\/\/vosgesinfo.fr\/gerardmerinfo\/2020\/10\/visioconference-remi-chaye-premiere-graines-toiles-mcl\/#article\",\"isPartOf\":{\"@id\":\"https:\/\/vosgesinfo.fr\/gerardmerinfo\/2020\/10\/visioconference-remi-chaye-premiere-graines-toiles-mcl\/\"},\"author\":{\"name\":\"QG\",\"@id\":\"https:\/\/vosgesinfo.fr\/gerardmerinfo\/#\/schema\/person\/db5605779a843dad16b5368f3e7613a5\"},\"headline\":\"Visioconf\u00e9rence avec R\u00e9mi Chay\u00e9 : une premi\u00e8re pour Graines des Toiles &#038; la MCL\",\"datePublished\":\"2020-10-29T05:50:30+00:00\",\"dateModified\":\"2020-10-29T05:50:30+00:00\",\"mainEntityOfPage\":{\"@id\":\"https:\/\/vosgesinfo.fr\/gerardmerinfo\/2020\/10\/visioconference-remi-chaye-premiere-graines-toiles-mcl\/\"},\"wordCount\":136,\"commentCount\":0,\"publisher\":{\"@id\":\"https:\/\/vosgesinfo.fr\/gerardmerinfo\/#organization\"},\"image\":{\"@id\":\"https:\/\/vosgesinfo.fr\/gerardmerinfo\/2020\/10\/visioconference-remi-chaye-premiere-graines-toiles-mcl\/#primaryimage\"},\"thumbnailUrl\":\"https:\/\/vosgesinfo.fr\/app\/uploads\/sites\/6\/2024\/07\/202010remi-chaye-gdt-4.jpg\",\"keywords\":[\"festival graines des toiles\",\"R\u00e9mi Chay\u00e9\"],\"articleSection\":[\"A la une\",\"Culture\",\"G\u00e9rardmer\"],\"inLanguage\":\"fr-FR\",\"potentialAction\":[{\"@type\":\"CommentAction\",\"name\":\"Comment\",\"target\":[\"https:\/\/vosgesinfo.fr\/gerardmerinfo\/2020\/10\/visioconference-remi-chaye-premiere-graines-toiles-mcl\/#respond\"]}]},{\"@type\":\"WebPage\",\"@id\":\"https:\/\/vosgesinfo.fr\/gerardmerinfo\/2020\/10\/visioconference-remi-chaye-premiere-graines-toiles-mcl\/\",\"url\":\"https:\/\/vosgesinfo.fr\/gerardmerinfo\/2020\/10\/visioconference-remi-chaye-premiere-graines-toiles-mcl\/\",\"name\":\"Visioconf\u00e9rence avec R\u00e9mi Chay\u00e9 : une premi\u00e8re pour Graines des Toiles & la MCL - Gerardmer Info\",\"isPartOf\":{\"@id\":\"https:\/\/vosgesinfo.fr\/gerardmerinfo\/#website\"},\"primaryImageOfPage\":{\"@id\":\"https:\/\/vosgesinfo.fr\/gerardmerinfo\/2020\/10\/visioconference-remi-chaye-premiere-graines-toiles-mcl\/#primaryimage\"},\"image\":{\"@id\":\"https:\/\/vosgesinfo.fr\/gerardmerinfo\/2020\/10\/visioconference-remi-chaye-premiere-graines-toiles-mcl\/#primaryimage\"},\"thumbnailUrl\":\"https:\/\/vosgesinfo.fr\/app\/uploads\/sites\/6\/2024\/07\/202010remi-chaye-gdt-4.jpg\",\"datePublished\":\"2020-10-29T05:50:30+00:00\",\"dateModified\":\"2020-10-29T05:50:30+00:00\",\"breadcrumb\":{\"@id\":\"https:\/\/vosgesinfo.fr\/gerardmerinfo\/2020\/10\/visioconference-remi-chaye-premiere-graines-toiles-mcl\/#breadcrumb\"},\"inLanguage\":\"fr-FR\",\"potentialAction\":[{\"@type\":\"ReadAction\",\"target\":[\"https:\/\/vosgesinfo.fr\/gerardmerinfo\/2020\/10\/visioconference-remi-chaye-premiere-graines-toiles-mcl\/\"]}]},{\"@type\":\"ImageObject\",\"inLanguage\":\"fr-FR\",\"@id\":\"https:\/\/vosgesinfo.fr\/gerardmerinfo\/2020\/10\/visioconference-remi-chaye-premiere-graines-toiles-mcl\/#primaryimage\",\"url\":\"https:\/\/vosgesinfo.fr\/app\/uploads\/sites\/6\/2024\/07\/202010remi-chaye-gdt-4.jpg\",\"contentUrl\":\"https:\/\/vosgesinfo.fr\/app\/uploads\/sites\/6\/2024\/07\/202010remi-chaye-gdt-4.jpg\",\"width\":800,\"height\":533},{\"@type\":\"BreadcrumbList\",\"@id\":\"https:\/\/vosgesinfo.fr\/gerardmerinfo\/2020\/10\/visioconference-remi-chaye-premiere-graines-toiles-mcl\/#breadcrumb\",\"itemListElement\":[{\"@type\":\"ListItem\",\"position\":1,\"name\":\"Home\",\"item\":\"https:\/\/vosgesinfo.fr\/gerardmerinfo\/\"},{\"@type\":\"ListItem\",\"position\":2,\"name\":\"Visioconf\u00e9rence avec R\u00e9mi Chay\u00e9 : une premi\u00e8re pour Graines des Toiles &#038; la MCL\"}]},{\"@type\":\"WebSite\",\"@id\":\"https:\/\/vosgesinfo.fr\/gerardmerinfo\/#website\",\"url\":\"https:\/\/vosgesinfo.fr\/gerardmerinfo\/\",\"name\":\"Gerardmer Info\",\"description\":\"Toute l&#039;actualit\u00e9 de G\u00e9rardmer\",\"publisher\":{\"@id\":\"https:\/\/vosgesinfo.fr\/gerardmerinfo\/#organization\"},\"alternateName\":\"Toute l'actualit\u00e9 de G\u00e9rardmer\",\"potentialAction\":[{\"@type\":\"SearchAction\",\"target\":{\"@type\":\"EntryPoint\",\"urlTemplate\":\"https:\/\/vosgesinfo.fr\/gerardmerinfo\/?s={search_term_string}\"},\"query-input\":\"required name=search_term_string\"}],\"inLanguage\":\"fr-FR\"},{\"@type\":\"Organization\",\"@id\":\"https:\/\/vosgesinfo.fr\/gerardmerinfo\/#organization\",\"name\":\"Gerardmer Info\",\"url\":\"https:\/\/vosgesinfo.fr\/gerardmerinfo\/\",\"logo\":{\"@type\":\"ImageObject\",\"inLanguage\":\"fr-FR\",\"@id\":\"https:\/\/vosgesinfo.fr\/gerardmerinfo\/#\/schema\/logo\/image\/\",\"url\":\"https:\/\/vosgesinfo.fr\/app\/uploads\/sites\/6\/2023\/08\/favicon-gerardmerinfo.png\",\"contentUrl\":\"https:\/\/vosgesinfo.fr\/app\/uploads\/sites\/6\/2023\/08\/favicon-gerardmerinfo.png\",\"width\":512,\"height\":512,\"caption\":\"Gerardmer Info\"},\"image\":{\"@id\":\"https:\/\/vosgesinfo.fr\/gerardmerinfo\/#\/schema\/logo\/image\/\"},\"sameAs\":[\"https:\/\/www.facebook.com\/profile.php?id=100049475262660\",\"https:\/\/x.com\/VosgesInfo88\",\"https:\/\/www.youtube.com\/@vosgesinfo\"]},{\"@type\":\"Person\",\"@id\":\"https:\/\/vosgesinfo.fr\/gerardmerinfo\/#\/schema\/person\/db5605779a843dad16b5368f3e7613a5\",\"name\":\"QG\",\"image\":{\"@type\":\"ImageObject\",\"inLanguage\":\"fr-FR\",\"@id\":\"https:\/\/vosgesinfo.fr\/gerardmerinfo\/#\/schema\/person\/image\/\",\"url\":\"https:\/\/secure.gravatar.com\/avatar\/ea80c42c204b534408512832fde52504ecabb9706bcb6151cf6175e5b64e6793?s=96&d=mm&r=g\",\"contentUrl\":\"https:\/\/secure.gravatar.com\/avatar\/ea80c42c204b534408512832fde52504ecabb9706bcb6151cf6175e5b64e6793?s=96&d=mm&r=g\",\"caption\":\"QG\"},\"url\":\"https:\/\/vosgesinfo.fr\/gerardmerinfo\/author\/quentin88\/\"}]}<\/script>\n<!-- \/ Yoast SEO plugin. -->","yoast_head_json":{"title":"Visioconf\u00e9rence avec R\u00e9mi Chay\u00e9 : une premi\u00e8re pour Graines des Toiles & la MCL - Gerardmer Info","robots":{"index":"index","follow":"follow","max-snippet":"max-snippet:-1","max-image-preview":"max-image-preview:large","max-video-preview":"max-video-preview:-1"},"canonical":"https:\/\/vosgesinfo.fr\/gerardmerinfo\/2020\/10\/visioconference-remi-chaye-premiere-graines-toiles-mcl\/","twitter_card":"summary_large_image","twitter_title":"Visioconf\u00e9rence avec R\u00e9mi Chay\u00e9 : une premi\u00e8re pour Graines des Toiles & la MCL - Gerardmer Info","twitter_description":"C&rsquo;\u00e9tait une grande premi\u00e8re \u00e0 la MCL qui proposait ce lundi apr\u00e8s-midi une visioconf\u00e9rence avec R\u00e9mi Chay\u00e9 , le r\u00e9alisateur [&hellip;]","twitter_image":"https:\/\/vosgesinfo.fr\/app\/uploads\/sites\/6\/2024\/07\/202010remi-chaye-gdt-4.jpg","twitter_creator":"@VosgesInfo88","twitter_site":"@VosgesInfo88","twitter_misc":{"\u00c9crit par":"QG","Dur\u00e9e de lecture estim\u00e9e":"1 minute"},"schema":{"@context":"https:\/\/schema.org","@graph":[{"@type":"Article","@id":"https:\/\/vosgesinfo.fr\/gerardmerinfo\/2020\/10\/visioconference-remi-chaye-premiere-graines-toiles-mcl\/#article","isPartOf":{"@id":"https:\/\/vosgesinfo.fr\/gerardmerinfo\/2020\/10\/visioconference-remi-chaye-premiere-graines-toiles-mcl\/"},"author":{"name":"QG","@id":"https:\/\/vosgesinfo.fr\/gerardmerinfo\/#\/schema\/person\/db5605779a843dad16b5368f3e7613a5"},"headline":"Visioconf\u00e9rence avec R\u00e9mi Chay\u00e9 : une premi\u00e8re pour Graines des Toiles &#038; la MCL","datePublished":"2020-10-29T05:50:30+00:00","dateModified":"2020-10-29T05:50:30+00:00","mainEntityOfPage":{"@id":"https:\/\/vosgesinfo.fr\/gerardmerinfo\/2020\/10\/visioconference-remi-chaye-premiere-graines-toiles-mcl\/"},"wordCount":136,"commentCount":0,"publisher":{"@id":"https:\/\/vosgesinfo.fr\/gerardmerinfo\/#organization"},"image":{"@id":"https:\/\/vosgesinfo.fr\/gerardmerinfo\/2020\/10\/visioconference-remi-chaye-premiere-graines-toiles-mcl\/#primaryimage"},"thumbnailUrl":"https:\/\/vosgesinfo.fr\/app\/uploads\/sites\/6\/2024\/07\/202010remi-chaye-gdt-4.jpg","keywords":["festival graines des toiles","R\u00e9mi Chay\u00e9"],"articleSection":["A la une","Culture","G\u00e9rardmer"],"inLanguage":"fr-FR","potentialAction":[{"@type":"CommentAction","name":"Comment","target":["https:\/\/vosgesinfo.fr\/gerardmerinfo\/2020\/10\/visioconference-remi-chaye-premiere-graines-toiles-mcl\/#respond"]}]},{"@type":"WebPage","@id":"https:\/\/vosgesinfo.fr\/gerardmerinfo\/2020\/10\/visioconference-remi-chaye-premiere-graines-toiles-mcl\/","url":"https:\/\/vosgesinfo.fr\/gerardmerinfo\/2020\/10\/visioconference-remi-chaye-premiere-graines-toiles-mcl\/","name":"Visioconf\u00e9rence avec R\u00e9mi Chay\u00e9 : une premi\u00e8re pour Graines des Toiles & la MCL - Gerardmer Info","isPartOf":{"@id":"https:\/\/vosgesinfo.fr\/gerardmerinfo\/#website"},"primaryImageOfPage":{"@id":"https:\/\/vosgesinfo.fr\/gerardmerinfo\/2020\/10\/visioconference-remi-chaye-premiere-graines-toiles-mcl\/#primaryimage"},"image":{"@id":"https:\/\/vosgesinfo.fr\/gerardmerinfo\/2020\/10\/visioconference-remi-chaye-premiere-graines-toiles-mcl\/#primaryimage"},"thumbnailUrl":"https:\/\/vosgesinfo.fr\/app\/uploads\/sites\/6\/2024\/07\/202010remi-chaye-gdt-4.jpg","datePublished":"2020-10-29T05:50:30+00:00","dateModified":"2020-10-29T05:50:30+00:00","breadcrumb":{"@id":"https:\/\/vosgesinfo.fr\/gerardmerinfo\/2020\/10\/visioconference-remi-chaye-premiere-graines-toiles-mcl\/#breadcrumb"},"inLanguage":"fr-FR","potentialAction":[{"@type":"ReadAction","target":["https:\/\/vosgesinfo.fr\/gerardmerinfo\/2020\/10\/visioconference-remi-chaye-premiere-graines-toiles-mcl\/"]}]},{"@type":"ImageObject","inLanguage":"fr-FR","@id":"https:\/\/vosgesinfo.fr\/gerardmerinfo\/2020\/10\/visioconference-remi-chaye-premiere-graines-toiles-mcl\/#primaryimage","url":"https:\/\/vosgesinfo.fr\/app\/uploads\/sites\/6\/2024\/07\/202010remi-chaye-gdt-4.jpg","contentUrl":"https:\/\/vosgesinfo.fr\/app\/uploads\/sites\/6\/2024\/07\/202010remi-chaye-gdt-4.jpg","width":800,"height":533},{"@type":"BreadcrumbList","@id":"https:\/\/vosgesinfo.fr\/gerardmerinfo\/2020\/10\/visioconference-remi-chaye-premiere-graines-toiles-mcl\/#breadcrumb","itemListElement":[{"@type":"ListItem","position":1,"name":"Home","item":"https:\/\/vosgesinfo.fr\/gerardmerinfo\/"},{"@type":"ListItem","position":2,"name":"Visioconf\u00e9rence avec R\u00e9mi Chay\u00e9 : une premi\u00e8re pour Graines des Toiles &#038; la MCL"}]},{"@type":"WebSite","@id":"https:\/\/vosgesinfo.fr\/gerardmerinfo\/#website","url":"https:\/\/vosgesinfo.fr\/gerardmerinfo\/","name":"Gerardmer Info","description":"Toute l&#039;actualit\u00e9 de G\u00e9rardmer","publisher":{"@id":"https:\/\/vosgesinfo.fr\/gerardmerinfo\/#organization"},"alternateName":"Toute l'actualit\u00e9 de G\u00e9rardmer","potentialAction":[{"@type":"SearchAction","target":{"@type":"EntryPoint","urlTemplate":"https:\/\/vosgesinfo.fr\/gerardmerinfo\/?s={search_term_string}"},"query-input":"required name=search_term_string"}],"inLanguage":"fr-FR"},{"@type":"Organization","@id":"https:\/\/vosgesinfo.fr\/gerardmerinfo\/#organization","name":"Gerardmer Info","url":"https:\/\/vosgesinfo.fr\/gerardmerinfo\/","logo":{"@type":"ImageObject","inLanguage":"fr-FR","@id":"https:\/\/vosgesinfo.fr\/gerardmerinfo\/#\/schema\/logo\/image\/","url":"https:\/\/vosgesinfo.fr\/app\/uploads\/sites\/6\/2023\/08\/favicon-gerardmerinfo.png","contentUrl":"https:\/\/vosgesinfo.fr\/app\/uploads\/sites\/6\/2023\/08\/favicon-gerardmerinfo.png","width":512,"height":512,"caption":"Gerardmer Info"},"image":{"@id":"https:\/\/vosgesinfo.fr\/gerardmerinfo\/#\/schema\/logo\/image\/"},"sameAs":["https:\/\/www.facebook.com\/profile.php?id=100049475262660","https:\/\/x.com\/VosgesInfo88","https:\/\/www.youtube.com\/@vosgesinfo"]},{"@type":"Person","@id":"https:\/\/vosgesinfo.fr\/gerardmerinfo\/#\/schema\/person\/db5605779a843dad16b5368f3e7613a5","name":"QG","image":{"@type":"ImageObject","inLanguage":"fr-FR","@id":"https:\/\/vosgesinfo.fr\/gerardmerinfo\/#\/schema\/person\/image\/","url":"https:\/\/secure.gravatar.com\/avatar\/ea80c42c204b534408512832fde52504ecabb9706bcb6151cf6175e5b64e6793?s=96&d=mm&r=g","contentUrl":"https:\/\/secure.gravatar.com\/avatar\/ea80c42c204b534408512832fde52504ecabb9706bcb6151cf6175e5b64e6793?s=96&d=mm&r=g","caption":"QG"},"url":"https:\/\/vosgesinfo.fr\/gerardmerinfo\/author\/quentin88\/"}]}},"_links":{"self":[{"href":"https:\/\/vosgesinfo.fr\/gerardmerinfo\/wp-json\/wp\/v2\/posts\/50507","targetHints":{"allow":["GET"]}}],"collection":[{"href":"https:\/\/vosgesinfo.fr\/gerardmerinfo\/wp-json\/wp\/v2\/posts"}],"about":[{"href":"https:\/\/vosgesinfo.fr\/gerardmerinfo\/wp-json\/wp\/v2\/types\/post"}],"author":[{"embeddable":true,"href":"https:\/\/vosgesinfo.fr\/gerardmerinfo\/wp-json\/wp\/v2\/users\/42"}],"replies":[{"embeddable":true,"href":"https:\/\/vosgesinfo.fr\/gerardmerinfo\/wp-json\/wp\/v2\/comments?post=50507"}],"version-history":[{"count":0,"href":"https:\/\/vosgesinfo.fr\/gerardmerinfo\/wp-json\/wp\/v2\/posts\/50507\/revisions"}],"wp:featuredmedia":[{"embeddable":true,"href":"https:\/\/vosgesinfo.fr\/gerardmerinfo\/wp-json\/wp\/v2\/media\/50508"}],"wp:attachment":[{"href":"https:\/\/vosgesinfo.fr\/gerardmerinfo\/wp-json\/wp\/v2\/media?parent=50507"}],"wp:term":[{"taxonomy":"category","embeddable":true,"href":"https:\/\/vosgesinfo.fr\/gerardmerinfo\/wp-json\/wp\/v2\/categories?post=50507"},{"taxonomy":"post_tag","embeddable":true,"href":"https:\/\/vosgesinfo.fr\/gerardmerinfo\/wp-json\/wp\/v2\/tags?post=50507"}],"curies":[{"name":"wp","href":"https:\/\/api.w.org\/{rel}","templated":true}]}}