{"id":50932,"date":"2020-12-04T16:53:50","date_gmt":"2020-12-04T15:53:50","guid":{"rendered":"https:\/\/vosgesinfo.fr\/gerardmerinfo\/2020\/12\/crise-sanitaire-tres-bonne-dynamique-ehpad-vosgiens\/"},"modified":"2020-12-04T16:53:50","modified_gmt":"2020-12-04T15:53:50","slug":"crise-sanitaire-tres-bonne-dynamique-ehpad-vosgiens","status":"publish","type":"post","link":"https:\/\/vosgesinfo.fr\/gerardmerinfo\/2020\/12\/crise-sanitaire-tres-bonne-dynamique-ehpad-vosgiens\/","title":{"rendered":"Crise sanitaire : une \u00ab tr\u00e8s bonne dynamique \u00bb dans les EHPAD vosgiens"},"content":{"rendered":"<h2><strong>Yves Seguy, le nouveau Pr\u00e9fet des Vosges, et C\u00e9cile Aubr\u00e8ge-Guyot, d\u00e9l\u00e9gu\u00e9e d\u00e9partementale de l\u2019ARS Grand Est sont venus ce vendredi visiter de l\u2019EHPAD de Plombi\u00e8res-l\u00e8s-Bains, \u00ab\u00a0Le Clos des Deux \u00c9cureuils\u00a0\u00bb, situ\u00e9 au 136, rue G\u00e9rard Grivet \u00e0 Plombi\u00e8res-les-Bains. <\/strong><\/h2>\n<p>Accueillis par Val\u00e9rie Petit, directrice de l\u2019\u00e9tablissement, ils \u00e9taient notamment accompagn\u00e9s par Lydie Barbaux, maire de la commune, Fran\u00e7ois Vannson, pr\u00e9sident du Conseil D\u00e9partemental, et le d\u00e9put\u00e9 Christophe Naegelen. L\u2019occasion de faire un point sur la situation sanitaire et les mesures mises en place dans les EHPAD. Le pr\u00e9fet Yves Seguy insiste sur la n\u00e9cessit\u00e9 de poursuivre les efforts entrepris. <em>\u00ab\u00a0<\/em><em>Il faut plus que jamais respecter les gestes barri\u00e8re\u00a0\u00bb<\/em>. Notamment en respectant les distances n\u00e9cessaires, le lavage des mains. Il \u00e9voque la <em>\u00ab\u00a0capacit\u00e9 \u00e0 accueillir\u00a0\u00bb<\/em>, pour des visites et d\u2019autres activit\u00e9s, qui doit \u00eatre garantie.<em> \u00ab\u00a0Tout en maintenant un haut niveau de protection\u00a0\u00bb<\/em>. Alors que les moyens technologiques modernes et la nature m\u00eame de la crise sanitaire imposent un pilotage \u00ab\u00a0\u00e0 distance\u00a0\u00bb, un passage sur le terrain permet de prendre le pouls du secteur de la sant\u00e9, et en l\u2019occurrence des soins aux personnes \u00e2g\u00e9es.<\/p>\n","protected":false},"excerpt":{"rendered":"<p>Yves Seguy, le nouveau Pr\u00e9fet des Vosges, et C\u00e9cile Aubr\u00e8ge-Guyot, d\u00e9l\u00e9gu\u00e9e d\u00e9partementale de l\u2019ARS Grand Est sont venus ce vendredi [&hellip;]<\/p>\n","protected":false},"author":1,"featured_media":50933,"comment_status":"open","ping_status":"open","sticky":false,"template":"","format":"standard","meta":{"footnotes":""},"categories":[20,12,18],"tags":[4485],"class_list":["post-50932","post","type-post","status-publish","format-standard","has-post-thumbnail","hentry","category-a-la-une","category-sante","category-vosges","tag-yves-seguy"],"acf":[],"yoast_head":"<!-- This site is optimized with the Yoast SEO plugin v22.5 - https:\/\/yoast.com\/wordpress\/plugins\/seo\/ -->\n<title>Crise sanitaire : une \u00ab tr\u00e8s bonne dynamique \u00bb dans les EHPAD vosgiens - Gerardmer Info<\/title>\n<meta name=\"robots\" content=\"index, follow, max-snippet:-1, max-image-preview:large, max-video-preview:-1\" \/>\n<link rel=\"canonical\" href=\"https:\/\/vosgesinfo.fr\/gerardmerinfo\/2020\/12\/crise-sanitaire-tres-bonne-dynamique-ehpad-vosgiens\/\" \/>\n<meta name=\"twitter:card\" content=\"summary_large_image\" \/>\n<meta name=\"twitter:title\" content=\"Crise sanitaire : une \u00ab tr\u00e8s bonne dynamique \u00bb dans les EHPAD vosgiens - Gerardmer Info\" \/>\n<meta name=\"twitter:description\" content=\"Yves Seguy, le nouveau Pr\u00e9fet des Vosges, et C\u00e9cile Aubr\u00e8ge-Guyot, d\u00e9l\u00e9gu\u00e9e d\u00e9partementale de l\u2019ARS Grand Est sont venus ce vendredi [&hellip;]\" \/>\n<meta name=\"twitter:image\" content=\"https:\/\/vosgesinfo.fr\/app\/uploads\/sites\/6\/2024\/07\/202012ehpad.jpg\" \/>\n<meta name=\"twitter:creator\" content=\"@VosgesInfo88\" \/>\n<meta name=\"twitter:site\" content=\"@VosgesInfo88\" \/>\n<meta name=\"twitter:label1\" content=\"\u00c9crit par\" \/>\n\t<meta name=\"twitter:data1\" content=\"qs_admin\" \/>\n\t<meta name=\"twitter:label2\" content=\"Dur\u00e9e de lecture estim\u00e9e\" \/>\n\t<meta name=\"twitter:data2\" content=\"1 minute\" \/>\n<script type=\"application\/ld+json\" class=\"yoast-schema-graph\">{\"@context\":\"https:\/\/schema.org\",\"@graph\":[{\"@type\":\"Article\",\"@id\":\"https:\/\/vosgesinfo.fr\/gerardmerinfo\/2020\/12\/crise-sanitaire-tres-bonne-dynamique-ehpad-vosgiens\/#article\",\"isPartOf\":{\"@id\":\"https:\/\/vosgesinfo.fr\/gerardmerinfo\/2020\/12\/crise-sanitaire-tres-bonne-dynamique-ehpad-vosgiens\/\"},\"author\":{\"name\":\"qs_admin\",\"@id\":\"https:\/\/vosgesinfo.fr\/gerardmerinfo\/#\/schema\/person\/bc5d02d71e6932e81b6dadb7386667b1\"},\"headline\":\"Crise sanitaire : une \u00ab tr\u00e8s bonne dynamique \u00bb dans les EHPAD vosgiens\",\"datePublished\":\"2020-12-04T15:53:50+00:00\",\"dateModified\":\"2020-12-04T15:53:50+00:00\",\"mainEntityOfPage\":{\"@id\":\"https:\/\/vosgesinfo.fr\/gerardmerinfo\/2020\/12\/crise-sanitaire-tres-bonne-dynamique-ehpad-vosgiens\/\"},\"wordCount\":220,\"commentCount\":0,\"publisher\":{\"@id\":\"https:\/\/vosgesinfo.fr\/gerardmerinfo\/#organization\"},\"image\":{\"@id\":\"https:\/\/vosgesinfo.fr\/gerardmerinfo\/2020\/12\/crise-sanitaire-tres-bonne-dynamique-ehpad-vosgiens\/#primaryimage\"},\"thumbnailUrl\":\"https:\/\/vosgesinfo.fr\/app\/uploads\/sites\/6\/2024\/07\/202012ehpad.jpg\",\"keywords\":[\"Yves Seguy\"],\"articleSection\":[\"A la une\",\"Sant\u00e9\",\"Vosges\"],\"inLanguage\":\"fr-FR\",\"potentialAction\":[{\"@type\":\"CommentAction\",\"name\":\"Comment\",\"target\":[\"https:\/\/vosgesinfo.fr\/gerardmerinfo\/2020\/12\/crise-sanitaire-tres-bonne-dynamique-ehpad-vosgiens\/#respond\"]}]},{\"@type\":\"WebPage\",\"@id\":\"https:\/\/vosgesinfo.fr\/gerardmerinfo\/2020\/12\/crise-sanitaire-tres-bonne-dynamique-ehpad-vosgiens\/\",\"url\":\"https:\/\/vosgesinfo.fr\/gerardmerinfo\/2020\/12\/crise-sanitaire-tres-bonne-dynamique-ehpad-vosgiens\/\",\"name\":\"Crise sanitaire : une \u00ab tr\u00e8s bonne dynamique \u00bb dans les EHPAD vosgiens - Gerardmer Info\",\"isPartOf\":{\"@id\":\"https:\/\/vosgesinfo.fr\/gerardmerinfo\/#website\"},\"primaryImageOfPage\":{\"@id\":\"https:\/\/vosgesinfo.fr\/gerardmerinfo\/2020\/12\/crise-sanitaire-tres-bonne-dynamique-ehpad-vosgiens\/#primaryimage\"},\"image\":{\"@id\":\"https:\/\/vosgesinfo.fr\/gerardmerinfo\/2020\/12\/crise-sanitaire-tres-bonne-dynamique-ehpad-vosgiens\/#primaryimage\"},\"thumbnailUrl\":\"https:\/\/vosgesinfo.fr\/app\/uploads\/sites\/6\/2024\/07\/202012ehpad.jpg\",\"datePublished\":\"2020-12-04T15:53:50+00:00\",\"dateModified\":\"2020-12-04T15:53:50+00:00\",\"breadcrumb\":{\"@id\":\"https:\/\/vosgesinfo.fr\/gerardmerinfo\/2020\/12\/crise-sanitaire-tres-bonne-dynamique-ehpad-vosgiens\/#breadcrumb\"},\"inLanguage\":\"fr-FR\",\"potentialAction\":[{\"@type\":\"ReadAction\",\"target\":[\"https:\/\/vosgesinfo.fr\/gerardmerinfo\/2020\/12\/crise-sanitaire-tres-bonne-dynamique-ehpad-vosgiens\/\"]}]},{\"@type\":\"ImageObject\",\"inLanguage\":\"fr-FR\",\"@id\":\"https:\/\/vosgesinfo.fr\/gerardmerinfo\/2020\/12\/crise-sanitaire-tres-bonne-dynamique-ehpad-vosgiens\/#primaryimage\",\"url\":\"https:\/\/vosgesinfo.fr\/app\/uploads\/sites\/6\/2024\/07\/202012ehpad.jpg\",\"contentUrl\":\"https:\/\/vosgesinfo.fr\/app\/uploads\/sites\/6\/2024\/07\/202012ehpad.jpg\",\"width\":800,\"height\":534},{\"@type\":\"BreadcrumbList\",\"@id\":\"https:\/\/vosgesinfo.fr\/gerardmerinfo\/2020\/12\/crise-sanitaire-tres-bonne-dynamique-ehpad-vosgiens\/#breadcrumb\",\"itemListElement\":[{\"@type\":\"ListItem\",\"position\":1,\"name\":\"Home\",\"item\":\"https:\/\/vosgesinfo.fr\/gerardmerinfo\/\"},{\"@type\":\"ListItem\",\"position\":2,\"name\":\"Crise sanitaire : une \u00ab tr\u00e8s bonne dynamique \u00bb dans les EHPAD vosgiens\"}]},{\"@type\":\"WebSite\",\"@id\":\"https:\/\/vosgesinfo.fr\/gerardmerinfo\/#website\",\"url\":\"https:\/\/vosgesinfo.fr\/gerardmerinfo\/\",\"name\":\"Gerardmer Info\",\"description\":\"Toute l&#039;actualit\u00e9 de G\u00e9rardmer\",\"publisher\":{\"@id\":\"https:\/\/vosgesinfo.fr\/gerardmerinfo\/#organization\"},\"alternateName\":\"Toute l'actualit\u00e9 de G\u00e9rardmer\",\"potentialAction\":[{\"@type\":\"SearchAction\",\"target\":{\"@type\":\"EntryPoint\",\"urlTemplate\":\"https:\/\/vosgesinfo.fr\/gerardmerinfo\/?s={search_term_string}\"},\"query-input\":\"required name=search_term_string\"}],\"inLanguage\":\"fr-FR\"},{\"@type\":\"Organization\",\"@id\":\"https:\/\/vosgesinfo.fr\/gerardmerinfo\/#organization\",\"name\":\"Gerardmer Info\",\"url\":\"https:\/\/vosgesinfo.fr\/gerardmerinfo\/\",\"logo\":{\"@type\":\"ImageObject\",\"inLanguage\":\"fr-FR\",\"@id\":\"https:\/\/vosgesinfo.fr\/gerardmerinfo\/#\/schema\/logo\/image\/\",\"url\":\"https:\/\/vosgesinfo.fr\/app\/uploads\/sites\/6\/2023\/08\/favicon-gerardmerinfo.png\",\"contentUrl\":\"https:\/\/vosgesinfo.fr\/app\/uploads\/sites\/6\/2023\/08\/favicon-gerardmerinfo.png\",\"width\":512,\"height\":512,\"caption\":\"Gerardmer Info\"},\"image\":{\"@id\":\"https:\/\/vosgesinfo.fr\/gerardmerinfo\/#\/schema\/logo\/image\/\"},\"sameAs\":[\"https:\/\/www.facebook.com\/profile.php?id=100049475262660\",\"https:\/\/x.com\/VosgesInfo88\",\"https:\/\/www.youtube.com\/@vosgesinfo\"]},{\"@type\":\"Person\",\"@id\":\"https:\/\/vosgesinfo.fr\/gerardmerinfo\/#\/schema\/person\/bc5d02d71e6932e81b6dadb7386667b1\",\"name\":\"qs_admin\",\"image\":{\"@type\":\"ImageObject\",\"inLanguage\":\"fr-FR\",\"@id\":\"https:\/\/vosgesinfo.fr\/gerardmerinfo\/#\/schema\/person\/image\/\",\"url\":\"https:\/\/secure.gravatar.com\/avatar\/94b18ee0ed79e4a42ea2f2931277b6841a8999fc6fde214600c78057cf1fe1de?s=96&d=mm&r=g\",\"contentUrl\":\"https:\/\/secure.gravatar.com\/avatar\/94b18ee0ed79e4a42ea2f2931277b6841a8999fc6fde214600c78057cf1fe1de?s=96&d=mm&r=g\",\"caption\":\"qs_admin\"},\"sameAs\":[\"https:\/\/vosgesinfo.fr\/wp\"],\"url\":\"https:\/\/vosgesinfo.fr\/gerardmerinfo\/author\/qs_admin\/\"}]}<\/script>\n<!-- \/ Yoast SEO plugin. -->","yoast_head_json":{"title":"Crise sanitaire : une \u00ab tr\u00e8s bonne dynamique \u00bb dans les EHPAD vosgiens - Gerardmer Info","robots":{"index":"index","follow":"follow","max-snippet":"max-snippet:-1","max-image-preview":"max-image-preview:large","max-video-preview":"max-video-preview:-1"},"canonical":"https:\/\/vosgesinfo.fr\/gerardmerinfo\/2020\/12\/crise-sanitaire-tres-bonne-dynamique-ehpad-vosgiens\/","twitter_card":"summary_large_image","twitter_title":"Crise sanitaire : une \u00ab tr\u00e8s bonne dynamique \u00bb dans les EHPAD vosgiens - Gerardmer Info","twitter_description":"Yves Seguy, le nouveau Pr\u00e9fet des Vosges, et C\u00e9cile Aubr\u00e8ge-Guyot, d\u00e9l\u00e9gu\u00e9e d\u00e9partementale de l\u2019ARS Grand Est sont venus ce vendredi [&hellip;]","twitter_image":"https:\/\/vosgesinfo.fr\/app\/uploads\/sites\/6\/2024\/07\/202012ehpad.jpg","twitter_creator":"@VosgesInfo88","twitter_site":"@VosgesInfo88","twitter_misc":{"\u00c9crit par":"qs_admin","Dur\u00e9e de lecture estim\u00e9e":"1 minute"},"schema":{"@context":"https:\/\/schema.org","@graph":[{"@type":"Article","@id":"https:\/\/vosgesinfo.fr\/gerardmerinfo\/2020\/12\/crise-sanitaire-tres-bonne-dynamique-ehpad-vosgiens\/#article","isPartOf":{"@id":"https:\/\/vosgesinfo.fr\/gerardmerinfo\/2020\/12\/crise-sanitaire-tres-bonne-dynamique-ehpad-vosgiens\/"},"author":{"name":"qs_admin","@id":"https:\/\/vosgesinfo.fr\/gerardmerinfo\/#\/schema\/person\/bc5d02d71e6932e81b6dadb7386667b1"},"headline":"Crise sanitaire : une \u00ab tr\u00e8s bonne dynamique \u00bb dans les EHPAD vosgiens","datePublished":"2020-12-04T15:53:50+00:00","dateModified":"2020-12-04T15:53:50+00:00","mainEntityOfPage":{"@id":"https:\/\/vosgesinfo.fr\/gerardmerinfo\/2020\/12\/crise-sanitaire-tres-bonne-dynamique-ehpad-vosgiens\/"},"wordCount":220,"commentCount":0,"publisher":{"@id":"https:\/\/vosgesinfo.fr\/gerardmerinfo\/#organization"},"image":{"@id":"https:\/\/vosgesinfo.fr\/gerardmerinfo\/2020\/12\/crise-sanitaire-tres-bonne-dynamique-ehpad-vosgiens\/#primaryimage"},"thumbnailUrl":"https:\/\/vosgesinfo.fr\/app\/uploads\/sites\/6\/2024\/07\/202012ehpad.jpg","keywords":["Yves Seguy"],"articleSection":["A la une","Sant\u00e9","Vosges"],"inLanguage":"fr-FR","potentialAction":[{"@type":"CommentAction","name":"Comment","target":["https:\/\/vosgesinfo.fr\/gerardmerinfo\/2020\/12\/crise-sanitaire-tres-bonne-dynamique-ehpad-vosgiens\/#respond"]}]},{"@type":"WebPage","@id":"https:\/\/vosgesinfo.fr\/gerardmerinfo\/2020\/12\/crise-sanitaire-tres-bonne-dynamique-ehpad-vosgiens\/","url":"https:\/\/vosgesinfo.fr\/gerardmerinfo\/2020\/12\/crise-sanitaire-tres-bonne-dynamique-ehpad-vosgiens\/","name":"Crise sanitaire : une \u00ab tr\u00e8s bonne dynamique \u00bb dans les EHPAD vosgiens - Gerardmer Info","isPartOf":{"@id":"https:\/\/vosgesinfo.fr\/gerardmerinfo\/#website"},"primaryImageOfPage":{"@id":"https:\/\/vosgesinfo.fr\/gerardmerinfo\/2020\/12\/crise-sanitaire-tres-bonne-dynamique-ehpad-vosgiens\/#primaryimage"},"image":{"@id":"https:\/\/vosgesinfo.fr\/gerardmerinfo\/2020\/12\/crise-sanitaire-tres-bonne-dynamique-ehpad-vosgiens\/#primaryimage"},"thumbnailUrl":"https:\/\/vosgesinfo.fr\/app\/uploads\/sites\/6\/2024\/07\/202012ehpad.jpg","datePublished":"2020-12-04T15:53:50+00:00","dateModified":"2020-12-04T15:53:50+00:00","breadcrumb":{"@id":"https:\/\/vosgesinfo.fr\/gerardmerinfo\/2020\/12\/crise-sanitaire-tres-bonne-dynamique-ehpad-vosgiens\/#breadcrumb"},"inLanguage":"fr-FR","potentialAction":[{"@type":"ReadAction","target":["https:\/\/vosgesinfo.fr\/gerardmerinfo\/2020\/12\/crise-sanitaire-tres-bonne-dynamique-ehpad-vosgiens\/"]}]},{"@type":"ImageObject","inLanguage":"fr-FR","@id":"https:\/\/vosgesinfo.fr\/gerardmerinfo\/2020\/12\/crise-sanitaire-tres-bonne-dynamique-ehpad-vosgiens\/#primaryimage","url":"https:\/\/vosgesinfo.fr\/app\/uploads\/sites\/6\/2024\/07\/202012ehpad.jpg","contentUrl":"https:\/\/vosgesinfo.fr\/app\/uploads\/sites\/6\/2024\/07\/202012ehpad.jpg","width":800,"height":534},{"@type":"BreadcrumbList","@id":"https:\/\/vosgesinfo.fr\/gerardmerinfo\/2020\/12\/crise-sanitaire-tres-bonne-dynamique-ehpad-vosgiens\/#breadcrumb","itemListElement":[{"@type":"ListItem","position":1,"name":"Home","item":"https:\/\/vosgesinfo.fr\/gerardmerinfo\/"},{"@type":"ListItem","position":2,"name":"Crise sanitaire : une \u00ab tr\u00e8s bonne dynamique \u00bb dans les EHPAD vosgiens"}]},{"@type":"WebSite","@id":"https:\/\/vosgesinfo.fr\/gerardmerinfo\/#website","url":"https:\/\/vosgesinfo.fr\/gerardmerinfo\/","name":"Gerardmer Info","description":"Toute l&#039;actualit\u00e9 de G\u00e9rardmer","publisher":{"@id":"https:\/\/vosgesinfo.fr\/gerardmerinfo\/#organization"},"alternateName":"Toute l'actualit\u00e9 de G\u00e9rardmer","potentialAction":[{"@type":"SearchAction","target":{"@type":"EntryPoint","urlTemplate":"https:\/\/vosgesinfo.fr\/gerardmerinfo\/?s={search_term_string}"},"query-input":"required name=search_term_string"}],"inLanguage":"fr-FR"},{"@type":"Organization","@id":"https:\/\/vosgesinfo.fr\/gerardmerinfo\/#organization","name":"Gerardmer Info","url":"https:\/\/vosgesinfo.fr\/gerardmerinfo\/","logo":{"@type":"ImageObject","inLanguage":"fr-FR","@id":"https:\/\/vosgesinfo.fr\/gerardmerinfo\/#\/schema\/logo\/image\/","url":"https:\/\/vosgesinfo.fr\/app\/uploads\/sites\/6\/2023\/08\/favicon-gerardmerinfo.png","contentUrl":"https:\/\/vosgesinfo.fr\/app\/uploads\/sites\/6\/2023\/08\/favicon-gerardmerinfo.png","width":512,"height":512,"caption":"Gerardmer Info"},"image":{"@id":"https:\/\/vosgesinfo.fr\/gerardmerinfo\/#\/schema\/logo\/image\/"},"sameAs":["https:\/\/www.facebook.com\/profile.php?id=100049475262660","https:\/\/x.com\/VosgesInfo88","https:\/\/www.youtube.com\/@vosgesinfo"]},{"@type":"Person","@id":"https:\/\/vosgesinfo.fr\/gerardmerinfo\/#\/schema\/person\/bc5d02d71e6932e81b6dadb7386667b1","name":"qs_admin","image":{"@type":"ImageObject","inLanguage":"fr-FR","@id":"https:\/\/vosgesinfo.fr\/gerardmerinfo\/#\/schema\/person\/image\/","url":"https:\/\/secure.gravatar.com\/avatar\/94b18ee0ed79e4a42ea2f2931277b6841a8999fc6fde214600c78057cf1fe1de?s=96&d=mm&r=g","contentUrl":"https:\/\/secure.gravatar.com\/avatar\/94b18ee0ed79e4a42ea2f2931277b6841a8999fc6fde214600c78057cf1fe1de?s=96&d=mm&r=g","caption":"qs_admin"},"sameAs":["https:\/\/vosgesinfo.fr\/wp"],"url":"https:\/\/vosgesinfo.fr\/gerardmerinfo\/author\/qs_admin\/"}]}},"_links":{"self":[{"href":"https:\/\/vosgesinfo.fr\/gerardmerinfo\/wp-json\/wp\/v2\/posts\/50932","targetHints":{"allow":["GET"]}}],"collection":[{"href":"https:\/\/vosgesinfo.fr\/gerardmerinfo\/wp-json\/wp\/v2\/posts"}],"about":[{"href":"https:\/\/vosgesinfo.fr\/gerardmerinfo\/wp-json\/wp\/v2\/types\/post"}],"author":[{"embeddable":true,"href":"https:\/\/vosgesinfo.fr\/gerardmerinfo\/wp-json\/wp\/v2\/users\/1"}],"replies":[{"embeddable":true,"href":"https:\/\/vosgesinfo.fr\/gerardmerinfo\/wp-json\/wp\/v2\/comments?post=50932"}],"version-history":[{"count":0,"href":"https:\/\/vosgesinfo.fr\/gerardmerinfo\/wp-json\/wp\/v2\/posts\/50932\/revisions"}],"wp:featuredmedia":[{"embeddable":true,"href":"https:\/\/vosgesinfo.fr\/gerardmerinfo\/wp-json\/wp\/v2\/media\/50933"}],"wp:attachment":[{"href":"https:\/\/vosgesinfo.fr\/gerardmerinfo\/wp-json\/wp\/v2\/media?parent=50932"}],"wp:term":[{"taxonomy":"category","embeddable":true,"href":"https:\/\/vosgesinfo.fr\/gerardmerinfo\/wp-json\/wp\/v2\/categories?post=50932"},{"taxonomy":"post_tag","embeddable":true,"href":"https:\/\/vosgesinfo.fr\/gerardmerinfo\/wp-json\/wp\/v2\/tags?post=50932"}],"curies":[{"name":"wp","href":"https:\/\/api.w.org\/{rel}","templated":true}]}}