{"id":512,"date":"2024-01-05T15:00:30","date_gmt":"2024-01-05T14:00:30","guid":{"rendered":"https:\/\/vosgesinfo.fr\/gerardmerinfo\/2024\/01\/dans-les-vosges-un-salon-de-coiffure-fait-le-buzz-en-obtenant-le-droit-de-servir-de-lalcool\/"},"modified":"2024-01-05T15:00:30","modified_gmt":"2024-01-05T14:00:30","slug":"dans-les-vosges-un-salon-de-coiffure-fait-le-buzz-en-obtenant-le-droit-de-servir-de-lalcool","status":"publish","type":"post","link":"https:\/\/vosgesinfo.fr\/gerardmerinfo\/2024\/01\/dans-les-vosges-un-salon-de-coiffure-fait-le-buzz-en-obtenant-le-droit-de-servir-de-lalcool\/","title":{"rendered":"Dans les Vosges, un salon de coiffure fait le buzz en obtenant le droit de servir de l\u2019alcool"},"content":{"rendered":"<h2><strong>L\u2019id\u00e9e d\u00e9coiffe ! \u00c0 Vittel, un salon de coiffure vient d\u2019obtenir une Licence IV. Les deux propri\u00e9taires du salon de coiffure \u00ab\u00a0Le Studio\u00a0\u00bb \u00e0 Vittel, Antony Hoffstetter et Fabrice Zanella peuvent d\u00e9sormais vendre des boissons alcoolis\u00e9es \u00e0 leurs clients. Le concept fait le buzz.\u00a0 <\/strong><\/h2>\n<p>Le salon de coiffure \u00ab\u00a0Le Studio\u00a0\u00bb, situ\u00e9 en plein centre-ville de Vittel,\u00a0rue de Verdun, poss\u00e8de la fameuse licence IV depuis le mois de d\u00e9cembre dernier. Il est d\u00e9sormais possible de partager un verre d\u2019alcool tout en se faisant coiffer. L\u2019\u00e9tablissement propose des boissons chaudes, froides, alcoolis\u00e9es ou non, pour sa client\u00e8le. Il y a m\u00eame une carte avec une liste d\u2019alcools et de softs \u00e0 disposition. Une nouveaut\u00e9 insolite qui a fait imm\u00e9diatement le buzz.<\/p>\n","protected":false},"excerpt":{"rendered":"<p>L\u2019id\u00e9e d\u00e9coiffe ! \u00c0 Vittel, un salon de coiffure vient d\u2019obtenir une Licence IV. Les deux propri\u00e9taires du salon de [&hellip;]<\/p>\n","protected":false},"author":1,"featured_media":513,"comment_status":"open","ping_status":"open","sticky":false,"template":"","format":"standard","meta":{"footnotes":""},"categories":[20,18],"tags":[],"class_list":["post-512","post","type-post","status-publish","format-standard","has-post-thumbnail","hentry","category-a-la-une","category-vosges"],"acf":[],"yoast_head":"<!-- This site is optimized with the Yoast SEO plugin v22.5 - https:\/\/yoast.com\/wordpress\/plugins\/seo\/ -->\n<title>Dans les Vosges, un salon de coiffure fait le buzz en obtenant le droit de servir de l\u2019alcool - Gerardmer Info<\/title>\n<meta name=\"robots\" content=\"index, follow, max-snippet:-1, max-image-preview:large, max-video-preview:-1\" \/>\n<link rel=\"canonical\" href=\"https:\/\/vosgesinfo.fr\/gerardmerinfo\/2024\/01\/dans-les-vosges-un-salon-de-coiffure-fait-le-buzz-en-obtenant-le-droit-de-servir-de-lalcool\/\" \/>\n<meta name=\"twitter:card\" content=\"summary_large_image\" \/>\n<meta name=\"twitter:title\" content=\"Dans les Vosges, un salon de coiffure fait le buzz en obtenant le droit de servir de l\u2019alcool - Gerardmer Info\" \/>\n<meta name=\"twitter:description\" content=\"L\u2019id\u00e9e d\u00e9coiffe ! \u00c0 Vittel, un salon de coiffure vient d\u2019obtenir une Licence IV. Les deux propri\u00e9taires du salon de [&hellip;]\" \/>\n<meta name=\"twitter:image\" content=\"https:\/\/vosgesinfo.fr\/app\/uploads\/sites\/6\/2024\/01\/le-studio-vittel.jpg\" \/>\n<meta name=\"twitter:creator\" content=\"@VosgesInfo88\" \/>\n<meta name=\"twitter:site\" content=\"@VosgesInfo88\" \/>\n<meta name=\"twitter:label1\" content=\"\u00c9crit par\" \/>\n\t<meta name=\"twitter:data1\" content=\"qs_admin\" \/>\n\t<meta name=\"twitter:label2\" content=\"Dur\u00e9e de lecture estim\u00e9e\" \/>\n\t<meta name=\"twitter:data2\" content=\"1 minute\" \/>\n<script type=\"application\/ld+json\" class=\"yoast-schema-graph\">{\"@context\":\"https:\/\/schema.org\",\"@graph\":[{\"@type\":\"Article\",\"@id\":\"https:\/\/vosgesinfo.fr\/gerardmerinfo\/2024\/01\/dans-les-vosges-un-salon-de-coiffure-fait-le-buzz-en-obtenant-le-droit-de-servir-de-lalcool\/#article\",\"isPartOf\":{\"@id\":\"https:\/\/vosgesinfo.fr\/gerardmerinfo\/2024\/01\/dans-les-vosges-un-salon-de-coiffure-fait-le-buzz-en-obtenant-le-droit-de-servir-de-lalcool\/\"},\"author\":{\"name\":\"qs_admin\",\"@id\":\"https:\/\/vosgesinfo.fr\/gerardmerinfo\/#\/schema\/person\/bc5d02d71e6932e81b6dadb7386667b1\"},\"headline\":\"Dans les Vosges, un salon de coiffure fait le buzz en obtenant le droit de servir de l\u2019alcool\",\"datePublished\":\"2024-01-05T14:00:30+00:00\",\"dateModified\":\"2024-01-05T14:00:30+00:00\",\"mainEntityOfPage\":{\"@id\":\"https:\/\/vosgesinfo.fr\/gerardmerinfo\/2024\/01\/dans-les-vosges-un-salon-de-coiffure-fait-le-buzz-en-obtenant-le-droit-de-servir-de-lalcool\/\"},\"wordCount\":151,\"commentCount\":0,\"publisher\":{\"@id\":\"https:\/\/vosgesinfo.fr\/gerardmerinfo\/#organization\"},\"image\":{\"@id\":\"https:\/\/vosgesinfo.fr\/gerardmerinfo\/2024\/01\/dans-les-vosges-un-salon-de-coiffure-fait-le-buzz-en-obtenant-le-droit-de-servir-de-lalcool\/#primaryimage\"},\"thumbnailUrl\":\"https:\/\/vosgesinfo.fr\/app\/uploads\/sites\/6\/2024\/01\/le-studio-vittel.jpg\",\"articleSection\":[\"A la une\",\"Vosges\"],\"inLanguage\":\"fr-FR\",\"potentialAction\":[{\"@type\":\"CommentAction\",\"name\":\"Comment\",\"target\":[\"https:\/\/vosgesinfo.fr\/gerardmerinfo\/2024\/01\/dans-les-vosges-un-salon-de-coiffure-fait-le-buzz-en-obtenant-le-droit-de-servir-de-lalcool\/#respond\"]}]},{\"@type\":\"WebPage\",\"@id\":\"https:\/\/vosgesinfo.fr\/gerardmerinfo\/2024\/01\/dans-les-vosges-un-salon-de-coiffure-fait-le-buzz-en-obtenant-le-droit-de-servir-de-lalcool\/\",\"url\":\"https:\/\/vosgesinfo.fr\/gerardmerinfo\/2024\/01\/dans-les-vosges-un-salon-de-coiffure-fait-le-buzz-en-obtenant-le-droit-de-servir-de-lalcool\/\",\"name\":\"Dans les Vosges, un salon de coiffure fait le buzz en obtenant le droit de servir de l\u2019alcool - Gerardmer Info\",\"isPartOf\":{\"@id\":\"https:\/\/vosgesinfo.fr\/gerardmerinfo\/#website\"},\"primaryImageOfPage\":{\"@id\":\"https:\/\/vosgesinfo.fr\/gerardmerinfo\/2024\/01\/dans-les-vosges-un-salon-de-coiffure-fait-le-buzz-en-obtenant-le-droit-de-servir-de-lalcool\/#primaryimage\"},\"image\":{\"@id\":\"https:\/\/vosgesinfo.fr\/gerardmerinfo\/2024\/01\/dans-les-vosges-un-salon-de-coiffure-fait-le-buzz-en-obtenant-le-droit-de-servir-de-lalcool\/#primaryimage\"},\"thumbnailUrl\":\"https:\/\/vosgesinfo.fr\/app\/uploads\/sites\/6\/2024\/01\/le-studio-vittel.jpg\",\"datePublished\":\"2024-01-05T14:00:30+00:00\",\"dateModified\":\"2024-01-05T14:00:30+00:00\",\"breadcrumb\":{\"@id\":\"https:\/\/vosgesinfo.fr\/gerardmerinfo\/2024\/01\/dans-les-vosges-un-salon-de-coiffure-fait-le-buzz-en-obtenant-le-droit-de-servir-de-lalcool\/#breadcrumb\"},\"inLanguage\":\"fr-FR\",\"potentialAction\":[{\"@type\":\"ReadAction\",\"target\":[\"https:\/\/vosgesinfo.fr\/gerardmerinfo\/2024\/01\/dans-les-vosges-un-salon-de-coiffure-fait-le-buzz-en-obtenant-le-droit-de-servir-de-lalcool\/\"]}]},{\"@type\":\"ImageObject\",\"inLanguage\":\"fr-FR\",\"@id\":\"https:\/\/vosgesinfo.fr\/gerardmerinfo\/2024\/01\/dans-les-vosges-un-salon-de-coiffure-fait-le-buzz-en-obtenant-le-droit-de-servir-de-lalcool\/#primaryimage\",\"url\":\"https:\/\/vosgesinfo.fr\/app\/uploads\/sites\/6\/2024\/01\/le-studio-vittel.jpg\",\"contentUrl\":\"https:\/\/vosgesinfo.fr\/app\/uploads\/sites\/6\/2024\/01\/le-studio-vittel.jpg\",\"width\":800,\"height\":657},{\"@type\":\"BreadcrumbList\",\"@id\":\"https:\/\/vosgesinfo.fr\/gerardmerinfo\/2024\/01\/dans-les-vosges-un-salon-de-coiffure-fait-le-buzz-en-obtenant-le-droit-de-servir-de-lalcool\/#breadcrumb\",\"itemListElement\":[{\"@type\":\"ListItem\",\"position\":1,\"name\":\"Home\",\"item\":\"https:\/\/vosgesinfo.fr\/gerardmerinfo\/\"},{\"@type\":\"ListItem\",\"position\":2,\"name\":\"Dans les Vosges, un salon de coiffure fait le buzz en obtenant le droit de servir de l\u2019alcool\"}]},{\"@type\":\"WebSite\",\"@id\":\"https:\/\/vosgesinfo.fr\/gerardmerinfo\/#website\",\"url\":\"https:\/\/vosgesinfo.fr\/gerardmerinfo\/\",\"name\":\"Gerardmer Info\",\"description\":\"Toute l&#039;actualit\u00e9 de G\u00e9rardmer\",\"publisher\":{\"@id\":\"https:\/\/vosgesinfo.fr\/gerardmerinfo\/#organization\"},\"alternateName\":\"Toute l'actualit\u00e9 de G\u00e9rardmer\",\"potentialAction\":[{\"@type\":\"SearchAction\",\"target\":{\"@type\":\"EntryPoint\",\"urlTemplate\":\"https:\/\/vosgesinfo.fr\/gerardmerinfo\/?s={search_term_string}\"},\"query-input\":\"required name=search_term_string\"}],\"inLanguage\":\"fr-FR\"},{\"@type\":\"Organization\",\"@id\":\"https:\/\/vosgesinfo.fr\/gerardmerinfo\/#organization\",\"name\":\"Gerardmer Info\",\"url\":\"https:\/\/vosgesinfo.fr\/gerardmerinfo\/\",\"logo\":{\"@type\":\"ImageObject\",\"inLanguage\":\"fr-FR\",\"@id\":\"https:\/\/vosgesinfo.fr\/gerardmerinfo\/#\/schema\/logo\/image\/\",\"url\":\"https:\/\/vosgesinfo.fr\/app\/uploads\/sites\/6\/2023\/08\/favicon-gerardmerinfo.png\",\"contentUrl\":\"https:\/\/vosgesinfo.fr\/app\/uploads\/sites\/6\/2023\/08\/favicon-gerardmerinfo.png\",\"width\":512,\"height\":512,\"caption\":\"Gerardmer Info\"},\"image\":{\"@id\":\"https:\/\/vosgesinfo.fr\/gerardmerinfo\/#\/schema\/logo\/image\/\"},\"sameAs\":[\"https:\/\/www.facebook.com\/profile.php?id=100049475262660\",\"https:\/\/x.com\/VosgesInfo88\",\"https:\/\/www.youtube.com\/@vosgesinfo\"]},{\"@type\":\"Person\",\"@id\":\"https:\/\/vosgesinfo.fr\/gerardmerinfo\/#\/schema\/person\/bc5d02d71e6932e81b6dadb7386667b1\",\"name\":\"qs_admin\",\"image\":{\"@type\":\"ImageObject\",\"inLanguage\":\"fr-FR\",\"@id\":\"https:\/\/vosgesinfo.fr\/gerardmerinfo\/#\/schema\/person\/image\/\",\"url\":\"https:\/\/secure.gravatar.com\/avatar\/94b18ee0ed79e4a42ea2f2931277b6841a8999fc6fde214600c78057cf1fe1de?s=96&d=mm&r=g\",\"contentUrl\":\"https:\/\/secure.gravatar.com\/avatar\/94b18ee0ed79e4a42ea2f2931277b6841a8999fc6fde214600c78057cf1fe1de?s=96&d=mm&r=g\",\"caption\":\"qs_admin\"},\"sameAs\":[\"https:\/\/vosgesinfo.fr\/wp\"],\"url\":\"https:\/\/vosgesinfo.fr\/gerardmerinfo\/author\/qs_admin\/\"}]}<\/script>\n<!-- \/ Yoast SEO plugin. -->","yoast_head_json":{"title":"Dans les Vosges, un salon de coiffure fait le buzz en obtenant le droit de servir de l\u2019alcool - Gerardmer Info","robots":{"index":"index","follow":"follow","max-snippet":"max-snippet:-1","max-image-preview":"max-image-preview:large","max-video-preview":"max-video-preview:-1"},"canonical":"https:\/\/vosgesinfo.fr\/gerardmerinfo\/2024\/01\/dans-les-vosges-un-salon-de-coiffure-fait-le-buzz-en-obtenant-le-droit-de-servir-de-lalcool\/","twitter_card":"summary_large_image","twitter_title":"Dans les Vosges, un salon de coiffure fait le buzz en obtenant le droit de servir de l\u2019alcool - Gerardmer Info","twitter_description":"L\u2019id\u00e9e d\u00e9coiffe ! \u00c0 Vittel, un salon de coiffure vient d\u2019obtenir une Licence IV. Les deux propri\u00e9taires du salon de [&hellip;]","twitter_image":"https:\/\/vosgesinfo.fr\/app\/uploads\/sites\/6\/2024\/01\/le-studio-vittel.jpg","twitter_creator":"@VosgesInfo88","twitter_site":"@VosgesInfo88","twitter_misc":{"\u00c9crit par":"qs_admin","Dur\u00e9e de lecture estim\u00e9e":"1 minute"},"schema":{"@context":"https:\/\/schema.org","@graph":[{"@type":"Article","@id":"https:\/\/vosgesinfo.fr\/gerardmerinfo\/2024\/01\/dans-les-vosges-un-salon-de-coiffure-fait-le-buzz-en-obtenant-le-droit-de-servir-de-lalcool\/#article","isPartOf":{"@id":"https:\/\/vosgesinfo.fr\/gerardmerinfo\/2024\/01\/dans-les-vosges-un-salon-de-coiffure-fait-le-buzz-en-obtenant-le-droit-de-servir-de-lalcool\/"},"author":{"name":"qs_admin","@id":"https:\/\/vosgesinfo.fr\/gerardmerinfo\/#\/schema\/person\/bc5d02d71e6932e81b6dadb7386667b1"},"headline":"Dans les Vosges, un salon de coiffure fait le buzz en obtenant le droit de servir de l\u2019alcool","datePublished":"2024-01-05T14:00:30+00:00","dateModified":"2024-01-05T14:00:30+00:00","mainEntityOfPage":{"@id":"https:\/\/vosgesinfo.fr\/gerardmerinfo\/2024\/01\/dans-les-vosges-un-salon-de-coiffure-fait-le-buzz-en-obtenant-le-droit-de-servir-de-lalcool\/"},"wordCount":151,"commentCount":0,"publisher":{"@id":"https:\/\/vosgesinfo.fr\/gerardmerinfo\/#organization"},"image":{"@id":"https:\/\/vosgesinfo.fr\/gerardmerinfo\/2024\/01\/dans-les-vosges-un-salon-de-coiffure-fait-le-buzz-en-obtenant-le-droit-de-servir-de-lalcool\/#primaryimage"},"thumbnailUrl":"https:\/\/vosgesinfo.fr\/app\/uploads\/sites\/6\/2024\/01\/le-studio-vittel.jpg","articleSection":["A la une","Vosges"],"inLanguage":"fr-FR","potentialAction":[{"@type":"CommentAction","name":"Comment","target":["https:\/\/vosgesinfo.fr\/gerardmerinfo\/2024\/01\/dans-les-vosges-un-salon-de-coiffure-fait-le-buzz-en-obtenant-le-droit-de-servir-de-lalcool\/#respond"]}]},{"@type":"WebPage","@id":"https:\/\/vosgesinfo.fr\/gerardmerinfo\/2024\/01\/dans-les-vosges-un-salon-de-coiffure-fait-le-buzz-en-obtenant-le-droit-de-servir-de-lalcool\/","url":"https:\/\/vosgesinfo.fr\/gerardmerinfo\/2024\/01\/dans-les-vosges-un-salon-de-coiffure-fait-le-buzz-en-obtenant-le-droit-de-servir-de-lalcool\/","name":"Dans les Vosges, un salon de coiffure fait le buzz en obtenant le droit de servir de l\u2019alcool - Gerardmer Info","isPartOf":{"@id":"https:\/\/vosgesinfo.fr\/gerardmerinfo\/#website"},"primaryImageOfPage":{"@id":"https:\/\/vosgesinfo.fr\/gerardmerinfo\/2024\/01\/dans-les-vosges-un-salon-de-coiffure-fait-le-buzz-en-obtenant-le-droit-de-servir-de-lalcool\/#primaryimage"},"image":{"@id":"https:\/\/vosgesinfo.fr\/gerardmerinfo\/2024\/01\/dans-les-vosges-un-salon-de-coiffure-fait-le-buzz-en-obtenant-le-droit-de-servir-de-lalcool\/#primaryimage"},"thumbnailUrl":"https:\/\/vosgesinfo.fr\/app\/uploads\/sites\/6\/2024\/01\/le-studio-vittel.jpg","datePublished":"2024-01-05T14:00:30+00:00","dateModified":"2024-01-05T14:00:30+00:00","breadcrumb":{"@id":"https:\/\/vosgesinfo.fr\/gerardmerinfo\/2024\/01\/dans-les-vosges-un-salon-de-coiffure-fait-le-buzz-en-obtenant-le-droit-de-servir-de-lalcool\/#breadcrumb"},"inLanguage":"fr-FR","potentialAction":[{"@type":"ReadAction","target":["https:\/\/vosgesinfo.fr\/gerardmerinfo\/2024\/01\/dans-les-vosges-un-salon-de-coiffure-fait-le-buzz-en-obtenant-le-droit-de-servir-de-lalcool\/"]}]},{"@type":"ImageObject","inLanguage":"fr-FR","@id":"https:\/\/vosgesinfo.fr\/gerardmerinfo\/2024\/01\/dans-les-vosges-un-salon-de-coiffure-fait-le-buzz-en-obtenant-le-droit-de-servir-de-lalcool\/#primaryimage","url":"https:\/\/vosgesinfo.fr\/app\/uploads\/sites\/6\/2024\/01\/le-studio-vittel.jpg","contentUrl":"https:\/\/vosgesinfo.fr\/app\/uploads\/sites\/6\/2024\/01\/le-studio-vittel.jpg","width":800,"height":657},{"@type":"BreadcrumbList","@id":"https:\/\/vosgesinfo.fr\/gerardmerinfo\/2024\/01\/dans-les-vosges-un-salon-de-coiffure-fait-le-buzz-en-obtenant-le-droit-de-servir-de-lalcool\/#breadcrumb","itemListElement":[{"@type":"ListItem","position":1,"name":"Home","item":"https:\/\/vosgesinfo.fr\/gerardmerinfo\/"},{"@type":"ListItem","position":2,"name":"Dans les Vosges, un salon de coiffure fait le buzz en obtenant le droit de servir de l\u2019alcool"}]},{"@type":"WebSite","@id":"https:\/\/vosgesinfo.fr\/gerardmerinfo\/#website","url":"https:\/\/vosgesinfo.fr\/gerardmerinfo\/","name":"Gerardmer Info","description":"Toute l&#039;actualit\u00e9 de G\u00e9rardmer","publisher":{"@id":"https:\/\/vosgesinfo.fr\/gerardmerinfo\/#organization"},"alternateName":"Toute l'actualit\u00e9 de G\u00e9rardmer","potentialAction":[{"@type":"SearchAction","target":{"@type":"EntryPoint","urlTemplate":"https:\/\/vosgesinfo.fr\/gerardmerinfo\/?s={search_term_string}"},"query-input":"required name=search_term_string"}],"inLanguage":"fr-FR"},{"@type":"Organization","@id":"https:\/\/vosgesinfo.fr\/gerardmerinfo\/#organization","name":"Gerardmer Info","url":"https:\/\/vosgesinfo.fr\/gerardmerinfo\/","logo":{"@type":"ImageObject","inLanguage":"fr-FR","@id":"https:\/\/vosgesinfo.fr\/gerardmerinfo\/#\/schema\/logo\/image\/","url":"https:\/\/vosgesinfo.fr\/app\/uploads\/sites\/6\/2023\/08\/favicon-gerardmerinfo.png","contentUrl":"https:\/\/vosgesinfo.fr\/app\/uploads\/sites\/6\/2023\/08\/favicon-gerardmerinfo.png","width":512,"height":512,"caption":"Gerardmer Info"},"image":{"@id":"https:\/\/vosgesinfo.fr\/gerardmerinfo\/#\/schema\/logo\/image\/"},"sameAs":["https:\/\/www.facebook.com\/profile.php?id=100049475262660","https:\/\/x.com\/VosgesInfo88","https:\/\/www.youtube.com\/@vosgesinfo"]},{"@type":"Person","@id":"https:\/\/vosgesinfo.fr\/gerardmerinfo\/#\/schema\/person\/bc5d02d71e6932e81b6dadb7386667b1","name":"qs_admin","image":{"@type":"ImageObject","inLanguage":"fr-FR","@id":"https:\/\/vosgesinfo.fr\/gerardmerinfo\/#\/schema\/person\/image\/","url":"https:\/\/secure.gravatar.com\/avatar\/94b18ee0ed79e4a42ea2f2931277b6841a8999fc6fde214600c78057cf1fe1de?s=96&d=mm&r=g","contentUrl":"https:\/\/secure.gravatar.com\/avatar\/94b18ee0ed79e4a42ea2f2931277b6841a8999fc6fde214600c78057cf1fe1de?s=96&d=mm&r=g","caption":"qs_admin"},"sameAs":["https:\/\/vosgesinfo.fr\/wp"],"url":"https:\/\/vosgesinfo.fr\/gerardmerinfo\/author\/qs_admin\/"}]}},"_links":{"self":[{"href":"https:\/\/vosgesinfo.fr\/gerardmerinfo\/wp-json\/wp\/v2\/posts\/512","targetHints":{"allow":["GET"]}}],"collection":[{"href":"https:\/\/vosgesinfo.fr\/gerardmerinfo\/wp-json\/wp\/v2\/posts"}],"about":[{"href":"https:\/\/vosgesinfo.fr\/gerardmerinfo\/wp-json\/wp\/v2\/types\/post"}],"author":[{"embeddable":true,"href":"https:\/\/vosgesinfo.fr\/gerardmerinfo\/wp-json\/wp\/v2\/users\/1"}],"replies":[{"embeddable":true,"href":"https:\/\/vosgesinfo.fr\/gerardmerinfo\/wp-json\/wp\/v2\/comments?post=512"}],"version-history":[{"count":0,"href":"https:\/\/vosgesinfo.fr\/gerardmerinfo\/wp-json\/wp\/v2\/posts\/512\/revisions"}],"wp:featuredmedia":[{"embeddable":true,"href":"https:\/\/vosgesinfo.fr\/gerardmerinfo\/wp-json\/wp\/v2\/media\/513"}],"wp:attachment":[{"href":"https:\/\/vosgesinfo.fr\/gerardmerinfo\/wp-json\/wp\/v2\/media?parent=512"}],"wp:term":[{"taxonomy":"category","embeddable":true,"href":"https:\/\/vosgesinfo.fr\/gerardmerinfo\/wp-json\/wp\/v2\/categories?post=512"},{"taxonomy":"post_tag","embeddable":true,"href":"https:\/\/vosgesinfo.fr\/gerardmerinfo\/wp-json\/wp\/v2\/tags?post=512"}],"curies":[{"name":"wp","href":"https:\/\/api.w.org\/{rel}","templated":true}]}}