{"id":51459,"date":"2021-01-13T20:15:44","date_gmt":"2021-01-13T19:15:44","guid":{"rendered":"https:\/\/vosgesinfo.fr\/gerardmerinfo\/2021\/01\/alerte-meteo-passage-vigilance-orange-neige-verglas-conditions-de-circulation\/"},"modified":"2021-01-13T20:15:44","modified_gmt":"2021-01-13T19:15:44","slug":"alerte-meteo-passage-vigilance-orange-neige-verglas-conditions-de-circulation","status":"publish","type":"post","link":"https:\/\/vosgesinfo.fr\/gerardmerinfo\/2021\/01\/alerte-meteo-passage-vigilance-orange-neige-verglas-conditions-de-circulation\/","title":{"rendered":"Alerte m\u00e9t\u00e9o : passage en vigilance orange neige-verglas Conditions de circulation"},"content":{"rendered":"<h3>En raison de pr\u00e9vision de chutes de neige attendues, M\u00e9t\u00e9o France a plac\u00e9 le d\u00e9partement des Vosges en alerte m\u00e9t\u00e9o orange (neige-verglas) \u00e0 compter de demain 6 heures. Des chutes de neige abondantes sont attendues m\u00eame en plaine.<\/h3>\n<p>Ces chutes de neige ou de pluies vergla\u00e7antes peuvent entra\u00eener des difficult\u00e9s pour la circulation<br \/>\nrouti\u00e8re. C\u2019est pourquoi, Josiane Chevalier, Pr\u00e9f\u00e8te de la Zone de D\u00e9fense Est a pris un certain nombre<br \/>\nde mesures pour r\u00e9glementer la circulation sur les axes routiers nationaux dans le d\u00e9partement.<br \/>\nLes mesures suivantes prennent effet \u00e0 compter du jeudi 14 janvier 2021 \u00e0 5h00 :<br \/>\n\u2022 Les v\u00e9hicules et ensembles de v\u00e9hicules de plus de 3,5 tonnes de PTAC, affect\u00e9s au transport<br \/>\nde personnes et de marchandises ne sont pas autoris\u00e9s \u00e0 effectuer des manoeuvres de<br \/>\nd\u00e9passement ou de changement de files sur tous les axes du r\u00e9seau routier national<br \/>\n(autoroutes et routes nationales) dans le d\u00e9partement ;<br \/>\n\u2022 La vitesse maximale autoris\u00e9e des v\u00e9hicules et ensembles de v\u00e9hicules de plus de 3,5 tonnes<br \/>\nde PTAC, affect\u00e9s au transport de personnes et de marchandises, est limit\u00e9e \u00e0 70 km\/h, sans<br \/>\npr\u00e9judice de limitations de vitesse plus restrictives sur les axes du r\u00e9seau routier national dans<br \/>\nle d\u00e9partement.<\/p>\n<h4>\nYves S\u00e9guy, pr\u00e9fet des Vosges, appelle donc \u00e0 la vigilance de chacun et rappelle les conseils suivants :<\/h4>\n<p>Soyez prudents et vigilants si vous devez vous d\u00e9placer<br \/>\nRenseignez-vous sur les conditions de circulation routi\u00e8re<br \/>\nPr\u00e9parez votre d\u00e9placement et votre itin\u00e9raire<br \/>\nRespectez les restrictions de circulation et d\u00e9viations mises en place<br \/>\nFacilitez le passage des engins de d\u00e9gagement des routes et autoroutes en particulier en stationnant votre v\u00e9hicule en dehors des voies de circulation.<\/p>\n","protected":false},"excerpt":{"rendered":"<p>En raison de pr\u00e9vision de chutes de neige attendues, M\u00e9t\u00e9o France a plac\u00e9 le d\u00e9partement des Vosges en alerte m\u00e9t\u00e9o [&hellip;]<\/p>\n","protected":false},"author":1,"featured_media":51460,"comment_status":"open","ping_status":"open","sticky":false,"template":"","format":"standard","meta":{"footnotes":""},"categories":[20,18],"tags":[],"class_list":["post-51459","post","type-post","status-publish","format-standard","has-post-thumbnail","hentry","category-a-la-une","category-vosges"],"acf":[],"yoast_head":"<!-- This site is optimized with the Yoast SEO plugin v22.5 - https:\/\/yoast.com\/wordpress\/plugins\/seo\/ -->\n<title>Alerte m\u00e9t\u00e9o : passage en vigilance orange neige-verglas Conditions de circulation - Gerardmer Info<\/title>\n<meta name=\"robots\" content=\"index, follow, max-snippet:-1, max-image-preview:large, max-video-preview:-1\" \/>\n<link rel=\"canonical\" href=\"https:\/\/vosgesinfo.fr\/gerardmerinfo\/2021\/01\/alerte-meteo-passage-vigilance-orange-neige-verglas-conditions-de-circulation\/\" \/>\n<meta name=\"twitter:card\" content=\"summary_large_image\" \/>\n<meta name=\"twitter:title\" content=\"Alerte m\u00e9t\u00e9o : passage en vigilance orange neige-verglas Conditions de circulation - Gerardmer Info\" \/>\n<meta name=\"twitter:description\" content=\"En raison de pr\u00e9vision de chutes de neige attendues, M\u00e9t\u00e9o France a plac\u00e9 le d\u00e9partement des Vosges en alerte m\u00e9t\u00e9o [&hellip;]\" \/>\n<meta name=\"twitter:image\" content=\"https:\/\/vosgesinfo.fr\/app\/uploads\/sites\/6\/2024\/07\/201602col-vosges-neige-route-3.jpg\" \/>\n<meta name=\"twitter:creator\" content=\"@VosgesInfo88\" \/>\n<meta name=\"twitter:site\" content=\"@VosgesInfo88\" \/>\n<meta name=\"twitter:label1\" content=\"\u00c9crit par\" \/>\n\t<meta name=\"twitter:data1\" content=\"qs_admin\" \/>\n\t<meta name=\"twitter:label2\" content=\"Dur\u00e9e de lecture estim\u00e9e\" \/>\n\t<meta name=\"twitter:data2\" content=\"2 minutes\" \/>\n<script type=\"application\/ld+json\" class=\"yoast-schema-graph\">{\"@context\":\"https:\/\/schema.org\",\"@graph\":[{\"@type\":\"Article\",\"@id\":\"https:\/\/vosgesinfo.fr\/gerardmerinfo\/2021\/01\/alerte-meteo-passage-vigilance-orange-neige-verglas-conditions-de-circulation\/#article\",\"isPartOf\":{\"@id\":\"https:\/\/vosgesinfo.fr\/gerardmerinfo\/2021\/01\/alerte-meteo-passage-vigilance-orange-neige-verglas-conditions-de-circulation\/\"},\"author\":{\"name\":\"qs_admin\",\"@id\":\"https:\/\/vosgesinfo.fr\/gerardmerinfo\/#\/schema\/person\/bc5d02d71e6932e81b6dadb7386667b1\"},\"headline\":\"Alerte m\u00e9t\u00e9o : passage en vigilance orange neige-verglas Conditions de circulation\",\"datePublished\":\"2021-01-13T19:15:44+00:00\",\"dateModified\":\"2021-01-13T19:15:44+00:00\",\"mainEntityOfPage\":{\"@id\":\"https:\/\/vosgesinfo.fr\/gerardmerinfo\/2021\/01\/alerte-meteo-passage-vigilance-orange-neige-verglas-conditions-de-circulation\/\"},\"wordCount\":312,\"commentCount\":0,\"publisher\":{\"@id\":\"https:\/\/vosgesinfo.fr\/gerardmerinfo\/#organization\"},\"image\":{\"@id\":\"https:\/\/vosgesinfo.fr\/gerardmerinfo\/2021\/01\/alerte-meteo-passage-vigilance-orange-neige-verglas-conditions-de-circulation\/#primaryimage\"},\"thumbnailUrl\":\"https:\/\/vosgesinfo.fr\/app\/uploads\/sites\/6\/2024\/07\/201602col-vosges-neige-route-3.jpg\",\"articleSection\":[\"A la une\",\"Vosges\"],\"inLanguage\":\"fr-FR\",\"potentialAction\":[{\"@type\":\"CommentAction\",\"name\":\"Comment\",\"target\":[\"https:\/\/vosgesinfo.fr\/gerardmerinfo\/2021\/01\/alerte-meteo-passage-vigilance-orange-neige-verglas-conditions-de-circulation\/#respond\"]}]},{\"@type\":\"WebPage\",\"@id\":\"https:\/\/vosgesinfo.fr\/gerardmerinfo\/2021\/01\/alerte-meteo-passage-vigilance-orange-neige-verglas-conditions-de-circulation\/\",\"url\":\"https:\/\/vosgesinfo.fr\/gerardmerinfo\/2021\/01\/alerte-meteo-passage-vigilance-orange-neige-verglas-conditions-de-circulation\/\",\"name\":\"Alerte m\u00e9t\u00e9o : passage en vigilance orange neige-verglas Conditions de circulation - Gerardmer Info\",\"isPartOf\":{\"@id\":\"https:\/\/vosgesinfo.fr\/gerardmerinfo\/#website\"},\"primaryImageOfPage\":{\"@id\":\"https:\/\/vosgesinfo.fr\/gerardmerinfo\/2021\/01\/alerte-meteo-passage-vigilance-orange-neige-verglas-conditions-de-circulation\/#primaryimage\"},\"image\":{\"@id\":\"https:\/\/vosgesinfo.fr\/gerardmerinfo\/2021\/01\/alerte-meteo-passage-vigilance-orange-neige-verglas-conditions-de-circulation\/#primaryimage\"},\"thumbnailUrl\":\"https:\/\/vosgesinfo.fr\/app\/uploads\/sites\/6\/2024\/07\/201602col-vosges-neige-route-3.jpg\",\"datePublished\":\"2021-01-13T19:15:44+00:00\",\"dateModified\":\"2021-01-13T19:15:44+00:00\",\"breadcrumb\":{\"@id\":\"https:\/\/vosgesinfo.fr\/gerardmerinfo\/2021\/01\/alerte-meteo-passage-vigilance-orange-neige-verglas-conditions-de-circulation\/#breadcrumb\"},\"inLanguage\":\"fr-FR\",\"potentialAction\":[{\"@type\":\"ReadAction\",\"target\":[\"https:\/\/vosgesinfo.fr\/gerardmerinfo\/2021\/01\/alerte-meteo-passage-vigilance-orange-neige-verglas-conditions-de-circulation\/\"]}]},{\"@type\":\"ImageObject\",\"inLanguage\":\"fr-FR\",\"@id\":\"https:\/\/vosgesinfo.fr\/gerardmerinfo\/2021\/01\/alerte-meteo-passage-vigilance-orange-neige-verglas-conditions-de-circulation\/#primaryimage\",\"url\":\"https:\/\/vosgesinfo.fr\/app\/uploads\/sites\/6\/2024\/07\/201602col-vosges-neige-route-3.jpg\",\"contentUrl\":\"https:\/\/vosgesinfo.fr\/app\/uploads\/sites\/6\/2024\/07\/201602col-vosges-neige-route-3.jpg\",\"width\":1024,\"height\":768},{\"@type\":\"BreadcrumbList\",\"@id\":\"https:\/\/vosgesinfo.fr\/gerardmerinfo\/2021\/01\/alerte-meteo-passage-vigilance-orange-neige-verglas-conditions-de-circulation\/#breadcrumb\",\"itemListElement\":[{\"@type\":\"ListItem\",\"position\":1,\"name\":\"Home\",\"item\":\"https:\/\/vosgesinfo.fr\/gerardmerinfo\/\"},{\"@type\":\"ListItem\",\"position\":2,\"name\":\"Alerte m\u00e9t\u00e9o : passage en vigilance orange neige-verglas Conditions de circulation\"}]},{\"@type\":\"WebSite\",\"@id\":\"https:\/\/vosgesinfo.fr\/gerardmerinfo\/#website\",\"url\":\"https:\/\/vosgesinfo.fr\/gerardmerinfo\/\",\"name\":\"Gerardmer Info\",\"description\":\"Toute l&#039;actualit\u00e9 de G\u00e9rardmer\",\"publisher\":{\"@id\":\"https:\/\/vosgesinfo.fr\/gerardmerinfo\/#organization\"},\"alternateName\":\"Toute l'actualit\u00e9 de G\u00e9rardmer\",\"potentialAction\":[{\"@type\":\"SearchAction\",\"target\":{\"@type\":\"EntryPoint\",\"urlTemplate\":\"https:\/\/vosgesinfo.fr\/gerardmerinfo\/?s={search_term_string}\"},\"query-input\":\"required name=search_term_string\"}],\"inLanguage\":\"fr-FR\"},{\"@type\":\"Organization\",\"@id\":\"https:\/\/vosgesinfo.fr\/gerardmerinfo\/#organization\",\"name\":\"Gerardmer Info\",\"url\":\"https:\/\/vosgesinfo.fr\/gerardmerinfo\/\",\"logo\":{\"@type\":\"ImageObject\",\"inLanguage\":\"fr-FR\",\"@id\":\"https:\/\/vosgesinfo.fr\/gerardmerinfo\/#\/schema\/logo\/image\/\",\"url\":\"https:\/\/vosgesinfo.fr\/app\/uploads\/sites\/6\/2023\/08\/favicon-gerardmerinfo.png\",\"contentUrl\":\"https:\/\/vosgesinfo.fr\/app\/uploads\/sites\/6\/2023\/08\/favicon-gerardmerinfo.png\",\"width\":512,\"height\":512,\"caption\":\"Gerardmer Info\"},\"image\":{\"@id\":\"https:\/\/vosgesinfo.fr\/gerardmerinfo\/#\/schema\/logo\/image\/\"},\"sameAs\":[\"https:\/\/www.facebook.com\/profile.php?id=100049475262660\",\"https:\/\/x.com\/VosgesInfo88\",\"https:\/\/www.youtube.com\/@vosgesinfo\"]},{\"@type\":\"Person\",\"@id\":\"https:\/\/vosgesinfo.fr\/gerardmerinfo\/#\/schema\/person\/bc5d02d71e6932e81b6dadb7386667b1\",\"name\":\"qs_admin\",\"image\":{\"@type\":\"ImageObject\",\"inLanguage\":\"fr-FR\",\"@id\":\"https:\/\/vosgesinfo.fr\/gerardmerinfo\/#\/schema\/person\/image\/\",\"url\":\"https:\/\/secure.gravatar.com\/avatar\/94b18ee0ed79e4a42ea2f2931277b6841a8999fc6fde214600c78057cf1fe1de?s=96&d=mm&r=g\",\"contentUrl\":\"https:\/\/secure.gravatar.com\/avatar\/94b18ee0ed79e4a42ea2f2931277b6841a8999fc6fde214600c78057cf1fe1de?s=96&d=mm&r=g\",\"caption\":\"qs_admin\"},\"sameAs\":[\"https:\/\/vosgesinfo.fr\/wp\"],\"url\":\"https:\/\/vosgesinfo.fr\/gerardmerinfo\/author\/qs_admin\/\"}]}<\/script>\n<!-- \/ Yoast SEO plugin. -->","yoast_head_json":{"title":"Alerte m\u00e9t\u00e9o : passage en vigilance orange neige-verglas Conditions de circulation - Gerardmer Info","robots":{"index":"index","follow":"follow","max-snippet":"max-snippet:-1","max-image-preview":"max-image-preview:large","max-video-preview":"max-video-preview:-1"},"canonical":"https:\/\/vosgesinfo.fr\/gerardmerinfo\/2021\/01\/alerte-meteo-passage-vigilance-orange-neige-verglas-conditions-de-circulation\/","twitter_card":"summary_large_image","twitter_title":"Alerte m\u00e9t\u00e9o : passage en vigilance orange neige-verglas Conditions de circulation - Gerardmer Info","twitter_description":"En raison de pr\u00e9vision de chutes de neige attendues, M\u00e9t\u00e9o France a plac\u00e9 le d\u00e9partement des Vosges en alerte m\u00e9t\u00e9o [&hellip;]","twitter_image":"https:\/\/vosgesinfo.fr\/app\/uploads\/sites\/6\/2024\/07\/201602col-vosges-neige-route-3.jpg","twitter_creator":"@VosgesInfo88","twitter_site":"@VosgesInfo88","twitter_misc":{"\u00c9crit par":"qs_admin","Dur\u00e9e de lecture estim\u00e9e":"2 minutes"},"schema":{"@context":"https:\/\/schema.org","@graph":[{"@type":"Article","@id":"https:\/\/vosgesinfo.fr\/gerardmerinfo\/2021\/01\/alerte-meteo-passage-vigilance-orange-neige-verglas-conditions-de-circulation\/#article","isPartOf":{"@id":"https:\/\/vosgesinfo.fr\/gerardmerinfo\/2021\/01\/alerte-meteo-passage-vigilance-orange-neige-verglas-conditions-de-circulation\/"},"author":{"name":"qs_admin","@id":"https:\/\/vosgesinfo.fr\/gerardmerinfo\/#\/schema\/person\/bc5d02d71e6932e81b6dadb7386667b1"},"headline":"Alerte m\u00e9t\u00e9o : passage en vigilance orange neige-verglas Conditions de circulation","datePublished":"2021-01-13T19:15:44+00:00","dateModified":"2021-01-13T19:15:44+00:00","mainEntityOfPage":{"@id":"https:\/\/vosgesinfo.fr\/gerardmerinfo\/2021\/01\/alerte-meteo-passage-vigilance-orange-neige-verglas-conditions-de-circulation\/"},"wordCount":312,"commentCount":0,"publisher":{"@id":"https:\/\/vosgesinfo.fr\/gerardmerinfo\/#organization"},"image":{"@id":"https:\/\/vosgesinfo.fr\/gerardmerinfo\/2021\/01\/alerte-meteo-passage-vigilance-orange-neige-verglas-conditions-de-circulation\/#primaryimage"},"thumbnailUrl":"https:\/\/vosgesinfo.fr\/app\/uploads\/sites\/6\/2024\/07\/201602col-vosges-neige-route-3.jpg","articleSection":["A la une","Vosges"],"inLanguage":"fr-FR","potentialAction":[{"@type":"CommentAction","name":"Comment","target":["https:\/\/vosgesinfo.fr\/gerardmerinfo\/2021\/01\/alerte-meteo-passage-vigilance-orange-neige-verglas-conditions-de-circulation\/#respond"]}]},{"@type":"WebPage","@id":"https:\/\/vosgesinfo.fr\/gerardmerinfo\/2021\/01\/alerte-meteo-passage-vigilance-orange-neige-verglas-conditions-de-circulation\/","url":"https:\/\/vosgesinfo.fr\/gerardmerinfo\/2021\/01\/alerte-meteo-passage-vigilance-orange-neige-verglas-conditions-de-circulation\/","name":"Alerte m\u00e9t\u00e9o : passage en vigilance orange neige-verglas Conditions de circulation - Gerardmer Info","isPartOf":{"@id":"https:\/\/vosgesinfo.fr\/gerardmerinfo\/#website"},"primaryImageOfPage":{"@id":"https:\/\/vosgesinfo.fr\/gerardmerinfo\/2021\/01\/alerte-meteo-passage-vigilance-orange-neige-verglas-conditions-de-circulation\/#primaryimage"},"image":{"@id":"https:\/\/vosgesinfo.fr\/gerardmerinfo\/2021\/01\/alerte-meteo-passage-vigilance-orange-neige-verglas-conditions-de-circulation\/#primaryimage"},"thumbnailUrl":"https:\/\/vosgesinfo.fr\/app\/uploads\/sites\/6\/2024\/07\/201602col-vosges-neige-route-3.jpg","datePublished":"2021-01-13T19:15:44+00:00","dateModified":"2021-01-13T19:15:44+00:00","breadcrumb":{"@id":"https:\/\/vosgesinfo.fr\/gerardmerinfo\/2021\/01\/alerte-meteo-passage-vigilance-orange-neige-verglas-conditions-de-circulation\/#breadcrumb"},"inLanguage":"fr-FR","potentialAction":[{"@type":"ReadAction","target":["https:\/\/vosgesinfo.fr\/gerardmerinfo\/2021\/01\/alerte-meteo-passage-vigilance-orange-neige-verglas-conditions-de-circulation\/"]}]},{"@type":"ImageObject","inLanguage":"fr-FR","@id":"https:\/\/vosgesinfo.fr\/gerardmerinfo\/2021\/01\/alerte-meteo-passage-vigilance-orange-neige-verglas-conditions-de-circulation\/#primaryimage","url":"https:\/\/vosgesinfo.fr\/app\/uploads\/sites\/6\/2024\/07\/201602col-vosges-neige-route-3.jpg","contentUrl":"https:\/\/vosgesinfo.fr\/app\/uploads\/sites\/6\/2024\/07\/201602col-vosges-neige-route-3.jpg","width":1024,"height":768},{"@type":"BreadcrumbList","@id":"https:\/\/vosgesinfo.fr\/gerardmerinfo\/2021\/01\/alerte-meteo-passage-vigilance-orange-neige-verglas-conditions-de-circulation\/#breadcrumb","itemListElement":[{"@type":"ListItem","position":1,"name":"Home","item":"https:\/\/vosgesinfo.fr\/gerardmerinfo\/"},{"@type":"ListItem","position":2,"name":"Alerte m\u00e9t\u00e9o : passage en vigilance orange neige-verglas Conditions de circulation"}]},{"@type":"WebSite","@id":"https:\/\/vosgesinfo.fr\/gerardmerinfo\/#website","url":"https:\/\/vosgesinfo.fr\/gerardmerinfo\/","name":"Gerardmer Info","description":"Toute l&#039;actualit\u00e9 de G\u00e9rardmer","publisher":{"@id":"https:\/\/vosgesinfo.fr\/gerardmerinfo\/#organization"},"alternateName":"Toute l'actualit\u00e9 de G\u00e9rardmer","potentialAction":[{"@type":"SearchAction","target":{"@type":"EntryPoint","urlTemplate":"https:\/\/vosgesinfo.fr\/gerardmerinfo\/?s={search_term_string}"},"query-input":"required name=search_term_string"}],"inLanguage":"fr-FR"},{"@type":"Organization","@id":"https:\/\/vosgesinfo.fr\/gerardmerinfo\/#organization","name":"Gerardmer Info","url":"https:\/\/vosgesinfo.fr\/gerardmerinfo\/","logo":{"@type":"ImageObject","inLanguage":"fr-FR","@id":"https:\/\/vosgesinfo.fr\/gerardmerinfo\/#\/schema\/logo\/image\/","url":"https:\/\/vosgesinfo.fr\/app\/uploads\/sites\/6\/2023\/08\/favicon-gerardmerinfo.png","contentUrl":"https:\/\/vosgesinfo.fr\/app\/uploads\/sites\/6\/2023\/08\/favicon-gerardmerinfo.png","width":512,"height":512,"caption":"Gerardmer Info"},"image":{"@id":"https:\/\/vosgesinfo.fr\/gerardmerinfo\/#\/schema\/logo\/image\/"},"sameAs":["https:\/\/www.facebook.com\/profile.php?id=100049475262660","https:\/\/x.com\/VosgesInfo88","https:\/\/www.youtube.com\/@vosgesinfo"]},{"@type":"Person","@id":"https:\/\/vosgesinfo.fr\/gerardmerinfo\/#\/schema\/person\/bc5d02d71e6932e81b6dadb7386667b1","name":"qs_admin","image":{"@type":"ImageObject","inLanguage":"fr-FR","@id":"https:\/\/vosgesinfo.fr\/gerardmerinfo\/#\/schema\/person\/image\/","url":"https:\/\/secure.gravatar.com\/avatar\/94b18ee0ed79e4a42ea2f2931277b6841a8999fc6fde214600c78057cf1fe1de?s=96&d=mm&r=g","contentUrl":"https:\/\/secure.gravatar.com\/avatar\/94b18ee0ed79e4a42ea2f2931277b6841a8999fc6fde214600c78057cf1fe1de?s=96&d=mm&r=g","caption":"qs_admin"},"sameAs":["https:\/\/vosgesinfo.fr\/wp"],"url":"https:\/\/vosgesinfo.fr\/gerardmerinfo\/author\/qs_admin\/"}]}},"_links":{"self":[{"href":"https:\/\/vosgesinfo.fr\/gerardmerinfo\/wp-json\/wp\/v2\/posts\/51459","targetHints":{"allow":["GET"]}}],"collection":[{"href":"https:\/\/vosgesinfo.fr\/gerardmerinfo\/wp-json\/wp\/v2\/posts"}],"about":[{"href":"https:\/\/vosgesinfo.fr\/gerardmerinfo\/wp-json\/wp\/v2\/types\/post"}],"author":[{"embeddable":true,"href":"https:\/\/vosgesinfo.fr\/gerardmerinfo\/wp-json\/wp\/v2\/users\/1"}],"replies":[{"embeddable":true,"href":"https:\/\/vosgesinfo.fr\/gerardmerinfo\/wp-json\/wp\/v2\/comments?post=51459"}],"version-history":[{"count":0,"href":"https:\/\/vosgesinfo.fr\/gerardmerinfo\/wp-json\/wp\/v2\/posts\/51459\/revisions"}],"wp:featuredmedia":[{"embeddable":true,"href":"https:\/\/vosgesinfo.fr\/gerardmerinfo\/wp-json\/wp\/v2\/media\/51460"}],"wp:attachment":[{"href":"https:\/\/vosgesinfo.fr\/gerardmerinfo\/wp-json\/wp\/v2\/media?parent=51459"}],"wp:term":[{"taxonomy":"category","embeddable":true,"href":"https:\/\/vosgesinfo.fr\/gerardmerinfo\/wp-json\/wp\/v2\/categories?post=51459"},{"taxonomy":"post_tag","embeddable":true,"href":"https:\/\/vosgesinfo.fr\/gerardmerinfo\/wp-json\/wp\/v2\/tags?post=51459"}],"curies":[{"name":"wp","href":"https:\/\/api.w.org\/{rel}","templated":true}]}}