{"id":51596,"date":"2021-01-22T07:55:13","date_gmt":"2021-01-22T06:55:13","guid":{"rendered":"https:\/\/vosgesinfo.fr\/gerardmerinfo\/2021\/01\/louverture-centre-de-vaccination-de-gerardmer-fixee-27-janvier\/"},"modified":"2021-01-22T07:55:13","modified_gmt":"2021-01-22T06:55:13","slug":"louverture-centre-de-vaccination-de-gerardmer-fixee-27-janvier","status":"publish","type":"post","link":"https:\/\/vosgesinfo.fr\/gerardmerinfo\/2021\/01\/louverture-centre-de-vaccination-de-gerardmer-fixee-27-janvier\/","title":{"rendered":"L\u2019ouverture du centre de vaccination de G\u00e9rardmer est fix\u00e9e au 27 janvier."},"content":{"rendered":"<ul>\n<li>En raison d\u2019un d\u00e9calage des livraisons, les rendez-vous de vaccination pr\u00e9vus lundi 25 et mardi 26 janvier sur les centres d\u2019Epinal, Remiremont et Mirecourt, sont report\u00e9s au jeudi 28 et au vendredi 29 de la m\u00eame semaine. L\u2019horaire est inchang\u00e9. Ces reports de rdv n\u2019ont aucune incidence sur les rdv d\u00e9j\u00e0 fix\u00e9s les 28 et 29 janvier (doublement de la capacit\u00e9 de vaccination sur ces deux jours, gr\u00e2ce \u00e0 la mobilisation g\u00e9n\u00e9rale des personnels hospitaliers).<\/li>\n<li>Les centres de Saint-Di\u00e9 et Neufch\u00e2teau* seront ouverts lundi 25 et fermeront mardi 26 et mercredi 27. Le report des rendez-vous se fera sur le jeudi 28 et le vendredi 29 (les patients seront contact\u00e9s directement).<\/li>\n<li>L\u2019ouverture des centres de vaccination d\u2019Epinal (Centre des Congr\u00e8s) et G\u00e9rardmer est fix\u00e9e au 27 janvier.<\/li>\n<li>Le centre de vaccination de Vittel ouvrira le 1er f\u00e9vrier.<\/li>\n<\/ul>\n<p>IMPORTANT\u00a0: Seuls les habitants du d\u00e9partement des Vosges sont autoris\u00e9s \u00e0 prendre rendez-vous dans ces centres de vaccination.<\/p>\n<p>Cette mesure a pour objectif de permettre un approvisionnement optimal des centres de vaccination.<\/p>\n","protected":false},"excerpt":{"rendered":"<p>En raison d\u2019un d\u00e9calage des livraisons, les rendez-vous de vaccination pr\u00e9vus lundi 25 et mardi 26 janvier sur les centres [&hellip;]<\/p>\n","protected":false},"author":1,"featured_media":51597,"comment_status":"open","ping_status":"open","sticky":false,"template":"","format":"standard","meta":{"footnotes":""},"categories":[20,12,18],"tags":[],"class_list":["post-51596","post","type-post","status-publish","format-standard","has-post-thumbnail","hentry","category-a-la-une","category-sante","category-vosges"],"acf":[],"yoast_head":"<!-- This site is optimized with the Yoast SEO plugin v22.5 - https:\/\/yoast.com\/wordpress\/plugins\/seo\/ -->\n<title>L\u2019ouverture du centre de vaccination de G\u00e9rardmer est fix\u00e9e au 27 janvier. - Gerardmer Info<\/title>\n<meta name=\"robots\" content=\"index, follow, max-snippet:-1, max-image-preview:large, max-video-preview:-1\" \/>\n<link rel=\"canonical\" href=\"https:\/\/vosgesinfo.fr\/gerardmerinfo\/2021\/01\/louverture-centre-de-vaccination-de-gerardmer-fixee-27-janvier\/\" \/>\n<meta name=\"twitter:card\" content=\"summary_large_image\" \/>\n<meta name=\"twitter:title\" content=\"L\u2019ouverture du centre de vaccination de G\u00e9rardmer est fix\u00e9e au 27 janvier. - Gerardmer Info\" \/>\n<meta name=\"twitter:description\" content=\"En raison d\u2019un d\u00e9calage des livraisons, les rendez-vous de vaccination pr\u00e9vus lundi 25 et mardi 26 janvier sur les centres [&hellip;]\" \/>\n<meta name=\"twitter:image\" content=\"https:\/\/vosgesinfo.fr\/app\/uploads\/sites\/6\/2024\/07\/2021011009-3.jpg\" \/>\n<meta name=\"twitter:creator\" content=\"@VosgesInfo88\" \/>\n<meta name=\"twitter:site\" content=\"@VosgesInfo88\" \/>\n<meta name=\"twitter:label1\" content=\"\u00c9crit par\" \/>\n\t<meta name=\"twitter:data1\" content=\"qs_admin\" \/>\n\t<meta name=\"twitter:label2\" content=\"Dur\u00e9e de lecture estim\u00e9e\" \/>\n\t<meta name=\"twitter:data2\" content=\"1 minute\" \/>\n<script type=\"application\/ld+json\" class=\"yoast-schema-graph\">{\"@context\":\"https:\/\/schema.org\",\"@graph\":[{\"@type\":\"Article\",\"@id\":\"https:\/\/vosgesinfo.fr\/gerardmerinfo\/2021\/01\/louverture-centre-de-vaccination-de-gerardmer-fixee-27-janvier\/#article\",\"isPartOf\":{\"@id\":\"https:\/\/vosgesinfo.fr\/gerardmerinfo\/2021\/01\/louverture-centre-de-vaccination-de-gerardmer-fixee-27-janvier\/\"},\"author\":{\"name\":\"qs_admin\",\"@id\":\"https:\/\/vosgesinfo.fr\/gerardmerinfo\/#\/schema\/person\/bc5d02d71e6932e81b6dadb7386667b1\"},\"headline\":\"L\u2019ouverture du centre de vaccination de G\u00e9rardmer est fix\u00e9e au 27 janvier.\",\"datePublished\":\"2021-01-22T06:55:13+00:00\",\"dateModified\":\"2021-01-22T06:55:13+00:00\",\"mainEntityOfPage\":{\"@id\":\"https:\/\/vosgesinfo.fr\/gerardmerinfo\/2021\/01\/louverture-centre-de-vaccination-de-gerardmer-fixee-27-janvier\/\"},\"wordCount\":192,\"commentCount\":0,\"publisher\":{\"@id\":\"https:\/\/vosgesinfo.fr\/gerardmerinfo\/#organization\"},\"image\":{\"@id\":\"https:\/\/vosgesinfo.fr\/gerardmerinfo\/2021\/01\/louverture-centre-de-vaccination-de-gerardmer-fixee-27-janvier\/#primaryimage\"},\"thumbnailUrl\":\"https:\/\/vosgesinfo.fr\/app\/uploads\/sites\/6\/2024\/07\/2021011009-3.jpg\",\"articleSection\":[\"A la une\",\"Sant\u00e9\",\"Vosges\"],\"inLanguage\":\"fr-FR\",\"potentialAction\":[{\"@type\":\"CommentAction\",\"name\":\"Comment\",\"target\":[\"https:\/\/vosgesinfo.fr\/gerardmerinfo\/2021\/01\/louverture-centre-de-vaccination-de-gerardmer-fixee-27-janvier\/#respond\"]}]},{\"@type\":\"WebPage\",\"@id\":\"https:\/\/vosgesinfo.fr\/gerardmerinfo\/2021\/01\/louverture-centre-de-vaccination-de-gerardmer-fixee-27-janvier\/\",\"url\":\"https:\/\/vosgesinfo.fr\/gerardmerinfo\/2021\/01\/louverture-centre-de-vaccination-de-gerardmer-fixee-27-janvier\/\",\"name\":\"L\u2019ouverture du centre de vaccination de G\u00e9rardmer est fix\u00e9e au 27 janvier. - Gerardmer Info\",\"isPartOf\":{\"@id\":\"https:\/\/vosgesinfo.fr\/gerardmerinfo\/#website\"},\"primaryImageOfPage\":{\"@id\":\"https:\/\/vosgesinfo.fr\/gerardmerinfo\/2021\/01\/louverture-centre-de-vaccination-de-gerardmer-fixee-27-janvier\/#primaryimage\"},\"image\":{\"@id\":\"https:\/\/vosgesinfo.fr\/gerardmerinfo\/2021\/01\/louverture-centre-de-vaccination-de-gerardmer-fixee-27-janvier\/#primaryimage\"},\"thumbnailUrl\":\"https:\/\/vosgesinfo.fr\/app\/uploads\/sites\/6\/2024\/07\/2021011009-3.jpg\",\"datePublished\":\"2021-01-22T06:55:13+00:00\",\"dateModified\":\"2021-01-22T06:55:13+00:00\",\"breadcrumb\":{\"@id\":\"https:\/\/vosgesinfo.fr\/gerardmerinfo\/2021\/01\/louverture-centre-de-vaccination-de-gerardmer-fixee-27-janvier\/#breadcrumb\"},\"inLanguage\":\"fr-FR\",\"potentialAction\":[{\"@type\":\"ReadAction\",\"target\":[\"https:\/\/vosgesinfo.fr\/gerardmerinfo\/2021\/01\/louverture-centre-de-vaccination-de-gerardmer-fixee-27-janvier\/\"]}]},{\"@type\":\"ImageObject\",\"inLanguage\":\"fr-FR\",\"@id\":\"https:\/\/vosgesinfo.fr\/gerardmerinfo\/2021\/01\/louverture-centre-de-vaccination-de-gerardmer-fixee-27-janvier\/#primaryimage\",\"url\":\"https:\/\/vosgesinfo.fr\/app\/uploads\/sites\/6\/2024\/07\/2021011009-3.jpg\",\"contentUrl\":\"https:\/\/vosgesinfo.fr\/app\/uploads\/sites\/6\/2024\/07\/2021011009-3.jpg\",\"width\":800,\"height\":564},{\"@type\":\"BreadcrumbList\",\"@id\":\"https:\/\/vosgesinfo.fr\/gerardmerinfo\/2021\/01\/louverture-centre-de-vaccination-de-gerardmer-fixee-27-janvier\/#breadcrumb\",\"itemListElement\":[{\"@type\":\"ListItem\",\"position\":1,\"name\":\"Home\",\"item\":\"https:\/\/vosgesinfo.fr\/gerardmerinfo\/\"},{\"@type\":\"ListItem\",\"position\":2,\"name\":\"L\u2019ouverture du centre de vaccination de G\u00e9rardmer est fix\u00e9e au 27 janvier.\"}]},{\"@type\":\"WebSite\",\"@id\":\"https:\/\/vosgesinfo.fr\/gerardmerinfo\/#website\",\"url\":\"https:\/\/vosgesinfo.fr\/gerardmerinfo\/\",\"name\":\"Gerardmer Info\",\"description\":\"Toute l&#039;actualit\u00e9 de G\u00e9rardmer\",\"publisher\":{\"@id\":\"https:\/\/vosgesinfo.fr\/gerardmerinfo\/#organization\"},\"alternateName\":\"Toute l'actualit\u00e9 de G\u00e9rardmer\",\"potentialAction\":[{\"@type\":\"SearchAction\",\"target\":{\"@type\":\"EntryPoint\",\"urlTemplate\":\"https:\/\/vosgesinfo.fr\/gerardmerinfo\/?s={search_term_string}\"},\"query-input\":\"required name=search_term_string\"}],\"inLanguage\":\"fr-FR\"},{\"@type\":\"Organization\",\"@id\":\"https:\/\/vosgesinfo.fr\/gerardmerinfo\/#organization\",\"name\":\"Gerardmer Info\",\"url\":\"https:\/\/vosgesinfo.fr\/gerardmerinfo\/\",\"logo\":{\"@type\":\"ImageObject\",\"inLanguage\":\"fr-FR\",\"@id\":\"https:\/\/vosgesinfo.fr\/gerardmerinfo\/#\/schema\/logo\/image\/\",\"url\":\"https:\/\/vosgesinfo.fr\/app\/uploads\/sites\/6\/2023\/08\/favicon-gerardmerinfo.png\",\"contentUrl\":\"https:\/\/vosgesinfo.fr\/app\/uploads\/sites\/6\/2023\/08\/favicon-gerardmerinfo.png\",\"width\":512,\"height\":512,\"caption\":\"Gerardmer Info\"},\"image\":{\"@id\":\"https:\/\/vosgesinfo.fr\/gerardmerinfo\/#\/schema\/logo\/image\/\"},\"sameAs\":[\"https:\/\/www.facebook.com\/profile.php?id=100049475262660\",\"https:\/\/x.com\/VosgesInfo88\",\"https:\/\/www.youtube.com\/@vosgesinfo\"]},{\"@type\":\"Person\",\"@id\":\"https:\/\/vosgesinfo.fr\/gerardmerinfo\/#\/schema\/person\/bc5d02d71e6932e81b6dadb7386667b1\",\"name\":\"qs_admin\",\"image\":{\"@type\":\"ImageObject\",\"inLanguage\":\"fr-FR\",\"@id\":\"https:\/\/vosgesinfo.fr\/gerardmerinfo\/#\/schema\/person\/image\/\",\"url\":\"https:\/\/secure.gravatar.com\/avatar\/94b18ee0ed79e4a42ea2f2931277b6841a8999fc6fde214600c78057cf1fe1de?s=96&d=mm&r=g\",\"contentUrl\":\"https:\/\/secure.gravatar.com\/avatar\/94b18ee0ed79e4a42ea2f2931277b6841a8999fc6fde214600c78057cf1fe1de?s=96&d=mm&r=g\",\"caption\":\"qs_admin\"},\"sameAs\":[\"https:\/\/vosgesinfo.fr\/wp\"],\"url\":\"https:\/\/vosgesinfo.fr\/gerardmerinfo\/author\/qs_admin\/\"}]}<\/script>\n<!-- \/ Yoast SEO plugin. -->","yoast_head_json":{"title":"L\u2019ouverture du centre de vaccination de G\u00e9rardmer est fix\u00e9e au 27 janvier. - Gerardmer Info","robots":{"index":"index","follow":"follow","max-snippet":"max-snippet:-1","max-image-preview":"max-image-preview:large","max-video-preview":"max-video-preview:-1"},"canonical":"https:\/\/vosgesinfo.fr\/gerardmerinfo\/2021\/01\/louverture-centre-de-vaccination-de-gerardmer-fixee-27-janvier\/","twitter_card":"summary_large_image","twitter_title":"L\u2019ouverture du centre de vaccination de G\u00e9rardmer est fix\u00e9e au 27 janvier. - Gerardmer Info","twitter_description":"En raison d\u2019un d\u00e9calage des livraisons, les rendez-vous de vaccination pr\u00e9vus lundi 25 et mardi 26 janvier sur les centres [&hellip;]","twitter_image":"https:\/\/vosgesinfo.fr\/app\/uploads\/sites\/6\/2024\/07\/2021011009-3.jpg","twitter_creator":"@VosgesInfo88","twitter_site":"@VosgesInfo88","twitter_misc":{"\u00c9crit par":"qs_admin","Dur\u00e9e de lecture estim\u00e9e":"1 minute"},"schema":{"@context":"https:\/\/schema.org","@graph":[{"@type":"Article","@id":"https:\/\/vosgesinfo.fr\/gerardmerinfo\/2021\/01\/louverture-centre-de-vaccination-de-gerardmer-fixee-27-janvier\/#article","isPartOf":{"@id":"https:\/\/vosgesinfo.fr\/gerardmerinfo\/2021\/01\/louverture-centre-de-vaccination-de-gerardmer-fixee-27-janvier\/"},"author":{"name":"qs_admin","@id":"https:\/\/vosgesinfo.fr\/gerardmerinfo\/#\/schema\/person\/bc5d02d71e6932e81b6dadb7386667b1"},"headline":"L\u2019ouverture du centre de vaccination de G\u00e9rardmer est fix\u00e9e au 27 janvier.","datePublished":"2021-01-22T06:55:13+00:00","dateModified":"2021-01-22T06:55:13+00:00","mainEntityOfPage":{"@id":"https:\/\/vosgesinfo.fr\/gerardmerinfo\/2021\/01\/louverture-centre-de-vaccination-de-gerardmer-fixee-27-janvier\/"},"wordCount":192,"commentCount":0,"publisher":{"@id":"https:\/\/vosgesinfo.fr\/gerardmerinfo\/#organization"},"image":{"@id":"https:\/\/vosgesinfo.fr\/gerardmerinfo\/2021\/01\/louverture-centre-de-vaccination-de-gerardmer-fixee-27-janvier\/#primaryimage"},"thumbnailUrl":"https:\/\/vosgesinfo.fr\/app\/uploads\/sites\/6\/2024\/07\/2021011009-3.jpg","articleSection":["A la une","Sant\u00e9","Vosges"],"inLanguage":"fr-FR","potentialAction":[{"@type":"CommentAction","name":"Comment","target":["https:\/\/vosgesinfo.fr\/gerardmerinfo\/2021\/01\/louverture-centre-de-vaccination-de-gerardmer-fixee-27-janvier\/#respond"]}]},{"@type":"WebPage","@id":"https:\/\/vosgesinfo.fr\/gerardmerinfo\/2021\/01\/louverture-centre-de-vaccination-de-gerardmer-fixee-27-janvier\/","url":"https:\/\/vosgesinfo.fr\/gerardmerinfo\/2021\/01\/louverture-centre-de-vaccination-de-gerardmer-fixee-27-janvier\/","name":"L\u2019ouverture du centre de vaccination de G\u00e9rardmer est fix\u00e9e au 27 janvier. - Gerardmer Info","isPartOf":{"@id":"https:\/\/vosgesinfo.fr\/gerardmerinfo\/#website"},"primaryImageOfPage":{"@id":"https:\/\/vosgesinfo.fr\/gerardmerinfo\/2021\/01\/louverture-centre-de-vaccination-de-gerardmer-fixee-27-janvier\/#primaryimage"},"image":{"@id":"https:\/\/vosgesinfo.fr\/gerardmerinfo\/2021\/01\/louverture-centre-de-vaccination-de-gerardmer-fixee-27-janvier\/#primaryimage"},"thumbnailUrl":"https:\/\/vosgesinfo.fr\/app\/uploads\/sites\/6\/2024\/07\/2021011009-3.jpg","datePublished":"2021-01-22T06:55:13+00:00","dateModified":"2021-01-22T06:55:13+00:00","breadcrumb":{"@id":"https:\/\/vosgesinfo.fr\/gerardmerinfo\/2021\/01\/louverture-centre-de-vaccination-de-gerardmer-fixee-27-janvier\/#breadcrumb"},"inLanguage":"fr-FR","potentialAction":[{"@type":"ReadAction","target":["https:\/\/vosgesinfo.fr\/gerardmerinfo\/2021\/01\/louverture-centre-de-vaccination-de-gerardmer-fixee-27-janvier\/"]}]},{"@type":"ImageObject","inLanguage":"fr-FR","@id":"https:\/\/vosgesinfo.fr\/gerardmerinfo\/2021\/01\/louverture-centre-de-vaccination-de-gerardmer-fixee-27-janvier\/#primaryimage","url":"https:\/\/vosgesinfo.fr\/app\/uploads\/sites\/6\/2024\/07\/2021011009-3.jpg","contentUrl":"https:\/\/vosgesinfo.fr\/app\/uploads\/sites\/6\/2024\/07\/2021011009-3.jpg","width":800,"height":564},{"@type":"BreadcrumbList","@id":"https:\/\/vosgesinfo.fr\/gerardmerinfo\/2021\/01\/louverture-centre-de-vaccination-de-gerardmer-fixee-27-janvier\/#breadcrumb","itemListElement":[{"@type":"ListItem","position":1,"name":"Home","item":"https:\/\/vosgesinfo.fr\/gerardmerinfo\/"},{"@type":"ListItem","position":2,"name":"L\u2019ouverture du centre de vaccination de G\u00e9rardmer est fix\u00e9e au 27 janvier."}]},{"@type":"WebSite","@id":"https:\/\/vosgesinfo.fr\/gerardmerinfo\/#website","url":"https:\/\/vosgesinfo.fr\/gerardmerinfo\/","name":"Gerardmer Info","description":"Toute l&#039;actualit\u00e9 de G\u00e9rardmer","publisher":{"@id":"https:\/\/vosgesinfo.fr\/gerardmerinfo\/#organization"},"alternateName":"Toute l'actualit\u00e9 de G\u00e9rardmer","potentialAction":[{"@type":"SearchAction","target":{"@type":"EntryPoint","urlTemplate":"https:\/\/vosgesinfo.fr\/gerardmerinfo\/?s={search_term_string}"},"query-input":"required name=search_term_string"}],"inLanguage":"fr-FR"},{"@type":"Organization","@id":"https:\/\/vosgesinfo.fr\/gerardmerinfo\/#organization","name":"Gerardmer Info","url":"https:\/\/vosgesinfo.fr\/gerardmerinfo\/","logo":{"@type":"ImageObject","inLanguage":"fr-FR","@id":"https:\/\/vosgesinfo.fr\/gerardmerinfo\/#\/schema\/logo\/image\/","url":"https:\/\/vosgesinfo.fr\/app\/uploads\/sites\/6\/2023\/08\/favicon-gerardmerinfo.png","contentUrl":"https:\/\/vosgesinfo.fr\/app\/uploads\/sites\/6\/2023\/08\/favicon-gerardmerinfo.png","width":512,"height":512,"caption":"Gerardmer Info"},"image":{"@id":"https:\/\/vosgesinfo.fr\/gerardmerinfo\/#\/schema\/logo\/image\/"},"sameAs":["https:\/\/www.facebook.com\/profile.php?id=100049475262660","https:\/\/x.com\/VosgesInfo88","https:\/\/www.youtube.com\/@vosgesinfo"]},{"@type":"Person","@id":"https:\/\/vosgesinfo.fr\/gerardmerinfo\/#\/schema\/person\/bc5d02d71e6932e81b6dadb7386667b1","name":"qs_admin","image":{"@type":"ImageObject","inLanguage":"fr-FR","@id":"https:\/\/vosgesinfo.fr\/gerardmerinfo\/#\/schema\/person\/image\/","url":"https:\/\/secure.gravatar.com\/avatar\/94b18ee0ed79e4a42ea2f2931277b6841a8999fc6fde214600c78057cf1fe1de?s=96&d=mm&r=g","contentUrl":"https:\/\/secure.gravatar.com\/avatar\/94b18ee0ed79e4a42ea2f2931277b6841a8999fc6fde214600c78057cf1fe1de?s=96&d=mm&r=g","caption":"qs_admin"},"sameAs":["https:\/\/vosgesinfo.fr\/wp"],"url":"https:\/\/vosgesinfo.fr\/gerardmerinfo\/author\/qs_admin\/"}]}},"_links":{"self":[{"href":"https:\/\/vosgesinfo.fr\/gerardmerinfo\/wp-json\/wp\/v2\/posts\/51596","targetHints":{"allow":["GET"]}}],"collection":[{"href":"https:\/\/vosgesinfo.fr\/gerardmerinfo\/wp-json\/wp\/v2\/posts"}],"about":[{"href":"https:\/\/vosgesinfo.fr\/gerardmerinfo\/wp-json\/wp\/v2\/types\/post"}],"author":[{"embeddable":true,"href":"https:\/\/vosgesinfo.fr\/gerardmerinfo\/wp-json\/wp\/v2\/users\/1"}],"replies":[{"embeddable":true,"href":"https:\/\/vosgesinfo.fr\/gerardmerinfo\/wp-json\/wp\/v2\/comments?post=51596"}],"version-history":[{"count":0,"href":"https:\/\/vosgesinfo.fr\/gerardmerinfo\/wp-json\/wp\/v2\/posts\/51596\/revisions"}],"wp:featuredmedia":[{"embeddable":true,"href":"https:\/\/vosgesinfo.fr\/gerardmerinfo\/wp-json\/wp\/v2\/media\/51597"}],"wp:attachment":[{"href":"https:\/\/vosgesinfo.fr\/gerardmerinfo\/wp-json\/wp\/v2\/media?parent=51596"}],"wp:term":[{"taxonomy":"category","embeddable":true,"href":"https:\/\/vosgesinfo.fr\/gerardmerinfo\/wp-json\/wp\/v2\/categories?post=51596"},{"taxonomy":"post_tag","embeddable":true,"href":"https:\/\/vosgesinfo.fr\/gerardmerinfo\/wp-json\/wp\/v2\/tags?post=51596"}],"curies":[{"name":"wp","href":"https:\/\/api.w.org\/{rel}","templated":true}]}}