{"id":51988,"date":"2021-02-24T05:00:19","date_gmt":"2021-02-24T04:00:19","guid":{"rendered":"https:\/\/vosgesinfo.fr\/gerardmerinfo\/2021\/02\/re-decouvrez-arbres-remarquables-de-lut-de-gerardmer\/"},"modified":"2021-02-24T05:00:19","modified_gmt":"2021-02-24T04:00:19","slug":"re-decouvrez-arbres-remarquables-de-lut-de-gerardmer","status":"publish","type":"post","link":"https:\/\/vosgesinfo.fr\/gerardmerinfo\/2021\/02\/re-decouvrez-arbres-remarquables-de-lut-de-gerardmer\/","title":{"rendered":"(Re) d\u00e9couvrez les arbres remarquables  de l&rsquo;UT de G\u00e9rardmer"},"content":{"rendered":"<p><a href=\"\/2021\/02\/onf-logo.jpg\"><img decoding=\"async\" class=\"aligncenter size-medium wp-image-173780\" src=\"\/2021\/02\/onf-logo-400x188.jpg\" alt=\"onf-logo\" width=\"400\" height=\"188\" \/><\/a><\/p>\n\n<p>&nbsp;<\/p>\n<p><i>\u00ab\u00a0Actuellement en BTS Gestion Foresti\u00e8re par alternance \u00e0 l\u2019Office National des For\u00eats de G\u00e9rardmer (ONF), il m\u2019a \u00e9t\u00e9 demand\u00e9 de r\u00e9aliser un inventaire des arbres remarquables de l\u2019Unit\u00e9 Territoriale de G\u00e9rardmer (comportant 3 for\u00eats domaniales et 11 for\u00eats communales). C\u2019est donc au cours de l\u2019ann\u00e9e derni\u00e8re que les recherches ont \u00e9t\u00e9 effectu\u00e9es, tant aupr\u00e8s des agents territoriaux de l\u2019ONF, que lors de prospections en for\u00eats. <\/i><\/p>\n<p><i>\u00a0<\/i><\/p>\n<p><i>Les for\u00eats de la vall\u00e9e sont r\u00e9put\u00e9es pour leurs proportions cons\u00e9quentes en gros bois, constituant ainsi un r\u00e9el patrimoine forestier local. Ici, les peuplements sont constitu\u00e9s en majeure partie de sapins pectin\u00e9s et d\u2019\u00e9pic\u00e9as communs, m\u00e9lang\u00e9s \u00e0 quelques feuillus comme le h\u00eatre commun et les \u00e9rables sycomore et plane. Aussi, un arbre est class\u00e9 comme \u00ab\u00a0remarquable\u00a0\u00bb en raison de ses dimensions exceptionnelles, de son branchage surprenant, ou de son essence particuli\u00e8re. <\/i><\/p>\n<p><i>\u00a0<\/i><\/p>\n<p><i>Dans la for\u00eat communale de G\u00e9rardmer et les for\u00eats domaniales de G\u00e9rardmer et Vologne, la densit\u00e9 de gros sapins est telle, que ceux r\u00e9pertori\u00e9s poss\u00e8dent un diam\u00e8tre sup\u00e9rieur \u00e0 130 cm ou une localisation \u00e0 fort enjeu social. C\u2019est pourquoi il n\u2019est pas rare de croiser de v\u00e9ritables colosses lors d\u2019excursions foresti\u00e8res, sans pour autant les remarquer. Cet inventaire, en plus de vous fournir leurs mensurations, vous indiquera leur position exacte\u2026. Bonne recherche\u00a0!\u00a0\u00bb<br \/>\n<\/i><\/p>\n<p>Inventaire t\u00e9l\u00e9chargeable <span style=\"color: #000080;\"><strong><a style=\"color: #000080;\" href=\"https:\/\/www.swisstransfer.com\/d\/1a26d52b-4a87-4b8e-82ba-056c117fecea\" target=\"_blank\" rel=\"noopener\">ICI !<\/a><\/strong><\/span><\/p>\n<p><strong>Augustin Triboulot<\/strong><\/p>\n","protected":false},"excerpt":{"rendered":"<p>&nbsp; \u00ab\u00a0Actuellement en BTS Gestion Foresti\u00e8re par alternance \u00e0 l\u2019Office National des For\u00eats de G\u00e9rardmer (ONF), il m\u2019a \u00e9t\u00e9 demand\u00e9 [&hellip;]<\/p>\n","protected":false},"author":1,"featured_media":51989,"comment_status":"open","ping_status":"open","sticky":false,"template":"","format":"standard","meta":{"footnotes":""},"categories":[20,25,18],"tags":[74,449],"class_list":["post-51988","post","type-post","status-publish","format-standard","has-post-thumbnail","hentry","category-a-la-une","category-gerardmer","category-vosges","tag-augustin-triboulot","tag-onf"],"acf":[],"yoast_head":"<!-- This site is optimized with the Yoast SEO plugin v22.5 - https:\/\/yoast.com\/wordpress\/plugins\/seo\/ -->\n<title>(Re) d\u00e9couvrez les arbres remarquables de l&#039;UT de G\u00e9rardmer - Gerardmer Info<\/title>\n<meta name=\"robots\" content=\"index, follow, max-snippet:-1, max-image-preview:large, max-video-preview:-1\" \/>\n<link rel=\"canonical\" href=\"https:\/\/vosgesinfo.fr\/gerardmerinfo\/2021\/02\/re-decouvrez-arbres-remarquables-de-lut-de-gerardmer\/\" \/>\n<meta name=\"twitter:card\" content=\"summary_large_image\" \/>\n<meta name=\"twitter:title\" content=\"(Re) d\u00e9couvrez les arbres remarquables de l&#039;UT de G\u00e9rardmer - Gerardmer Info\" \/>\n<meta name=\"twitter:description\" content=\"&nbsp; \u00ab\u00a0Actuellement en BTS Gestion Foresti\u00e8re par alternance \u00e0 l\u2019Office National des For\u00eats de G\u00e9rardmer (ONF), il m\u2019a \u00e9t\u00e9 demand\u00e9 [&hellip;]\" \/>\n<meta name=\"twitter:image\" content=\"https:\/\/vosgesinfo.fr\/app\/uploads\/sites\/6\/2024\/07\/202102onf-logo.jpg\" \/>\n<meta name=\"twitter:creator\" content=\"@VosgesInfo88\" \/>\n<meta name=\"twitter:site\" content=\"@VosgesInfo88\" \/>\n<meta name=\"twitter:label1\" content=\"\u00c9crit par\" \/>\n\t<meta name=\"twitter:data1\" content=\"qs_admin\" \/>\n\t<meta name=\"twitter:label2\" content=\"Dur\u00e9e de lecture estim\u00e9e\" \/>\n\t<meta name=\"twitter:data2\" content=\"1 minute\" \/>\n<script type=\"application\/ld+json\" class=\"yoast-schema-graph\">{\"@context\":\"https:\/\/schema.org\",\"@graph\":[{\"@type\":\"Article\",\"@id\":\"https:\/\/vosgesinfo.fr\/gerardmerinfo\/2021\/02\/re-decouvrez-arbres-remarquables-de-lut-de-gerardmer\/#article\",\"isPartOf\":{\"@id\":\"https:\/\/vosgesinfo.fr\/gerardmerinfo\/2021\/02\/re-decouvrez-arbres-remarquables-de-lut-de-gerardmer\/\"},\"author\":{\"name\":\"qs_admin\",\"@id\":\"https:\/\/vosgesinfo.fr\/gerardmerinfo\/#\/schema\/person\/bc5d02d71e6932e81b6dadb7386667b1\"},\"headline\":\"(Re) d\u00e9couvrez les arbres remarquables de l&rsquo;UT de G\u00e9rardmer\",\"datePublished\":\"2021-02-24T04:00:19+00:00\",\"dateModified\":\"2021-02-24T04:00:19+00:00\",\"mainEntityOfPage\":{\"@id\":\"https:\/\/vosgesinfo.fr\/gerardmerinfo\/2021\/02\/re-decouvrez-arbres-remarquables-de-lut-de-gerardmer\/\"},\"wordCount\":278,\"commentCount\":0,\"publisher\":{\"@id\":\"https:\/\/vosgesinfo.fr\/gerardmerinfo\/#organization\"},\"image\":{\"@id\":\"https:\/\/vosgesinfo.fr\/gerardmerinfo\/2021\/02\/re-decouvrez-arbres-remarquables-de-lut-de-gerardmer\/#primaryimage\"},\"thumbnailUrl\":\"https:\/\/vosgesinfo.fr\/app\/uploads\/sites\/6\/2024\/07\/202102onf-logo.jpg\",\"keywords\":[\"Augustin Triboulot\",\"ONF\"],\"articleSection\":[\"A la une\",\"G\u00e9rardmer\",\"Vosges\"],\"inLanguage\":\"fr-FR\",\"potentialAction\":[{\"@type\":\"CommentAction\",\"name\":\"Comment\",\"target\":[\"https:\/\/vosgesinfo.fr\/gerardmerinfo\/2021\/02\/re-decouvrez-arbres-remarquables-de-lut-de-gerardmer\/#respond\"]}]},{\"@type\":\"WebPage\",\"@id\":\"https:\/\/vosgesinfo.fr\/gerardmerinfo\/2021\/02\/re-decouvrez-arbres-remarquables-de-lut-de-gerardmer\/\",\"url\":\"https:\/\/vosgesinfo.fr\/gerardmerinfo\/2021\/02\/re-decouvrez-arbres-remarquables-de-lut-de-gerardmer\/\",\"name\":\"(Re) d\u00e9couvrez les arbres remarquables de l'UT de G\u00e9rardmer - Gerardmer Info\",\"isPartOf\":{\"@id\":\"https:\/\/vosgesinfo.fr\/gerardmerinfo\/#website\"},\"primaryImageOfPage\":{\"@id\":\"https:\/\/vosgesinfo.fr\/gerardmerinfo\/2021\/02\/re-decouvrez-arbres-remarquables-de-lut-de-gerardmer\/#primaryimage\"},\"image\":{\"@id\":\"https:\/\/vosgesinfo.fr\/gerardmerinfo\/2021\/02\/re-decouvrez-arbres-remarquables-de-lut-de-gerardmer\/#primaryimage\"},\"thumbnailUrl\":\"https:\/\/vosgesinfo.fr\/app\/uploads\/sites\/6\/2024\/07\/202102onf-logo.jpg\",\"datePublished\":\"2021-02-24T04:00:19+00:00\",\"dateModified\":\"2021-02-24T04:00:19+00:00\",\"breadcrumb\":{\"@id\":\"https:\/\/vosgesinfo.fr\/gerardmerinfo\/2021\/02\/re-decouvrez-arbres-remarquables-de-lut-de-gerardmer\/#breadcrumb\"},\"inLanguage\":\"fr-FR\",\"potentialAction\":[{\"@type\":\"ReadAction\",\"target\":[\"https:\/\/vosgesinfo.fr\/gerardmerinfo\/2021\/02\/re-decouvrez-arbres-remarquables-de-lut-de-gerardmer\/\"]}]},{\"@type\":\"ImageObject\",\"inLanguage\":\"fr-FR\",\"@id\":\"https:\/\/vosgesinfo.fr\/gerardmerinfo\/2021\/02\/re-decouvrez-arbres-remarquables-de-lut-de-gerardmer\/#primaryimage\",\"url\":\"https:\/\/vosgesinfo.fr\/app\/uploads\/sites\/6\/2024\/07\/202102onf-logo.jpg\",\"contentUrl\":\"https:\/\/vosgesinfo.fr\/app\/uploads\/sites\/6\/2024\/07\/202102onf-logo.jpg\",\"width\":763,\"height\":359},{\"@type\":\"BreadcrumbList\",\"@id\":\"https:\/\/vosgesinfo.fr\/gerardmerinfo\/2021\/02\/re-decouvrez-arbres-remarquables-de-lut-de-gerardmer\/#breadcrumb\",\"itemListElement\":[{\"@type\":\"ListItem\",\"position\":1,\"name\":\"Home\",\"item\":\"https:\/\/vosgesinfo.fr\/gerardmerinfo\/\"},{\"@type\":\"ListItem\",\"position\":2,\"name\":\"(Re) d\u00e9couvrez les arbres remarquables de l&rsquo;UT de G\u00e9rardmer\"}]},{\"@type\":\"WebSite\",\"@id\":\"https:\/\/vosgesinfo.fr\/gerardmerinfo\/#website\",\"url\":\"https:\/\/vosgesinfo.fr\/gerardmerinfo\/\",\"name\":\"Gerardmer Info\",\"description\":\"Toute l&#039;actualit\u00e9 de G\u00e9rardmer\",\"publisher\":{\"@id\":\"https:\/\/vosgesinfo.fr\/gerardmerinfo\/#organization\"},\"alternateName\":\"Toute l'actualit\u00e9 de G\u00e9rardmer\",\"potentialAction\":[{\"@type\":\"SearchAction\",\"target\":{\"@type\":\"EntryPoint\",\"urlTemplate\":\"https:\/\/vosgesinfo.fr\/gerardmerinfo\/?s={search_term_string}\"},\"query-input\":\"required name=search_term_string\"}],\"inLanguage\":\"fr-FR\"},{\"@type\":\"Organization\",\"@id\":\"https:\/\/vosgesinfo.fr\/gerardmerinfo\/#organization\",\"name\":\"Gerardmer Info\",\"url\":\"https:\/\/vosgesinfo.fr\/gerardmerinfo\/\",\"logo\":{\"@type\":\"ImageObject\",\"inLanguage\":\"fr-FR\",\"@id\":\"https:\/\/vosgesinfo.fr\/gerardmerinfo\/#\/schema\/logo\/image\/\",\"url\":\"https:\/\/vosgesinfo.fr\/app\/uploads\/sites\/6\/2023\/08\/favicon-gerardmerinfo.png\",\"contentUrl\":\"https:\/\/vosgesinfo.fr\/app\/uploads\/sites\/6\/2023\/08\/favicon-gerardmerinfo.png\",\"width\":512,\"height\":512,\"caption\":\"Gerardmer Info\"},\"image\":{\"@id\":\"https:\/\/vosgesinfo.fr\/gerardmerinfo\/#\/schema\/logo\/image\/\"},\"sameAs\":[\"https:\/\/www.facebook.com\/profile.php?id=100049475262660\",\"https:\/\/x.com\/VosgesInfo88\",\"https:\/\/www.youtube.com\/@vosgesinfo\"]},{\"@type\":\"Person\",\"@id\":\"https:\/\/vosgesinfo.fr\/gerardmerinfo\/#\/schema\/person\/bc5d02d71e6932e81b6dadb7386667b1\",\"name\":\"qs_admin\",\"image\":{\"@type\":\"ImageObject\",\"inLanguage\":\"fr-FR\",\"@id\":\"https:\/\/vosgesinfo.fr\/gerardmerinfo\/#\/schema\/person\/image\/\",\"url\":\"https:\/\/secure.gravatar.com\/avatar\/94b18ee0ed79e4a42ea2f2931277b6841a8999fc6fde214600c78057cf1fe1de?s=96&d=mm&r=g\",\"contentUrl\":\"https:\/\/secure.gravatar.com\/avatar\/94b18ee0ed79e4a42ea2f2931277b6841a8999fc6fde214600c78057cf1fe1de?s=96&d=mm&r=g\",\"caption\":\"qs_admin\"},\"sameAs\":[\"https:\/\/vosgesinfo.fr\/wp\"],\"url\":\"https:\/\/vosgesinfo.fr\/gerardmerinfo\/author\/qs_admin\/\"}]}<\/script>\n<!-- \/ Yoast SEO plugin. -->","yoast_head_json":{"title":"(Re) d\u00e9couvrez les arbres remarquables de l'UT de G\u00e9rardmer - Gerardmer Info","robots":{"index":"index","follow":"follow","max-snippet":"max-snippet:-1","max-image-preview":"max-image-preview:large","max-video-preview":"max-video-preview:-1"},"canonical":"https:\/\/vosgesinfo.fr\/gerardmerinfo\/2021\/02\/re-decouvrez-arbres-remarquables-de-lut-de-gerardmer\/","twitter_card":"summary_large_image","twitter_title":"(Re) d\u00e9couvrez les arbres remarquables de l'UT de G\u00e9rardmer - Gerardmer Info","twitter_description":"&nbsp; \u00ab\u00a0Actuellement en BTS Gestion Foresti\u00e8re par alternance \u00e0 l\u2019Office National des For\u00eats de G\u00e9rardmer (ONF), il m\u2019a \u00e9t\u00e9 demand\u00e9 [&hellip;]","twitter_image":"https:\/\/vosgesinfo.fr\/app\/uploads\/sites\/6\/2024\/07\/202102onf-logo.jpg","twitter_creator":"@VosgesInfo88","twitter_site":"@VosgesInfo88","twitter_misc":{"\u00c9crit par":"qs_admin","Dur\u00e9e de lecture estim\u00e9e":"1 minute"},"schema":{"@context":"https:\/\/schema.org","@graph":[{"@type":"Article","@id":"https:\/\/vosgesinfo.fr\/gerardmerinfo\/2021\/02\/re-decouvrez-arbres-remarquables-de-lut-de-gerardmer\/#article","isPartOf":{"@id":"https:\/\/vosgesinfo.fr\/gerardmerinfo\/2021\/02\/re-decouvrez-arbres-remarquables-de-lut-de-gerardmer\/"},"author":{"name":"qs_admin","@id":"https:\/\/vosgesinfo.fr\/gerardmerinfo\/#\/schema\/person\/bc5d02d71e6932e81b6dadb7386667b1"},"headline":"(Re) d\u00e9couvrez les arbres remarquables de l&rsquo;UT de G\u00e9rardmer","datePublished":"2021-02-24T04:00:19+00:00","dateModified":"2021-02-24T04:00:19+00:00","mainEntityOfPage":{"@id":"https:\/\/vosgesinfo.fr\/gerardmerinfo\/2021\/02\/re-decouvrez-arbres-remarquables-de-lut-de-gerardmer\/"},"wordCount":278,"commentCount":0,"publisher":{"@id":"https:\/\/vosgesinfo.fr\/gerardmerinfo\/#organization"},"image":{"@id":"https:\/\/vosgesinfo.fr\/gerardmerinfo\/2021\/02\/re-decouvrez-arbres-remarquables-de-lut-de-gerardmer\/#primaryimage"},"thumbnailUrl":"https:\/\/vosgesinfo.fr\/app\/uploads\/sites\/6\/2024\/07\/202102onf-logo.jpg","keywords":["Augustin Triboulot","ONF"],"articleSection":["A la une","G\u00e9rardmer","Vosges"],"inLanguage":"fr-FR","potentialAction":[{"@type":"CommentAction","name":"Comment","target":["https:\/\/vosgesinfo.fr\/gerardmerinfo\/2021\/02\/re-decouvrez-arbres-remarquables-de-lut-de-gerardmer\/#respond"]}]},{"@type":"WebPage","@id":"https:\/\/vosgesinfo.fr\/gerardmerinfo\/2021\/02\/re-decouvrez-arbres-remarquables-de-lut-de-gerardmer\/","url":"https:\/\/vosgesinfo.fr\/gerardmerinfo\/2021\/02\/re-decouvrez-arbres-remarquables-de-lut-de-gerardmer\/","name":"(Re) d\u00e9couvrez les arbres remarquables de l'UT de G\u00e9rardmer - Gerardmer Info","isPartOf":{"@id":"https:\/\/vosgesinfo.fr\/gerardmerinfo\/#website"},"primaryImageOfPage":{"@id":"https:\/\/vosgesinfo.fr\/gerardmerinfo\/2021\/02\/re-decouvrez-arbres-remarquables-de-lut-de-gerardmer\/#primaryimage"},"image":{"@id":"https:\/\/vosgesinfo.fr\/gerardmerinfo\/2021\/02\/re-decouvrez-arbres-remarquables-de-lut-de-gerardmer\/#primaryimage"},"thumbnailUrl":"https:\/\/vosgesinfo.fr\/app\/uploads\/sites\/6\/2024\/07\/202102onf-logo.jpg","datePublished":"2021-02-24T04:00:19+00:00","dateModified":"2021-02-24T04:00:19+00:00","breadcrumb":{"@id":"https:\/\/vosgesinfo.fr\/gerardmerinfo\/2021\/02\/re-decouvrez-arbres-remarquables-de-lut-de-gerardmer\/#breadcrumb"},"inLanguage":"fr-FR","potentialAction":[{"@type":"ReadAction","target":["https:\/\/vosgesinfo.fr\/gerardmerinfo\/2021\/02\/re-decouvrez-arbres-remarquables-de-lut-de-gerardmer\/"]}]},{"@type":"ImageObject","inLanguage":"fr-FR","@id":"https:\/\/vosgesinfo.fr\/gerardmerinfo\/2021\/02\/re-decouvrez-arbres-remarquables-de-lut-de-gerardmer\/#primaryimage","url":"https:\/\/vosgesinfo.fr\/app\/uploads\/sites\/6\/2024\/07\/202102onf-logo.jpg","contentUrl":"https:\/\/vosgesinfo.fr\/app\/uploads\/sites\/6\/2024\/07\/202102onf-logo.jpg","width":763,"height":359},{"@type":"BreadcrumbList","@id":"https:\/\/vosgesinfo.fr\/gerardmerinfo\/2021\/02\/re-decouvrez-arbres-remarquables-de-lut-de-gerardmer\/#breadcrumb","itemListElement":[{"@type":"ListItem","position":1,"name":"Home","item":"https:\/\/vosgesinfo.fr\/gerardmerinfo\/"},{"@type":"ListItem","position":2,"name":"(Re) d\u00e9couvrez les arbres remarquables de l&rsquo;UT de G\u00e9rardmer"}]},{"@type":"WebSite","@id":"https:\/\/vosgesinfo.fr\/gerardmerinfo\/#website","url":"https:\/\/vosgesinfo.fr\/gerardmerinfo\/","name":"Gerardmer Info","description":"Toute l&#039;actualit\u00e9 de G\u00e9rardmer","publisher":{"@id":"https:\/\/vosgesinfo.fr\/gerardmerinfo\/#organization"},"alternateName":"Toute l'actualit\u00e9 de G\u00e9rardmer","potentialAction":[{"@type":"SearchAction","target":{"@type":"EntryPoint","urlTemplate":"https:\/\/vosgesinfo.fr\/gerardmerinfo\/?s={search_term_string}"},"query-input":"required name=search_term_string"}],"inLanguage":"fr-FR"},{"@type":"Organization","@id":"https:\/\/vosgesinfo.fr\/gerardmerinfo\/#organization","name":"Gerardmer Info","url":"https:\/\/vosgesinfo.fr\/gerardmerinfo\/","logo":{"@type":"ImageObject","inLanguage":"fr-FR","@id":"https:\/\/vosgesinfo.fr\/gerardmerinfo\/#\/schema\/logo\/image\/","url":"https:\/\/vosgesinfo.fr\/app\/uploads\/sites\/6\/2023\/08\/favicon-gerardmerinfo.png","contentUrl":"https:\/\/vosgesinfo.fr\/app\/uploads\/sites\/6\/2023\/08\/favicon-gerardmerinfo.png","width":512,"height":512,"caption":"Gerardmer Info"},"image":{"@id":"https:\/\/vosgesinfo.fr\/gerardmerinfo\/#\/schema\/logo\/image\/"},"sameAs":["https:\/\/www.facebook.com\/profile.php?id=100049475262660","https:\/\/x.com\/VosgesInfo88","https:\/\/www.youtube.com\/@vosgesinfo"]},{"@type":"Person","@id":"https:\/\/vosgesinfo.fr\/gerardmerinfo\/#\/schema\/person\/bc5d02d71e6932e81b6dadb7386667b1","name":"qs_admin","image":{"@type":"ImageObject","inLanguage":"fr-FR","@id":"https:\/\/vosgesinfo.fr\/gerardmerinfo\/#\/schema\/person\/image\/","url":"https:\/\/secure.gravatar.com\/avatar\/94b18ee0ed79e4a42ea2f2931277b6841a8999fc6fde214600c78057cf1fe1de?s=96&d=mm&r=g","contentUrl":"https:\/\/secure.gravatar.com\/avatar\/94b18ee0ed79e4a42ea2f2931277b6841a8999fc6fde214600c78057cf1fe1de?s=96&d=mm&r=g","caption":"qs_admin"},"sameAs":["https:\/\/vosgesinfo.fr\/wp"],"url":"https:\/\/vosgesinfo.fr\/gerardmerinfo\/author\/qs_admin\/"}]}},"_links":{"self":[{"href":"https:\/\/vosgesinfo.fr\/gerardmerinfo\/wp-json\/wp\/v2\/posts\/51988","targetHints":{"allow":["GET"]}}],"collection":[{"href":"https:\/\/vosgesinfo.fr\/gerardmerinfo\/wp-json\/wp\/v2\/posts"}],"about":[{"href":"https:\/\/vosgesinfo.fr\/gerardmerinfo\/wp-json\/wp\/v2\/types\/post"}],"author":[{"embeddable":true,"href":"https:\/\/vosgesinfo.fr\/gerardmerinfo\/wp-json\/wp\/v2\/users\/1"}],"replies":[{"embeddable":true,"href":"https:\/\/vosgesinfo.fr\/gerardmerinfo\/wp-json\/wp\/v2\/comments?post=51988"}],"version-history":[{"count":0,"href":"https:\/\/vosgesinfo.fr\/gerardmerinfo\/wp-json\/wp\/v2\/posts\/51988\/revisions"}],"wp:featuredmedia":[{"embeddable":true,"href":"https:\/\/vosgesinfo.fr\/gerardmerinfo\/wp-json\/wp\/v2\/media\/51989"}],"wp:attachment":[{"href":"https:\/\/vosgesinfo.fr\/gerardmerinfo\/wp-json\/wp\/v2\/media?parent=51988"}],"wp:term":[{"taxonomy":"category","embeddable":true,"href":"https:\/\/vosgesinfo.fr\/gerardmerinfo\/wp-json\/wp\/v2\/categories?post=51988"},{"taxonomy":"post_tag","embeddable":true,"href":"https:\/\/vosgesinfo.fr\/gerardmerinfo\/wp-json\/wp\/v2\/tags?post=51988"}],"curies":[{"name":"wp","href":"https:\/\/api.w.org\/{rel}","templated":true}]}}