{"id":52133,"date":"2021-03-05T04:51:13","date_gmt":"2021-03-05T03:51:13","guid":{"rendered":"https:\/\/vosgesinfo.fr\/gerardmerinfo\/2021\/03\/bresse-redeploiement-agents-communaux\/"},"modified":"2021-03-05T04:51:13","modified_gmt":"2021-03-05T03:51:13","slug":"bresse-redeploiement-agents-communaux","status":"publish","type":"post","link":"https:\/\/vosgesinfo.fr\/gerardmerinfo\/2021\/03\/bresse-redeploiement-agents-communaux\/","title":{"rendered":"La Bresse : red\u00e9ploiement des agents communaux"},"content":{"rendered":"<div id=\"attachment_174132\" style=\"width: 610px\" class=\"wp-caption aligncenter\"><a href=\"\/2021\/03\/Elodie-Mougel.jpg\"><img decoding=\"async\" aria-describedby=\"caption-attachment-174132\" class=\"wp-image-174132 size-full\" src=\"\/2021\/03\/Elodie-Mougel.jpg\" alt=\"Elodie Mougel\" width=\"600\" height=\"800\" \/><\/a><p id=\"caption-attachment-174132\" class=\"wp-caption-text\">Elodie Mougel<\/p><\/div>\n<h3 align=\"left\"><span style=\"font-family: Times New Roman, serif; font-size: 14pt;\"><span style=\"color: #000000;\">Depuis le d\u00e9but de cette crise sanitaire, de nombreux agents communaux se sont retrouv\u00e9s d\u00e9pourvus de missions, suite \u00e0 la fermeture de leur lieu de travail. D\u2019autres \u00e9quipes, quant \u00e0 elles, se sont vues en nombre trop restreint, face \u00e0 une quantit\u00e9 de travail en hausse.<\/span><\/span><\/h3>\n<p align=\"left\"><span style=\"font-family: Times New Roman, serif; font-size: 14pt;\"><span style=\"color: #000000;\">C\u2019est donc tout naturellement que des <\/span><span style=\"color: #1a66ff;\"><b>red\u00e9ploiements <\/b><\/span><span style=\"color: #000000;\">ont \u00e9t\u00e9 mis en place afin de palier \u00e0 ces deux probl\u00e9matiques.<\/span><\/span><\/p>\n<p align=\"left\"><span style=\"font-family: Times New Roman, serif; font-size: 14pt;\"><span style=\"color: #1a66ff;\"><b>Interview <\/b><\/span><span style=\"color: #000000;\">avec <\/span><span style=\"color: #000000;\">\u00c9lodie<\/span><span style=\"color: #000000;\"> Mougel, agent communal red\u00e9ploy\u00e9 dans plusieurs services depuis mai 2020 :<\/span><\/span><\/p>\n<p align=\"left\"><span style=\"font-family: Times New Roman, serif; font-size: 14pt;\"><span style=\"color: #1a66ff;\"><b>Dans quel service travailles-tu ?<\/b><\/span><\/span><\/p>\n<p align=\"left\"><span style=\"font-family: Times New Roman, serif; font-size: 14pt;\"><span style=\"color: #000000;\">Je suis Ma\u00eetre-Nageur Sauveteur \u00e0 la piscine municipale.<\/span><\/span><\/p>\n<p align=\"left\"><span style=\"font-family: Times New Roman, serif; font-size: 14pt;\"><span style=\"color: #1a66ff;\"><b>Dans quels services as-tu \u00e9t\u00e9 red\u00e9ploy\u00e9e ?<\/b><\/span><\/span><\/p>\n<p align=\"left\"><span style=\"font-family: Times New Roman, serif; font-size: 14pt;\"><span style=\"color: #000000;\">Lors du premier confinement, je me suis port\u00e9e volontaire avec plusieurs de mes coll\u00e8gues pour aider les agents de la maison de retraite lors de la distribution des repas des r\u00e9sidents en chambre.<\/span><\/span><\/p>\n<p align=\"left\"><span style=\"font-family: Times New Roman, serif; font-size: 14pt;\"><span style=\"color: #000000;\">Par la suite, ne pouvant exercer mon m\u00e9tier principal, j\u2019ai \u00e9t\u00e9 red\u00e9ploy\u00e9e avec les agents forestiers de la commune afin de proc\u00e9der au d\u00e9montage de la patinoire et des pistes du domaine nordique de Lispach avant d\u2019attaquer les diff\u00e9rentes t\u00e2ches que l\u2019ONF nous demandait d\u2019effectuer (par exemple : marquage et nettoyage des lignes de parcelles, nettoyage des bois d\u2019eau&#8230;).<\/span><\/span><\/p>\n<p align=\"left\"><span style=\"font-family: Times New Roman, serif; font-size: 14pt;\"><span style=\"color: #000000;\">En D\u00e9cembre je travaillais en partie \u00e0 la piscine et \u00e9galement au domaine nordique afin de renforcer l\u2019\u00e9quipe de secours des pistes de fond. Depuis f\u00e9vrier et jusqu\u2019\u00e0 maintenant, je travaille au domaine nordique en renfort secouristes ainsi qu\u2019au service des eaux, afin de seconder les \u00e9quipes pour des recherches de fuites et entretien des r\u00e9seaux d\u2019eau.<\/span><\/span><\/p>\n<p align=\"left\"><span style=\"font-family: Times New Roman, serif; font-size: 14pt;\"><span style=\"color: #1a66ff;\"><b>Quel est ton ressenti ?<\/b><\/span><\/span><\/p>\n<p align=\"left\"><span style=\"font-family: Times New Roman, serif; font-size: 14pt;\"><span style=\"color: #000000;\">Ces diff\u00e9rents red\u00e9ploiements au sein des services municipaux m\u2019ont permis de multiplier mes connaissances dans diff\u00e9rents secteurs de travail. Je trouve le travail physique en ext\u00e9rieur tr\u00e8s enrichissant. En revanche, le changement constant de planning et de service reste malgr\u00e9 tout assez pesant et contraignant dans la vie de tous les jours.<\/span><\/span><\/p>\n<p align=\"left\">\n<p align=\"left\">Photo et intw &#8211; Ville de La Bresse.<\/p>\n","protected":false},"excerpt":{"rendered":"<p>Depuis le d\u00e9but de cette crise sanitaire, de nombreux agents communaux se sont retrouv\u00e9s d\u00e9pourvus de missions, suite \u00e0 la [&hellip;]<\/p>\n","protected":false},"author":1,"featured_media":52134,"comment_status":"open","ping_status":"open","sticky":false,"template":"","format":"standard","meta":{"footnotes":""},"categories":[20,44,18],"tags":[],"class_list":["post-52133","post","type-post","status-publish","format-standard","has-post-thumbnail","hentry","category-a-la-une","category-loisirs","category-vosges"],"acf":[],"yoast_head":"<!-- This site is optimized with the Yoast SEO plugin v22.5 - https:\/\/yoast.com\/wordpress\/plugins\/seo\/ -->\n<title>La Bresse : red\u00e9ploiement des agents communaux - Gerardmer Info<\/title>\n<meta name=\"robots\" content=\"index, follow, max-snippet:-1, max-image-preview:large, max-video-preview:-1\" \/>\n<link rel=\"canonical\" href=\"https:\/\/vosgesinfo.fr\/gerardmerinfo\/2021\/03\/bresse-redeploiement-agents-communaux\/\" \/>\n<meta name=\"twitter:card\" content=\"summary_large_image\" \/>\n<meta name=\"twitter:title\" content=\"La Bresse : red\u00e9ploiement des agents communaux - Gerardmer Info\" \/>\n<meta name=\"twitter:description\" content=\"Depuis le d\u00e9but de cette crise sanitaire, de nombreux agents communaux se sont retrouv\u00e9s d\u00e9pourvus de missions, suite \u00e0 la [&hellip;]\" \/>\n<meta name=\"twitter:image\" content=\"https:\/\/vosgesinfo.fr\/app\/uploads\/sites\/6\/2024\/07\/202103elodie-mougel.jpg\" \/>\n<meta name=\"twitter:creator\" content=\"@VosgesInfo88\" \/>\n<meta name=\"twitter:site\" content=\"@VosgesInfo88\" \/>\n<meta name=\"twitter:label1\" content=\"\u00c9crit par\" \/>\n\t<meta name=\"twitter:data1\" content=\"qs_admin\" \/>\n\t<meta name=\"twitter:label2\" content=\"Dur\u00e9e de lecture estim\u00e9e\" \/>\n\t<meta name=\"twitter:data2\" content=\"2 minutes\" \/>\n<script type=\"application\/ld+json\" class=\"yoast-schema-graph\">{\"@context\":\"https:\/\/schema.org\",\"@graph\":[{\"@type\":\"Article\",\"@id\":\"https:\/\/vosgesinfo.fr\/gerardmerinfo\/2021\/03\/bresse-redeploiement-agents-communaux\/#article\",\"isPartOf\":{\"@id\":\"https:\/\/vosgesinfo.fr\/gerardmerinfo\/2021\/03\/bresse-redeploiement-agents-communaux\/\"},\"author\":{\"name\":\"qs_admin\",\"@id\":\"https:\/\/vosgesinfo.fr\/gerardmerinfo\/#\/schema\/person\/bc5d02d71e6932e81b6dadb7386667b1\"},\"headline\":\"La Bresse : red\u00e9ploiement des agents communaux\",\"datePublished\":\"2021-03-05T03:51:13+00:00\",\"dateModified\":\"2021-03-05T03:51:13+00:00\",\"mainEntityOfPage\":{\"@id\":\"https:\/\/vosgesinfo.fr\/gerardmerinfo\/2021\/03\/bresse-redeploiement-agents-communaux\/\"},\"wordCount\":355,\"commentCount\":0,\"publisher\":{\"@id\":\"https:\/\/vosgesinfo.fr\/gerardmerinfo\/#organization\"},\"image\":{\"@id\":\"https:\/\/vosgesinfo.fr\/gerardmerinfo\/2021\/03\/bresse-redeploiement-agents-communaux\/#primaryimage\"},\"thumbnailUrl\":\"https:\/\/vosgesinfo.fr\/app\/uploads\/sites\/6\/2024\/07\/202103elodie-mougel.jpg\",\"articleSection\":[\"A la une\",\"Loisirs\",\"Vosges\"],\"inLanguage\":\"fr-FR\",\"potentialAction\":[{\"@type\":\"CommentAction\",\"name\":\"Comment\",\"target\":[\"https:\/\/vosgesinfo.fr\/gerardmerinfo\/2021\/03\/bresse-redeploiement-agents-communaux\/#respond\"]}]},{\"@type\":\"WebPage\",\"@id\":\"https:\/\/vosgesinfo.fr\/gerardmerinfo\/2021\/03\/bresse-redeploiement-agents-communaux\/\",\"url\":\"https:\/\/vosgesinfo.fr\/gerardmerinfo\/2021\/03\/bresse-redeploiement-agents-communaux\/\",\"name\":\"La Bresse : red\u00e9ploiement des agents communaux - Gerardmer Info\",\"isPartOf\":{\"@id\":\"https:\/\/vosgesinfo.fr\/gerardmerinfo\/#website\"},\"primaryImageOfPage\":{\"@id\":\"https:\/\/vosgesinfo.fr\/gerardmerinfo\/2021\/03\/bresse-redeploiement-agents-communaux\/#primaryimage\"},\"image\":{\"@id\":\"https:\/\/vosgesinfo.fr\/gerardmerinfo\/2021\/03\/bresse-redeploiement-agents-communaux\/#primaryimage\"},\"thumbnailUrl\":\"https:\/\/vosgesinfo.fr\/app\/uploads\/sites\/6\/2024\/07\/202103elodie-mougel.jpg\",\"datePublished\":\"2021-03-05T03:51:13+00:00\",\"dateModified\":\"2021-03-05T03:51:13+00:00\",\"breadcrumb\":{\"@id\":\"https:\/\/vosgesinfo.fr\/gerardmerinfo\/2021\/03\/bresse-redeploiement-agents-communaux\/#breadcrumb\"},\"inLanguage\":\"fr-FR\",\"potentialAction\":[{\"@type\":\"ReadAction\",\"target\":[\"https:\/\/vosgesinfo.fr\/gerardmerinfo\/2021\/03\/bresse-redeploiement-agents-communaux\/\"]}]},{\"@type\":\"ImageObject\",\"inLanguage\":\"fr-FR\",\"@id\":\"https:\/\/vosgesinfo.fr\/gerardmerinfo\/2021\/03\/bresse-redeploiement-agents-communaux\/#primaryimage\",\"url\":\"https:\/\/vosgesinfo.fr\/app\/uploads\/sites\/6\/2024\/07\/202103elodie-mougel.jpg\",\"contentUrl\":\"https:\/\/vosgesinfo.fr\/app\/uploads\/sites\/6\/2024\/07\/202103elodie-mougel.jpg\",\"width\":600,\"height\":800},{\"@type\":\"BreadcrumbList\",\"@id\":\"https:\/\/vosgesinfo.fr\/gerardmerinfo\/2021\/03\/bresse-redeploiement-agents-communaux\/#breadcrumb\",\"itemListElement\":[{\"@type\":\"ListItem\",\"position\":1,\"name\":\"Home\",\"item\":\"https:\/\/vosgesinfo.fr\/gerardmerinfo\/\"},{\"@type\":\"ListItem\",\"position\":2,\"name\":\"La Bresse : red\u00e9ploiement des agents communaux\"}]},{\"@type\":\"WebSite\",\"@id\":\"https:\/\/vosgesinfo.fr\/gerardmerinfo\/#website\",\"url\":\"https:\/\/vosgesinfo.fr\/gerardmerinfo\/\",\"name\":\"Gerardmer Info\",\"description\":\"Toute l&#039;actualit\u00e9 de G\u00e9rardmer\",\"publisher\":{\"@id\":\"https:\/\/vosgesinfo.fr\/gerardmerinfo\/#organization\"},\"alternateName\":\"Toute l'actualit\u00e9 de G\u00e9rardmer\",\"potentialAction\":[{\"@type\":\"SearchAction\",\"target\":{\"@type\":\"EntryPoint\",\"urlTemplate\":\"https:\/\/vosgesinfo.fr\/gerardmerinfo\/?s={search_term_string}\"},\"query-input\":\"required name=search_term_string\"}],\"inLanguage\":\"fr-FR\"},{\"@type\":\"Organization\",\"@id\":\"https:\/\/vosgesinfo.fr\/gerardmerinfo\/#organization\",\"name\":\"Gerardmer Info\",\"url\":\"https:\/\/vosgesinfo.fr\/gerardmerinfo\/\",\"logo\":{\"@type\":\"ImageObject\",\"inLanguage\":\"fr-FR\",\"@id\":\"https:\/\/vosgesinfo.fr\/gerardmerinfo\/#\/schema\/logo\/image\/\",\"url\":\"https:\/\/vosgesinfo.fr\/app\/uploads\/sites\/6\/2023\/08\/favicon-gerardmerinfo.png\",\"contentUrl\":\"https:\/\/vosgesinfo.fr\/app\/uploads\/sites\/6\/2023\/08\/favicon-gerardmerinfo.png\",\"width\":512,\"height\":512,\"caption\":\"Gerardmer Info\"},\"image\":{\"@id\":\"https:\/\/vosgesinfo.fr\/gerardmerinfo\/#\/schema\/logo\/image\/\"},\"sameAs\":[\"https:\/\/www.facebook.com\/profile.php?id=100049475262660\",\"https:\/\/x.com\/VosgesInfo88\",\"https:\/\/www.youtube.com\/@vosgesinfo\"]},{\"@type\":\"Person\",\"@id\":\"https:\/\/vosgesinfo.fr\/gerardmerinfo\/#\/schema\/person\/bc5d02d71e6932e81b6dadb7386667b1\",\"name\":\"qs_admin\",\"image\":{\"@type\":\"ImageObject\",\"inLanguage\":\"fr-FR\",\"@id\":\"https:\/\/vosgesinfo.fr\/gerardmerinfo\/#\/schema\/person\/image\/\",\"url\":\"https:\/\/secure.gravatar.com\/avatar\/94b18ee0ed79e4a42ea2f2931277b6841a8999fc6fde214600c78057cf1fe1de?s=96&d=mm&r=g\",\"contentUrl\":\"https:\/\/secure.gravatar.com\/avatar\/94b18ee0ed79e4a42ea2f2931277b6841a8999fc6fde214600c78057cf1fe1de?s=96&d=mm&r=g\",\"caption\":\"qs_admin\"},\"sameAs\":[\"https:\/\/vosgesinfo.fr\/wp\"],\"url\":\"https:\/\/vosgesinfo.fr\/gerardmerinfo\/author\/qs_admin\/\"}]}<\/script>\n<!-- \/ Yoast SEO plugin. -->","yoast_head_json":{"title":"La Bresse : red\u00e9ploiement des agents communaux - Gerardmer Info","robots":{"index":"index","follow":"follow","max-snippet":"max-snippet:-1","max-image-preview":"max-image-preview:large","max-video-preview":"max-video-preview:-1"},"canonical":"https:\/\/vosgesinfo.fr\/gerardmerinfo\/2021\/03\/bresse-redeploiement-agents-communaux\/","twitter_card":"summary_large_image","twitter_title":"La Bresse : red\u00e9ploiement des agents communaux - Gerardmer Info","twitter_description":"Depuis le d\u00e9but de cette crise sanitaire, de nombreux agents communaux se sont retrouv\u00e9s d\u00e9pourvus de missions, suite \u00e0 la [&hellip;]","twitter_image":"https:\/\/vosgesinfo.fr\/app\/uploads\/sites\/6\/2024\/07\/202103elodie-mougel.jpg","twitter_creator":"@VosgesInfo88","twitter_site":"@VosgesInfo88","twitter_misc":{"\u00c9crit par":"qs_admin","Dur\u00e9e de lecture estim\u00e9e":"2 minutes"},"schema":{"@context":"https:\/\/schema.org","@graph":[{"@type":"Article","@id":"https:\/\/vosgesinfo.fr\/gerardmerinfo\/2021\/03\/bresse-redeploiement-agents-communaux\/#article","isPartOf":{"@id":"https:\/\/vosgesinfo.fr\/gerardmerinfo\/2021\/03\/bresse-redeploiement-agents-communaux\/"},"author":{"name":"qs_admin","@id":"https:\/\/vosgesinfo.fr\/gerardmerinfo\/#\/schema\/person\/bc5d02d71e6932e81b6dadb7386667b1"},"headline":"La Bresse : red\u00e9ploiement des agents communaux","datePublished":"2021-03-05T03:51:13+00:00","dateModified":"2021-03-05T03:51:13+00:00","mainEntityOfPage":{"@id":"https:\/\/vosgesinfo.fr\/gerardmerinfo\/2021\/03\/bresse-redeploiement-agents-communaux\/"},"wordCount":355,"commentCount":0,"publisher":{"@id":"https:\/\/vosgesinfo.fr\/gerardmerinfo\/#organization"},"image":{"@id":"https:\/\/vosgesinfo.fr\/gerardmerinfo\/2021\/03\/bresse-redeploiement-agents-communaux\/#primaryimage"},"thumbnailUrl":"https:\/\/vosgesinfo.fr\/app\/uploads\/sites\/6\/2024\/07\/202103elodie-mougel.jpg","articleSection":["A la une","Loisirs","Vosges"],"inLanguage":"fr-FR","potentialAction":[{"@type":"CommentAction","name":"Comment","target":["https:\/\/vosgesinfo.fr\/gerardmerinfo\/2021\/03\/bresse-redeploiement-agents-communaux\/#respond"]}]},{"@type":"WebPage","@id":"https:\/\/vosgesinfo.fr\/gerardmerinfo\/2021\/03\/bresse-redeploiement-agents-communaux\/","url":"https:\/\/vosgesinfo.fr\/gerardmerinfo\/2021\/03\/bresse-redeploiement-agents-communaux\/","name":"La Bresse : red\u00e9ploiement des agents communaux - Gerardmer Info","isPartOf":{"@id":"https:\/\/vosgesinfo.fr\/gerardmerinfo\/#website"},"primaryImageOfPage":{"@id":"https:\/\/vosgesinfo.fr\/gerardmerinfo\/2021\/03\/bresse-redeploiement-agents-communaux\/#primaryimage"},"image":{"@id":"https:\/\/vosgesinfo.fr\/gerardmerinfo\/2021\/03\/bresse-redeploiement-agents-communaux\/#primaryimage"},"thumbnailUrl":"https:\/\/vosgesinfo.fr\/app\/uploads\/sites\/6\/2024\/07\/202103elodie-mougel.jpg","datePublished":"2021-03-05T03:51:13+00:00","dateModified":"2021-03-05T03:51:13+00:00","breadcrumb":{"@id":"https:\/\/vosgesinfo.fr\/gerardmerinfo\/2021\/03\/bresse-redeploiement-agents-communaux\/#breadcrumb"},"inLanguage":"fr-FR","potentialAction":[{"@type":"ReadAction","target":["https:\/\/vosgesinfo.fr\/gerardmerinfo\/2021\/03\/bresse-redeploiement-agents-communaux\/"]}]},{"@type":"ImageObject","inLanguage":"fr-FR","@id":"https:\/\/vosgesinfo.fr\/gerardmerinfo\/2021\/03\/bresse-redeploiement-agents-communaux\/#primaryimage","url":"https:\/\/vosgesinfo.fr\/app\/uploads\/sites\/6\/2024\/07\/202103elodie-mougel.jpg","contentUrl":"https:\/\/vosgesinfo.fr\/app\/uploads\/sites\/6\/2024\/07\/202103elodie-mougel.jpg","width":600,"height":800},{"@type":"BreadcrumbList","@id":"https:\/\/vosgesinfo.fr\/gerardmerinfo\/2021\/03\/bresse-redeploiement-agents-communaux\/#breadcrumb","itemListElement":[{"@type":"ListItem","position":1,"name":"Home","item":"https:\/\/vosgesinfo.fr\/gerardmerinfo\/"},{"@type":"ListItem","position":2,"name":"La Bresse : red\u00e9ploiement des agents communaux"}]},{"@type":"WebSite","@id":"https:\/\/vosgesinfo.fr\/gerardmerinfo\/#website","url":"https:\/\/vosgesinfo.fr\/gerardmerinfo\/","name":"Gerardmer Info","description":"Toute l&#039;actualit\u00e9 de G\u00e9rardmer","publisher":{"@id":"https:\/\/vosgesinfo.fr\/gerardmerinfo\/#organization"},"alternateName":"Toute l'actualit\u00e9 de G\u00e9rardmer","potentialAction":[{"@type":"SearchAction","target":{"@type":"EntryPoint","urlTemplate":"https:\/\/vosgesinfo.fr\/gerardmerinfo\/?s={search_term_string}"},"query-input":"required name=search_term_string"}],"inLanguage":"fr-FR"},{"@type":"Organization","@id":"https:\/\/vosgesinfo.fr\/gerardmerinfo\/#organization","name":"Gerardmer Info","url":"https:\/\/vosgesinfo.fr\/gerardmerinfo\/","logo":{"@type":"ImageObject","inLanguage":"fr-FR","@id":"https:\/\/vosgesinfo.fr\/gerardmerinfo\/#\/schema\/logo\/image\/","url":"https:\/\/vosgesinfo.fr\/app\/uploads\/sites\/6\/2023\/08\/favicon-gerardmerinfo.png","contentUrl":"https:\/\/vosgesinfo.fr\/app\/uploads\/sites\/6\/2023\/08\/favicon-gerardmerinfo.png","width":512,"height":512,"caption":"Gerardmer Info"},"image":{"@id":"https:\/\/vosgesinfo.fr\/gerardmerinfo\/#\/schema\/logo\/image\/"},"sameAs":["https:\/\/www.facebook.com\/profile.php?id=100049475262660","https:\/\/x.com\/VosgesInfo88","https:\/\/www.youtube.com\/@vosgesinfo"]},{"@type":"Person","@id":"https:\/\/vosgesinfo.fr\/gerardmerinfo\/#\/schema\/person\/bc5d02d71e6932e81b6dadb7386667b1","name":"qs_admin","image":{"@type":"ImageObject","inLanguage":"fr-FR","@id":"https:\/\/vosgesinfo.fr\/gerardmerinfo\/#\/schema\/person\/image\/","url":"https:\/\/secure.gravatar.com\/avatar\/94b18ee0ed79e4a42ea2f2931277b6841a8999fc6fde214600c78057cf1fe1de?s=96&d=mm&r=g","contentUrl":"https:\/\/secure.gravatar.com\/avatar\/94b18ee0ed79e4a42ea2f2931277b6841a8999fc6fde214600c78057cf1fe1de?s=96&d=mm&r=g","caption":"qs_admin"},"sameAs":["https:\/\/vosgesinfo.fr\/wp"],"url":"https:\/\/vosgesinfo.fr\/gerardmerinfo\/author\/qs_admin\/"}]}},"_links":{"self":[{"href":"https:\/\/vosgesinfo.fr\/gerardmerinfo\/wp-json\/wp\/v2\/posts\/52133","targetHints":{"allow":["GET"]}}],"collection":[{"href":"https:\/\/vosgesinfo.fr\/gerardmerinfo\/wp-json\/wp\/v2\/posts"}],"about":[{"href":"https:\/\/vosgesinfo.fr\/gerardmerinfo\/wp-json\/wp\/v2\/types\/post"}],"author":[{"embeddable":true,"href":"https:\/\/vosgesinfo.fr\/gerardmerinfo\/wp-json\/wp\/v2\/users\/1"}],"replies":[{"embeddable":true,"href":"https:\/\/vosgesinfo.fr\/gerardmerinfo\/wp-json\/wp\/v2\/comments?post=52133"}],"version-history":[{"count":0,"href":"https:\/\/vosgesinfo.fr\/gerardmerinfo\/wp-json\/wp\/v2\/posts\/52133\/revisions"}],"wp:featuredmedia":[{"embeddable":true,"href":"https:\/\/vosgesinfo.fr\/gerardmerinfo\/wp-json\/wp\/v2\/media\/52134"}],"wp:attachment":[{"href":"https:\/\/vosgesinfo.fr\/gerardmerinfo\/wp-json\/wp\/v2\/media?parent=52133"}],"wp:term":[{"taxonomy":"category","embeddable":true,"href":"https:\/\/vosgesinfo.fr\/gerardmerinfo\/wp-json\/wp\/v2\/categories?post=52133"},{"taxonomy":"post_tag","embeddable":true,"href":"https:\/\/vosgesinfo.fr\/gerardmerinfo\/wp-json\/wp\/v2\/tags?post=52133"}],"curies":[{"name":"wp","href":"https:\/\/api.w.org\/{rel}","templated":true}]}}