{"id":52501,"date":"2021-04-08T07:00:15","date_gmt":"2021-04-08T05:00:15","guid":{"rendered":"https:\/\/vosgesinfo.fr\/gerardmerinfo\/2021\/04\/festival-mixture-decouvrez-lhistoire-de-trompette-enfants\/"},"modified":"2021-04-08T07:00:15","modified_gmt":"2021-04-08T05:00:15","slug":"festival-mixture-decouvrez-lhistoire-de-trompette-enfants","status":"publish","type":"post","link":"https:\/\/vosgesinfo.fr\/gerardmerinfo\/2021\/04\/festival-mixture-decouvrez-lhistoire-de-trompette-enfants\/","title":{"rendered":"Festival Mix&rsquo;Ture : d\u00e9couvrez l&rsquo;histoire de la trompette avec les enfants"},"content":{"rendered":"<h3><span style=\"font-size: 14pt;\"><a href=\"\/2021\/04\/Screenshot_2021-04-07-Histoire-de-la-Trompette-racont\u00e9e-aux-enfants-Episode-1-et-2-La-Pr\u00e9histoire-et-lAntiquit\u00e9.png\"><img decoding=\"async\" class=\"aligncenter size-full wp-image-175012\" src=\"\/2021\/04\/Screenshot_2021-04-07-Histoire-de-la-Trompette-racont\u00e9e-aux-enfants-Episode-1-et-2-La-Pr\u00e9histoire-et-lAntiquit\u00e9.png\" alt=\"Screenshot_2021-04-07 Histoire de la Trompette, racont\u00e9e aux enfants - Episode 1 et 2 La Pr\u00e9histoire et l'Antiquit\u00e9\" width=\"800\" height=\"441\" \/><\/a><\/span><\/h3>\n<h3><\/h3>\n<h3><span style=\"font-size: 14pt;\">Pour le festival MIX&rsquo;TURE, qui se d\u00e9roule en ligne, l\u2019\u00e9cole de musique de G\u00e9rardmer propose de d\u00e9couvrir \u00ab\u00a0L\u2019Histoire de la trompette, racont\u00e9e aux enfants\u00a0\u00bb.<\/span><\/h3>\n<p>Il s\u2019agit d\u2019une vid\u00e9o propos\u00e9e en 4 parties et programm\u00e9e sur Youtube\u00a0:<\/p>\n<p>La 1<sup>\u00e8re<\/sup> partie d\u00e9j\u00e0 en ligne, regroupe l\u2019\u00e9pisode 1 consacr\u00e9 \u00e0 la Pr\u00e9histoire et l\u2019\u00e9pisode 2, consacr\u00e9 \u00e0 l\u2019Antiquit\u00e9\u00a0: <a href=\"https:\/\/youtu.be\/FlRuXqI1ffI\" target=\"_blank\" rel=\"noopener noreferrer\" data-auth=\"NotApplicable\" data-linkindex=\"0\">https:\/\/youtu.be\/FlRuXqI1ffI<\/a><\/p>\n<p>La 2<sup>\u00e8me<\/sup> partie est programm\u00e9e pour \u00eatre disponible le 14 avril \u00e0 19h00. Elle est consacr\u00e9e au 3<sup>\u00e8me<\/sup> \u00e9pisode\u00a0: Le Moyen-\u00c2ge\u00a0\u00a0 <a href=\"https:\/\/youtu.be\/DUxMJzhn1Co\" target=\"_blank\" rel=\"noopener noreferrer\" data-auth=\"NotApplicable\" data-linkindex=\"1\">https:\/\/youtu.be\/DUxMJzhn1Co<\/a><\/p>\n<p>La 3<sup>\u00e8me<\/sup> partie est programm\u00e9e pour \u00eatre disponible le 21 avril \u00e0 19h00. Elle est consacr\u00e9e au 4<sup>\u00e8me<\/sup> \u00e9pisode\u00a0: La p\u00e9riode Baroque\u00a0\u00a0\u00a0 <a href=\"https:\/\/youtu.be\/PR-WiBgPv8U\" target=\"_blank\" rel=\"noopener noreferrer\" data-auth=\"NotApplicable\" data-linkindex=\"2\">https:\/\/youtu.be\/PR-WiBgPv8U<\/a><\/p>\n<p>La 4<sup>\u00e8me<\/sup> partie est programm\u00e9e pour \u00eatre disponible le 28 avril \u00e0 19h00. Elle est consacr\u00e9e au 5<sup>\u00e8me<\/sup> et dernier \u00e9pisode\u00a0: La p\u00e9riode Classique et la p\u00e9riode Moderne\u00a0\u00a0\u00a0\u00a0\u00a0 <a href=\"https:\/\/youtu.be\/YLJbY8Fj978\" target=\"_blank\" rel=\"noopener noreferrer\" data-auth=\"NotApplicable\" data-linkindex=\"3\">https:\/\/youtu.be\/YLJbY8Fj978<\/a><\/p>\n<p>&nbsp;<\/p>\n<p>Cette vid\u00e9o a \u00e9t\u00e9 r\u00e9alis\u00e9e par le directeur de l&rsquo;\u00e9cole Ludovic B\u00e9rard qui s&rsquo;est appuy\u00e9 sur le recueil \u00ab\u00a0La Trompette, Histoire \u2013 extraits des diff\u00e9rentes grandes m\u00e9thodes et trait\u00e9s p\u00e9dagogiques, historiques et organographiques, concernant l\u2019enseignement de la trompette et des instruments de cuivre\u00a0\u00bb, recueillis par Dino TOMBA, alors professeur au Conservatoire de Nancy.<\/p>\n<p>Ludovic B\u00e9rard qui a souhait\u00e9 par ce biais maintenir un contact avec les \u00e9l\u00e8ves, leurs parents et la population locale, afin que l&rsquo;activit\u00e9 de l&rsquo;\u00e9cole de musique reste la plus dynamique possible en cette p\u00e9riode difficile. Depuis la semaine pr\u00e9c\u00e9dant les vacances de No\u00ebl, professeurs et \u00e9l\u00e8ves mineurs avaient eu le bonheur de se retrouver en pr\u00e9sentiel et le taux de retour a \u00e9t\u00e9 tr\u00e8s satisfaisant avec presque 100%. Les \u00e9l\u00e8ves adultes b\u00e9n\u00e9ficiant quant \u00e0 eux des cours en distanciel, selon les moyens techniques de chacun. A noter, que la ville de G\u00e9rardmer et son service informatique, a permis, pendant les p\u00e9riodes de confinement, \u00e0 l\u2019\u00e9quipe enseignante de continuer \u00e0 travailler depuis l\u2019\u00e9cole de musique, permettant ainsi aux enseignants de se rencontrer r\u00e9guli\u00e8rement et de continuer \u00e0 \u00e9changer sur les probl\u00e8mes rencontr\u00e9s par chacun.<\/p>\n<p>Les r\u00e9seaux sociaux, notamment Facebook (<a href=\"https:\/\/www.facebook.com\/groups\/ecoledemusiquedegerardmer\" target=\"_blank\" rel=\"noopener noreferrer\" data-auth=\"NotApplicable\" data-linkindex=\"4\">https:\/\/www.facebook.com\/groups\/ecoledemusiquedegerardmer<\/a> ) et le site internet de l\u2019\u00e9cole de musique ( <a href=\"http:\/\/ecoledemusiquedegerardmer.e-monsite.com\/\" target=\"_blank\" rel=\"noopener noreferrer\" data-auth=\"NotApplicable\" data-linkindex=\"5\">http:\/\/ecoledemusiquedegerardmer.e-monsite.com\/<\/a> ) sont tr\u00e8s r\u00e9guli\u00e8rement aliment\u00e9s, pour continuer, tant bien que mal, \u00e0 mettre la musique le plus possible en lumi\u00e8re.<\/p>\n","protected":false},"excerpt":{"rendered":"<p>Pour le festival MIX&rsquo;TURE, qui se d\u00e9roule en ligne, l\u2019\u00e9cole de musique de G\u00e9rardmer propose de d\u00e9couvrir \u00ab\u00a0L\u2019Histoire de la [&hellip;]<\/p>\n","protected":false},"author":1,"featured_media":52502,"comment_status":"open","ping_status":"open","sticky":false,"template":"","format":"standard","meta":{"footnotes":""},"categories":[20,34,4,25],"tags":[2055],"class_list":["post-52501","post","type-post","status-publish","format-standard","has-post-thumbnail","hentry","category-a-la-une","category-concert","category-culture","category-gerardmer","tag-ecole-de-musique"],"acf":[],"yoast_head":"<!-- This site is optimized with the Yoast SEO plugin v22.5 - https:\/\/yoast.com\/wordpress\/plugins\/seo\/ -->\n<title>Festival Mix&#039;Ture : d\u00e9couvrez l&#039;histoire de la trompette avec les enfants - Gerardmer Info<\/title>\n<meta name=\"robots\" content=\"index, follow, max-snippet:-1, max-image-preview:large, max-video-preview:-1\" \/>\n<link rel=\"canonical\" href=\"https:\/\/vosgesinfo.fr\/gerardmerinfo\/2021\/04\/festival-mixture-decouvrez-lhistoire-de-trompette-enfants\/\" \/>\n<meta name=\"twitter:card\" content=\"summary_large_image\" \/>\n<meta name=\"twitter:title\" content=\"Festival Mix&#039;Ture : d\u00e9couvrez l&#039;histoire de la trompette avec les enfants - Gerardmer Info\" \/>\n<meta name=\"twitter:description\" content=\"Pour le festival MIX&rsquo;TURE, qui se d\u00e9roule en ligne, l\u2019\u00e9cole de musique de G\u00e9rardmer propose de d\u00e9couvrir \u00ab\u00a0L\u2019Histoire de la [&hellip;]\" \/>\n<meta name=\"twitter:image\" content=\"https:\/\/vosgesinfo.fr\/app\/uploads\/sites\/6\/2024\/07\/202104screenshot-2021-04-07-histoire-de-la-trompette-racontee-aux-enfants-episode-1-et-2-la-prehistoire-et-lantiquite.png\" \/>\n<meta name=\"twitter:creator\" content=\"@VosgesInfo88\" \/>\n<meta name=\"twitter:site\" content=\"@VosgesInfo88\" \/>\n<meta name=\"twitter:label1\" content=\"\u00c9crit par\" \/>\n\t<meta name=\"twitter:data1\" content=\"qs_admin\" \/>\n\t<meta name=\"twitter:label2\" content=\"Dur\u00e9e de lecture estim\u00e9e\" \/>\n\t<meta name=\"twitter:data2\" content=\"2 minutes\" \/>\n<script type=\"application\/ld+json\" class=\"yoast-schema-graph\">{\"@context\":\"https:\/\/schema.org\",\"@graph\":[{\"@type\":\"Article\",\"@id\":\"https:\/\/vosgesinfo.fr\/gerardmerinfo\/2021\/04\/festival-mixture-decouvrez-lhistoire-de-trompette-enfants\/#article\",\"isPartOf\":{\"@id\":\"https:\/\/vosgesinfo.fr\/gerardmerinfo\/2021\/04\/festival-mixture-decouvrez-lhistoire-de-trompette-enfants\/\"},\"author\":{\"name\":\"qs_admin\",\"@id\":\"https:\/\/vosgesinfo.fr\/gerardmerinfo\/#\/schema\/person\/bc5d02d71e6932e81b6dadb7386667b1\"},\"headline\":\"Festival Mix&rsquo;Ture : d\u00e9couvrez l&rsquo;histoire de la trompette avec les enfants\",\"datePublished\":\"2021-04-08T05:00:15+00:00\",\"dateModified\":\"2021-04-08T05:00:15+00:00\",\"mainEntityOfPage\":{\"@id\":\"https:\/\/vosgesinfo.fr\/gerardmerinfo\/2021\/04\/festival-mixture-decouvrez-lhistoire-de-trompette-enfants\/\"},\"wordCount\":438,\"commentCount\":0,\"publisher\":{\"@id\":\"https:\/\/vosgesinfo.fr\/gerardmerinfo\/#organization\"},\"image\":{\"@id\":\"https:\/\/vosgesinfo.fr\/gerardmerinfo\/2021\/04\/festival-mixture-decouvrez-lhistoire-de-trompette-enfants\/#primaryimage\"},\"thumbnailUrl\":\"https:\/\/vosgesinfo.fr\/app\/uploads\/sites\/6\/2024\/07\/202104screenshot-2021-04-07-histoire-de-la-trompette-racontee-aux-enfants-episode-1-et-2-la-prehistoire-et-lantiquite.png\",\"keywords\":[\"ecole de musique\"],\"articleSection\":[\"A la une\",\"Concert\",\"Culture\",\"G\u00e9rardmer\"],\"inLanguage\":\"fr-FR\",\"potentialAction\":[{\"@type\":\"CommentAction\",\"name\":\"Comment\",\"target\":[\"https:\/\/vosgesinfo.fr\/gerardmerinfo\/2021\/04\/festival-mixture-decouvrez-lhistoire-de-trompette-enfants\/#respond\"]}]},{\"@type\":\"WebPage\",\"@id\":\"https:\/\/vosgesinfo.fr\/gerardmerinfo\/2021\/04\/festival-mixture-decouvrez-lhistoire-de-trompette-enfants\/\",\"url\":\"https:\/\/vosgesinfo.fr\/gerardmerinfo\/2021\/04\/festival-mixture-decouvrez-lhistoire-de-trompette-enfants\/\",\"name\":\"Festival Mix'Ture : d\u00e9couvrez l'histoire de la trompette avec les enfants - Gerardmer Info\",\"isPartOf\":{\"@id\":\"https:\/\/vosgesinfo.fr\/gerardmerinfo\/#website\"},\"primaryImageOfPage\":{\"@id\":\"https:\/\/vosgesinfo.fr\/gerardmerinfo\/2021\/04\/festival-mixture-decouvrez-lhistoire-de-trompette-enfants\/#primaryimage\"},\"image\":{\"@id\":\"https:\/\/vosgesinfo.fr\/gerardmerinfo\/2021\/04\/festival-mixture-decouvrez-lhistoire-de-trompette-enfants\/#primaryimage\"},\"thumbnailUrl\":\"https:\/\/vosgesinfo.fr\/app\/uploads\/sites\/6\/2024\/07\/202104screenshot-2021-04-07-histoire-de-la-trompette-racontee-aux-enfants-episode-1-et-2-la-prehistoire-et-lantiquite.png\",\"datePublished\":\"2021-04-08T05:00:15+00:00\",\"dateModified\":\"2021-04-08T05:00:15+00:00\",\"breadcrumb\":{\"@id\":\"https:\/\/vosgesinfo.fr\/gerardmerinfo\/2021\/04\/festival-mixture-decouvrez-lhistoire-de-trompette-enfants\/#breadcrumb\"},\"inLanguage\":\"fr-FR\",\"potentialAction\":[{\"@type\":\"ReadAction\",\"target\":[\"https:\/\/vosgesinfo.fr\/gerardmerinfo\/2021\/04\/festival-mixture-decouvrez-lhistoire-de-trompette-enfants\/\"]}]},{\"@type\":\"ImageObject\",\"inLanguage\":\"fr-FR\",\"@id\":\"https:\/\/vosgesinfo.fr\/gerardmerinfo\/2021\/04\/festival-mixture-decouvrez-lhistoire-de-trompette-enfants\/#primaryimage\",\"url\":\"https:\/\/vosgesinfo.fr\/app\/uploads\/sites\/6\/2024\/07\/202104screenshot-2021-04-07-histoire-de-la-trompette-racontee-aux-enfants-episode-1-et-2-la-prehistoire-et-lantiquite.png\",\"contentUrl\":\"https:\/\/vosgesinfo.fr\/app\/uploads\/sites\/6\/2024\/07\/202104screenshot-2021-04-07-histoire-de-la-trompette-racontee-aux-enfants-episode-1-et-2-la-prehistoire-et-lantiquite.png\",\"width\":800,\"height\":441},{\"@type\":\"BreadcrumbList\",\"@id\":\"https:\/\/vosgesinfo.fr\/gerardmerinfo\/2021\/04\/festival-mixture-decouvrez-lhistoire-de-trompette-enfants\/#breadcrumb\",\"itemListElement\":[{\"@type\":\"ListItem\",\"position\":1,\"name\":\"Home\",\"item\":\"https:\/\/vosgesinfo.fr\/gerardmerinfo\/\"},{\"@type\":\"ListItem\",\"position\":2,\"name\":\"Festival Mix&rsquo;Ture : d\u00e9couvrez l&rsquo;histoire de la trompette avec les enfants\"}]},{\"@type\":\"WebSite\",\"@id\":\"https:\/\/vosgesinfo.fr\/gerardmerinfo\/#website\",\"url\":\"https:\/\/vosgesinfo.fr\/gerardmerinfo\/\",\"name\":\"Gerardmer Info\",\"description\":\"Toute l&#039;actualit\u00e9 de G\u00e9rardmer\",\"publisher\":{\"@id\":\"https:\/\/vosgesinfo.fr\/gerardmerinfo\/#organization\"},\"alternateName\":\"Toute l'actualit\u00e9 de G\u00e9rardmer\",\"potentialAction\":[{\"@type\":\"SearchAction\",\"target\":{\"@type\":\"EntryPoint\",\"urlTemplate\":\"https:\/\/vosgesinfo.fr\/gerardmerinfo\/?s={search_term_string}\"},\"query-input\":\"required name=search_term_string\"}],\"inLanguage\":\"fr-FR\"},{\"@type\":\"Organization\",\"@id\":\"https:\/\/vosgesinfo.fr\/gerardmerinfo\/#organization\",\"name\":\"Gerardmer Info\",\"url\":\"https:\/\/vosgesinfo.fr\/gerardmerinfo\/\",\"logo\":{\"@type\":\"ImageObject\",\"inLanguage\":\"fr-FR\",\"@id\":\"https:\/\/vosgesinfo.fr\/gerardmerinfo\/#\/schema\/logo\/image\/\",\"url\":\"https:\/\/vosgesinfo.fr\/app\/uploads\/sites\/6\/2023\/08\/favicon-gerardmerinfo.png\",\"contentUrl\":\"https:\/\/vosgesinfo.fr\/app\/uploads\/sites\/6\/2023\/08\/favicon-gerardmerinfo.png\",\"width\":512,\"height\":512,\"caption\":\"Gerardmer Info\"},\"image\":{\"@id\":\"https:\/\/vosgesinfo.fr\/gerardmerinfo\/#\/schema\/logo\/image\/\"},\"sameAs\":[\"https:\/\/www.facebook.com\/profile.php?id=100049475262660\",\"https:\/\/x.com\/VosgesInfo88\",\"https:\/\/www.youtube.com\/@vosgesinfo\"]},{\"@type\":\"Person\",\"@id\":\"https:\/\/vosgesinfo.fr\/gerardmerinfo\/#\/schema\/person\/bc5d02d71e6932e81b6dadb7386667b1\",\"name\":\"qs_admin\",\"image\":{\"@type\":\"ImageObject\",\"inLanguage\":\"fr-FR\",\"@id\":\"https:\/\/vosgesinfo.fr\/gerardmerinfo\/#\/schema\/person\/image\/\",\"url\":\"https:\/\/secure.gravatar.com\/avatar\/94b18ee0ed79e4a42ea2f2931277b6841a8999fc6fde214600c78057cf1fe1de?s=96&d=mm&r=g\",\"contentUrl\":\"https:\/\/secure.gravatar.com\/avatar\/94b18ee0ed79e4a42ea2f2931277b6841a8999fc6fde214600c78057cf1fe1de?s=96&d=mm&r=g\",\"caption\":\"qs_admin\"},\"sameAs\":[\"https:\/\/vosgesinfo.fr\/wp\"],\"url\":\"https:\/\/vosgesinfo.fr\/gerardmerinfo\/author\/qs_admin\/\"}]}<\/script>\n<!-- \/ Yoast SEO plugin. -->","yoast_head_json":{"title":"Festival Mix'Ture : d\u00e9couvrez l'histoire de la trompette avec les enfants - Gerardmer Info","robots":{"index":"index","follow":"follow","max-snippet":"max-snippet:-1","max-image-preview":"max-image-preview:large","max-video-preview":"max-video-preview:-1"},"canonical":"https:\/\/vosgesinfo.fr\/gerardmerinfo\/2021\/04\/festival-mixture-decouvrez-lhistoire-de-trompette-enfants\/","twitter_card":"summary_large_image","twitter_title":"Festival Mix'Ture : d\u00e9couvrez l'histoire de la trompette avec les enfants - Gerardmer Info","twitter_description":"Pour le festival MIX&rsquo;TURE, qui se d\u00e9roule en ligne, l\u2019\u00e9cole de musique de G\u00e9rardmer propose de d\u00e9couvrir \u00ab\u00a0L\u2019Histoire de la [&hellip;]","twitter_image":"https:\/\/vosgesinfo.fr\/app\/uploads\/sites\/6\/2024\/07\/202104screenshot-2021-04-07-histoire-de-la-trompette-racontee-aux-enfants-episode-1-et-2-la-prehistoire-et-lantiquite.png","twitter_creator":"@VosgesInfo88","twitter_site":"@VosgesInfo88","twitter_misc":{"\u00c9crit par":"qs_admin","Dur\u00e9e de lecture estim\u00e9e":"2 minutes"},"schema":{"@context":"https:\/\/schema.org","@graph":[{"@type":"Article","@id":"https:\/\/vosgesinfo.fr\/gerardmerinfo\/2021\/04\/festival-mixture-decouvrez-lhistoire-de-trompette-enfants\/#article","isPartOf":{"@id":"https:\/\/vosgesinfo.fr\/gerardmerinfo\/2021\/04\/festival-mixture-decouvrez-lhistoire-de-trompette-enfants\/"},"author":{"name":"qs_admin","@id":"https:\/\/vosgesinfo.fr\/gerardmerinfo\/#\/schema\/person\/bc5d02d71e6932e81b6dadb7386667b1"},"headline":"Festival Mix&rsquo;Ture : d\u00e9couvrez l&rsquo;histoire de la trompette avec les enfants","datePublished":"2021-04-08T05:00:15+00:00","dateModified":"2021-04-08T05:00:15+00:00","mainEntityOfPage":{"@id":"https:\/\/vosgesinfo.fr\/gerardmerinfo\/2021\/04\/festival-mixture-decouvrez-lhistoire-de-trompette-enfants\/"},"wordCount":438,"commentCount":0,"publisher":{"@id":"https:\/\/vosgesinfo.fr\/gerardmerinfo\/#organization"},"image":{"@id":"https:\/\/vosgesinfo.fr\/gerardmerinfo\/2021\/04\/festival-mixture-decouvrez-lhistoire-de-trompette-enfants\/#primaryimage"},"thumbnailUrl":"https:\/\/vosgesinfo.fr\/app\/uploads\/sites\/6\/2024\/07\/202104screenshot-2021-04-07-histoire-de-la-trompette-racontee-aux-enfants-episode-1-et-2-la-prehistoire-et-lantiquite.png","keywords":["ecole de musique"],"articleSection":["A la une","Concert","Culture","G\u00e9rardmer"],"inLanguage":"fr-FR","potentialAction":[{"@type":"CommentAction","name":"Comment","target":["https:\/\/vosgesinfo.fr\/gerardmerinfo\/2021\/04\/festival-mixture-decouvrez-lhistoire-de-trompette-enfants\/#respond"]}]},{"@type":"WebPage","@id":"https:\/\/vosgesinfo.fr\/gerardmerinfo\/2021\/04\/festival-mixture-decouvrez-lhistoire-de-trompette-enfants\/","url":"https:\/\/vosgesinfo.fr\/gerardmerinfo\/2021\/04\/festival-mixture-decouvrez-lhistoire-de-trompette-enfants\/","name":"Festival Mix'Ture : d\u00e9couvrez l'histoire de la trompette avec les enfants - Gerardmer Info","isPartOf":{"@id":"https:\/\/vosgesinfo.fr\/gerardmerinfo\/#website"},"primaryImageOfPage":{"@id":"https:\/\/vosgesinfo.fr\/gerardmerinfo\/2021\/04\/festival-mixture-decouvrez-lhistoire-de-trompette-enfants\/#primaryimage"},"image":{"@id":"https:\/\/vosgesinfo.fr\/gerardmerinfo\/2021\/04\/festival-mixture-decouvrez-lhistoire-de-trompette-enfants\/#primaryimage"},"thumbnailUrl":"https:\/\/vosgesinfo.fr\/app\/uploads\/sites\/6\/2024\/07\/202104screenshot-2021-04-07-histoire-de-la-trompette-racontee-aux-enfants-episode-1-et-2-la-prehistoire-et-lantiquite.png","datePublished":"2021-04-08T05:00:15+00:00","dateModified":"2021-04-08T05:00:15+00:00","breadcrumb":{"@id":"https:\/\/vosgesinfo.fr\/gerardmerinfo\/2021\/04\/festival-mixture-decouvrez-lhistoire-de-trompette-enfants\/#breadcrumb"},"inLanguage":"fr-FR","potentialAction":[{"@type":"ReadAction","target":["https:\/\/vosgesinfo.fr\/gerardmerinfo\/2021\/04\/festival-mixture-decouvrez-lhistoire-de-trompette-enfants\/"]}]},{"@type":"ImageObject","inLanguage":"fr-FR","@id":"https:\/\/vosgesinfo.fr\/gerardmerinfo\/2021\/04\/festival-mixture-decouvrez-lhistoire-de-trompette-enfants\/#primaryimage","url":"https:\/\/vosgesinfo.fr\/app\/uploads\/sites\/6\/2024\/07\/202104screenshot-2021-04-07-histoire-de-la-trompette-racontee-aux-enfants-episode-1-et-2-la-prehistoire-et-lantiquite.png","contentUrl":"https:\/\/vosgesinfo.fr\/app\/uploads\/sites\/6\/2024\/07\/202104screenshot-2021-04-07-histoire-de-la-trompette-racontee-aux-enfants-episode-1-et-2-la-prehistoire-et-lantiquite.png","width":800,"height":441},{"@type":"BreadcrumbList","@id":"https:\/\/vosgesinfo.fr\/gerardmerinfo\/2021\/04\/festival-mixture-decouvrez-lhistoire-de-trompette-enfants\/#breadcrumb","itemListElement":[{"@type":"ListItem","position":1,"name":"Home","item":"https:\/\/vosgesinfo.fr\/gerardmerinfo\/"},{"@type":"ListItem","position":2,"name":"Festival Mix&rsquo;Ture : d\u00e9couvrez l&rsquo;histoire de la trompette avec les enfants"}]},{"@type":"WebSite","@id":"https:\/\/vosgesinfo.fr\/gerardmerinfo\/#website","url":"https:\/\/vosgesinfo.fr\/gerardmerinfo\/","name":"Gerardmer Info","description":"Toute l&#039;actualit\u00e9 de G\u00e9rardmer","publisher":{"@id":"https:\/\/vosgesinfo.fr\/gerardmerinfo\/#organization"},"alternateName":"Toute l'actualit\u00e9 de G\u00e9rardmer","potentialAction":[{"@type":"SearchAction","target":{"@type":"EntryPoint","urlTemplate":"https:\/\/vosgesinfo.fr\/gerardmerinfo\/?s={search_term_string}"},"query-input":"required name=search_term_string"}],"inLanguage":"fr-FR"},{"@type":"Organization","@id":"https:\/\/vosgesinfo.fr\/gerardmerinfo\/#organization","name":"Gerardmer Info","url":"https:\/\/vosgesinfo.fr\/gerardmerinfo\/","logo":{"@type":"ImageObject","inLanguage":"fr-FR","@id":"https:\/\/vosgesinfo.fr\/gerardmerinfo\/#\/schema\/logo\/image\/","url":"https:\/\/vosgesinfo.fr\/app\/uploads\/sites\/6\/2023\/08\/favicon-gerardmerinfo.png","contentUrl":"https:\/\/vosgesinfo.fr\/app\/uploads\/sites\/6\/2023\/08\/favicon-gerardmerinfo.png","width":512,"height":512,"caption":"Gerardmer Info"},"image":{"@id":"https:\/\/vosgesinfo.fr\/gerardmerinfo\/#\/schema\/logo\/image\/"},"sameAs":["https:\/\/www.facebook.com\/profile.php?id=100049475262660","https:\/\/x.com\/VosgesInfo88","https:\/\/www.youtube.com\/@vosgesinfo"]},{"@type":"Person","@id":"https:\/\/vosgesinfo.fr\/gerardmerinfo\/#\/schema\/person\/bc5d02d71e6932e81b6dadb7386667b1","name":"qs_admin","image":{"@type":"ImageObject","inLanguage":"fr-FR","@id":"https:\/\/vosgesinfo.fr\/gerardmerinfo\/#\/schema\/person\/image\/","url":"https:\/\/secure.gravatar.com\/avatar\/94b18ee0ed79e4a42ea2f2931277b6841a8999fc6fde214600c78057cf1fe1de?s=96&d=mm&r=g","contentUrl":"https:\/\/secure.gravatar.com\/avatar\/94b18ee0ed79e4a42ea2f2931277b6841a8999fc6fde214600c78057cf1fe1de?s=96&d=mm&r=g","caption":"qs_admin"},"sameAs":["https:\/\/vosgesinfo.fr\/wp"],"url":"https:\/\/vosgesinfo.fr\/gerardmerinfo\/author\/qs_admin\/"}]}},"_links":{"self":[{"href":"https:\/\/vosgesinfo.fr\/gerardmerinfo\/wp-json\/wp\/v2\/posts\/52501","targetHints":{"allow":["GET"]}}],"collection":[{"href":"https:\/\/vosgesinfo.fr\/gerardmerinfo\/wp-json\/wp\/v2\/posts"}],"about":[{"href":"https:\/\/vosgesinfo.fr\/gerardmerinfo\/wp-json\/wp\/v2\/types\/post"}],"author":[{"embeddable":true,"href":"https:\/\/vosgesinfo.fr\/gerardmerinfo\/wp-json\/wp\/v2\/users\/1"}],"replies":[{"embeddable":true,"href":"https:\/\/vosgesinfo.fr\/gerardmerinfo\/wp-json\/wp\/v2\/comments?post=52501"}],"version-history":[{"count":0,"href":"https:\/\/vosgesinfo.fr\/gerardmerinfo\/wp-json\/wp\/v2\/posts\/52501\/revisions"}],"wp:featuredmedia":[{"embeddable":true,"href":"https:\/\/vosgesinfo.fr\/gerardmerinfo\/wp-json\/wp\/v2\/media\/52502"}],"wp:attachment":[{"href":"https:\/\/vosgesinfo.fr\/gerardmerinfo\/wp-json\/wp\/v2\/media?parent=52501"}],"wp:term":[{"taxonomy":"category","embeddable":true,"href":"https:\/\/vosgesinfo.fr\/gerardmerinfo\/wp-json\/wp\/v2\/categories?post=52501"},{"taxonomy":"post_tag","embeddable":true,"href":"https:\/\/vosgesinfo.fr\/gerardmerinfo\/wp-json\/wp\/v2\/tags?post=52501"}],"curies":[{"name":"wp","href":"https:\/\/api.w.org\/{rel}","templated":true}]}}