{"id":52504,"date":"2021-04-08T05:00:41","date_gmt":"2021-04-08T03:00:41","guid":{"rendered":"https:\/\/vosgesinfo.fr\/gerardmerinfo\/2021\/04\/xonrupt-longemer-1ere-communion-dimanche-11-avril\/"},"modified":"2021-04-08T05:00:41","modified_gmt":"2021-04-08T03:00:41","slug":"xonrupt-longemer-1ere-communion-dimanche-11-avril","status":"publish","type":"post","link":"https:\/\/vosgesinfo.fr\/gerardmerinfo\/2021\/04\/xonrupt-longemer-1ere-communion-dimanche-11-avril\/","title":{"rendered":"XONRUPT LONGEMER &#8211; 1\u00e9re COMMUNION le dimanche 11 avril"},"content":{"rendered":"<p><a href=\"\/2021\/04\/d\u00e9co-porche-\u00e9glise.jpg\"><img decoding=\"async\" class=\"aligncenter size-medium wp-image-175020\" src=\"\/2021\/04\/d\u00e9co-porche-\u00e9glise-340x255.jpg\" alt=\"d\u00e9co porche \u00e9glise\" width=\"340\" height=\"255\" \/><\/a><\/p>\n<p>&nbsp;<\/p>\n<p>Changement d\u2019heure de la messe du dimanche 11 avril\u00a0: 10H30 au lieu de 10H00.<\/p>\n<p>En juin 2020, Agathe, Camille, Gabriel, Gw\u00e9na\u00eblle, L\u00e9onie auraient d\u00fb recevoir, apr\u00e8s plusieurs rencontres, leur premi\u00e8re communion\u00a0; la pand\u00e9mie en a d\u00e9cid\u00e9 autrement.<\/p>\n<p>Report\u00e9e en novembre 2020, le sacrement de l\u2019eucharistie n\u2019a de nouveau pas pu avoir lieu.<\/p>\n<p>La semaine sainte, pr\u00e9c\u00e9dent la f\u00eate de PAQUES, a \u00e9t\u00e9 l\u2019occasion de revoir l\u2019origine de ce sacrement.<\/p>\n<p>Le Jeudi saint J\u00e9sus a c\u00e9l\u00e9br\u00e9 la C\u00e8ne, le dernier repas pris avec ses disciples. Il se donne pour tous les humains\u00a0: \u00ab\u00a0<em>faites ceci en m\u00e9moire de moi<\/em>\u00a0\u00bb.<\/p>\n<p>L\u2019Abb\u00e9 Jean Pierre WAGNER c\u00e9l\u00e9brera cet office religieux tout en veillant sur l\u2019application des r\u00e8gles sanitaires.<\/p>\n","protected":false},"excerpt":{"rendered":"<p>&nbsp; Changement d\u2019heure de la messe du dimanche 11 avril\u00a0: 10H30 au lieu de 10H00. En juin 2020, Agathe, Camille, [&hellip;]<\/p>\n","protected":false},"author":253,"featured_media":52505,"comment_status":"open","ping_status":"open","sticky":false,"template":"","format":"standard","meta":{"footnotes":""},"categories":[20,25,42,40],"tags":[],"class_list":["post-52504","post","type-post","status-publish","format-standard","has-post-thumbnail","hentry","category-a-la-une","category-gerardmer","category-xonrupt-longemer","category-xonrupt-liezey"],"acf":[],"yoast_head":"<!-- This site is optimized with the Yoast SEO plugin v22.5 - https:\/\/yoast.com\/wordpress\/plugins\/seo\/ -->\n<title>XONRUPT LONGEMER - 1\u00e9re COMMUNION le dimanche 11 avril - Gerardmer Info<\/title>\n<meta name=\"robots\" content=\"index, follow, max-snippet:-1, max-image-preview:large, max-video-preview:-1\" \/>\n<link rel=\"canonical\" href=\"https:\/\/vosgesinfo.fr\/gerardmerinfo\/2021\/04\/xonrupt-longemer-1ere-communion-dimanche-11-avril\/\" \/>\n<meta name=\"twitter:card\" content=\"summary_large_image\" \/>\n<meta name=\"twitter:title\" content=\"XONRUPT LONGEMER - 1\u00e9re COMMUNION le dimanche 11 avril - Gerardmer Info\" \/>\n<meta name=\"twitter:description\" content=\"&nbsp; Changement d\u2019heure de la messe du dimanche 11 avril\u00a0: 10H30 au lieu de 10H00. En juin 2020, Agathe, Camille, [&hellip;]\" \/>\n<meta name=\"twitter:image\" content=\"https:\/\/vosgesinfo.fr\/app\/uploads\/sites\/6\/2024\/07\/202104deco-porche-eglise.jpg\" \/>\n<meta name=\"twitter:creator\" content=\"@VosgesInfo88\" \/>\n<meta name=\"twitter:site\" content=\"@VosgesInfo88\" \/>\n<meta name=\"twitter:label1\" content=\"\u00c9crit par\" \/>\n\t<meta name=\"twitter:data1\" content=\"Remi Viry\" \/>\n\t<meta name=\"twitter:label2\" content=\"Dur\u00e9e de lecture estim\u00e9e\" \/>\n\t<meta name=\"twitter:data2\" content=\"1 minute\" \/>\n<script type=\"application\/ld+json\" class=\"yoast-schema-graph\">{\"@context\":\"https:\/\/schema.org\",\"@graph\":[{\"@type\":\"Article\",\"@id\":\"https:\/\/vosgesinfo.fr\/gerardmerinfo\/2021\/04\/xonrupt-longemer-1ere-communion-dimanche-11-avril\/#article\",\"isPartOf\":{\"@id\":\"https:\/\/vosgesinfo.fr\/gerardmerinfo\/2021\/04\/xonrupt-longemer-1ere-communion-dimanche-11-avril\/\"},\"author\":{\"name\":\"Remi Viry\",\"@id\":\"https:\/\/vosgesinfo.fr\/gerardmerinfo\/#\/schema\/person\/fd1384f6129c6caf8b6834292aede0ec\"},\"headline\":\"XONRUPT LONGEMER &#8211; 1\u00e9re COMMUNION le dimanche 11 avril\",\"datePublished\":\"2021-04-08T03:00:41+00:00\",\"dateModified\":\"2021-04-08T03:00:41+00:00\",\"mainEntityOfPage\":{\"@id\":\"https:\/\/vosgesinfo.fr\/gerardmerinfo\/2021\/04\/xonrupt-longemer-1ere-communion-dimanche-11-avril\/\"},\"wordCount\":145,\"commentCount\":0,\"publisher\":{\"@id\":\"https:\/\/vosgesinfo.fr\/gerardmerinfo\/#organization\"},\"image\":{\"@id\":\"https:\/\/vosgesinfo.fr\/gerardmerinfo\/2021\/04\/xonrupt-longemer-1ere-communion-dimanche-11-avril\/#primaryimage\"},\"thumbnailUrl\":\"https:\/\/vosgesinfo.fr\/app\/uploads\/sites\/6\/2024\/07\/202104deco-porche-eglise.jpg\",\"articleSection\":[\"A la une\",\"G\u00e9rardmer\",\"Xonrupt-Longemer\",\"Xonrupt\/Liezey\"],\"inLanguage\":\"fr-FR\",\"potentialAction\":[{\"@type\":\"CommentAction\",\"name\":\"Comment\",\"target\":[\"https:\/\/vosgesinfo.fr\/gerardmerinfo\/2021\/04\/xonrupt-longemer-1ere-communion-dimanche-11-avril\/#respond\"]}]},{\"@type\":\"WebPage\",\"@id\":\"https:\/\/vosgesinfo.fr\/gerardmerinfo\/2021\/04\/xonrupt-longemer-1ere-communion-dimanche-11-avril\/\",\"url\":\"https:\/\/vosgesinfo.fr\/gerardmerinfo\/2021\/04\/xonrupt-longemer-1ere-communion-dimanche-11-avril\/\",\"name\":\"XONRUPT LONGEMER - 1\u00e9re COMMUNION le dimanche 11 avril - Gerardmer Info\",\"isPartOf\":{\"@id\":\"https:\/\/vosgesinfo.fr\/gerardmerinfo\/#website\"},\"primaryImageOfPage\":{\"@id\":\"https:\/\/vosgesinfo.fr\/gerardmerinfo\/2021\/04\/xonrupt-longemer-1ere-communion-dimanche-11-avril\/#primaryimage\"},\"image\":{\"@id\":\"https:\/\/vosgesinfo.fr\/gerardmerinfo\/2021\/04\/xonrupt-longemer-1ere-communion-dimanche-11-avril\/#primaryimage\"},\"thumbnailUrl\":\"https:\/\/vosgesinfo.fr\/app\/uploads\/sites\/6\/2024\/07\/202104deco-porche-eglise.jpg\",\"datePublished\":\"2021-04-08T03:00:41+00:00\",\"dateModified\":\"2021-04-08T03:00:41+00:00\",\"breadcrumb\":{\"@id\":\"https:\/\/vosgesinfo.fr\/gerardmerinfo\/2021\/04\/xonrupt-longemer-1ere-communion-dimanche-11-avril\/#breadcrumb\"},\"inLanguage\":\"fr-FR\",\"potentialAction\":[{\"@type\":\"ReadAction\",\"target\":[\"https:\/\/vosgesinfo.fr\/gerardmerinfo\/2021\/04\/xonrupt-longemer-1ere-communion-dimanche-11-avril\/\"]}]},{\"@type\":\"ImageObject\",\"inLanguage\":\"fr-FR\",\"@id\":\"https:\/\/vosgesinfo.fr\/gerardmerinfo\/2021\/04\/xonrupt-longemer-1ere-communion-dimanche-11-avril\/#primaryimage\",\"url\":\"https:\/\/vosgesinfo.fr\/app\/uploads\/sites\/6\/2024\/07\/202104deco-porche-eglise.jpg\",\"contentUrl\":\"https:\/\/vosgesinfo.fr\/app\/uploads\/sites\/6\/2024\/07\/202104deco-porche-eglise.jpg\",\"width\":800,\"height\":600},{\"@type\":\"BreadcrumbList\",\"@id\":\"https:\/\/vosgesinfo.fr\/gerardmerinfo\/2021\/04\/xonrupt-longemer-1ere-communion-dimanche-11-avril\/#breadcrumb\",\"itemListElement\":[{\"@type\":\"ListItem\",\"position\":1,\"name\":\"Home\",\"item\":\"https:\/\/vosgesinfo.fr\/gerardmerinfo\/\"},{\"@type\":\"ListItem\",\"position\":2,\"name\":\"XONRUPT LONGEMER &#8211; 1\u00e9re COMMUNION le dimanche 11 avril\"}]},{\"@type\":\"WebSite\",\"@id\":\"https:\/\/vosgesinfo.fr\/gerardmerinfo\/#website\",\"url\":\"https:\/\/vosgesinfo.fr\/gerardmerinfo\/\",\"name\":\"Gerardmer Info\",\"description\":\"Toute l&#039;actualit\u00e9 de G\u00e9rardmer\",\"publisher\":{\"@id\":\"https:\/\/vosgesinfo.fr\/gerardmerinfo\/#organization\"},\"alternateName\":\"Toute l'actualit\u00e9 de G\u00e9rardmer\",\"potentialAction\":[{\"@type\":\"SearchAction\",\"target\":{\"@type\":\"EntryPoint\",\"urlTemplate\":\"https:\/\/vosgesinfo.fr\/gerardmerinfo\/?s={search_term_string}\"},\"query-input\":\"required name=search_term_string\"}],\"inLanguage\":\"fr-FR\"},{\"@type\":\"Organization\",\"@id\":\"https:\/\/vosgesinfo.fr\/gerardmerinfo\/#organization\",\"name\":\"Gerardmer Info\",\"url\":\"https:\/\/vosgesinfo.fr\/gerardmerinfo\/\",\"logo\":{\"@type\":\"ImageObject\",\"inLanguage\":\"fr-FR\",\"@id\":\"https:\/\/vosgesinfo.fr\/gerardmerinfo\/#\/schema\/logo\/image\/\",\"url\":\"https:\/\/vosgesinfo.fr\/app\/uploads\/sites\/6\/2023\/08\/favicon-gerardmerinfo.png\",\"contentUrl\":\"https:\/\/vosgesinfo.fr\/app\/uploads\/sites\/6\/2023\/08\/favicon-gerardmerinfo.png\",\"width\":512,\"height\":512,\"caption\":\"Gerardmer Info\"},\"image\":{\"@id\":\"https:\/\/vosgesinfo.fr\/gerardmerinfo\/#\/schema\/logo\/image\/\"},\"sameAs\":[\"https:\/\/www.facebook.com\/profile.php?id=100049475262660\",\"https:\/\/x.com\/VosgesInfo88\",\"https:\/\/www.youtube.com\/@vosgesinfo\"]},{\"@type\":\"Person\",\"@id\":\"https:\/\/vosgesinfo.fr\/gerardmerinfo\/#\/schema\/person\/fd1384f6129c6caf8b6834292aede0ec\",\"name\":\"Remi Viry\",\"image\":{\"@type\":\"ImageObject\",\"inLanguage\":\"fr-FR\",\"@id\":\"https:\/\/vosgesinfo.fr\/gerardmerinfo\/#\/schema\/person\/image\/\",\"url\":\"https:\/\/secure.gravatar.com\/avatar\/7d10d7db32182ff42959e54c31429ffc4aa2d09e9f6e5e38b0f4cf43d25d03f2?s=96&d=mm&r=g\",\"contentUrl\":\"https:\/\/secure.gravatar.com\/avatar\/7d10d7db32182ff42959e54c31429ffc4aa2d09e9f6e5e38b0f4cf43d25d03f2?s=96&d=mm&r=g\",\"caption\":\"Remi Viry\"},\"url\":\"https:\/\/vosgesinfo.fr\/gerardmerinfo\/author\/r-viry\/\"}]}<\/script>\n<!-- \/ Yoast SEO plugin. -->","yoast_head_json":{"title":"XONRUPT LONGEMER - 1\u00e9re COMMUNION le dimanche 11 avril - Gerardmer Info","robots":{"index":"index","follow":"follow","max-snippet":"max-snippet:-1","max-image-preview":"max-image-preview:large","max-video-preview":"max-video-preview:-1"},"canonical":"https:\/\/vosgesinfo.fr\/gerardmerinfo\/2021\/04\/xonrupt-longemer-1ere-communion-dimanche-11-avril\/","twitter_card":"summary_large_image","twitter_title":"XONRUPT LONGEMER - 1\u00e9re COMMUNION le dimanche 11 avril - Gerardmer Info","twitter_description":"&nbsp; Changement d\u2019heure de la messe du dimanche 11 avril\u00a0: 10H30 au lieu de 10H00. En juin 2020, Agathe, Camille, [&hellip;]","twitter_image":"https:\/\/vosgesinfo.fr\/app\/uploads\/sites\/6\/2024\/07\/202104deco-porche-eglise.jpg","twitter_creator":"@VosgesInfo88","twitter_site":"@VosgesInfo88","twitter_misc":{"\u00c9crit par":"Remi Viry","Dur\u00e9e de lecture estim\u00e9e":"1 minute"},"schema":{"@context":"https:\/\/schema.org","@graph":[{"@type":"Article","@id":"https:\/\/vosgesinfo.fr\/gerardmerinfo\/2021\/04\/xonrupt-longemer-1ere-communion-dimanche-11-avril\/#article","isPartOf":{"@id":"https:\/\/vosgesinfo.fr\/gerardmerinfo\/2021\/04\/xonrupt-longemer-1ere-communion-dimanche-11-avril\/"},"author":{"name":"Remi Viry","@id":"https:\/\/vosgesinfo.fr\/gerardmerinfo\/#\/schema\/person\/fd1384f6129c6caf8b6834292aede0ec"},"headline":"XONRUPT LONGEMER &#8211; 1\u00e9re COMMUNION le dimanche 11 avril","datePublished":"2021-04-08T03:00:41+00:00","dateModified":"2021-04-08T03:00:41+00:00","mainEntityOfPage":{"@id":"https:\/\/vosgesinfo.fr\/gerardmerinfo\/2021\/04\/xonrupt-longemer-1ere-communion-dimanche-11-avril\/"},"wordCount":145,"commentCount":0,"publisher":{"@id":"https:\/\/vosgesinfo.fr\/gerardmerinfo\/#organization"},"image":{"@id":"https:\/\/vosgesinfo.fr\/gerardmerinfo\/2021\/04\/xonrupt-longemer-1ere-communion-dimanche-11-avril\/#primaryimage"},"thumbnailUrl":"https:\/\/vosgesinfo.fr\/app\/uploads\/sites\/6\/2024\/07\/202104deco-porche-eglise.jpg","articleSection":["A la une","G\u00e9rardmer","Xonrupt-Longemer","Xonrupt\/Liezey"],"inLanguage":"fr-FR","potentialAction":[{"@type":"CommentAction","name":"Comment","target":["https:\/\/vosgesinfo.fr\/gerardmerinfo\/2021\/04\/xonrupt-longemer-1ere-communion-dimanche-11-avril\/#respond"]}]},{"@type":"WebPage","@id":"https:\/\/vosgesinfo.fr\/gerardmerinfo\/2021\/04\/xonrupt-longemer-1ere-communion-dimanche-11-avril\/","url":"https:\/\/vosgesinfo.fr\/gerardmerinfo\/2021\/04\/xonrupt-longemer-1ere-communion-dimanche-11-avril\/","name":"XONRUPT LONGEMER - 1\u00e9re COMMUNION le dimanche 11 avril - Gerardmer Info","isPartOf":{"@id":"https:\/\/vosgesinfo.fr\/gerardmerinfo\/#website"},"primaryImageOfPage":{"@id":"https:\/\/vosgesinfo.fr\/gerardmerinfo\/2021\/04\/xonrupt-longemer-1ere-communion-dimanche-11-avril\/#primaryimage"},"image":{"@id":"https:\/\/vosgesinfo.fr\/gerardmerinfo\/2021\/04\/xonrupt-longemer-1ere-communion-dimanche-11-avril\/#primaryimage"},"thumbnailUrl":"https:\/\/vosgesinfo.fr\/app\/uploads\/sites\/6\/2024\/07\/202104deco-porche-eglise.jpg","datePublished":"2021-04-08T03:00:41+00:00","dateModified":"2021-04-08T03:00:41+00:00","breadcrumb":{"@id":"https:\/\/vosgesinfo.fr\/gerardmerinfo\/2021\/04\/xonrupt-longemer-1ere-communion-dimanche-11-avril\/#breadcrumb"},"inLanguage":"fr-FR","potentialAction":[{"@type":"ReadAction","target":["https:\/\/vosgesinfo.fr\/gerardmerinfo\/2021\/04\/xonrupt-longemer-1ere-communion-dimanche-11-avril\/"]}]},{"@type":"ImageObject","inLanguage":"fr-FR","@id":"https:\/\/vosgesinfo.fr\/gerardmerinfo\/2021\/04\/xonrupt-longemer-1ere-communion-dimanche-11-avril\/#primaryimage","url":"https:\/\/vosgesinfo.fr\/app\/uploads\/sites\/6\/2024\/07\/202104deco-porche-eglise.jpg","contentUrl":"https:\/\/vosgesinfo.fr\/app\/uploads\/sites\/6\/2024\/07\/202104deco-porche-eglise.jpg","width":800,"height":600},{"@type":"BreadcrumbList","@id":"https:\/\/vosgesinfo.fr\/gerardmerinfo\/2021\/04\/xonrupt-longemer-1ere-communion-dimanche-11-avril\/#breadcrumb","itemListElement":[{"@type":"ListItem","position":1,"name":"Home","item":"https:\/\/vosgesinfo.fr\/gerardmerinfo\/"},{"@type":"ListItem","position":2,"name":"XONRUPT LONGEMER &#8211; 1\u00e9re COMMUNION le dimanche 11 avril"}]},{"@type":"WebSite","@id":"https:\/\/vosgesinfo.fr\/gerardmerinfo\/#website","url":"https:\/\/vosgesinfo.fr\/gerardmerinfo\/","name":"Gerardmer Info","description":"Toute l&#039;actualit\u00e9 de G\u00e9rardmer","publisher":{"@id":"https:\/\/vosgesinfo.fr\/gerardmerinfo\/#organization"},"alternateName":"Toute l'actualit\u00e9 de G\u00e9rardmer","potentialAction":[{"@type":"SearchAction","target":{"@type":"EntryPoint","urlTemplate":"https:\/\/vosgesinfo.fr\/gerardmerinfo\/?s={search_term_string}"},"query-input":"required name=search_term_string"}],"inLanguage":"fr-FR"},{"@type":"Organization","@id":"https:\/\/vosgesinfo.fr\/gerardmerinfo\/#organization","name":"Gerardmer Info","url":"https:\/\/vosgesinfo.fr\/gerardmerinfo\/","logo":{"@type":"ImageObject","inLanguage":"fr-FR","@id":"https:\/\/vosgesinfo.fr\/gerardmerinfo\/#\/schema\/logo\/image\/","url":"https:\/\/vosgesinfo.fr\/app\/uploads\/sites\/6\/2023\/08\/favicon-gerardmerinfo.png","contentUrl":"https:\/\/vosgesinfo.fr\/app\/uploads\/sites\/6\/2023\/08\/favicon-gerardmerinfo.png","width":512,"height":512,"caption":"Gerardmer Info"},"image":{"@id":"https:\/\/vosgesinfo.fr\/gerardmerinfo\/#\/schema\/logo\/image\/"},"sameAs":["https:\/\/www.facebook.com\/profile.php?id=100049475262660","https:\/\/x.com\/VosgesInfo88","https:\/\/www.youtube.com\/@vosgesinfo"]},{"@type":"Person","@id":"https:\/\/vosgesinfo.fr\/gerardmerinfo\/#\/schema\/person\/fd1384f6129c6caf8b6834292aede0ec","name":"Remi Viry","image":{"@type":"ImageObject","inLanguage":"fr-FR","@id":"https:\/\/vosgesinfo.fr\/gerardmerinfo\/#\/schema\/person\/image\/","url":"https:\/\/secure.gravatar.com\/avatar\/7d10d7db32182ff42959e54c31429ffc4aa2d09e9f6e5e38b0f4cf43d25d03f2?s=96&d=mm&r=g","contentUrl":"https:\/\/secure.gravatar.com\/avatar\/7d10d7db32182ff42959e54c31429ffc4aa2d09e9f6e5e38b0f4cf43d25d03f2?s=96&d=mm&r=g","caption":"Remi Viry"},"url":"https:\/\/vosgesinfo.fr\/gerardmerinfo\/author\/r-viry\/"}]}},"_links":{"self":[{"href":"https:\/\/vosgesinfo.fr\/gerardmerinfo\/wp-json\/wp\/v2\/posts\/52504","targetHints":{"allow":["GET"]}}],"collection":[{"href":"https:\/\/vosgesinfo.fr\/gerardmerinfo\/wp-json\/wp\/v2\/posts"}],"about":[{"href":"https:\/\/vosgesinfo.fr\/gerardmerinfo\/wp-json\/wp\/v2\/types\/post"}],"author":[{"embeddable":true,"href":"https:\/\/vosgesinfo.fr\/gerardmerinfo\/wp-json\/wp\/v2\/users\/253"}],"replies":[{"embeddable":true,"href":"https:\/\/vosgesinfo.fr\/gerardmerinfo\/wp-json\/wp\/v2\/comments?post=52504"}],"version-history":[{"count":0,"href":"https:\/\/vosgesinfo.fr\/gerardmerinfo\/wp-json\/wp\/v2\/posts\/52504\/revisions"}],"wp:featuredmedia":[{"embeddable":true,"href":"https:\/\/vosgesinfo.fr\/gerardmerinfo\/wp-json\/wp\/v2\/media\/52505"}],"wp:attachment":[{"href":"https:\/\/vosgesinfo.fr\/gerardmerinfo\/wp-json\/wp\/v2\/media?parent=52504"}],"wp:term":[{"taxonomy":"category","embeddable":true,"href":"https:\/\/vosgesinfo.fr\/gerardmerinfo\/wp-json\/wp\/v2\/categories?post=52504"},{"taxonomy":"post_tag","embeddable":true,"href":"https:\/\/vosgesinfo.fr\/gerardmerinfo\/wp-json\/wp\/v2\/tags?post=52504"}],"curies":[{"name":"wp","href":"https:\/\/api.w.org\/{rel}","templated":true}]}}