{"id":52925,"date":"2021-08-08T07:38:06","date_gmt":"2021-08-08T05:38:06","guid":{"rendered":"https:\/\/vosgesinfo.fr\/gerardmerinfo\/2021\/08\/cine-drive-in-a-mauselaine-programme-acte\/"},"modified":"2021-08-08T07:38:06","modified_gmt":"2021-08-08T05:38:06","slug":"cine-drive-in-a-mauselaine-programme-acte","status":"publish","type":"post","link":"https:\/\/vosgesinfo.fr\/gerardmerinfo\/2021\/08\/cine-drive-in-a-mauselaine-programme-acte\/","title":{"rendered":"Ce dimanche acte 2 pour \u00ab\u00a0Cin\u00e9 Drive In\u00a0\u00bb \u00e0 La Mauselaine"},"content":{"rendered":"<p><a href=\"https:\/\/gerardmerinfo.fr\/2021\/05\/cine-drive-in-a-mauselaine-programme-acte\/films-drive\/\" rel=\"attachment wp-att-176050\"><img decoding=\"async\" class=\"aligncenter size-full wp-image-176050\" src=\"\/2021\/05\/Films-drive.jpeg\" alt=\"Films drive\" width=\"800\" height=\"613\" \/><\/a>Le Cin\u00e9 Drive In de la Mauselaine se poursuit ce dimanche avec des films\u00a0 projet\u00e9s sur le parking de la Mauselaine en version grand \u00e9cran (9m X4,5m) et, pour capter le son, les cin\u00e9philes pourront se connecter \u00e0 leur autoradio plus exactement\u00a0 sur la fr\u00e9quence 98.4 FM.<\/p>\n<p>Une s\u00e9ance gratuite est inscrite au programme de la journ\u00e9e avec\u00a0 <span class=\"tojvnm2t a6sixzi8 abs2jz4q a8s20v7p t1p8iaqh k5wvi7nf q3lfd5jv pk4s997a bipmatt0 cebpdrjk qowsmv63 owwhemhu dp1hu0rb dhp61c6y iyyx5f41\">Capitaine Marleau La Reine des glaces :\u00a0 \u00e0 10h.<\/span><\/p>\n<p><span style=\"color: #ff0000;\"><strong>Promo du jour &#8211; 20\u20ac la voiture au lieu de 29\u20ac<\/strong><\/span><\/p>\n<ul>\n<li><strong>Le Roi Lion Dimanche 8 ao\u00fbt \u00e0 16h30<\/strong><\/li>\n<li><strong>Mamma Mia Dimanche 8 ao\u00fbt \u00e0 19h30<\/strong><\/li>\n<li><strong>A Star is Born Dimanche 8 ao\u00fbt \u00e0 22h30<\/strong><\/li>\n<li><strong>Scream (\u00e0 partir de 16 ans)\u00a0 Grand Prix du festival G\u00e9rardmer 1997 Samedi 7 ao\u00fbt \u00e0 minuit.<br \/>\n<\/strong><\/li>\n<\/ul>\n<p>Les places sont limit\u00e9es pour chaque s\u00e9ance.\u00a0 <strong><span class=\"tojvnm2t a6sixzi8 abs2jz4q a8s20v7p t1p8iaqh k5wvi7nf q3lfd5jv pk4s997a bipmatt0 cebpdrjk qowsmv63 owwhemhu dp1hu0rb dhp61c6y iyyx5f41\" style=\"color: #ff0000;\">Pop-corn et\u00a0 cr\u00e8me glac\u00e9e offerts !!<\/span><\/strong><\/p>\n<p>&nbsp;<\/p>\n<p><a href=\"https:\/\/gerardmerinfo.fr\/2021\/05\/cine-drive-in-a-mauselaine-programme-acte\/affiche-drive\/\" rel=\"attachment wp-att-176051\"><img decoding=\"async\" class=\"aligncenter size-full wp-image-176051\" src=\"\/2021\/05\/Affiche-drive.jpeg\" alt=\"Affiche drive\" width=\"454\" height=\"640\" \/><\/a><\/p>\n","protected":false},"excerpt":{"rendered":"<p>Le Cin\u00e9 Drive In de la Mauselaine se poursuit ce dimanche avec des films\u00a0 projet\u00e9s sur le parking de la [&hellip;]<\/p>\n","protected":false},"author":1,"featured_media":52926,"comment_status":"open","ping_status":"open","sticky":false,"template":"","format":"standard","meta":{"footnotes":""},"categories":[20,18],"tags":[],"class_list":["post-52925","post","type-post","status-publish","format-standard","has-post-thumbnail","hentry","category-a-la-une","category-vosges"],"acf":[],"yoast_head":"<!-- This site is optimized with the Yoast SEO plugin v22.5 - https:\/\/yoast.com\/wordpress\/plugins\/seo\/ -->\n<title>Ce dimanche acte 2 pour &quot;Cin\u00e9 Drive In&quot; \u00e0 La Mauselaine - Gerardmer Info<\/title>\n<meta name=\"robots\" content=\"index, follow, max-snippet:-1, max-image-preview:large, max-video-preview:-1\" \/>\n<link rel=\"canonical\" href=\"https:\/\/vosgesinfo.fr\/gerardmerinfo\/2021\/08\/cine-drive-in-a-mauselaine-programme-acte\/\" \/>\n<meta name=\"twitter:card\" content=\"summary_large_image\" \/>\n<meta name=\"twitter:title\" content=\"Ce dimanche acte 2 pour &quot;Cin\u00e9 Drive In&quot; \u00e0 La Mauselaine - Gerardmer Info\" \/>\n<meta name=\"twitter:description\" content=\"Le Cin\u00e9 Drive In de la Mauselaine se poursuit ce dimanche avec des films\u00a0 projet\u00e9s sur le parking de la [&hellip;]\" \/>\n<meta name=\"twitter:image\" content=\"https:\/\/vosgesinfo.fr\/app\/uploads\/sites\/6\/2024\/07\/202105films-drive.jpeg\" \/>\n<meta name=\"twitter:creator\" content=\"@VosgesInfo88\" \/>\n<meta name=\"twitter:site\" content=\"@VosgesInfo88\" \/>\n<meta name=\"twitter:label1\" content=\"\u00c9crit par\" \/>\n\t<meta name=\"twitter:data1\" content=\"qs_admin\" \/>\n\t<meta name=\"twitter:label2\" content=\"Dur\u00e9e de lecture estim\u00e9e\" \/>\n\t<meta name=\"twitter:data2\" content=\"1 minute\" \/>\n<script type=\"application\/ld+json\" class=\"yoast-schema-graph\">{\"@context\":\"https:\/\/schema.org\",\"@graph\":[{\"@type\":\"Article\",\"@id\":\"https:\/\/vosgesinfo.fr\/gerardmerinfo\/2021\/08\/cine-drive-in-a-mauselaine-programme-acte\/#article\",\"isPartOf\":{\"@id\":\"https:\/\/vosgesinfo.fr\/gerardmerinfo\/2021\/08\/cine-drive-in-a-mauselaine-programme-acte\/\"},\"author\":{\"name\":\"qs_admin\",\"@id\":\"https:\/\/vosgesinfo.fr\/gerardmerinfo\/#\/schema\/person\/bc5d02d71e6932e81b6dadb7386667b1\"},\"headline\":\"Ce dimanche acte 2 pour \u00ab\u00a0Cin\u00e9 Drive In\u00a0\u00bb \u00e0 La Mauselaine\",\"datePublished\":\"2021-08-08T05:38:06+00:00\",\"dateModified\":\"2021-08-08T05:38:06+00:00\",\"mainEntityOfPage\":{\"@id\":\"https:\/\/vosgesinfo.fr\/gerardmerinfo\/2021\/08\/cine-drive-in-a-mauselaine-programme-acte\/\"},\"wordCount\":139,\"commentCount\":0,\"publisher\":{\"@id\":\"https:\/\/vosgesinfo.fr\/gerardmerinfo\/#organization\"},\"image\":{\"@id\":\"https:\/\/vosgesinfo.fr\/gerardmerinfo\/2021\/08\/cine-drive-in-a-mauselaine-programme-acte\/#primaryimage\"},\"thumbnailUrl\":\"https:\/\/vosgesinfo.fr\/app\/uploads\/sites\/6\/2024\/07\/202105films-drive.jpeg\",\"articleSection\":[\"A la une\",\"Vosges\"],\"inLanguage\":\"fr-FR\",\"potentialAction\":[{\"@type\":\"CommentAction\",\"name\":\"Comment\",\"target\":[\"https:\/\/vosgesinfo.fr\/gerardmerinfo\/2021\/08\/cine-drive-in-a-mauselaine-programme-acte\/#respond\"]}]},{\"@type\":\"WebPage\",\"@id\":\"https:\/\/vosgesinfo.fr\/gerardmerinfo\/2021\/08\/cine-drive-in-a-mauselaine-programme-acte\/\",\"url\":\"https:\/\/vosgesinfo.fr\/gerardmerinfo\/2021\/08\/cine-drive-in-a-mauselaine-programme-acte\/\",\"name\":\"Ce dimanche acte 2 pour \\\"Cin\u00e9 Drive In\\\" \u00e0 La Mauselaine - Gerardmer Info\",\"isPartOf\":{\"@id\":\"https:\/\/vosgesinfo.fr\/gerardmerinfo\/#website\"},\"primaryImageOfPage\":{\"@id\":\"https:\/\/vosgesinfo.fr\/gerardmerinfo\/2021\/08\/cine-drive-in-a-mauselaine-programme-acte\/#primaryimage\"},\"image\":{\"@id\":\"https:\/\/vosgesinfo.fr\/gerardmerinfo\/2021\/08\/cine-drive-in-a-mauselaine-programme-acte\/#primaryimage\"},\"thumbnailUrl\":\"https:\/\/vosgesinfo.fr\/app\/uploads\/sites\/6\/2024\/07\/202105films-drive.jpeg\",\"datePublished\":\"2021-08-08T05:38:06+00:00\",\"dateModified\":\"2021-08-08T05:38:06+00:00\",\"breadcrumb\":{\"@id\":\"https:\/\/vosgesinfo.fr\/gerardmerinfo\/2021\/08\/cine-drive-in-a-mauselaine-programme-acte\/#breadcrumb\"},\"inLanguage\":\"fr-FR\",\"potentialAction\":[{\"@type\":\"ReadAction\",\"target\":[\"https:\/\/vosgesinfo.fr\/gerardmerinfo\/2021\/08\/cine-drive-in-a-mauselaine-programme-acte\/\"]}]},{\"@type\":\"ImageObject\",\"inLanguage\":\"fr-FR\",\"@id\":\"https:\/\/vosgesinfo.fr\/gerardmerinfo\/2021\/08\/cine-drive-in-a-mauselaine-programme-acte\/#primaryimage\",\"url\":\"https:\/\/vosgesinfo.fr\/app\/uploads\/sites\/6\/2024\/07\/202105films-drive.jpeg\",\"contentUrl\":\"https:\/\/vosgesinfo.fr\/app\/uploads\/sites\/6\/2024\/07\/202105films-drive.jpeg\",\"width\":800,\"height\":613},{\"@type\":\"BreadcrumbList\",\"@id\":\"https:\/\/vosgesinfo.fr\/gerardmerinfo\/2021\/08\/cine-drive-in-a-mauselaine-programme-acte\/#breadcrumb\",\"itemListElement\":[{\"@type\":\"ListItem\",\"position\":1,\"name\":\"Home\",\"item\":\"https:\/\/vosgesinfo.fr\/gerardmerinfo\/\"},{\"@type\":\"ListItem\",\"position\":2,\"name\":\"Ce dimanche acte 2 pour \u00ab\u00a0Cin\u00e9 Drive In\u00a0\u00bb \u00e0 La Mauselaine\"}]},{\"@type\":\"WebSite\",\"@id\":\"https:\/\/vosgesinfo.fr\/gerardmerinfo\/#website\",\"url\":\"https:\/\/vosgesinfo.fr\/gerardmerinfo\/\",\"name\":\"Gerardmer Info\",\"description\":\"Toute l&#039;actualit\u00e9 de G\u00e9rardmer\",\"publisher\":{\"@id\":\"https:\/\/vosgesinfo.fr\/gerardmerinfo\/#organization\"},\"alternateName\":\"Toute l'actualit\u00e9 de G\u00e9rardmer\",\"potentialAction\":[{\"@type\":\"SearchAction\",\"target\":{\"@type\":\"EntryPoint\",\"urlTemplate\":\"https:\/\/vosgesinfo.fr\/gerardmerinfo\/?s={search_term_string}\"},\"query-input\":\"required name=search_term_string\"}],\"inLanguage\":\"fr-FR\"},{\"@type\":\"Organization\",\"@id\":\"https:\/\/vosgesinfo.fr\/gerardmerinfo\/#organization\",\"name\":\"Gerardmer Info\",\"url\":\"https:\/\/vosgesinfo.fr\/gerardmerinfo\/\",\"logo\":{\"@type\":\"ImageObject\",\"inLanguage\":\"fr-FR\",\"@id\":\"https:\/\/vosgesinfo.fr\/gerardmerinfo\/#\/schema\/logo\/image\/\",\"url\":\"https:\/\/vosgesinfo.fr\/app\/uploads\/sites\/6\/2023\/08\/favicon-gerardmerinfo.png\",\"contentUrl\":\"https:\/\/vosgesinfo.fr\/app\/uploads\/sites\/6\/2023\/08\/favicon-gerardmerinfo.png\",\"width\":512,\"height\":512,\"caption\":\"Gerardmer Info\"},\"image\":{\"@id\":\"https:\/\/vosgesinfo.fr\/gerardmerinfo\/#\/schema\/logo\/image\/\"},\"sameAs\":[\"https:\/\/www.facebook.com\/profile.php?id=100049475262660\",\"https:\/\/x.com\/VosgesInfo88\",\"https:\/\/www.youtube.com\/@vosgesinfo\"]},{\"@type\":\"Person\",\"@id\":\"https:\/\/vosgesinfo.fr\/gerardmerinfo\/#\/schema\/person\/bc5d02d71e6932e81b6dadb7386667b1\",\"name\":\"qs_admin\",\"image\":{\"@type\":\"ImageObject\",\"inLanguage\":\"fr-FR\",\"@id\":\"https:\/\/vosgesinfo.fr\/gerardmerinfo\/#\/schema\/person\/image\/\",\"url\":\"https:\/\/secure.gravatar.com\/avatar\/94b18ee0ed79e4a42ea2f2931277b6841a8999fc6fde214600c78057cf1fe1de?s=96&d=mm&r=g\",\"contentUrl\":\"https:\/\/secure.gravatar.com\/avatar\/94b18ee0ed79e4a42ea2f2931277b6841a8999fc6fde214600c78057cf1fe1de?s=96&d=mm&r=g\",\"caption\":\"qs_admin\"},\"sameAs\":[\"https:\/\/vosgesinfo.fr\/wp\"],\"url\":\"https:\/\/vosgesinfo.fr\/gerardmerinfo\/author\/qs_admin\/\"}]}<\/script>\n<!-- \/ Yoast SEO plugin. -->","yoast_head_json":{"title":"Ce dimanche acte 2 pour \"Cin\u00e9 Drive In\" \u00e0 La Mauselaine - Gerardmer Info","robots":{"index":"index","follow":"follow","max-snippet":"max-snippet:-1","max-image-preview":"max-image-preview:large","max-video-preview":"max-video-preview:-1"},"canonical":"https:\/\/vosgesinfo.fr\/gerardmerinfo\/2021\/08\/cine-drive-in-a-mauselaine-programme-acte\/","twitter_card":"summary_large_image","twitter_title":"Ce dimanche acte 2 pour \"Cin\u00e9 Drive In\" \u00e0 La Mauselaine - Gerardmer Info","twitter_description":"Le Cin\u00e9 Drive In de la Mauselaine se poursuit ce dimanche avec des films\u00a0 projet\u00e9s sur le parking de la [&hellip;]","twitter_image":"https:\/\/vosgesinfo.fr\/app\/uploads\/sites\/6\/2024\/07\/202105films-drive.jpeg","twitter_creator":"@VosgesInfo88","twitter_site":"@VosgesInfo88","twitter_misc":{"\u00c9crit par":"qs_admin","Dur\u00e9e de lecture estim\u00e9e":"1 minute"},"schema":{"@context":"https:\/\/schema.org","@graph":[{"@type":"Article","@id":"https:\/\/vosgesinfo.fr\/gerardmerinfo\/2021\/08\/cine-drive-in-a-mauselaine-programme-acte\/#article","isPartOf":{"@id":"https:\/\/vosgesinfo.fr\/gerardmerinfo\/2021\/08\/cine-drive-in-a-mauselaine-programme-acte\/"},"author":{"name":"qs_admin","@id":"https:\/\/vosgesinfo.fr\/gerardmerinfo\/#\/schema\/person\/bc5d02d71e6932e81b6dadb7386667b1"},"headline":"Ce dimanche acte 2 pour \u00ab\u00a0Cin\u00e9 Drive In\u00a0\u00bb \u00e0 La Mauselaine","datePublished":"2021-08-08T05:38:06+00:00","dateModified":"2021-08-08T05:38:06+00:00","mainEntityOfPage":{"@id":"https:\/\/vosgesinfo.fr\/gerardmerinfo\/2021\/08\/cine-drive-in-a-mauselaine-programme-acte\/"},"wordCount":139,"commentCount":0,"publisher":{"@id":"https:\/\/vosgesinfo.fr\/gerardmerinfo\/#organization"},"image":{"@id":"https:\/\/vosgesinfo.fr\/gerardmerinfo\/2021\/08\/cine-drive-in-a-mauselaine-programme-acte\/#primaryimage"},"thumbnailUrl":"https:\/\/vosgesinfo.fr\/app\/uploads\/sites\/6\/2024\/07\/202105films-drive.jpeg","articleSection":["A la une","Vosges"],"inLanguage":"fr-FR","potentialAction":[{"@type":"CommentAction","name":"Comment","target":["https:\/\/vosgesinfo.fr\/gerardmerinfo\/2021\/08\/cine-drive-in-a-mauselaine-programme-acte\/#respond"]}]},{"@type":"WebPage","@id":"https:\/\/vosgesinfo.fr\/gerardmerinfo\/2021\/08\/cine-drive-in-a-mauselaine-programme-acte\/","url":"https:\/\/vosgesinfo.fr\/gerardmerinfo\/2021\/08\/cine-drive-in-a-mauselaine-programme-acte\/","name":"Ce dimanche acte 2 pour \"Cin\u00e9 Drive In\" \u00e0 La Mauselaine - Gerardmer Info","isPartOf":{"@id":"https:\/\/vosgesinfo.fr\/gerardmerinfo\/#website"},"primaryImageOfPage":{"@id":"https:\/\/vosgesinfo.fr\/gerardmerinfo\/2021\/08\/cine-drive-in-a-mauselaine-programme-acte\/#primaryimage"},"image":{"@id":"https:\/\/vosgesinfo.fr\/gerardmerinfo\/2021\/08\/cine-drive-in-a-mauselaine-programme-acte\/#primaryimage"},"thumbnailUrl":"https:\/\/vosgesinfo.fr\/app\/uploads\/sites\/6\/2024\/07\/202105films-drive.jpeg","datePublished":"2021-08-08T05:38:06+00:00","dateModified":"2021-08-08T05:38:06+00:00","breadcrumb":{"@id":"https:\/\/vosgesinfo.fr\/gerardmerinfo\/2021\/08\/cine-drive-in-a-mauselaine-programme-acte\/#breadcrumb"},"inLanguage":"fr-FR","potentialAction":[{"@type":"ReadAction","target":["https:\/\/vosgesinfo.fr\/gerardmerinfo\/2021\/08\/cine-drive-in-a-mauselaine-programme-acte\/"]}]},{"@type":"ImageObject","inLanguage":"fr-FR","@id":"https:\/\/vosgesinfo.fr\/gerardmerinfo\/2021\/08\/cine-drive-in-a-mauselaine-programme-acte\/#primaryimage","url":"https:\/\/vosgesinfo.fr\/app\/uploads\/sites\/6\/2024\/07\/202105films-drive.jpeg","contentUrl":"https:\/\/vosgesinfo.fr\/app\/uploads\/sites\/6\/2024\/07\/202105films-drive.jpeg","width":800,"height":613},{"@type":"BreadcrumbList","@id":"https:\/\/vosgesinfo.fr\/gerardmerinfo\/2021\/08\/cine-drive-in-a-mauselaine-programme-acte\/#breadcrumb","itemListElement":[{"@type":"ListItem","position":1,"name":"Home","item":"https:\/\/vosgesinfo.fr\/gerardmerinfo\/"},{"@type":"ListItem","position":2,"name":"Ce dimanche acte 2 pour \u00ab\u00a0Cin\u00e9 Drive In\u00a0\u00bb \u00e0 La Mauselaine"}]},{"@type":"WebSite","@id":"https:\/\/vosgesinfo.fr\/gerardmerinfo\/#website","url":"https:\/\/vosgesinfo.fr\/gerardmerinfo\/","name":"Gerardmer Info","description":"Toute l&#039;actualit\u00e9 de G\u00e9rardmer","publisher":{"@id":"https:\/\/vosgesinfo.fr\/gerardmerinfo\/#organization"},"alternateName":"Toute l'actualit\u00e9 de G\u00e9rardmer","potentialAction":[{"@type":"SearchAction","target":{"@type":"EntryPoint","urlTemplate":"https:\/\/vosgesinfo.fr\/gerardmerinfo\/?s={search_term_string}"},"query-input":"required name=search_term_string"}],"inLanguage":"fr-FR"},{"@type":"Organization","@id":"https:\/\/vosgesinfo.fr\/gerardmerinfo\/#organization","name":"Gerardmer Info","url":"https:\/\/vosgesinfo.fr\/gerardmerinfo\/","logo":{"@type":"ImageObject","inLanguage":"fr-FR","@id":"https:\/\/vosgesinfo.fr\/gerardmerinfo\/#\/schema\/logo\/image\/","url":"https:\/\/vosgesinfo.fr\/app\/uploads\/sites\/6\/2023\/08\/favicon-gerardmerinfo.png","contentUrl":"https:\/\/vosgesinfo.fr\/app\/uploads\/sites\/6\/2023\/08\/favicon-gerardmerinfo.png","width":512,"height":512,"caption":"Gerardmer Info"},"image":{"@id":"https:\/\/vosgesinfo.fr\/gerardmerinfo\/#\/schema\/logo\/image\/"},"sameAs":["https:\/\/www.facebook.com\/profile.php?id=100049475262660","https:\/\/x.com\/VosgesInfo88","https:\/\/www.youtube.com\/@vosgesinfo"]},{"@type":"Person","@id":"https:\/\/vosgesinfo.fr\/gerardmerinfo\/#\/schema\/person\/bc5d02d71e6932e81b6dadb7386667b1","name":"qs_admin","image":{"@type":"ImageObject","inLanguage":"fr-FR","@id":"https:\/\/vosgesinfo.fr\/gerardmerinfo\/#\/schema\/person\/image\/","url":"https:\/\/secure.gravatar.com\/avatar\/94b18ee0ed79e4a42ea2f2931277b6841a8999fc6fde214600c78057cf1fe1de?s=96&d=mm&r=g","contentUrl":"https:\/\/secure.gravatar.com\/avatar\/94b18ee0ed79e4a42ea2f2931277b6841a8999fc6fde214600c78057cf1fe1de?s=96&d=mm&r=g","caption":"qs_admin"},"sameAs":["https:\/\/vosgesinfo.fr\/wp"],"url":"https:\/\/vosgesinfo.fr\/gerardmerinfo\/author\/qs_admin\/"}]}},"_links":{"self":[{"href":"https:\/\/vosgesinfo.fr\/gerardmerinfo\/wp-json\/wp\/v2\/posts\/52925","targetHints":{"allow":["GET"]}}],"collection":[{"href":"https:\/\/vosgesinfo.fr\/gerardmerinfo\/wp-json\/wp\/v2\/posts"}],"about":[{"href":"https:\/\/vosgesinfo.fr\/gerardmerinfo\/wp-json\/wp\/v2\/types\/post"}],"author":[{"embeddable":true,"href":"https:\/\/vosgesinfo.fr\/gerardmerinfo\/wp-json\/wp\/v2\/users\/1"}],"replies":[{"embeddable":true,"href":"https:\/\/vosgesinfo.fr\/gerardmerinfo\/wp-json\/wp\/v2\/comments?post=52925"}],"version-history":[{"count":0,"href":"https:\/\/vosgesinfo.fr\/gerardmerinfo\/wp-json\/wp\/v2\/posts\/52925\/revisions"}],"wp:featuredmedia":[{"embeddable":true,"href":"https:\/\/vosgesinfo.fr\/gerardmerinfo\/wp-json\/wp\/v2\/media\/52926"}],"wp:attachment":[{"href":"https:\/\/vosgesinfo.fr\/gerardmerinfo\/wp-json\/wp\/v2\/media?parent=52925"}],"wp:term":[{"taxonomy":"category","embeddable":true,"href":"https:\/\/vosgesinfo.fr\/gerardmerinfo\/wp-json\/wp\/v2\/categories?post=52925"},{"taxonomy":"post_tag","embeddable":true,"href":"https:\/\/vosgesinfo.fr\/gerardmerinfo\/wp-json\/wp\/v2\/tags?post=52925"}],"curies":[{"name":"wp","href":"https:\/\/api.w.org\/{rel}","templated":true}]}}