{"id":53645,"date":"2021-07-01T04:51:31","date_gmt":"2021-07-01T02:51:31","guid":{"rendered":"https:\/\/vosgesinfo.fr\/gerardmerinfo\/2021\/07\/exposition-mobiles-peintures-cest-lete-a-mediatheque-tilleul\/"},"modified":"2021-07-01T04:51:31","modified_gmt":"2021-07-01T02:51:31","slug":"exposition-mobiles-peintures-cest-lete-a-mediatheque-tilleul","status":"publish","type":"post","link":"https:\/\/vosgesinfo.fr\/gerardmerinfo\/2021\/07\/exposition-mobiles-peintures-cest-lete-a-mediatheque-tilleul\/","title":{"rendered":"Exposition \u00ab\u00a0Mobiles &#038; Peintures\u00a0\u00bb : c&rsquo;est tout l&rsquo;\u00e9t\u00e9 \u00e0 la m\u00e9diath\u00e8que du Tilleul"},"content":{"rendered":"<div dir=\"auto\">\n\n<\/div>\n<h3 dir=\"auto\" style=\"text-align: center;\"><\/h3>\n<h3 dir=\"auto\" style=\"text-align: center;\"><span style=\"font-size: large;\"><b>Trois artistes autodidactes \u00e0 la m\u00e9diath\u00e8que du Tilleul du 26 juin au 28 ao\u00fbt<\/b>.<\/span><\/h3>\n<div dir=\"auto\"><\/div>\n<div dir=\"auto\"><span style=\"font-size: large;\">Peut-on parler d&rsquo;Art Brut ?<\/span><\/div>\n<div dir=\"auto\"><span style=\"font-size: large;\">Le peintre Patrick Vantrepotte habit\u00e9 depuis tout petit par les couleurs nous propose 19 tableaux acryliques.<\/span><\/div>\n<div dir=\"auto\"><span style=\"font-size: large;\">Il porte un regard lumineux et color\u00e9 lors de ses ballades\u00a0 entre Annecy o\u00f9 il demeure et la Hollande o\u00f9 les tulipes le fascinent.<\/span><\/div>\n<div dir=\"auto\"><span style=\"font-size: large;\">Basri Haliti, kosovar, dans les Vosges depuis 7 ans revit son pays \u00e0 travers 3 petits tableaux acryliques qu&rsquo;il pr\u00e9sente pour la premi\u00e8re fois au public.<\/span><\/div>\n<div dir=\"auto\"><span style=\"font-size: large;\">Et enfin Jos\u00e8phe Chapuis, g\u00e9r\u00f4moise, revient avec \u00ab\u00a0toujours un mobile apparent \u00ab\u00a0&#8230;nous proposer sculptures et mobiles vagabondant parmi les peintures de ses amis.<\/span><\/div>\n<div dir=\"auto\"><span style=\"font-size: large;\">Le vernissage qui s&rsquo;est d\u00e9roul\u00e9 le 26 juin dernier, malheureusement limit\u00e9 \u00e0 la pr\u00e9sence de 25 personnes en vertu des normes sanitaires, a permis de d\u00e9couvrir Samuel Bricault, fl\u00fbtiste international qui a honor\u00e9 le public d&rsquo;une envo\u00fbtante prestation aux fl\u00fbtes bansouri et irlandaise (<a id=\"LPlnk337863\" href=\"https:\/\/www.samuel-bricault.com\/\" target=\"_blank\" rel=\"noopener noreferrer\" data-auth=\"NotApplicable\" data-linkindex=\"0\">https:\/\/www.samuel-bricault.com\/<\/a><\/span><\/div>\n<div dir=\"auto\"><span style=\"font-size: large;\">Vous aurez jusqu&rsquo;au 28 ao\u00fbt pour d\u00e9couvrir et acqu\u00e9rir, si vous le souhaitez, les \u0153uvres expos\u00e9es.<\/span><\/div>\n","protected":false},"excerpt":{"rendered":"<p>Trois artistes autodidactes \u00e0 la m\u00e9diath\u00e8que du Tilleul du 26 juin au 28 ao\u00fbt. Peut-on parler d&rsquo;Art Brut ? Le [&hellip;]<\/p>\n","protected":false},"author":1,"featured_media":53646,"comment_status":"open","ping_status":"open","sticky":false,"template":"","format":"standard","meta":{"footnotes":""},"categories":[20,4,25],"tags":[],"class_list":["post-53645","post","type-post","status-publish","format-standard","has-post-thumbnail","hentry","category-a-la-une","category-culture","category-gerardmer"],"acf":[],"yoast_head":"<!-- This site is optimized with the Yoast SEO plugin v22.5 - https:\/\/yoast.com\/wordpress\/plugins\/seo\/ -->\n<title>Exposition &quot;Mobiles &amp; Peintures&quot; : c&#039;est tout l&#039;\u00e9t\u00e9 \u00e0 la m\u00e9diath\u00e8que du Tilleul - Gerardmer Info<\/title>\n<meta name=\"robots\" content=\"index, follow, max-snippet:-1, max-image-preview:large, max-video-preview:-1\" \/>\n<link rel=\"canonical\" href=\"https:\/\/vosgesinfo.fr\/gerardmerinfo\/2021\/07\/exposition-mobiles-peintures-cest-lete-a-mediatheque-tilleul\/\" \/>\n<meta name=\"twitter:card\" content=\"summary_large_image\" \/>\n<meta name=\"twitter:title\" content=\"Exposition &quot;Mobiles &amp; Peintures&quot; : c&#039;est tout l&#039;\u00e9t\u00e9 \u00e0 la m\u00e9diath\u00e8que du Tilleul - Gerardmer Info\" \/>\n<meta name=\"twitter:description\" content=\"Trois artistes autodidactes \u00e0 la m\u00e9diath\u00e8que du Tilleul du 26 juin au 28 ao\u00fbt. Peut-on parler d&rsquo;Art Brut ? Le [&hellip;]\" \/>\n<meta name=\"twitter:image\" content=\"https:\/\/vosgesinfo.fr\/app\/uploads\/sites\/6\/2024\/07\/202107mobiles-et-peintures.jpg\" \/>\n<meta name=\"twitter:creator\" content=\"@VosgesInfo88\" \/>\n<meta name=\"twitter:site\" content=\"@VosgesInfo88\" \/>\n<meta name=\"twitter:label1\" content=\"\u00c9crit par\" \/>\n\t<meta name=\"twitter:data1\" content=\"qs_admin\" \/>\n\t<meta name=\"twitter:label2\" content=\"Dur\u00e9e de lecture estim\u00e9e\" \/>\n\t<meta name=\"twitter:data2\" content=\"1 minute\" \/>\n<script type=\"application\/ld+json\" class=\"yoast-schema-graph\">{\"@context\":\"https:\/\/schema.org\",\"@graph\":[{\"@type\":\"Article\",\"@id\":\"https:\/\/vosgesinfo.fr\/gerardmerinfo\/2021\/07\/exposition-mobiles-peintures-cest-lete-a-mediatheque-tilleul\/#article\",\"isPartOf\":{\"@id\":\"https:\/\/vosgesinfo.fr\/gerardmerinfo\/2021\/07\/exposition-mobiles-peintures-cest-lete-a-mediatheque-tilleul\/\"},\"author\":{\"name\":\"qs_admin\",\"@id\":\"https:\/\/vosgesinfo.fr\/gerardmerinfo\/#\/schema\/person\/bc5d02d71e6932e81b6dadb7386667b1\"},\"headline\":\"Exposition \u00ab\u00a0Mobiles &#038; Peintures\u00a0\u00bb : c&rsquo;est tout l&rsquo;\u00e9t\u00e9 \u00e0 la m\u00e9diath\u00e8que du Tilleul\",\"datePublished\":\"2021-07-01T02:51:31+00:00\",\"dateModified\":\"2021-07-01T02:51:31+00:00\",\"mainEntityOfPage\":{\"@id\":\"https:\/\/vosgesinfo.fr\/gerardmerinfo\/2021\/07\/exposition-mobiles-peintures-cest-lete-a-mediatheque-tilleul\/\"},\"wordCount\":205,\"commentCount\":0,\"publisher\":{\"@id\":\"https:\/\/vosgesinfo.fr\/gerardmerinfo\/#organization\"},\"image\":{\"@id\":\"https:\/\/vosgesinfo.fr\/gerardmerinfo\/2021\/07\/exposition-mobiles-peintures-cest-lete-a-mediatheque-tilleul\/#primaryimage\"},\"thumbnailUrl\":\"https:\/\/vosgesinfo.fr\/app\/uploads\/sites\/6\/2024\/07\/202107mobiles-et-peintures.jpg\",\"articleSection\":[\"A la une\",\"Culture\",\"G\u00e9rardmer\"],\"inLanguage\":\"fr-FR\",\"potentialAction\":[{\"@type\":\"CommentAction\",\"name\":\"Comment\",\"target\":[\"https:\/\/vosgesinfo.fr\/gerardmerinfo\/2021\/07\/exposition-mobiles-peintures-cest-lete-a-mediatheque-tilleul\/#respond\"]}]},{\"@type\":\"WebPage\",\"@id\":\"https:\/\/vosgesinfo.fr\/gerardmerinfo\/2021\/07\/exposition-mobiles-peintures-cest-lete-a-mediatheque-tilleul\/\",\"url\":\"https:\/\/vosgesinfo.fr\/gerardmerinfo\/2021\/07\/exposition-mobiles-peintures-cest-lete-a-mediatheque-tilleul\/\",\"name\":\"Exposition \\\"Mobiles & Peintures\\\" : c'est tout l'\u00e9t\u00e9 \u00e0 la m\u00e9diath\u00e8que du Tilleul - Gerardmer Info\",\"isPartOf\":{\"@id\":\"https:\/\/vosgesinfo.fr\/gerardmerinfo\/#website\"},\"primaryImageOfPage\":{\"@id\":\"https:\/\/vosgesinfo.fr\/gerardmerinfo\/2021\/07\/exposition-mobiles-peintures-cest-lete-a-mediatheque-tilleul\/#primaryimage\"},\"image\":{\"@id\":\"https:\/\/vosgesinfo.fr\/gerardmerinfo\/2021\/07\/exposition-mobiles-peintures-cest-lete-a-mediatheque-tilleul\/#primaryimage\"},\"thumbnailUrl\":\"https:\/\/vosgesinfo.fr\/app\/uploads\/sites\/6\/2024\/07\/202107mobiles-et-peintures.jpg\",\"datePublished\":\"2021-07-01T02:51:31+00:00\",\"dateModified\":\"2021-07-01T02:51:31+00:00\",\"breadcrumb\":{\"@id\":\"https:\/\/vosgesinfo.fr\/gerardmerinfo\/2021\/07\/exposition-mobiles-peintures-cest-lete-a-mediatheque-tilleul\/#breadcrumb\"},\"inLanguage\":\"fr-FR\",\"potentialAction\":[{\"@type\":\"ReadAction\",\"target\":[\"https:\/\/vosgesinfo.fr\/gerardmerinfo\/2021\/07\/exposition-mobiles-peintures-cest-lete-a-mediatheque-tilleul\/\"]}]},{\"@type\":\"ImageObject\",\"inLanguage\":\"fr-FR\",\"@id\":\"https:\/\/vosgesinfo.fr\/gerardmerinfo\/2021\/07\/exposition-mobiles-peintures-cest-lete-a-mediatheque-tilleul\/#primaryimage\",\"url\":\"https:\/\/vosgesinfo.fr\/app\/uploads\/sites\/6\/2024\/07\/202107mobiles-et-peintures.jpg\",\"contentUrl\":\"https:\/\/vosgesinfo.fr\/app\/uploads\/sites\/6\/2024\/07\/202107mobiles-et-peintures.jpg\",\"width\":567,\"height\":800},{\"@type\":\"BreadcrumbList\",\"@id\":\"https:\/\/vosgesinfo.fr\/gerardmerinfo\/2021\/07\/exposition-mobiles-peintures-cest-lete-a-mediatheque-tilleul\/#breadcrumb\",\"itemListElement\":[{\"@type\":\"ListItem\",\"position\":1,\"name\":\"Home\",\"item\":\"https:\/\/vosgesinfo.fr\/gerardmerinfo\/\"},{\"@type\":\"ListItem\",\"position\":2,\"name\":\"Exposition \u00ab\u00a0Mobiles &#038; Peintures\u00a0\u00bb : c&rsquo;est tout l&rsquo;\u00e9t\u00e9 \u00e0 la m\u00e9diath\u00e8que du Tilleul\"}]},{\"@type\":\"WebSite\",\"@id\":\"https:\/\/vosgesinfo.fr\/gerardmerinfo\/#website\",\"url\":\"https:\/\/vosgesinfo.fr\/gerardmerinfo\/\",\"name\":\"Gerardmer Info\",\"description\":\"Toute l&#039;actualit\u00e9 de G\u00e9rardmer\",\"publisher\":{\"@id\":\"https:\/\/vosgesinfo.fr\/gerardmerinfo\/#organization\"},\"alternateName\":\"Toute l'actualit\u00e9 de G\u00e9rardmer\",\"potentialAction\":[{\"@type\":\"SearchAction\",\"target\":{\"@type\":\"EntryPoint\",\"urlTemplate\":\"https:\/\/vosgesinfo.fr\/gerardmerinfo\/?s={search_term_string}\"},\"query-input\":\"required name=search_term_string\"}],\"inLanguage\":\"fr-FR\"},{\"@type\":\"Organization\",\"@id\":\"https:\/\/vosgesinfo.fr\/gerardmerinfo\/#organization\",\"name\":\"Gerardmer Info\",\"url\":\"https:\/\/vosgesinfo.fr\/gerardmerinfo\/\",\"logo\":{\"@type\":\"ImageObject\",\"inLanguage\":\"fr-FR\",\"@id\":\"https:\/\/vosgesinfo.fr\/gerardmerinfo\/#\/schema\/logo\/image\/\",\"url\":\"https:\/\/vosgesinfo.fr\/app\/uploads\/sites\/6\/2023\/08\/favicon-gerardmerinfo.png\",\"contentUrl\":\"https:\/\/vosgesinfo.fr\/app\/uploads\/sites\/6\/2023\/08\/favicon-gerardmerinfo.png\",\"width\":512,\"height\":512,\"caption\":\"Gerardmer Info\"},\"image\":{\"@id\":\"https:\/\/vosgesinfo.fr\/gerardmerinfo\/#\/schema\/logo\/image\/\"},\"sameAs\":[\"https:\/\/www.facebook.com\/profile.php?id=100049475262660\",\"https:\/\/x.com\/VosgesInfo88\",\"https:\/\/www.youtube.com\/@vosgesinfo\"]},{\"@type\":\"Person\",\"@id\":\"https:\/\/vosgesinfo.fr\/gerardmerinfo\/#\/schema\/person\/bc5d02d71e6932e81b6dadb7386667b1\",\"name\":\"qs_admin\",\"image\":{\"@type\":\"ImageObject\",\"inLanguage\":\"fr-FR\",\"@id\":\"https:\/\/vosgesinfo.fr\/gerardmerinfo\/#\/schema\/person\/image\/\",\"url\":\"https:\/\/secure.gravatar.com\/avatar\/94b18ee0ed79e4a42ea2f2931277b6841a8999fc6fde214600c78057cf1fe1de?s=96&d=mm&r=g\",\"contentUrl\":\"https:\/\/secure.gravatar.com\/avatar\/94b18ee0ed79e4a42ea2f2931277b6841a8999fc6fde214600c78057cf1fe1de?s=96&d=mm&r=g\",\"caption\":\"qs_admin\"},\"sameAs\":[\"https:\/\/vosgesinfo.fr\/wp\"],\"url\":\"https:\/\/vosgesinfo.fr\/gerardmerinfo\/author\/qs_admin\/\"}]}<\/script>\n<!-- \/ Yoast SEO plugin. -->","yoast_head_json":{"title":"Exposition \"Mobiles & Peintures\" : c'est tout l'\u00e9t\u00e9 \u00e0 la m\u00e9diath\u00e8que du Tilleul - Gerardmer Info","robots":{"index":"index","follow":"follow","max-snippet":"max-snippet:-1","max-image-preview":"max-image-preview:large","max-video-preview":"max-video-preview:-1"},"canonical":"https:\/\/vosgesinfo.fr\/gerardmerinfo\/2021\/07\/exposition-mobiles-peintures-cest-lete-a-mediatheque-tilleul\/","twitter_card":"summary_large_image","twitter_title":"Exposition \"Mobiles & Peintures\" : c'est tout l'\u00e9t\u00e9 \u00e0 la m\u00e9diath\u00e8que du Tilleul - Gerardmer Info","twitter_description":"Trois artistes autodidactes \u00e0 la m\u00e9diath\u00e8que du Tilleul du 26 juin au 28 ao\u00fbt. Peut-on parler d&rsquo;Art Brut ? Le [&hellip;]","twitter_image":"https:\/\/vosgesinfo.fr\/app\/uploads\/sites\/6\/2024\/07\/202107mobiles-et-peintures.jpg","twitter_creator":"@VosgesInfo88","twitter_site":"@VosgesInfo88","twitter_misc":{"\u00c9crit par":"qs_admin","Dur\u00e9e de lecture estim\u00e9e":"1 minute"},"schema":{"@context":"https:\/\/schema.org","@graph":[{"@type":"Article","@id":"https:\/\/vosgesinfo.fr\/gerardmerinfo\/2021\/07\/exposition-mobiles-peintures-cest-lete-a-mediatheque-tilleul\/#article","isPartOf":{"@id":"https:\/\/vosgesinfo.fr\/gerardmerinfo\/2021\/07\/exposition-mobiles-peintures-cest-lete-a-mediatheque-tilleul\/"},"author":{"name":"qs_admin","@id":"https:\/\/vosgesinfo.fr\/gerardmerinfo\/#\/schema\/person\/bc5d02d71e6932e81b6dadb7386667b1"},"headline":"Exposition \u00ab\u00a0Mobiles &#038; Peintures\u00a0\u00bb : c&rsquo;est tout l&rsquo;\u00e9t\u00e9 \u00e0 la m\u00e9diath\u00e8que du Tilleul","datePublished":"2021-07-01T02:51:31+00:00","dateModified":"2021-07-01T02:51:31+00:00","mainEntityOfPage":{"@id":"https:\/\/vosgesinfo.fr\/gerardmerinfo\/2021\/07\/exposition-mobiles-peintures-cest-lete-a-mediatheque-tilleul\/"},"wordCount":205,"commentCount":0,"publisher":{"@id":"https:\/\/vosgesinfo.fr\/gerardmerinfo\/#organization"},"image":{"@id":"https:\/\/vosgesinfo.fr\/gerardmerinfo\/2021\/07\/exposition-mobiles-peintures-cest-lete-a-mediatheque-tilleul\/#primaryimage"},"thumbnailUrl":"https:\/\/vosgesinfo.fr\/app\/uploads\/sites\/6\/2024\/07\/202107mobiles-et-peintures.jpg","articleSection":["A la une","Culture","G\u00e9rardmer"],"inLanguage":"fr-FR","potentialAction":[{"@type":"CommentAction","name":"Comment","target":["https:\/\/vosgesinfo.fr\/gerardmerinfo\/2021\/07\/exposition-mobiles-peintures-cest-lete-a-mediatheque-tilleul\/#respond"]}]},{"@type":"WebPage","@id":"https:\/\/vosgesinfo.fr\/gerardmerinfo\/2021\/07\/exposition-mobiles-peintures-cest-lete-a-mediatheque-tilleul\/","url":"https:\/\/vosgesinfo.fr\/gerardmerinfo\/2021\/07\/exposition-mobiles-peintures-cest-lete-a-mediatheque-tilleul\/","name":"Exposition \"Mobiles & Peintures\" : c'est tout l'\u00e9t\u00e9 \u00e0 la m\u00e9diath\u00e8que du Tilleul - Gerardmer Info","isPartOf":{"@id":"https:\/\/vosgesinfo.fr\/gerardmerinfo\/#website"},"primaryImageOfPage":{"@id":"https:\/\/vosgesinfo.fr\/gerardmerinfo\/2021\/07\/exposition-mobiles-peintures-cest-lete-a-mediatheque-tilleul\/#primaryimage"},"image":{"@id":"https:\/\/vosgesinfo.fr\/gerardmerinfo\/2021\/07\/exposition-mobiles-peintures-cest-lete-a-mediatheque-tilleul\/#primaryimage"},"thumbnailUrl":"https:\/\/vosgesinfo.fr\/app\/uploads\/sites\/6\/2024\/07\/202107mobiles-et-peintures.jpg","datePublished":"2021-07-01T02:51:31+00:00","dateModified":"2021-07-01T02:51:31+00:00","breadcrumb":{"@id":"https:\/\/vosgesinfo.fr\/gerardmerinfo\/2021\/07\/exposition-mobiles-peintures-cest-lete-a-mediatheque-tilleul\/#breadcrumb"},"inLanguage":"fr-FR","potentialAction":[{"@type":"ReadAction","target":["https:\/\/vosgesinfo.fr\/gerardmerinfo\/2021\/07\/exposition-mobiles-peintures-cest-lete-a-mediatheque-tilleul\/"]}]},{"@type":"ImageObject","inLanguage":"fr-FR","@id":"https:\/\/vosgesinfo.fr\/gerardmerinfo\/2021\/07\/exposition-mobiles-peintures-cest-lete-a-mediatheque-tilleul\/#primaryimage","url":"https:\/\/vosgesinfo.fr\/app\/uploads\/sites\/6\/2024\/07\/202107mobiles-et-peintures.jpg","contentUrl":"https:\/\/vosgesinfo.fr\/app\/uploads\/sites\/6\/2024\/07\/202107mobiles-et-peintures.jpg","width":567,"height":800},{"@type":"BreadcrumbList","@id":"https:\/\/vosgesinfo.fr\/gerardmerinfo\/2021\/07\/exposition-mobiles-peintures-cest-lete-a-mediatheque-tilleul\/#breadcrumb","itemListElement":[{"@type":"ListItem","position":1,"name":"Home","item":"https:\/\/vosgesinfo.fr\/gerardmerinfo\/"},{"@type":"ListItem","position":2,"name":"Exposition \u00ab\u00a0Mobiles &#038; Peintures\u00a0\u00bb : c&rsquo;est tout l&rsquo;\u00e9t\u00e9 \u00e0 la m\u00e9diath\u00e8que du Tilleul"}]},{"@type":"WebSite","@id":"https:\/\/vosgesinfo.fr\/gerardmerinfo\/#website","url":"https:\/\/vosgesinfo.fr\/gerardmerinfo\/","name":"Gerardmer Info","description":"Toute l&#039;actualit\u00e9 de G\u00e9rardmer","publisher":{"@id":"https:\/\/vosgesinfo.fr\/gerardmerinfo\/#organization"},"alternateName":"Toute l'actualit\u00e9 de G\u00e9rardmer","potentialAction":[{"@type":"SearchAction","target":{"@type":"EntryPoint","urlTemplate":"https:\/\/vosgesinfo.fr\/gerardmerinfo\/?s={search_term_string}"},"query-input":"required name=search_term_string"}],"inLanguage":"fr-FR"},{"@type":"Organization","@id":"https:\/\/vosgesinfo.fr\/gerardmerinfo\/#organization","name":"Gerardmer Info","url":"https:\/\/vosgesinfo.fr\/gerardmerinfo\/","logo":{"@type":"ImageObject","inLanguage":"fr-FR","@id":"https:\/\/vosgesinfo.fr\/gerardmerinfo\/#\/schema\/logo\/image\/","url":"https:\/\/vosgesinfo.fr\/app\/uploads\/sites\/6\/2023\/08\/favicon-gerardmerinfo.png","contentUrl":"https:\/\/vosgesinfo.fr\/app\/uploads\/sites\/6\/2023\/08\/favicon-gerardmerinfo.png","width":512,"height":512,"caption":"Gerardmer Info"},"image":{"@id":"https:\/\/vosgesinfo.fr\/gerardmerinfo\/#\/schema\/logo\/image\/"},"sameAs":["https:\/\/www.facebook.com\/profile.php?id=100049475262660","https:\/\/x.com\/VosgesInfo88","https:\/\/www.youtube.com\/@vosgesinfo"]},{"@type":"Person","@id":"https:\/\/vosgesinfo.fr\/gerardmerinfo\/#\/schema\/person\/bc5d02d71e6932e81b6dadb7386667b1","name":"qs_admin","image":{"@type":"ImageObject","inLanguage":"fr-FR","@id":"https:\/\/vosgesinfo.fr\/gerardmerinfo\/#\/schema\/person\/image\/","url":"https:\/\/secure.gravatar.com\/avatar\/94b18ee0ed79e4a42ea2f2931277b6841a8999fc6fde214600c78057cf1fe1de?s=96&d=mm&r=g","contentUrl":"https:\/\/secure.gravatar.com\/avatar\/94b18ee0ed79e4a42ea2f2931277b6841a8999fc6fde214600c78057cf1fe1de?s=96&d=mm&r=g","caption":"qs_admin"},"sameAs":["https:\/\/vosgesinfo.fr\/wp"],"url":"https:\/\/vosgesinfo.fr\/gerardmerinfo\/author\/qs_admin\/"}]}},"_links":{"self":[{"href":"https:\/\/vosgesinfo.fr\/gerardmerinfo\/wp-json\/wp\/v2\/posts\/53645","targetHints":{"allow":["GET"]}}],"collection":[{"href":"https:\/\/vosgesinfo.fr\/gerardmerinfo\/wp-json\/wp\/v2\/posts"}],"about":[{"href":"https:\/\/vosgesinfo.fr\/gerardmerinfo\/wp-json\/wp\/v2\/types\/post"}],"author":[{"embeddable":true,"href":"https:\/\/vosgesinfo.fr\/gerardmerinfo\/wp-json\/wp\/v2\/users\/1"}],"replies":[{"embeddable":true,"href":"https:\/\/vosgesinfo.fr\/gerardmerinfo\/wp-json\/wp\/v2\/comments?post=53645"}],"version-history":[{"count":0,"href":"https:\/\/vosgesinfo.fr\/gerardmerinfo\/wp-json\/wp\/v2\/posts\/53645\/revisions"}],"wp:featuredmedia":[{"embeddable":true,"href":"https:\/\/vosgesinfo.fr\/gerardmerinfo\/wp-json\/wp\/v2\/media\/53646"}],"wp:attachment":[{"href":"https:\/\/vosgesinfo.fr\/gerardmerinfo\/wp-json\/wp\/v2\/media?parent=53645"}],"wp:term":[{"taxonomy":"category","embeddable":true,"href":"https:\/\/vosgesinfo.fr\/gerardmerinfo\/wp-json\/wp\/v2\/categories?post=53645"},{"taxonomy":"post_tag","embeddable":true,"href":"https:\/\/vosgesinfo.fr\/gerardmerinfo\/wp-json\/wp\/v2\/tags?post=53645"}],"curies":[{"name":"wp","href":"https:\/\/api.w.org\/{rel}","templated":true}]}}