{"id":53665,"date":"2021-07-01T11:52:20","date_gmt":"2021-07-01T09:52:20","guid":{"rendered":"https:\/\/vosgesinfo.fr\/gerardmerinfo\/2021\/07\/chantier-chemin-oublies-maire-de-gerardmer-saisi-police-de-leau-de-ddt\/"},"modified":"2021-07-01T11:52:20","modified_gmt":"2021-07-01T09:52:20","slug":"chantier-chemin-oublies-maire-de-gerardmer-saisi-police-de-leau-de-ddt","status":"publish","type":"post","link":"https:\/\/vosgesinfo.fr\/gerardmerinfo\/2021\/07\/chantier-chemin-oublies-maire-de-gerardmer-saisi-police-de-leau-de-ddt\/","title":{"rendered":"Chantier du chemin des Oubli\u00e9s &#8211; le maire de G\u00e9rardmer saisit la Police de l&rsquo;eau de la DDT\u00a0\u00bb"},"content":{"rendered":"<p>Le maire de G\u00e9rardmer a souhait\u00e9 apporter des pr\u00e9cisions sur la situation suite \u00e0 l&rsquo;action du collectif des Terrasses des Xettes ce matin, expliquant notamment qu&rsquo;il allait faire contr\u00f4ler le chantier et saisir la Police de l&rsquo;Eau : \u00ab\u00a0<em>C&rsquo;est un chantier que nous suivons avec attention et que nous avons d\u00e9j\u00e0 contr\u00f4l\u00e9 plusieurs fois. Quant \u00e0 la question de l&rsquo;implantation sur pieux ou sur puit, nous allons effectuer un contr\u00f4le pour voir si les prescriptions de la DDT sont respect\u00e9es et, le cas \u00e9ch\u00e9ant faire le n\u00e9cessaire. Je saisis donc la Police de l&rsquo;Eau de la DDT qui, elle, est \u00e0 m\u00eame d&rsquo;effectuer un contr\u00f4le d&rsquo;ordre technique sur ce point. Tout en sachant que s&rsquo;il y a\u00a0 infraction, un chantier ne s&rsquo;arr\u00eate pas comme \u00e7a, du jour au lendemain.<\/em>\u00a0\u00bb a pr\u00e9cis\u00e9 Stessy Speissmann. Du c\u00f4t\u00e9 des riverains, le contr\u00f4le de la Police de l&rsquo;Eau risque de se faire cruellement attendre puisque le chantier se poursuit actuellement.<\/p>\n","protected":false},"excerpt":{"rendered":"<p>Le maire de G\u00e9rardmer a souhait\u00e9 apporter des pr\u00e9cisions sur la situation suite \u00e0 l&rsquo;action du collectif des Terrasses des [&hellip;]<\/p>\n","protected":false},"author":42,"featured_media":53666,"comment_status":"open","ping_status":"open","sticky":false,"template":"","format":"standard","meta":{"footnotes":""},"categories":[20,7,25],"tags":[],"class_list":["post-53665","post","type-post","status-publish","format-standard","has-post-thumbnail","hentry","category-a-la-une","category-environnement","category-gerardmer"],"acf":[],"yoast_head":"<!-- This site is optimized with the Yoast SEO plugin v22.5 - https:\/\/yoast.com\/wordpress\/plugins\/seo\/ -->\n<title>Chantier du chemin des Oubli\u00e9s - le maire de G\u00e9rardmer saisit la Police de l&#039;eau de la DDT&quot; - Gerardmer Info<\/title>\n<meta name=\"robots\" content=\"index, follow, max-snippet:-1, max-image-preview:large, max-video-preview:-1\" \/>\n<link rel=\"canonical\" href=\"https:\/\/vosgesinfo.fr\/gerardmerinfo\/2021\/07\/chantier-chemin-oublies-maire-de-gerardmer-saisi-police-de-leau-de-ddt\/\" \/>\n<meta name=\"twitter:card\" content=\"summary_large_image\" \/>\n<meta name=\"twitter:title\" content=\"Chantier du chemin des Oubli\u00e9s - le maire de G\u00e9rardmer saisit la Police de l&#039;eau de la DDT&quot; - Gerardmer Info\" \/>\n<meta name=\"twitter:description\" content=\"Le maire de G\u00e9rardmer a souhait\u00e9 apporter des pr\u00e9cisions sur la situation suite \u00e0 l&rsquo;action du collectif des Terrasses des [&hellip;]\" \/>\n<meta name=\"twitter:image\" content=\"https:\/\/vosgesinfo.fr\/app\/uploads\/sites\/6\/2024\/07\/202107img-20210630-wa0007.jpg\" \/>\n<meta name=\"twitter:creator\" content=\"@VosgesInfo88\" \/>\n<meta name=\"twitter:site\" content=\"@VosgesInfo88\" \/>\n<meta name=\"twitter:label1\" content=\"\u00c9crit par\" \/>\n\t<meta name=\"twitter:data1\" content=\"QG\" \/>\n\t<meta name=\"twitter:label2\" content=\"Dur\u00e9e de lecture estim\u00e9e\" \/>\n\t<meta name=\"twitter:data2\" content=\"1 minute\" \/>\n<script type=\"application\/ld+json\" class=\"yoast-schema-graph\">{\"@context\":\"https:\/\/schema.org\",\"@graph\":[{\"@type\":\"Article\",\"@id\":\"https:\/\/vosgesinfo.fr\/gerardmerinfo\/2021\/07\/chantier-chemin-oublies-maire-de-gerardmer-saisi-police-de-leau-de-ddt\/#article\",\"isPartOf\":{\"@id\":\"https:\/\/vosgesinfo.fr\/gerardmerinfo\/2021\/07\/chantier-chemin-oublies-maire-de-gerardmer-saisi-police-de-leau-de-ddt\/\"},\"author\":{\"name\":\"QG\",\"@id\":\"https:\/\/vosgesinfo.fr\/gerardmerinfo\/#\/schema\/person\/db5605779a843dad16b5368f3e7613a5\"},\"headline\":\"Chantier du chemin des Oubli\u00e9s &#8211; le maire de G\u00e9rardmer saisit la Police de l&rsquo;eau de la DDT\u00a0\u00bb\",\"datePublished\":\"2021-07-01T09:52:20+00:00\",\"dateModified\":\"2021-07-01T09:52:20+00:00\",\"mainEntityOfPage\":{\"@id\":\"https:\/\/vosgesinfo.fr\/gerardmerinfo\/2021\/07\/chantier-chemin-oublies-maire-de-gerardmer-saisi-police-de-leau-de-ddt\/\"},\"wordCount\":199,\"commentCount\":0,\"publisher\":{\"@id\":\"https:\/\/vosgesinfo.fr\/gerardmerinfo\/#organization\"},\"image\":{\"@id\":\"https:\/\/vosgesinfo.fr\/gerardmerinfo\/2021\/07\/chantier-chemin-oublies-maire-de-gerardmer-saisi-police-de-leau-de-ddt\/#primaryimage\"},\"thumbnailUrl\":\"https:\/\/vosgesinfo.fr\/app\/uploads\/sites\/6\/2024\/07\/202107img-20210630-wa0007.jpg\",\"articleSection\":[\"A la une\",\"Environnement\",\"G\u00e9rardmer\"],\"inLanguage\":\"fr-FR\",\"potentialAction\":[{\"@type\":\"CommentAction\",\"name\":\"Comment\",\"target\":[\"https:\/\/vosgesinfo.fr\/gerardmerinfo\/2021\/07\/chantier-chemin-oublies-maire-de-gerardmer-saisi-police-de-leau-de-ddt\/#respond\"]}]},{\"@type\":\"WebPage\",\"@id\":\"https:\/\/vosgesinfo.fr\/gerardmerinfo\/2021\/07\/chantier-chemin-oublies-maire-de-gerardmer-saisi-police-de-leau-de-ddt\/\",\"url\":\"https:\/\/vosgesinfo.fr\/gerardmerinfo\/2021\/07\/chantier-chemin-oublies-maire-de-gerardmer-saisi-police-de-leau-de-ddt\/\",\"name\":\"Chantier du chemin des Oubli\u00e9s - le maire de G\u00e9rardmer saisit la Police de l'eau de la DDT\\\" - Gerardmer Info\",\"isPartOf\":{\"@id\":\"https:\/\/vosgesinfo.fr\/gerardmerinfo\/#website\"},\"primaryImageOfPage\":{\"@id\":\"https:\/\/vosgesinfo.fr\/gerardmerinfo\/2021\/07\/chantier-chemin-oublies-maire-de-gerardmer-saisi-police-de-leau-de-ddt\/#primaryimage\"},\"image\":{\"@id\":\"https:\/\/vosgesinfo.fr\/gerardmerinfo\/2021\/07\/chantier-chemin-oublies-maire-de-gerardmer-saisi-police-de-leau-de-ddt\/#primaryimage\"},\"thumbnailUrl\":\"https:\/\/vosgesinfo.fr\/app\/uploads\/sites\/6\/2024\/07\/202107img-20210630-wa0007.jpg\",\"datePublished\":\"2021-07-01T09:52:20+00:00\",\"dateModified\":\"2021-07-01T09:52:20+00:00\",\"breadcrumb\":{\"@id\":\"https:\/\/vosgesinfo.fr\/gerardmerinfo\/2021\/07\/chantier-chemin-oublies-maire-de-gerardmer-saisi-police-de-leau-de-ddt\/#breadcrumb\"},\"inLanguage\":\"fr-FR\",\"potentialAction\":[{\"@type\":\"ReadAction\",\"target\":[\"https:\/\/vosgesinfo.fr\/gerardmerinfo\/2021\/07\/chantier-chemin-oublies-maire-de-gerardmer-saisi-police-de-leau-de-ddt\/\"]}]},{\"@type\":\"ImageObject\",\"inLanguage\":\"fr-FR\",\"@id\":\"https:\/\/vosgesinfo.fr\/gerardmerinfo\/2021\/07\/chantier-chemin-oublies-maire-de-gerardmer-saisi-police-de-leau-de-ddt\/#primaryimage\",\"url\":\"https:\/\/vosgesinfo.fr\/app\/uploads\/sites\/6\/2024\/07\/202107img-20210630-wa0007.jpg\",\"contentUrl\":\"https:\/\/vosgesinfo.fr\/app\/uploads\/sites\/6\/2024\/07\/202107img-20210630-wa0007.jpg\",\"width\":800,\"height\":450},{\"@type\":\"BreadcrumbList\",\"@id\":\"https:\/\/vosgesinfo.fr\/gerardmerinfo\/2021\/07\/chantier-chemin-oublies-maire-de-gerardmer-saisi-police-de-leau-de-ddt\/#breadcrumb\",\"itemListElement\":[{\"@type\":\"ListItem\",\"position\":1,\"name\":\"Home\",\"item\":\"https:\/\/vosgesinfo.fr\/gerardmerinfo\/\"},{\"@type\":\"ListItem\",\"position\":2,\"name\":\"Chantier du chemin des Oubli\u00e9s &#8211; le maire de G\u00e9rardmer saisit la Police de l&rsquo;eau de la DDT\u00a0\u00bb\"}]},{\"@type\":\"WebSite\",\"@id\":\"https:\/\/vosgesinfo.fr\/gerardmerinfo\/#website\",\"url\":\"https:\/\/vosgesinfo.fr\/gerardmerinfo\/\",\"name\":\"Gerardmer Info\",\"description\":\"Toute l&#039;actualit\u00e9 de G\u00e9rardmer\",\"publisher\":{\"@id\":\"https:\/\/vosgesinfo.fr\/gerardmerinfo\/#organization\"},\"alternateName\":\"Toute l'actualit\u00e9 de G\u00e9rardmer\",\"potentialAction\":[{\"@type\":\"SearchAction\",\"target\":{\"@type\":\"EntryPoint\",\"urlTemplate\":\"https:\/\/vosgesinfo.fr\/gerardmerinfo\/?s={search_term_string}\"},\"query-input\":\"required name=search_term_string\"}],\"inLanguage\":\"fr-FR\"},{\"@type\":\"Organization\",\"@id\":\"https:\/\/vosgesinfo.fr\/gerardmerinfo\/#organization\",\"name\":\"Gerardmer Info\",\"url\":\"https:\/\/vosgesinfo.fr\/gerardmerinfo\/\",\"logo\":{\"@type\":\"ImageObject\",\"inLanguage\":\"fr-FR\",\"@id\":\"https:\/\/vosgesinfo.fr\/gerardmerinfo\/#\/schema\/logo\/image\/\",\"url\":\"https:\/\/vosgesinfo.fr\/app\/uploads\/sites\/6\/2023\/08\/favicon-gerardmerinfo.png\",\"contentUrl\":\"https:\/\/vosgesinfo.fr\/app\/uploads\/sites\/6\/2023\/08\/favicon-gerardmerinfo.png\",\"width\":512,\"height\":512,\"caption\":\"Gerardmer Info\"},\"image\":{\"@id\":\"https:\/\/vosgesinfo.fr\/gerardmerinfo\/#\/schema\/logo\/image\/\"},\"sameAs\":[\"https:\/\/www.facebook.com\/profile.php?id=100049475262660\",\"https:\/\/x.com\/VosgesInfo88\",\"https:\/\/www.youtube.com\/@vosgesinfo\"]},{\"@type\":\"Person\",\"@id\":\"https:\/\/vosgesinfo.fr\/gerardmerinfo\/#\/schema\/person\/db5605779a843dad16b5368f3e7613a5\",\"name\":\"QG\",\"image\":{\"@type\":\"ImageObject\",\"inLanguage\":\"fr-FR\",\"@id\":\"https:\/\/vosgesinfo.fr\/gerardmerinfo\/#\/schema\/person\/image\/\",\"url\":\"https:\/\/secure.gravatar.com\/avatar\/ea80c42c204b534408512832fde52504ecabb9706bcb6151cf6175e5b64e6793?s=96&d=mm&r=g\",\"contentUrl\":\"https:\/\/secure.gravatar.com\/avatar\/ea80c42c204b534408512832fde52504ecabb9706bcb6151cf6175e5b64e6793?s=96&d=mm&r=g\",\"caption\":\"QG\"},\"url\":\"https:\/\/vosgesinfo.fr\/gerardmerinfo\/author\/quentin88\/\"}]}<\/script>\n<!-- \/ Yoast SEO plugin. -->","yoast_head_json":{"title":"Chantier du chemin des Oubli\u00e9s - le maire de G\u00e9rardmer saisit la Police de l'eau de la DDT\" - Gerardmer Info","robots":{"index":"index","follow":"follow","max-snippet":"max-snippet:-1","max-image-preview":"max-image-preview:large","max-video-preview":"max-video-preview:-1"},"canonical":"https:\/\/vosgesinfo.fr\/gerardmerinfo\/2021\/07\/chantier-chemin-oublies-maire-de-gerardmer-saisi-police-de-leau-de-ddt\/","twitter_card":"summary_large_image","twitter_title":"Chantier du chemin des Oubli\u00e9s - le maire de G\u00e9rardmer saisit la Police de l'eau de la DDT\" - Gerardmer Info","twitter_description":"Le maire de G\u00e9rardmer a souhait\u00e9 apporter des pr\u00e9cisions sur la situation suite \u00e0 l&rsquo;action du collectif des Terrasses des [&hellip;]","twitter_image":"https:\/\/vosgesinfo.fr\/app\/uploads\/sites\/6\/2024\/07\/202107img-20210630-wa0007.jpg","twitter_creator":"@VosgesInfo88","twitter_site":"@VosgesInfo88","twitter_misc":{"\u00c9crit par":"QG","Dur\u00e9e de lecture estim\u00e9e":"1 minute"},"schema":{"@context":"https:\/\/schema.org","@graph":[{"@type":"Article","@id":"https:\/\/vosgesinfo.fr\/gerardmerinfo\/2021\/07\/chantier-chemin-oublies-maire-de-gerardmer-saisi-police-de-leau-de-ddt\/#article","isPartOf":{"@id":"https:\/\/vosgesinfo.fr\/gerardmerinfo\/2021\/07\/chantier-chemin-oublies-maire-de-gerardmer-saisi-police-de-leau-de-ddt\/"},"author":{"name":"QG","@id":"https:\/\/vosgesinfo.fr\/gerardmerinfo\/#\/schema\/person\/db5605779a843dad16b5368f3e7613a5"},"headline":"Chantier du chemin des Oubli\u00e9s &#8211; le maire de G\u00e9rardmer saisit la Police de l&rsquo;eau de la DDT\u00a0\u00bb","datePublished":"2021-07-01T09:52:20+00:00","dateModified":"2021-07-01T09:52:20+00:00","mainEntityOfPage":{"@id":"https:\/\/vosgesinfo.fr\/gerardmerinfo\/2021\/07\/chantier-chemin-oublies-maire-de-gerardmer-saisi-police-de-leau-de-ddt\/"},"wordCount":199,"commentCount":0,"publisher":{"@id":"https:\/\/vosgesinfo.fr\/gerardmerinfo\/#organization"},"image":{"@id":"https:\/\/vosgesinfo.fr\/gerardmerinfo\/2021\/07\/chantier-chemin-oublies-maire-de-gerardmer-saisi-police-de-leau-de-ddt\/#primaryimage"},"thumbnailUrl":"https:\/\/vosgesinfo.fr\/app\/uploads\/sites\/6\/2024\/07\/202107img-20210630-wa0007.jpg","articleSection":["A la une","Environnement","G\u00e9rardmer"],"inLanguage":"fr-FR","potentialAction":[{"@type":"CommentAction","name":"Comment","target":["https:\/\/vosgesinfo.fr\/gerardmerinfo\/2021\/07\/chantier-chemin-oublies-maire-de-gerardmer-saisi-police-de-leau-de-ddt\/#respond"]}]},{"@type":"WebPage","@id":"https:\/\/vosgesinfo.fr\/gerardmerinfo\/2021\/07\/chantier-chemin-oublies-maire-de-gerardmer-saisi-police-de-leau-de-ddt\/","url":"https:\/\/vosgesinfo.fr\/gerardmerinfo\/2021\/07\/chantier-chemin-oublies-maire-de-gerardmer-saisi-police-de-leau-de-ddt\/","name":"Chantier du chemin des Oubli\u00e9s - le maire de G\u00e9rardmer saisit la Police de l'eau de la DDT\" - Gerardmer Info","isPartOf":{"@id":"https:\/\/vosgesinfo.fr\/gerardmerinfo\/#website"},"primaryImageOfPage":{"@id":"https:\/\/vosgesinfo.fr\/gerardmerinfo\/2021\/07\/chantier-chemin-oublies-maire-de-gerardmer-saisi-police-de-leau-de-ddt\/#primaryimage"},"image":{"@id":"https:\/\/vosgesinfo.fr\/gerardmerinfo\/2021\/07\/chantier-chemin-oublies-maire-de-gerardmer-saisi-police-de-leau-de-ddt\/#primaryimage"},"thumbnailUrl":"https:\/\/vosgesinfo.fr\/app\/uploads\/sites\/6\/2024\/07\/202107img-20210630-wa0007.jpg","datePublished":"2021-07-01T09:52:20+00:00","dateModified":"2021-07-01T09:52:20+00:00","breadcrumb":{"@id":"https:\/\/vosgesinfo.fr\/gerardmerinfo\/2021\/07\/chantier-chemin-oublies-maire-de-gerardmer-saisi-police-de-leau-de-ddt\/#breadcrumb"},"inLanguage":"fr-FR","potentialAction":[{"@type":"ReadAction","target":["https:\/\/vosgesinfo.fr\/gerardmerinfo\/2021\/07\/chantier-chemin-oublies-maire-de-gerardmer-saisi-police-de-leau-de-ddt\/"]}]},{"@type":"ImageObject","inLanguage":"fr-FR","@id":"https:\/\/vosgesinfo.fr\/gerardmerinfo\/2021\/07\/chantier-chemin-oublies-maire-de-gerardmer-saisi-police-de-leau-de-ddt\/#primaryimage","url":"https:\/\/vosgesinfo.fr\/app\/uploads\/sites\/6\/2024\/07\/202107img-20210630-wa0007.jpg","contentUrl":"https:\/\/vosgesinfo.fr\/app\/uploads\/sites\/6\/2024\/07\/202107img-20210630-wa0007.jpg","width":800,"height":450},{"@type":"BreadcrumbList","@id":"https:\/\/vosgesinfo.fr\/gerardmerinfo\/2021\/07\/chantier-chemin-oublies-maire-de-gerardmer-saisi-police-de-leau-de-ddt\/#breadcrumb","itemListElement":[{"@type":"ListItem","position":1,"name":"Home","item":"https:\/\/vosgesinfo.fr\/gerardmerinfo\/"},{"@type":"ListItem","position":2,"name":"Chantier du chemin des Oubli\u00e9s &#8211; le maire de G\u00e9rardmer saisit la Police de l&rsquo;eau de la DDT\u00a0\u00bb"}]},{"@type":"WebSite","@id":"https:\/\/vosgesinfo.fr\/gerardmerinfo\/#website","url":"https:\/\/vosgesinfo.fr\/gerardmerinfo\/","name":"Gerardmer Info","description":"Toute l&#039;actualit\u00e9 de G\u00e9rardmer","publisher":{"@id":"https:\/\/vosgesinfo.fr\/gerardmerinfo\/#organization"},"alternateName":"Toute l'actualit\u00e9 de G\u00e9rardmer","potentialAction":[{"@type":"SearchAction","target":{"@type":"EntryPoint","urlTemplate":"https:\/\/vosgesinfo.fr\/gerardmerinfo\/?s={search_term_string}"},"query-input":"required name=search_term_string"}],"inLanguage":"fr-FR"},{"@type":"Organization","@id":"https:\/\/vosgesinfo.fr\/gerardmerinfo\/#organization","name":"Gerardmer Info","url":"https:\/\/vosgesinfo.fr\/gerardmerinfo\/","logo":{"@type":"ImageObject","inLanguage":"fr-FR","@id":"https:\/\/vosgesinfo.fr\/gerardmerinfo\/#\/schema\/logo\/image\/","url":"https:\/\/vosgesinfo.fr\/app\/uploads\/sites\/6\/2023\/08\/favicon-gerardmerinfo.png","contentUrl":"https:\/\/vosgesinfo.fr\/app\/uploads\/sites\/6\/2023\/08\/favicon-gerardmerinfo.png","width":512,"height":512,"caption":"Gerardmer Info"},"image":{"@id":"https:\/\/vosgesinfo.fr\/gerardmerinfo\/#\/schema\/logo\/image\/"},"sameAs":["https:\/\/www.facebook.com\/profile.php?id=100049475262660","https:\/\/x.com\/VosgesInfo88","https:\/\/www.youtube.com\/@vosgesinfo"]},{"@type":"Person","@id":"https:\/\/vosgesinfo.fr\/gerardmerinfo\/#\/schema\/person\/db5605779a843dad16b5368f3e7613a5","name":"QG","image":{"@type":"ImageObject","inLanguage":"fr-FR","@id":"https:\/\/vosgesinfo.fr\/gerardmerinfo\/#\/schema\/person\/image\/","url":"https:\/\/secure.gravatar.com\/avatar\/ea80c42c204b534408512832fde52504ecabb9706bcb6151cf6175e5b64e6793?s=96&d=mm&r=g","contentUrl":"https:\/\/secure.gravatar.com\/avatar\/ea80c42c204b534408512832fde52504ecabb9706bcb6151cf6175e5b64e6793?s=96&d=mm&r=g","caption":"QG"},"url":"https:\/\/vosgesinfo.fr\/gerardmerinfo\/author\/quentin88\/"}]}},"_links":{"self":[{"href":"https:\/\/vosgesinfo.fr\/gerardmerinfo\/wp-json\/wp\/v2\/posts\/53665","targetHints":{"allow":["GET"]}}],"collection":[{"href":"https:\/\/vosgesinfo.fr\/gerardmerinfo\/wp-json\/wp\/v2\/posts"}],"about":[{"href":"https:\/\/vosgesinfo.fr\/gerardmerinfo\/wp-json\/wp\/v2\/types\/post"}],"author":[{"embeddable":true,"href":"https:\/\/vosgesinfo.fr\/gerardmerinfo\/wp-json\/wp\/v2\/users\/42"}],"replies":[{"embeddable":true,"href":"https:\/\/vosgesinfo.fr\/gerardmerinfo\/wp-json\/wp\/v2\/comments?post=53665"}],"version-history":[{"count":0,"href":"https:\/\/vosgesinfo.fr\/gerardmerinfo\/wp-json\/wp\/v2\/posts\/53665\/revisions"}],"wp:featuredmedia":[{"embeddable":true,"href":"https:\/\/vosgesinfo.fr\/gerardmerinfo\/wp-json\/wp\/v2\/media\/53666"}],"wp:attachment":[{"href":"https:\/\/vosgesinfo.fr\/gerardmerinfo\/wp-json\/wp\/v2\/media?parent=53665"}],"wp:term":[{"taxonomy":"category","embeddable":true,"href":"https:\/\/vosgesinfo.fr\/gerardmerinfo\/wp-json\/wp\/v2\/categories?post=53665"},{"taxonomy":"post_tag","embeddable":true,"href":"https:\/\/vosgesinfo.fr\/gerardmerinfo\/wp-json\/wp\/v2\/tags?post=53665"}],"curies":[{"name":"wp","href":"https:\/\/api.w.org\/{rel}","templated":true}]}}