{"id":53796,"date":"2021-07-08T07:25:18","date_gmt":"2021-07-08T05:25:18","guid":{"rendered":"https:\/\/vosgesinfo.fr\/gerardmerinfo\/2021\/07\/chorale-eveil-musical-a-maison-de-musique\/"},"modified":"2021-07-08T07:25:18","modified_gmt":"2021-07-08T05:25:18","slug":"chorale-eveil-musical-a-maison-de-musique","status":"publish","type":"post","link":"https:\/\/vosgesinfo.fr\/gerardmerinfo\/2021\/07\/chorale-eveil-musical-a-maison-de-musique\/","title":{"rendered":"Chorale &#038; \u00e9veil musical \u00e0 l&rsquo;auditorium"},"content":{"rendered":"<div>\n\n<\/div>\n<div>\n<div>\n<h3><\/h3>\n<h3>En cette fin d&rsquo;ann\u00e9e scolaire, les auditions, restitutions et autres concerts s&rsquo;encha\u00eenent pour l&rsquo;\u00e9cole de musique qui finit donc en beaut\u00e9 apr\u00e8s une saison perturb\u00e9e par la crise sanitaire.<\/h3>\n<p>Ce mardi soir, deux repr\u00e9sentations \u00e9taient au programme \u00e0 l&rsquo;auditorium de la maison de la musique, le concert des chorales enfants et adultes ayant d\u00fb abandonner l&rsquo;id\u00e9e de se produire au kiosque du square Briffaut. Mais les premiers \u00e0 investir les planches \u00e9taient bien les 8 \u00e9l\u00e8ves de la classe d&rsquo;\u00e9veil musical (\u00e2g\u00e9s de 5 \u00e0 6 ans) qui avaient le plaisir de pr\u00e9senter au public leur cr\u00e9ation \u00ab\u00a0Popo et le Monde enchant\u00e9\u00a0\u00bb en compagnie de leur professeur Gr\u00e9gory Grosjean. Ce dernier qui, en introduction au spectacle, a tenu \u00e0 rappeler que la classe d&rsquo;\u00e9veil musicale \u00e9tait destin\u00e9e aux enfants de la grande section au CP qui peuvent ainsi d\u00e9velopper leur oreille et leur \u00e9coute, s&rsquo;initier \u00e0 la pratique du chant et de la danse (m\u00eame s&rsquo;il n&rsquo;y a pas eu beaucoup d&rsquo;expression corporelle cette ann\u00e9e en raison du COVID), et d\u00e9couvrir la pratique de petits instruments.<\/p>\n<p>\u00ab\u00a0Normalement, nous inventons une chanson, mais nous avons eu moins de temps ensemble et nous avons parfois d\u00fb travailler \u00e0 distance. Nous avons donc cr\u00e9\u00e9 un conte musical qui permet aux enfants d&rsquo;agir\/d&rsquo;interagir avec l&rsquo;histoire\u00a0\u00bb pr\u00e9cise Gr\u00e9gory Grosjean. En effet, peu avant le confinement, la classe d&rsquo;\u00e9veil musical avait commenc\u00e9 \u00e0 \u00e9laborer des personnages dans le but de donner naissance \u00e0 une chanson, mais a d\u00fb changer son fusil d&rsquo;\u00e9paule et s&rsquo;adapter. Ce n&rsquo;est qu&rsquo;apr\u00e8s le 19 mai que quelques s\u00e9ances ont pu avoir lieu en pr\u00e9sentiel avant le jour J, celui de la restitution de \u00ab\u00a0Popo et le Monde enchant\u00e9\u00a0\u00bb, un conte o\u00f9 des animaux mettent la main \u00e0 la p\u00e2te pour confectionner de d\u00e9licieux g\u00e2teaux et s&rsquo;en d\u00e9lecter&#8230; Succ\u00e8s garanti pour ce dernier projet men\u00e9 par Gr\u00e9gory Grosjean avec la classe d&rsquo;\u00e9veil. Ce dernier c\u00e8dera en effet sa place \u00e0 une nouvelle musicienne l&rsquo;an prochain en la personne d&rsquo;Ysabelle Masade, qui animera \u00e9galement les \u00e9coles chantantes en lieu et place de Sylvia B\u00e9rard. Gr\u00e9gory Grosjean pourra ainsi se consacrer encore plus \u00e0 la percussion avec entre autres la cr\u00e9ation d&rsquo;une nouvelle classe de musiques africaines. Et pour conclure ce d\u00e9but de soir\u00e9e, apr\u00e8s les petits loups, place aux chorales d&rsquo;enfants et d&rsquo;adultes avec Sylvia B\u00e9rard justement, qui ont enfin pu se produire elles aussi apr\u00e8s une ann\u00e9e blanche. Souhaitons-leur une ann\u00e9e 2021-2022 plus prolixe en mati\u00e8re de concerts, nos amis choristes en ont bien besoin eux aussi !<\/p>\n<\/div>\n<\/div>\n","protected":false},"excerpt":{"rendered":"<p>En cette fin d&rsquo;ann\u00e9e scolaire, les auditions, restitutions et autres concerts s&rsquo;encha\u00eenent pour l&rsquo;\u00e9cole de musique qui finit donc en [&hellip;]<\/p>\n","protected":false},"author":42,"featured_media":53797,"comment_status":"open","ping_status":"open","sticky":false,"template":"","format":"standard","meta":{"footnotes":""},"categories":[20,34,4,25],"tags":[1262,4655,2055],"class_list":["post-53796","post","type-post","status-publish","format-standard","has-post-thumbnail","hentry","category-a-la-une","category-concert","category-culture","category-gerardmer","tag-chorale","tag-chorale-eveil","tag-ecole-de-musique"],"acf":[],"yoast_head":"<!-- This site is optimized with the Yoast SEO plugin v22.5 - https:\/\/yoast.com\/wordpress\/plugins\/seo\/ -->\n<title>Chorale &amp; \u00e9veil musical \u00e0 l&#039;auditorium - Gerardmer Info<\/title>\n<meta name=\"robots\" content=\"index, follow, max-snippet:-1, max-image-preview:large, max-video-preview:-1\" \/>\n<link rel=\"canonical\" href=\"https:\/\/vosgesinfo.fr\/gerardmerinfo\/2021\/07\/chorale-eveil-musical-a-maison-de-musique\/\" \/>\n<meta name=\"twitter:card\" content=\"summary_large_image\" \/>\n<meta name=\"twitter:title\" content=\"Chorale &amp; \u00e9veil musical \u00e0 l&#039;auditorium - Gerardmer Info\" \/>\n<meta name=\"twitter:description\" content=\"En cette fin d&rsquo;ann\u00e9e scolaire, les auditions, restitutions et autres concerts s&rsquo;encha\u00eenent pour l&rsquo;\u00e9cole de musique qui finit donc en [&hellip;]\" \/>\n<meta name=\"twitter:image\" content=\"https:\/\/vosgesinfo.fr\/app\/uploads\/sites\/6\/2024\/07\/202107eveil-musical-1.jpg\" \/>\n<meta name=\"twitter:creator\" content=\"@VosgesInfo88\" \/>\n<meta name=\"twitter:site\" content=\"@VosgesInfo88\" \/>\n<meta name=\"twitter:label1\" content=\"\u00c9crit par\" \/>\n\t<meta name=\"twitter:data1\" content=\"QG\" \/>\n\t<meta name=\"twitter:label2\" content=\"Dur\u00e9e de lecture estim\u00e9e\" \/>\n\t<meta name=\"twitter:data2\" content=\"2 minutes\" \/>\n<script type=\"application\/ld+json\" class=\"yoast-schema-graph\">{\"@context\":\"https:\/\/schema.org\",\"@graph\":[{\"@type\":\"Article\",\"@id\":\"https:\/\/vosgesinfo.fr\/gerardmerinfo\/2021\/07\/chorale-eveil-musical-a-maison-de-musique\/#article\",\"isPartOf\":{\"@id\":\"https:\/\/vosgesinfo.fr\/gerardmerinfo\/2021\/07\/chorale-eveil-musical-a-maison-de-musique\/\"},\"author\":{\"name\":\"QG\",\"@id\":\"https:\/\/vosgesinfo.fr\/gerardmerinfo\/#\/schema\/person\/db5605779a843dad16b5368f3e7613a5\"},\"headline\":\"Chorale &#038; \u00e9veil musical \u00e0 l&rsquo;auditorium\",\"datePublished\":\"2021-07-08T05:25:18+00:00\",\"dateModified\":\"2021-07-08T05:25:18+00:00\",\"mainEntityOfPage\":{\"@id\":\"https:\/\/vosgesinfo.fr\/gerardmerinfo\/2021\/07\/chorale-eveil-musical-a-maison-de-musique\/\"},\"wordCount\":481,\"commentCount\":0,\"publisher\":{\"@id\":\"https:\/\/vosgesinfo.fr\/gerardmerinfo\/#organization\"},\"image\":{\"@id\":\"https:\/\/vosgesinfo.fr\/gerardmerinfo\/2021\/07\/chorale-eveil-musical-a-maison-de-musique\/#primaryimage\"},\"thumbnailUrl\":\"https:\/\/vosgesinfo.fr\/app\/uploads\/sites\/6\/2024\/07\/202107eveil-musical-1.jpg\",\"keywords\":[\"chorale\",\"Chorale &amp; \u00e9veil\",\"ecole de musique\"],\"articleSection\":[\"A la une\",\"Concert\",\"Culture\",\"G\u00e9rardmer\"],\"inLanguage\":\"fr-FR\",\"potentialAction\":[{\"@type\":\"CommentAction\",\"name\":\"Comment\",\"target\":[\"https:\/\/vosgesinfo.fr\/gerardmerinfo\/2021\/07\/chorale-eveil-musical-a-maison-de-musique\/#respond\"]}]},{\"@type\":\"WebPage\",\"@id\":\"https:\/\/vosgesinfo.fr\/gerardmerinfo\/2021\/07\/chorale-eveil-musical-a-maison-de-musique\/\",\"url\":\"https:\/\/vosgesinfo.fr\/gerardmerinfo\/2021\/07\/chorale-eveil-musical-a-maison-de-musique\/\",\"name\":\"Chorale & \u00e9veil musical \u00e0 l'auditorium - Gerardmer Info\",\"isPartOf\":{\"@id\":\"https:\/\/vosgesinfo.fr\/gerardmerinfo\/#website\"},\"primaryImageOfPage\":{\"@id\":\"https:\/\/vosgesinfo.fr\/gerardmerinfo\/2021\/07\/chorale-eveil-musical-a-maison-de-musique\/#primaryimage\"},\"image\":{\"@id\":\"https:\/\/vosgesinfo.fr\/gerardmerinfo\/2021\/07\/chorale-eveil-musical-a-maison-de-musique\/#primaryimage\"},\"thumbnailUrl\":\"https:\/\/vosgesinfo.fr\/app\/uploads\/sites\/6\/2024\/07\/202107eveil-musical-1.jpg\",\"datePublished\":\"2021-07-08T05:25:18+00:00\",\"dateModified\":\"2021-07-08T05:25:18+00:00\",\"breadcrumb\":{\"@id\":\"https:\/\/vosgesinfo.fr\/gerardmerinfo\/2021\/07\/chorale-eveil-musical-a-maison-de-musique\/#breadcrumb\"},\"inLanguage\":\"fr-FR\",\"potentialAction\":[{\"@type\":\"ReadAction\",\"target\":[\"https:\/\/vosgesinfo.fr\/gerardmerinfo\/2021\/07\/chorale-eveil-musical-a-maison-de-musique\/\"]}]},{\"@type\":\"ImageObject\",\"inLanguage\":\"fr-FR\",\"@id\":\"https:\/\/vosgesinfo.fr\/gerardmerinfo\/2021\/07\/chorale-eveil-musical-a-maison-de-musique\/#primaryimage\",\"url\":\"https:\/\/vosgesinfo.fr\/app\/uploads\/sites\/6\/2024\/07\/202107eveil-musical-1.jpg\",\"contentUrl\":\"https:\/\/vosgesinfo.fr\/app\/uploads\/sites\/6\/2024\/07\/202107eveil-musical-1.jpg\",\"width\":800,\"height\":600},{\"@type\":\"BreadcrumbList\",\"@id\":\"https:\/\/vosgesinfo.fr\/gerardmerinfo\/2021\/07\/chorale-eveil-musical-a-maison-de-musique\/#breadcrumb\",\"itemListElement\":[{\"@type\":\"ListItem\",\"position\":1,\"name\":\"Home\",\"item\":\"https:\/\/vosgesinfo.fr\/gerardmerinfo\/\"},{\"@type\":\"ListItem\",\"position\":2,\"name\":\"Chorale &#038; \u00e9veil musical \u00e0 l&rsquo;auditorium\"}]},{\"@type\":\"WebSite\",\"@id\":\"https:\/\/vosgesinfo.fr\/gerardmerinfo\/#website\",\"url\":\"https:\/\/vosgesinfo.fr\/gerardmerinfo\/\",\"name\":\"Gerardmer Info\",\"description\":\"Toute l&#039;actualit\u00e9 de G\u00e9rardmer\",\"publisher\":{\"@id\":\"https:\/\/vosgesinfo.fr\/gerardmerinfo\/#organization\"},\"alternateName\":\"Toute l'actualit\u00e9 de G\u00e9rardmer\",\"potentialAction\":[{\"@type\":\"SearchAction\",\"target\":{\"@type\":\"EntryPoint\",\"urlTemplate\":\"https:\/\/vosgesinfo.fr\/gerardmerinfo\/?s={search_term_string}\"},\"query-input\":\"required name=search_term_string\"}],\"inLanguage\":\"fr-FR\"},{\"@type\":\"Organization\",\"@id\":\"https:\/\/vosgesinfo.fr\/gerardmerinfo\/#organization\",\"name\":\"Gerardmer Info\",\"url\":\"https:\/\/vosgesinfo.fr\/gerardmerinfo\/\",\"logo\":{\"@type\":\"ImageObject\",\"inLanguage\":\"fr-FR\",\"@id\":\"https:\/\/vosgesinfo.fr\/gerardmerinfo\/#\/schema\/logo\/image\/\",\"url\":\"https:\/\/vosgesinfo.fr\/app\/uploads\/sites\/6\/2023\/08\/favicon-gerardmerinfo.png\",\"contentUrl\":\"https:\/\/vosgesinfo.fr\/app\/uploads\/sites\/6\/2023\/08\/favicon-gerardmerinfo.png\",\"width\":512,\"height\":512,\"caption\":\"Gerardmer Info\"},\"image\":{\"@id\":\"https:\/\/vosgesinfo.fr\/gerardmerinfo\/#\/schema\/logo\/image\/\"},\"sameAs\":[\"https:\/\/www.facebook.com\/profile.php?id=100049475262660\",\"https:\/\/x.com\/VosgesInfo88\",\"https:\/\/www.youtube.com\/@vosgesinfo\"]},{\"@type\":\"Person\",\"@id\":\"https:\/\/vosgesinfo.fr\/gerardmerinfo\/#\/schema\/person\/db5605779a843dad16b5368f3e7613a5\",\"name\":\"QG\",\"image\":{\"@type\":\"ImageObject\",\"inLanguage\":\"fr-FR\",\"@id\":\"https:\/\/vosgesinfo.fr\/gerardmerinfo\/#\/schema\/person\/image\/\",\"url\":\"https:\/\/secure.gravatar.com\/avatar\/ea80c42c204b534408512832fde52504ecabb9706bcb6151cf6175e5b64e6793?s=96&d=mm&r=g\",\"contentUrl\":\"https:\/\/secure.gravatar.com\/avatar\/ea80c42c204b534408512832fde52504ecabb9706bcb6151cf6175e5b64e6793?s=96&d=mm&r=g\",\"caption\":\"QG\"},\"url\":\"https:\/\/vosgesinfo.fr\/gerardmerinfo\/author\/quentin88\/\"}]}<\/script>\n<!-- \/ Yoast SEO plugin. -->","yoast_head_json":{"title":"Chorale & \u00e9veil musical \u00e0 l'auditorium - Gerardmer Info","robots":{"index":"index","follow":"follow","max-snippet":"max-snippet:-1","max-image-preview":"max-image-preview:large","max-video-preview":"max-video-preview:-1"},"canonical":"https:\/\/vosgesinfo.fr\/gerardmerinfo\/2021\/07\/chorale-eveil-musical-a-maison-de-musique\/","twitter_card":"summary_large_image","twitter_title":"Chorale & \u00e9veil musical \u00e0 l'auditorium - Gerardmer Info","twitter_description":"En cette fin d&rsquo;ann\u00e9e scolaire, les auditions, restitutions et autres concerts s&rsquo;encha\u00eenent pour l&rsquo;\u00e9cole de musique qui finit donc en [&hellip;]","twitter_image":"https:\/\/vosgesinfo.fr\/app\/uploads\/sites\/6\/2024\/07\/202107eveil-musical-1.jpg","twitter_creator":"@VosgesInfo88","twitter_site":"@VosgesInfo88","twitter_misc":{"\u00c9crit par":"QG","Dur\u00e9e de lecture estim\u00e9e":"2 minutes"},"schema":{"@context":"https:\/\/schema.org","@graph":[{"@type":"Article","@id":"https:\/\/vosgesinfo.fr\/gerardmerinfo\/2021\/07\/chorale-eveil-musical-a-maison-de-musique\/#article","isPartOf":{"@id":"https:\/\/vosgesinfo.fr\/gerardmerinfo\/2021\/07\/chorale-eveil-musical-a-maison-de-musique\/"},"author":{"name":"QG","@id":"https:\/\/vosgesinfo.fr\/gerardmerinfo\/#\/schema\/person\/db5605779a843dad16b5368f3e7613a5"},"headline":"Chorale &#038; \u00e9veil musical \u00e0 l&rsquo;auditorium","datePublished":"2021-07-08T05:25:18+00:00","dateModified":"2021-07-08T05:25:18+00:00","mainEntityOfPage":{"@id":"https:\/\/vosgesinfo.fr\/gerardmerinfo\/2021\/07\/chorale-eveil-musical-a-maison-de-musique\/"},"wordCount":481,"commentCount":0,"publisher":{"@id":"https:\/\/vosgesinfo.fr\/gerardmerinfo\/#organization"},"image":{"@id":"https:\/\/vosgesinfo.fr\/gerardmerinfo\/2021\/07\/chorale-eveil-musical-a-maison-de-musique\/#primaryimage"},"thumbnailUrl":"https:\/\/vosgesinfo.fr\/app\/uploads\/sites\/6\/2024\/07\/202107eveil-musical-1.jpg","keywords":["chorale","Chorale &amp; \u00e9veil","ecole de musique"],"articleSection":["A la une","Concert","Culture","G\u00e9rardmer"],"inLanguage":"fr-FR","potentialAction":[{"@type":"CommentAction","name":"Comment","target":["https:\/\/vosgesinfo.fr\/gerardmerinfo\/2021\/07\/chorale-eveil-musical-a-maison-de-musique\/#respond"]}]},{"@type":"WebPage","@id":"https:\/\/vosgesinfo.fr\/gerardmerinfo\/2021\/07\/chorale-eveil-musical-a-maison-de-musique\/","url":"https:\/\/vosgesinfo.fr\/gerardmerinfo\/2021\/07\/chorale-eveil-musical-a-maison-de-musique\/","name":"Chorale & \u00e9veil musical \u00e0 l'auditorium - Gerardmer Info","isPartOf":{"@id":"https:\/\/vosgesinfo.fr\/gerardmerinfo\/#website"},"primaryImageOfPage":{"@id":"https:\/\/vosgesinfo.fr\/gerardmerinfo\/2021\/07\/chorale-eveil-musical-a-maison-de-musique\/#primaryimage"},"image":{"@id":"https:\/\/vosgesinfo.fr\/gerardmerinfo\/2021\/07\/chorale-eveil-musical-a-maison-de-musique\/#primaryimage"},"thumbnailUrl":"https:\/\/vosgesinfo.fr\/app\/uploads\/sites\/6\/2024\/07\/202107eveil-musical-1.jpg","datePublished":"2021-07-08T05:25:18+00:00","dateModified":"2021-07-08T05:25:18+00:00","breadcrumb":{"@id":"https:\/\/vosgesinfo.fr\/gerardmerinfo\/2021\/07\/chorale-eveil-musical-a-maison-de-musique\/#breadcrumb"},"inLanguage":"fr-FR","potentialAction":[{"@type":"ReadAction","target":["https:\/\/vosgesinfo.fr\/gerardmerinfo\/2021\/07\/chorale-eveil-musical-a-maison-de-musique\/"]}]},{"@type":"ImageObject","inLanguage":"fr-FR","@id":"https:\/\/vosgesinfo.fr\/gerardmerinfo\/2021\/07\/chorale-eveil-musical-a-maison-de-musique\/#primaryimage","url":"https:\/\/vosgesinfo.fr\/app\/uploads\/sites\/6\/2024\/07\/202107eveil-musical-1.jpg","contentUrl":"https:\/\/vosgesinfo.fr\/app\/uploads\/sites\/6\/2024\/07\/202107eveil-musical-1.jpg","width":800,"height":600},{"@type":"BreadcrumbList","@id":"https:\/\/vosgesinfo.fr\/gerardmerinfo\/2021\/07\/chorale-eveil-musical-a-maison-de-musique\/#breadcrumb","itemListElement":[{"@type":"ListItem","position":1,"name":"Home","item":"https:\/\/vosgesinfo.fr\/gerardmerinfo\/"},{"@type":"ListItem","position":2,"name":"Chorale &#038; \u00e9veil musical \u00e0 l&rsquo;auditorium"}]},{"@type":"WebSite","@id":"https:\/\/vosgesinfo.fr\/gerardmerinfo\/#website","url":"https:\/\/vosgesinfo.fr\/gerardmerinfo\/","name":"Gerardmer Info","description":"Toute l&#039;actualit\u00e9 de G\u00e9rardmer","publisher":{"@id":"https:\/\/vosgesinfo.fr\/gerardmerinfo\/#organization"},"alternateName":"Toute l'actualit\u00e9 de G\u00e9rardmer","potentialAction":[{"@type":"SearchAction","target":{"@type":"EntryPoint","urlTemplate":"https:\/\/vosgesinfo.fr\/gerardmerinfo\/?s={search_term_string}"},"query-input":"required name=search_term_string"}],"inLanguage":"fr-FR"},{"@type":"Organization","@id":"https:\/\/vosgesinfo.fr\/gerardmerinfo\/#organization","name":"Gerardmer Info","url":"https:\/\/vosgesinfo.fr\/gerardmerinfo\/","logo":{"@type":"ImageObject","inLanguage":"fr-FR","@id":"https:\/\/vosgesinfo.fr\/gerardmerinfo\/#\/schema\/logo\/image\/","url":"https:\/\/vosgesinfo.fr\/app\/uploads\/sites\/6\/2023\/08\/favicon-gerardmerinfo.png","contentUrl":"https:\/\/vosgesinfo.fr\/app\/uploads\/sites\/6\/2023\/08\/favicon-gerardmerinfo.png","width":512,"height":512,"caption":"Gerardmer Info"},"image":{"@id":"https:\/\/vosgesinfo.fr\/gerardmerinfo\/#\/schema\/logo\/image\/"},"sameAs":["https:\/\/www.facebook.com\/profile.php?id=100049475262660","https:\/\/x.com\/VosgesInfo88","https:\/\/www.youtube.com\/@vosgesinfo"]},{"@type":"Person","@id":"https:\/\/vosgesinfo.fr\/gerardmerinfo\/#\/schema\/person\/db5605779a843dad16b5368f3e7613a5","name":"QG","image":{"@type":"ImageObject","inLanguage":"fr-FR","@id":"https:\/\/vosgesinfo.fr\/gerardmerinfo\/#\/schema\/person\/image\/","url":"https:\/\/secure.gravatar.com\/avatar\/ea80c42c204b534408512832fde52504ecabb9706bcb6151cf6175e5b64e6793?s=96&d=mm&r=g","contentUrl":"https:\/\/secure.gravatar.com\/avatar\/ea80c42c204b534408512832fde52504ecabb9706bcb6151cf6175e5b64e6793?s=96&d=mm&r=g","caption":"QG"},"url":"https:\/\/vosgesinfo.fr\/gerardmerinfo\/author\/quentin88\/"}]}},"_links":{"self":[{"href":"https:\/\/vosgesinfo.fr\/gerardmerinfo\/wp-json\/wp\/v2\/posts\/53796","targetHints":{"allow":["GET"]}}],"collection":[{"href":"https:\/\/vosgesinfo.fr\/gerardmerinfo\/wp-json\/wp\/v2\/posts"}],"about":[{"href":"https:\/\/vosgesinfo.fr\/gerardmerinfo\/wp-json\/wp\/v2\/types\/post"}],"author":[{"embeddable":true,"href":"https:\/\/vosgesinfo.fr\/gerardmerinfo\/wp-json\/wp\/v2\/users\/42"}],"replies":[{"embeddable":true,"href":"https:\/\/vosgesinfo.fr\/gerardmerinfo\/wp-json\/wp\/v2\/comments?post=53796"}],"version-history":[{"count":0,"href":"https:\/\/vosgesinfo.fr\/gerardmerinfo\/wp-json\/wp\/v2\/posts\/53796\/revisions"}],"wp:featuredmedia":[{"embeddable":true,"href":"https:\/\/vosgesinfo.fr\/gerardmerinfo\/wp-json\/wp\/v2\/media\/53797"}],"wp:attachment":[{"href":"https:\/\/vosgesinfo.fr\/gerardmerinfo\/wp-json\/wp\/v2\/media?parent=53796"}],"wp:term":[{"taxonomy":"category","embeddable":true,"href":"https:\/\/vosgesinfo.fr\/gerardmerinfo\/wp-json\/wp\/v2\/categories?post=53796"},{"taxonomy":"post_tag","embeddable":true,"href":"https:\/\/vosgesinfo.fr\/gerardmerinfo\/wp-json\/wp\/v2\/tags?post=53796"}],"curies":[{"name":"wp","href":"https:\/\/api.w.org\/{rel}","templated":true}]}}