{"id":53949,"date":"2021-07-17T08:42:09","date_gmt":"2021-07-17T06:42:09","guid":{"rendered":"https:\/\/vosgesinfo.fr\/gerardmerinfo\/2021\/07\/interventions-pgm-chutes-vtt-trottinette-electrique\/"},"modified":"2021-07-17T08:42:09","modified_gmt":"2021-07-17T06:42:09","slug":"interventions-pgm-chutes-vtt-trottinette-electrique","status":"publish","type":"post","link":"https:\/\/vosgesinfo.fr\/gerardmerinfo\/2021\/07\/interventions-pgm-chutes-vtt-trottinette-electrique\/","title":{"rendered":"Interventions du PGM pour des chutes en VTT et trottinette \u00e9lectrique"},"content":{"rendered":"\n<p><strong>Photo PGM<\/strong><\/p>\n<p>Le Peloton de Gendarmerie de Montagne de Xonrupt Longemer est intervenu\u00a0 \u00e0 2 reprises aujourd&rsquo;hui pour des chutes en VTT et trottinette \u00e9lectrique.<\/p>\n<p>Vers 10 heures 45, c&rsquo;est aux environs de la cascade du G\u00e9hard sur la\u00a0 commune de le Val-D&rsquo;Ajol que le PGM est intervenu pour une chute en VTT. Dans une descente assez raide, un vacanciers allemand de 56 ans, chute de son VTT\u00a0 vers l&rsquo;avant et tombe lourdement sur le bras droit dans un chemin de\u00a0 randonn\u00e9e difficilement accessible.<br \/>\nIl souffre d&rsquo;une suspicion de fracture du bras avec une importante douleur. L&rsquo;h\u00e9licopt\u00e8re du d\u00e9tachement a\u00e9rien de la Gendarmerie de Colmar est\u00a0 imm\u00e9diatement engag\u00e9 avec les secouristes du PGM et un m\u00e9decin . L&rsquo;homme est pris en charge par le PGM, les sapeurs pompiers du VSAV de\u00a0 Remiremont et le m\u00e9decin.<br \/>\nApr\u00e8s avoir \u00e9t\u00e9 h\u00e9litreuill\u00e9 par un secouriste du PGM, il a \u00e9t\u00e9\u00a0 h\u00e9liport\u00e9e sur le centre hospitalier de Remiremont.<\/p>\n<p>Vers 15 heures 30, c&rsquo;est en dessous du domaine des Jardins de Sophie sur\u00a0 la commune de Xonrupt-Longemer que le PGM est intervenu pour une chute\u00a0 en trottinette \u00e9lectrique.<br \/>\nLa victime, un jeune nordiste de 23 ans en vacances chute en trottinette\u00a0 \u00e9lectrique lors d&rsquo;une sortie entre amis et tombe lourdement au sol. Souffrant d&rsquo;une suspicion de fracture de la jambe droite, il est pris en\u00a0 charge , par les secouristes du PGM, les sapeurs pompiers du VSAV de\u00a0 G\u00e9rardmer, ainsi qu&rsquo;un infirmier du SDIS 88.<br \/>\nApr\u00e8s avoir \u00e9t\u00e9 m\u00e9dicalis\u00e9, le jeune homme a \u00e9t\u00e9 conditionn\u00e9 et\u00a0 brancard\u00e9 jusqu&rsquo;au VSAV, avant son transport sur le centre hospitalier\u00a0 de Saint Di\u00e9 des Vosges.<\/p>\n","protected":false},"excerpt":{"rendered":"<p>Photo PGM Le Peloton de Gendarmerie de Montagne de Xonrupt Longemer est intervenu\u00a0 \u00e0 2 reprises aujourd&rsquo;hui pour des chutes [&hellip;]<\/p>\n","protected":false},"author":1,"featured_media":53950,"comment_status":"open","ping_status":"open","sticky":false,"template":"","format":"standard","meta":{"footnotes":""},"categories":[20,8,18],"tags":[],"class_list":["post-53949","post","type-post","status-publish","format-standard","has-post-thumbnail","hentry","category-a-la-une","category-faits-divers","category-vosges"],"acf":[],"yoast_head":"<!-- This site is optimized with the Yoast SEO plugin v22.5 - https:\/\/yoast.com\/wordpress\/plugins\/seo\/ -->\n<title>Interventions du PGM pour des chutes en VTT et trottinette \u00e9lectrique - Gerardmer Info<\/title>\n<meta name=\"robots\" content=\"index, follow, max-snippet:-1, max-image-preview:large, max-video-preview:-1\" \/>\n<link rel=\"canonical\" href=\"https:\/\/vosgesinfo.fr\/gerardmerinfo\/2021\/07\/interventions-pgm-chutes-vtt-trottinette-electrique\/\" \/>\n<meta name=\"twitter:card\" content=\"summary_large_image\" \/>\n<meta name=\"twitter:title\" content=\"Interventions du PGM pour des chutes en VTT et trottinette \u00e9lectrique - Gerardmer Info\" \/>\n<meta name=\"twitter:description\" content=\"Photo PGM Le Peloton de Gendarmerie de Montagne de Xonrupt Longemer est intervenu\u00a0 \u00e0 2 reprises aujourd&rsquo;hui pour des chutes [&hellip;]\" \/>\n<meta name=\"twitter:image\" content=\"https:\/\/vosgesinfo.fr\/app\/uploads\/sites\/6\/2024\/07\/202107vtt-val-dajol-3.jpg\" \/>\n<meta name=\"twitter:creator\" content=\"@VosgesInfo88\" \/>\n<meta name=\"twitter:site\" content=\"@VosgesInfo88\" \/>\n<meta name=\"twitter:label1\" content=\"\u00c9crit par\" \/>\n\t<meta name=\"twitter:data1\" content=\"qs_admin\" \/>\n\t<meta name=\"twitter:label2\" content=\"Dur\u00e9e de lecture estim\u00e9e\" \/>\n\t<meta name=\"twitter:data2\" content=\"1 minute\" \/>\n<script type=\"application\/ld+json\" class=\"yoast-schema-graph\">{\"@context\":\"https:\/\/schema.org\",\"@graph\":[{\"@type\":\"Article\",\"@id\":\"https:\/\/vosgesinfo.fr\/gerardmerinfo\/2021\/07\/interventions-pgm-chutes-vtt-trottinette-electrique\/#article\",\"isPartOf\":{\"@id\":\"https:\/\/vosgesinfo.fr\/gerardmerinfo\/2021\/07\/interventions-pgm-chutes-vtt-trottinette-electrique\/\"},\"author\":{\"name\":\"qs_admin\",\"@id\":\"https:\/\/vosgesinfo.fr\/gerardmerinfo\/#\/schema\/person\/bc5d02d71e6932e81b6dadb7386667b1\"},\"headline\":\"Interventions du PGM pour des chutes en VTT et trottinette \u00e9lectrique\",\"datePublished\":\"2021-07-17T06:42:09+00:00\",\"dateModified\":\"2021-07-17T06:42:09+00:00\",\"mainEntityOfPage\":{\"@id\":\"https:\/\/vosgesinfo.fr\/gerardmerinfo\/2021\/07\/interventions-pgm-chutes-vtt-trottinette-electrique\/\"},\"wordCount\":304,\"commentCount\":0,\"publisher\":{\"@id\":\"https:\/\/vosgesinfo.fr\/gerardmerinfo\/#organization\"},\"image\":{\"@id\":\"https:\/\/vosgesinfo.fr\/gerardmerinfo\/2021\/07\/interventions-pgm-chutes-vtt-trottinette-electrique\/#primaryimage\"},\"thumbnailUrl\":\"https:\/\/vosgesinfo.fr\/app\/uploads\/sites\/6\/2024\/07\/202107vtt-val-dajol-3.jpg\",\"articleSection\":[\"A la une\",\"Faits-divers\",\"Vosges\"],\"inLanguage\":\"fr-FR\",\"potentialAction\":[{\"@type\":\"CommentAction\",\"name\":\"Comment\",\"target\":[\"https:\/\/vosgesinfo.fr\/gerardmerinfo\/2021\/07\/interventions-pgm-chutes-vtt-trottinette-electrique\/#respond\"]}]},{\"@type\":\"WebPage\",\"@id\":\"https:\/\/vosgesinfo.fr\/gerardmerinfo\/2021\/07\/interventions-pgm-chutes-vtt-trottinette-electrique\/\",\"url\":\"https:\/\/vosgesinfo.fr\/gerardmerinfo\/2021\/07\/interventions-pgm-chutes-vtt-trottinette-electrique\/\",\"name\":\"Interventions du PGM pour des chutes en VTT et trottinette \u00e9lectrique - Gerardmer Info\",\"isPartOf\":{\"@id\":\"https:\/\/vosgesinfo.fr\/gerardmerinfo\/#website\"},\"primaryImageOfPage\":{\"@id\":\"https:\/\/vosgesinfo.fr\/gerardmerinfo\/2021\/07\/interventions-pgm-chutes-vtt-trottinette-electrique\/#primaryimage\"},\"image\":{\"@id\":\"https:\/\/vosgesinfo.fr\/gerardmerinfo\/2021\/07\/interventions-pgm-chutes-vtt-trottinette-electrique\/#primaryimage\"},\"thumbnailUrl\":\"https:\/\/vosgesinfo.fr\/app\/uploads\/sites\/6\/2024\/07\/202107vtt-val-dajol-3.jpg\",\"datePublished\":\"2021-07-17T06:42:09+00:00\",\"dateModified\":\"2021-07-17T06:42:09+00:00\",\"breadcrumb\":{\"@id\":\"https:\/\/vosgesinfo.fr\/gerardmerinfo\/2021\/07\/interventions-pgm-chutes-vtt-trottinette-electrique\/#breadcrumb\"},\"inLanguage\":\"fr-FR\",\"potentialAction\":[{\"@type\":\"ReadAction\",\"target\":[\"https:\/\/vosgesinfo.fr\/gerardmerinfo\/2021\/07\/interventions-pgm-chutes-vtt-trottinette-electrique\/\"]}]},{\"@type\":\"ImageObject\",\"inLanguage\":\"fr-FR\",\"@id\":\"https:\/\/vosgesinfo.fr\/gerardmerinfo\/2021\/07\/interventions-pgm-chutes-vtt-trottinette-electrique\/#primaryimage\",\"url\":\"https:\/\/vosgesinfo.fr\/app\/uploads\/sites\/6\/2024\/07\/202107vtt-val-dajol-3.jpg\",\"contentUrl\":\"https:\/\/vosgesinfo.fr\/app\/uploads\/sites\/6\/2024\/07\/202107vtt-val-dajol-3.jpg\",\"width\":800,\"height\":450},{\"@type\":\"BreadcrumbList\",\"@id\":\"https:\/\/vosgesinfo.fr\/gerardmerinfo\/2021\/07\/interventions-pgm-chutes-vtt-trottinette-electrique\/#breadcrumb\",\"itemListElement\":[{\"@type\":\"ListItem\",\"position\":1,\"name\":\"Home\",\"item\":\"https:\/\/vosgesinfo.fr\/gerardmerinfo\/\"},{\"@type\":\"ListItem\",\"position\":2,\"name\":\"Interventions du PGM pour des chutes en VTT et trottinette \u00e9lectrique\"}]},{\"@type\":\"WebSite\",\"@id\":\"https:\/\/vosgesinfo.fr\/gerardmerinfo\/#website\",\"url\":\"https:\/\/vosgesinfo.fr\/gerardmerinfo\/\",\"name\":\"Gerardmer Info\",\"description\":\"Toute l&#039;actualit\u00e9 de G\u00e9rardmer\",\"publisher\":{\"@id\":\"https:\/\/vosgesinfo.fr\/gerardmerinfo\/#organization\"},\"alternateName\":\"Toute l'actualit\u00e9 de G\u00e9rardmer\",\"potentialAction\":[{\"@type\":\"SearchAction\",\"target\":{\"@type\":\"EntryPoint\",\"urlTemplate\":\"https:\/\/vosgesinfo.fr\/gerardmerinfo\/?s={search_term_string}\"},\"query-input\":\"required name=search_term_string\"}],\"inLanguage\":\"fr-FR\"},{\"@type\":\"Organization\",\"@id\":\"https:\/\/vosgesinfo.fr\/gerardmerinfo\/#organization\",\"name\":\"Gerardmer Info\",\"url\":\"https:\/\/vosgesinfo.fr\/gerardmerinfo\/\",\"logo\":{\"@type\":\"ImageObject\",\"inLanguage\":\"fr-FR\",\"@id\":\"https:\/\/vosgesinfo.fr\/gerardmerinfo\/#\/schema\/logo\/image\/\",\"url\":\"https:\/\/vosgesinfo.fr\/app\/uploads\/sites\/6\/2023\/08\/favicon-gerardmerinfo.png\",\"contentUrl\":\"https:\/\/vosgesinfo.fr\/app\/uploads\/sites\/6\/2023\/08\/favicon-gerardmerinfo.png\",\"width\":512,\"height\":512,\"caption\":\"Gerardmer Info\"},\"image\":{\"@id\":\"https:\/\/vosgesinfo.fr\/gerardmerinfo\/#\/schema\/logo\/image\/\"},\"sameAs\":[\"https:\/\/www.facebook.com\/profile.php?id=100049475262660\",\"https:\/\/x.com\/VosgesInfo88\",\"https:\/\/www.youtube.com\/@vosgesinfo\"]},{\"@type\":\"Person\",\"@id\":\"https:\/\/vosgesinfo.fr\/gerardmerinfo\/#\/schema\/person\/bc5d02d71e6932e81b6dadb7386667b1\",\"name\":\"qs_admin\",\"image\":{\"@type\":\"ImageObject\",\"inLanguage\":\"fr-FR\",\"@id\":\"https:\/\/vosgesinfo.fr\/gerardmerinfo\/#\/schema\/person\/image\/\",\"url\":\"https:\/\/secure.gravatar.com\/avatar\/94b18ee0ed79e4a42ea2f2931277b6841a8999fc6fde214600c78057cf1fe1de?s=96&d=mm&r=g\",\"contentUrl\":\"https:\/\/secure.gravatar.com\/avatar\/94b18ee0ed79e4a42ea2f2931277b6841a8999fc6fde214600c78057cf1fe1de?s=96&d=mm&r=g\",\"caption\":\"qs_admin\"},\"sameAs\":[\"https:\/\/vosgesinfo.fr\/wp\"],\"url\":\"https:\/\/vosgesinfo.fr\/gerardmerinfo\/author\/qs_admin\/\"}]}<\/script>\n<!-- \/ Yoast SEO plugin. -->","yoast_head_json":{"title":"Interventions du PGM pour des chutes en VTT et trottinette \u00e9lectrique - Gerardmer Info","robots":{"index":"index","follow":"follow","max-snippet":"max-snippet:-1","max-image-preview":"max-image-preview:large","max-video-preview":"max-video-preview:-1"},"canonical":"https:\/\/vosgesinfo.fr\/gerardmerinfo\/2021\/07\/interventions-pgm-chutes-vtt-trottinette-electrique\/","twitter_card":"summary_large_image","twitter_title":"Interventions du PGM pour des chutes en VTT et trottinette \u00e9lectrique - Gerardmer Info","twitter_description":"Photo PGM Le Peloton de Gendarmerie de Montagne de Xonrupt Longemer est intervenu\u00a0 \u00e0 2 reprises aujourd&rsquo;hui pour des chutes [&hellip;]","twitter_image":"https:\/\/vosgesinfo.fr\/app\/uploads\/sites\/6\/2024\/07\/202107vtt-val-dajol-3.jpg","twitter_creator":"@VosgesInfo88","twitter_site":"@VosgesInfo88","twitter_misc":{"\u00c9crit par":"qs_admin","Dur\u00e9e de lecture estim\u00e9e":"1 minute"},"schema":{"@context":"https:\/\/schema.org","@graph":[{"@type":"Article","@id":"https:\/\/vosgesinfo.fr\/gerardmerinfo\/2021\/07\/interventions-pgm-chutes-vtt-trottinette-electrique\/#article","isPartOf":{"@id":"https:\/\/vosgesinfo.fr\/gerardmerinfo\/2021\/07\/interventions-pgm-chutes-vtt-trottinette-electrique\/"},"author":{"name":"qs_admin","@id":"https:\/\/vosgesinfo.fr\/gerardmerinfo\/#\/schema\/person\/bc5d02d71e6932e81b6dadb7386667b1"},"headline":"Interventions du PGM pour des chutes en VTT et trottinette \u00e9lectrique","datePublished":"2021-07-17T06:42:09+00:00","dateModified":"2021-07-17T06:42:09+00:00","mainEntityOfPage":{"@id":"https:\/\/vosgesinfo.fr\/gerardmerinfo\/2021\/07\/interventions-pgm-chutes-vtt-trottinette-electrique\/"},"wordCount":304,"commentCount":0,"publisher":{"@id":"https:\/\/vosgesinfo.fr\/gerardmerinfo\/#organization"},"image":{"@id":"https:\/\/vosgesinfo.fr\/gerardmerinfo\/2021\/07\/interventions-pgm-chutes-vtt-trottinette-electrique\/#primaryimage"},"thumbnailUrl":"https:\/\/vosgesinfo.fr\/app\/uploads\/sites\/6\/2024\/07\/202107vtt-val-dajol-3.jpg","articleSection":["A la une","Faits-divers","Vosges"],"inLanguage":"fr-FR","potentialAction":[{"@type":"CommentAction","name":"Comment","target":["https:\/\/vosgesinfo.fr\/gerardmerinfo\/2021\/07\/interventions-pgm-chutes-vtt-trottinette-electrique\/#respond"]}]},{"@type":"WebPage","@id":"https:\/\/vosgesinfo.fr\/gerardmerinfo\/2021\/07\/interventions-pgm-chutes-vtt-trottinette-electrique\/","url":"https:\/\/vosgesinfo.fr\/gerardmerinfo\/2021\/07\/interventions-pgm-chutes-vtt-trottinette-electrique\/","name":"Interventions du PGM pour des chutes en VTT et trottinette \u00e9lectrique - Gerardmer Info","isPartOf":{"@id":"https:\/\/vosgesinfo.fr\/gerardmerinfo\/#website"},"primaryImageOfPage":{"@id":"https:\/\/vosgesinfo.fr\/gerardmerinfo\/2021\/07\/interventions-pgm-chutes-vtt-trottinette-electrique\/#primaryimage"},"image":{"@id":"https:\/\/vosgesinfo.fr\/gerardmerinfo\/2021\/07\/interventions-pgm-chutes-vtt-trottinette-electrique\/#primaryimage"},"thumbnailUrl":"https:\/\/vosgesinfo.fr\/app\/uploads\/sites\/6\/2024\/07\/202107vtt-val-dajol-3.jpg","datePublished":"2021-07-17T06:42:09+00:00","dateModified":"2021-07-17T06:42:09+00:00","breadcrumb":{"@id":"https:\/\/vosgesinfo.fr\/gerardmerinfo\/2021\/07\/interventions-pgm-chutes-vtt-trottinette-electrique\/#breadcrumb"},"inLanguage":"fr-FR","potentialAction":[{"@type":"ReadAction","target":["https:\/\/vosgesinfo.fr\/gerardmerinfo\/2021\/07\/interventions-pgm-chutes-vtt-trottinette-electrique\/"]}]},{"@type":"ImageObject","inLanguage":"fr-FR","@id":"https:\/\/vosgesinfo.fr\/gerardmerinfo\/2021\/07\/interventions-pgm-chutes-vtt-trottinette-electrique\/#primaryimage","url":"https:\/\/vosgesinfo.fr\/app\/uploads\/sites\/6\/2024\/07\/202107vtt-val-dajol-3.jpg","contentUrl":"https:\/\/vosgesinfo.fr\/app\/uploads\/sites\/6\/2024\/07\/202107vtt-val-dajol-3.jpg","width":800,"height":450},{"@type":"BreadcrumbList","@id":"https:\/\/vosgesinfo.fr\/gerardmerinfo\/2021\/07\/interventions-pgm-chutes-vtt-trottinette-electrique\/#breadcrumb","itemListElement":[{"@type":"ListItem","position":1,"name":"Home","item":"https:\/\/vosgesinfo.fr\/gerardmerinfo\/"},{"@type":"ListItem","position":2,"name":"Interventions du PGM pour des chutes en VTT et trottinette \u00e9lectrique"}]},{"@type":"WebSite","@id":"https:\/\/vosgesinfo.fr\/gerardmerinfo\/#website","url":"https:\/\/vosgesinfo.fr\/gerardmerinfo\/","name":"Gerardmer Info","description":"Toute l&#039;actualit\u00e9 de G\u00e9rardmer","publisher":{"@id":"https:\/\/vosgesinfo.fr\/gerardmerinfo\/#organization"},"alternateName":"Toute l'actualit\u00e9 de G\u00e9rardmer","potentialAction":[{"@type":"SearchAction","target":{"@type":"EntryPoint","urlTemplate":"https:\/\/vosgesinfo.fr\/gerardmerinfo\/?s={search_term_string}"},"query-input":"required name=search_term_string"}],"inLanguage":"fr-FR"},{"@type":"Organization","@id":"https:\/\/vosgesinfo.fr\/gerardmerinfo\/#organization","name":"Gerardmer Info","url":"https:\/\/vosgesinfo.fr\/gerardmerinfo\/","logo":{"@type":"ImageObject","inLanguage":"fr-FR","@id":"https:\/\/vosgesinfo.fr\/gerardmerinfo\/#\/schema\/logo\/image\/","url":"https:\/\/vosgesinfo.fr\/app\/uploads\/sites\/6\/2023\/08\/favicon-gerardmerinfo.png","contentUrl":"https:\/\/vosgesinfo.fr\/app\/uploads\/sites\/6\/2023\/08\/favicon-gerardmerinfo.png","width":512,"height":512,"caption":"Gerardmer Info"},"image":{"@id":"https:\/\/vosgesinfo.fr\/gerardmerinfo\/#\/schema\/logo\/image\/"},"sameAs":["https:\/\/www.facebook.com\/profile.php?id=100049475262660","https:\/\/x.com\/VosgesInfo88","https:\/\/www.youtube.com\/@vosgesinfo"]},{"@type":"Person","@id":"https:\/\/vosgesinfo.fr\/gerardmerinfo\/#\/schema\/person\/bc5d02d71e6932e81b6dadb7386667b1","name":"qs_admin","image":{"@type":"ImageObject","inLanguage":"fr-FR","@id":"https:\/\/vosgesinfo.fr\/gerardmerinfo\/#\/schema\/person\/image\/","url":"https:\/\/secure.gravatar.com\/avatar\/94b18ee0ed79e4a42ea2f2931277b6841a8999fc6fde214600c78057cf1fe1de?s=96&d=mm&r=g","contentUrl":"https:\/\/secure.gravatar.com\/avatar\/94b18ee0ed79e4a42ea2f2931277b6841a8999fc6fde214600c78057cf1fe1de?s=96&d=mm&r=g","caption":"qs_admin"},"sameAs":["https:\/\/vosgesinfo.fr\/wp"],"url":"https:\/\/vosgesinfo.fr\/gerardmerinfo\/author\/qs_admin\/"}]}},"_links":{"self":[{"href":"https:\/\/vosgesinfo.fr\/gerardmerinfo\/wp-json\/wp\/v2\/posts\/53949","targetHints":{"allow":["GET"]}}],"collection":[{"href":"https:\/\/vosgesinfo.fr\/gerardmerinfo\/wp-json\/wp\/v2\/posts"}],"about":[{"href":"https:\/\/vosgesinfo.fr\/gerardmerinfo\/wp-json\/wp\/v2\/types\/post"}],"author":[{"embeddable":true,"href":"https:\/\/vosgesinfo.fr\/gerardmerinfo\/wp-json\/wp\/v2\/users\/1"}],"replies":[{"embeddable":true,"href":"https:\/\/vosgesinfo.fr\/gerardmerinfo\/wp-json\/wp\/v2\/comments?post=53949"}],"version-history":[{"count":0,"href":"https:\/\/vosgesinfo.fr\/gerardmerinfo\/wp-json\/wp\/v2\/posts\/53949\/revisions"}],"wp:featuredmedia":[{"embeddable":true,"href":"https:\/\/vosgesinfo.fr\/gerardmerinfo\/wp-json\/wp\/v2\/media\/53950"}],"wp:attachment":[{"href":"https:\/\/vosgesinfo.fr\/gerardmerinfo\/wp-json\/wp\/v2\/media?parent=53949"}],"wp:term":[{"taxonomy":"category","embeddable":true,"href":"https:\/\/vosgesinfo.fr\/gerardmerinfo\/wp-json\/wp\/v2\/categories?post=53949"},{"taxonomy":"post_tag","embeddable":true,"href":"https:\/\/vosgesinfo.fr\/gerardmerinfo\/wp-json\/wp\/v2\/tags?post=53949"}],"curies":[{"name":"wp","href":"https:\/\/api.w.org\/{rel}","templated":true}]}}