{"id":53953,"date":"2021-07-17T09:32:32","date_gmt":"2021-07-17T07:32:32","guid":{"rendered":"https:\/\/vosgesinfo.fr\/gerardmerinfo\/2021\/07\/marche-populaire-eclaircie-active-apaisante\/"},"modified":"2021-07-17T09:32:32","modified_gmt":"2021-07-17T07:32:32","slug":"marche-populaire-eclaircie-active-apaisante","status":"publish","type":"post","link":"https:\/\/vosgesinfo.fr\/gerardmerinfo\/2021\/07\/marche-populaire-eclaircie-active-apaisante\/","title":{"rendered":"La Marche Populaire, dans une \u00e9claircie active et apaisante"},"content":{"rendered":"\n<p>Un vieil adage voudrait que la pluie n\u2019effraie pas le p\u00e8lerin. Si le marcheur en est un, de p\u00e8lerin sportif, la pluie a quelque peu chang\u00e9 la mani\u00e8re d&rsquo;aborder l\u2019\u00e9v\u00e9nement parfaitement organis\u00e9 par la section locale du Club Vosgien de G\u00e9rardmer. Les participants, aux premi\u00e8res heures de la journ\u00e9e \u00e9taient moins nombreux que d&rsquo;habitude alors que la pluie avait cess\u00e9 depuis plusieurs heures, mais le fichu Covid rode toujours dans les parages. Ceci explique cela, la 39\u00e8me Marche Pop Internationale de Montagne, devrait prendre un peu plus de volume en nombre dans les prochaines heures et ce jusqu&rsquo;\u00e0 dimanche.<\/p>\n<p>En attendant, la bande du pr\u00e9sident Patrick Roux est sur le terrain et ne l\u00e2chera rien jusqu&rsquo;\u00e0 la derni\u00e8re arriv\u00e9e. Jusqu&rsquo;\u00e0 \u00ab\u00a0chouchouter\u00a0\u00bb les Gros Mollets Gros Sacs qu&rsquo;ils soient install\u00e9s sur les chemins de traverse des coteaux de la vall\u00e9e ou sur la base logistique de l&rsquo;Espace LAC. La frite est donc au menu de ce week-end, dans les trav\u00e9es du Palais des Congr\u00e8s et dans les guibolles des participants. Normal, direz vous,\u00a0 pour franchir les 3 distances propos\u00e9es soit 10, 21 et 42 km, il faut l&rsquo;essence n\u00e9cessaire au bon fonctionnement du moteur.<\/p>\n<p>Maintenant y a plus qu&rsquo;\u00e0&#8230;se laisser bercer dans la douceur moite d&rsquo;un \u00e9t\u00e9 qui se cherche au rythme lent et rassurant du pas du marcheur. Un proverbe africain confirme la sagesse de l&rsquo;homme pedibus \u00ab\u00a0<em>Marche en avant de toi-m\u00eame , comme le chameau qui guide la caravane<\/em> \u00ab\u00a0.<\/p>\n<p><strong>Toutes les infos pratiques sont ci-dessous :<br \/>\n<\/strong><\/p>\n<p><a href=\"https:\/\/gerardmerinfo.fr\/2021\/07\/marche-populaire-eclaircie-active-apaisante\/info-prat\/\" rel=\"attachment wp-att-178301\"><img decoding=\"async\" class=\"wp-image-178301 size-full aligncenter\" src=\"\/2021\/07\/info-prat.png\" alt=\"info prat\" width=\"594\" height=\"484\" \/><\/a><\/p>\n<p>&nbsp;<\/p>\n<div id=\"toolbarViewerRight\"><\/div>\n<div class=\"verticalToolbarSeparator hiddenSmallView\"><\/div>\n<div id=\"toolbarViewerMiddle\"><\/div>\n<div class=\"splitToolbarButtonSeparator\"><\/div>\n<div class=\"toolbar\"><\/div>\n<div id=\"viewerContainer\" tabindex=\"0\"><\/div>\n<div class=\"textLayer\"><\/div>\n<p>&nbsp;<\/p>\n","protected":false},"excerpt":{"rendered":"<p>Un vieil adage voudrait que la pluie n\u2019effraie pas le p\u00e8lerin. Si le marcheur en est un, de p\u00e8lerin sportif, [&hellip;]<\/p>\n","protected":false},"author":1,"featured_media":53954,"comment_status":"open","ping_status":"open","sticky":false,"template":"","format":"standard","meta":{"footnotes":""},"categories":[18],"tags":[],"class_list":["post-53953","post","type-post","status-publish","format-standard","has-post-thumbnail","hentry","category-vosges"],"acf":[],"yoast_head":"<!-- This site is optimized with the Yoast SEO plugin v22.5 - https:\/\/yoast.com\/wordpress\/plugins\/seo\/ -->\n<title>La Marche Populaire, dans une \u00e9claircie active et apaisante - Gerardmer Info<\/title>\n<meta name=\"robots\" content=\"index, follow, max-snippet:-1, max-image-preview:large, max-video-preview:-1\" \/>\n<link rel=\"canonical\" href=\"https:\/\/vosgesinfo.fr\/gerardmerinfo\/2021\/07\/marche-populaire-eclaircie-active-apaisante\/\" \/>\n<meta name=\"twitter:card\" content=\"summary_large_image\" \/>\n<meta name=\"twitter:title\" content=\"La Marche Populaire, dans une \u00e9claircie active et apaisante - Gerardmer Info\" \/>\n<meta name=\"twitter:description\" content=\"Un vieil adage voudrait que la pluie n\u2019effraie pas le p\u00e8lerin. Si le marcheur en est un, de p\u00e8lerin sportif, [&hellip;]\" \/>\n<meta name=\"twitter:image\" content=\"https:\/\/vosgesinfo.fr\/app\/uploads\/sites\/6\/2024\/07\/202107mar4.jpg\" \/>\n<meta name=\"twitter:creator\" content=\"@VosgesInfo88\" \/>\n<meta name=\"twitter:site\" content=\"@VosgesInfo88\" \/>\n<meta name=\"twitter:label1\" content=\"\u00c9crit par\" \/>\n\t<meta name=\"twitter:data1\" content=\"qs_admin\" \/>\n\t<meta name=\"twitter:label2\" content=\"Dur\u00e9e de lecture estim\u00e9e\" \/>\n\t<meta name=\"twitter:data2\" content=\"1 minute\" \/>\n<script type=\"application\/ld+json\" class=\"yoast-schema-graph\">{\"@context\":\"https:\/\/schema.org\",\"@graph\":[{\"@type\":\"Article\",\"@id\":\"https:\/\/vosgesinfo.fr\/gerardmerinfo\/2021\/07\/marche-populaire-eclaircie-active-apaisante\/#article\",\"isPartOf\":{\"@id\":\"https:\/\/vosgesinfo.fr\/gerardmerinfo\/2021\/07\/marche-populaire-eclaircie-active-apaisante\/\"},\"author\":{\"name\":\"qs_admin\",\"@id\":\"https:\/\/vosgesinfo.fr\/gerardmerinfo\/#\/schema\/person\/bc5d02d71e6932e81b6dadb7386667b1\"},\"headline\":\"La Marche Populaire, dans une \u00e9claircie active et apaisante\",\"datePublished\":\"2021-07-17T07:32:32+00:00\",\"dateModified\":\"2021-07-17T07:32:32+00:00\",\"mainEntityOfPage\":{\"@id\":\"https:\/\/vosgesinfo.fr\/gerardmerinfo\/2021\/07\/marche-populaire-eclaircie-active-apaisante\/\"},\"wordCount\":290,\"commentCount\":0,\"publisher\":{\"@id\":\"https:\/\/vosgesinfo.fr\/gerardmerinfo\/#organization\"},\"image\":{\"@id\":\"https:\/\/vosgesinfo.fr\/gerardmerinfo\/2021\/07\/marche-populaire-eclaircie-active-apaisante\/#primaryimage\"},\"thumbnailUrl\":\"https:\/\/vosgesinfo.fr\/app\/uploads\/sites\/6\/2024\/07\/202107mar4.jpg\",\"articleSection\":[\"Vosges\"],\"inLanguage\":\"fr-FR\",\"potentialAction\":[{\"@type\":\"CommentAction\",\"name\":\"Comment\",\"target\":[\"https:\/\/vosgesinfo.fr\/gerardmerinfo\/2021\/07\/marche-populaire-eclaircie-active-apaisante\/#respond\"]}]},{\"@type\":\"WebPage\",\"@id\":\"https:\/\/vosgesinfo.fr\/gerardmerinfo\/2021\/07\/marche-populaire-eclaircie-active-apaisante\/\",\"url\":\"https:\/\/vosgesinfo.fr\/gerardmerinfo\/2021\/07\/marche-populaire-eclaircie-active-apaisante\/\",\"name\":\"La Marche Populaire, dans une \u00e9claircie active et apaisante - Gerardmer Info\",\"isPartOf\":{\"@id\":\"https:\/\/vosgesinfo.fr\/gerardmerinfo\/#website\"},\"primaryImageOfPage\":{\"@id\":\"https:\/\/vosgesinfo.fr\/gerardmerinfo\/2021\/07\/marche-populaire-eclaircie-active-apaisante\/#primaryimage\"},\"image\":{\"@id\":\"https:\/\/vosgesinfo.fr\/gerardmerinfo\/2021\/07\/marche-populaire-eclaircie-active-apaisante\/#primaryimage\"},\"thumbnailUrl\":\"https:\/\/vosgesinfo.fr\/app\/uploads\/sites\/6\/2024\/07\/202107mar4.jpg\",\"datePublished\":\"2021-07-17T07:32:32+00:00\",\"dateModified\":\"2021-07-17T07:32:32+00:00\",\"breadcrumb\":{\"@id\":\"https:\/\/vosgesinfo.fr\/gerardmerinfo\/2021\/07\/marche-populaire-eclaircie-active-apaisante\/#breadcrumb\"},\"inLanguage\":\"fr-FR\",\"potentialAction\":[{\"@type\":\"ReadAction\",\"target\":[\"https:\/\/vosgesinfo.fr\/gerardmerinfo\/2021\/07\/marche-populaire-eclaircie-active-apaisante\/\"]}]},{\"@type\":\"ImageObject\",\"inLanguage\":\"fr-FR\",\"@id\":\"https:\/\/vosgesinfo.fr\/gerardmerinfo\/2021\/07\/marche-populaire-eclaircie-active-apaisante\/#primaryimage\",\"url\":\"https:\/\/vosgesinfo.fr\/app\/uploads\/sites\/6\/2024\/07\/202107mar4.jpg\",\"contentUrl\":\"https:\/\/vosgesinfo.fr\/app\/uploads\/sites\/6\/2024\/07\/202107mar4.jpg\",\"width\":800,\"height\":600},{\"@type\":\"BreadcrumbList\",\"@id\":\"https:\/\/vosgesinfo.fr\/gerardmerinfo\/2021\/07\/marche-populaire-eclaircie-active-apaisante\/#breadcrumb\",\"itemListElement\":[{\"@type\":\"ListItem\",\"position\":1,\"name\":\"Home\",\"item\":\"https:\/\/vosgesinfo.fr\/gerardmerinfo\/\"},{\"@type\":\"ListItem\",\"position\":2,\"name\":\"La Marche Populaire, dans une \u00e9claircie active et apaisante\"}]},{\"@type\":\"WebSite\",\"@id\":\"https:\/\/vosgesinfo.fr\/gerardmerinfo\/#website\",\"url\":\"https:\/\/vosgesinfo.fr\/gerardmerinfo\/\",\"name\":\"Gerardmer Info\",\"description\":\"Toute l&#039;actualit\u00e9 de G\u00e9rardmer\",\"publisher\":{\"@id\":\"https:\/\/vosgesinfo.fr\/gerardmerinfo\/#organization\"},\"alternateName\":\"Toute l'actualit\u00e9 de G\u00e9rardmer\",\"potentialAction\":[{\"@type\":\"SearchAction\",\"target\":{\"@type\":\"EntryPoint\",\"urlTemplate\":\"https:\/\/vosgesinfo.fr\/gerardmerinfo\/?s={search_term_string}\"},\"query-input\":\"required name=search_term_string\"}],\"inLanguage\":\"fr-FR\"},{\"@type\":\"Organization\",\"@id\":\"https:\/\/vosgesinfo.fr\/gerardmerinfo\/#organization\",\"name\":\"Gerardmer Info\",\"url\":\"https:\/\/vosgesinfo.fr\/gerardmerinfo\/\",\"logo\":{\"@type\":\"ImageObject\",\"inLanguage\":\"fr-FR\",\"@id\":\"https:\/\/vosgesinfo.fr\/gerardmerinfo\/#\/schema\/logo\/image\/\",\"url\":\"https:\/\/vosgesinfo.fr\/app\/uploads\/sites\/6\/2023\/08\/favicon-gerardmerinfo.png\",\"contentUrl\":\"https:\/\/vosgesinfo.fr\/app\/uploads\/sites\/6\/2023\/08\/favicon-gerardmerinfo.png\",\"width\":512,\"height\":512,\"caption\":\"Gerardmer Info\"},\"image\":{\"@id\":\"https:\/\/vosgesinfo.fr\/gerardmerinfo\/#\/schema\/logo\/image\/\"},\"sameAs\":[\"https:\/\/www.facebook.com\/profile.php?id=100049475262660\",\"https:\/\/x.com\/VosgesInfo88\",\"https:\/\/www.youtube.com\/@vosgesinfo\"]},{\"@type\":\"Person\",\"@id\":\"https:\/\/vosgesinfo.fr\/gerardmerinfo\/#\/schema\/person\/bc5d02d71e6932e81b6dadb7386667b1\",\"name\":\"qs_admin\",\"image\":{\"@type\":\"ImageObject\",\"inLanguage\":\"fr-FR\",\"@id\":\"https:\/\/vosgesinfo.fr\/gerardmerinfo\/#\/schema\/person\/image\/\",\"url\":\"https:\/\/secure.gravatar.com\/avatar\/94b18ee0ed79e4a42ea2f2931277b6841a8999fc6fde214600c78057cf1fe1de?s=96&d=mm&r=g\",\"contentUrl\":\"https:\/\/secure.gravatar.com\/avatar\/94b18ee0ed79e4a42ea2f2931277b6841a8999fc6fde214600c78057cf1fe1de?s=96&d=mm&r=g\",\"caption\":\"qs_admin\"},\"sameAs\":[\"https:\/\/vosgesinfo.fr\/wp\"],\"url\":\"https:\/\/vosgesinfo.fr\/gerardmerinfo\/author\/qs_admin\/\"}]}<\/script>\n<!-- \/ Yoast SEO plugin. -->","yoast_head_json":{"title":"La Marche Populaire, dans une \u00e9claircie active et apaisante - Gerardmer Info","robots":{"index":"index","follow":"follow","max-snippet":"max-snippet:-1","max-image-preview":"max-image-preview:large","max-video-preview":"max-video-preview:-1"},"canonical":"https:\/\/vosgesinfo.fr\/gerardmerinfo\/2021\/07\/marche-populaire-eclaircie-active-apaisante\/","twitter_card":"summary_large_image","twitter_title":"La Marche Populaire, dans une \u00e9claircie active et apaisante - Gerardmer Info","twitter_description":"Un vieil adage voudrait que la pluie n\u2019effraie pas le p\u00e8lerin. Si le marcheur en est un, de p\u00e8lerin sportif, [&hellip;]","twitter_image":"https:\/\/vosgesinfo.fr\/app\/uploads\/sites\/6\/2024\/07\/202107mar4.jpg","twitter_creator":"@VosgesInfo88","twitter_site":"@VosgesInfo88","twitter_misc":{"\u00c9crit par":"qs_admin","Dur\u00e9e de lecture estim\u00e9e":"1 minute"},"schema":{"@context":"https:\/\/schema.org","@graph":[{"@type":"Article","@id":"https:\/\/vosgesinfo.fr\/gerardmerinfo\/2021\/07\/marche-populaire-eclaircie-active-apaisante\/#article","isPartOf":{"@id":"https:\/\/vosgesinfo.fr\/gerardmerinfo\/2021\/07\/marche-populaire-eclaircie-active-apaisante\/"},"author":{"name":"qs_admin","@id":"https:\/\/vosgesinfo.fr\/gerardmerinfo\/#\/schema\/person\/bc5d02d71e6932e81b6dadb7386667b1"},"headline":"La Marche Populaire, dans une \u00e9claircie active et apaisante","datePublished":"2021-07-17T07:32:32+00:00","dateModified":"2021-07-17T07:32:32+00:00","mainEntityOfPage":{"@id":"https:\/\/vosgesinfo.fr\/gerardmerinfo\/2021\/07\/marche-populaire-eclaircie-active-apaisante\/"},"wordCount":290,"commentCount":0,"publisher":{"@id":"https:\/\/vosgesinfo.fr\/gerardmerinfo\/#organization"},"image":{"@id":"https:\/\/vosgesinfo.fr\/gerardmerinfo\/2021\/07\/marche-populaire-eclaircie-active-apaisante\/#primaryimage"},"thumbnailUrl":"https:\/\/vosgesinfo.fr\/app\/uploads\/sites\/6\/2024\/07\/202107mar4.jpg","articleSection":["Vosges"],"inLanguage":"fr-FR","potentialAction":[{"@type":"CommentAction","name":"Comment","target":["https:\/\/vosgesinfo.fr\/gerardmerinfo\/2021\/07\/marche-populaire-eclaircie-active-apaisante\/#respond"]}]},{"@type":"WebPage","@id":"https:\/\/vosgesinfo.fr\/gerardmerinfo\/2021\/07\/marche-populaire-eclaircie-active-apaisante\/","url":"https:\/\/vosgesinfo.fr\/gerardmerinfo\/2021\/07\/marche-populaire-eclaircie-active-apaisante\/","name":"La Marche Populaire, dans une \u00e9claircie active et apaisante - Gerardmer Info","isPartOf":{"@id":"https:\/\/vosgesinfo.fr\/gerardmerinfo\/#website"},"primaryImageOfPage":{"@id":"https:\/\/vosgesinfo.fr\/gerardmerinfo\/2021\/07\/marche-populaire-eclaircie-active-apaisante\/#primaryimage"},"image":{"@id":"https:\/\/vosgesinfo.fr\/gerardmerinfo\/2021\/07\/marche-populaire-eclaircie-active-apaisante\/#primaryimage"},"thumbnailUrl":"https:\/\/vosgesinfo.fr\/app\/uploads\/sites\/6\/2024\/07\/202107mar4.jpg","datePublished":"2021-07-17T07:32:32+00:00","dateModified":"2021-07-17T07:32:32+00:00","breadcrumb":{"@id":"https:\/\/vosgesinfo.fr\/gerardmerinfo\/2021\/07\/marche-populaire-eclaircie-active-apaisante\/#breadcrumb"},"inLanguage":"fr-FR","potentialAction":[{"@type":"ReadAction","target":["https:\/\/vosgesinfo.fr\/gerardmerinfo\/2021\/07\/marche-populaire-eclaircie-active-apaisante\/"]}]},{"@type":"ImageObject","inLanguage":"fr-FR","@id":"https:\/\/vosgesinfo.fr\/gerardmerinfo\/2021\/07\/marche-populaire-eclaircie-active-apaisante\/#primaryimage","url":"https:\/\/vosgesinfo.fr\/app\/uploads\/sites\/6\/2024\/07\/202107mar4.jpg","contentUrl":"https:\/\/vosgesinfo.fr\/app\/uploads\/sites\/6\/2024\/07\/202107mar4.jpg","width":800,"height":600},{"@type":"BreadcrumbList","@id":"https:\/\/vosgesinfo.fr\/gerardmerinfo\/2021\/07\/marche-populaire-eclaircie-active-apaisante\/#breadcrumb","itemListElement":[{"@type":"ListItem","position":1,"name":"Home","item":"https:\/\/vosgesinfo.fr\/gerardmerinfo\/"},{"@type":"ListItem","position":2,"name":"La Marche Populaire, dans une \u00e9claircie active et apaisante"}]},{"@type":"WebSite","@id":"https:\/\/vosgesinfo.fr\/gerardmerinfo\/#website","url":"https:\/\/vosgesinfo.fr\/gerardmerinfo\/","name":"Gerardmer Info","description":"Toute l&#039;actualit\u00e9 de G\u00e9rardmer","publisher":{"@id":"https:\/\/vosgesinfo.fr\/gerardmerinfo\/#organization"},"alternateName":"Toute l'actualit\u00e9 de G\u00e9rardmer","potentialAction":[{"@type":"SearchAction","target":{"@type":"EntryPoint","urlTemplate":"https:\/\/vosgesinfo.fr\/gerardmerinfo\/?s={search_term_string}"},"query-input":"required name=search_term_string"}],"inLanguage":"fr-FR"},{"@type":"Organization","@id":"https:\/\/vosgesinfo.fr\/gerardmerinfo\/#organization","name":"Gerardmer Info","url":"https:\/\/vosgesinfo.fr\/gerardmerinfo\/","logo":{"@type":"ImageObject","inLanguage":"fr-FR","@id":"https:\/\/vosgesinfo.fr\/gerardmerinfo\/#\/schema\/logo\/image\/","url":"https:\/\/vosgesinfo.fr\/app\/uploads\/sites\/6\/2023\/08\/favicon-gerardmerinfo.png","contentUrl":"https:\/\/vosgesinfo.fr\/app\/uploads\/sites\/6\/2023\/08\/favicon-gerardmerinfo.png","width":512,"height":512,"caption":"Gerardmer Info"},"image":{"@id":"https:\/\/vosgesinfo.fr\/gerardmerinfo\/#\/schema\/logo\/image\/"},"sameAs":["https:\/\/www.facebook.com\/profile.php?id=100049475262660","https:\/\/x.com\/VosgesInfo88","https:\/\/www.youtube.com\/@vosgesinfo"]},{"@type":"Person","@id":"https:\/\/vosgesinfo.fr\/gerardmerinfo\/#\/schema\/person\/bc5d02d71e6932e81b6dadb7386667b1","name":"qs_admin","image":{"@type":"ImageObject","inLanguage":"fr-FR","@id":"https:\/\/vosgesinfo.fr\/gerardmerinfo\/#\/schema\/person\/image\/","url":"https:\/\/secure.gravatar.com\/avatar\/94b18ee0ed79e4a42ea2f2931277b6841a8999fc6fde214600c78057cf1fe1de?s=96&d=mm&r=g","contentUrl":"https:\/\/secure.gravatar.com\/avatar\/94b18ee0ed79e4a42ea2f2931277b6841a8999fc6fde214600c78057cf1fe1de?s=96&d=mm&r=g","caption":"qs_admin"},"sameAs":["https:\/\/vosgesinfo.fr\/wp"],"url":"https:\/\/vosgesinfo.fr\/gerardmerinfo\/author\/qs_admin\/"}]}},"_links":{"self":[{"href":"https:\/\/vosgesinfo.fr\/gerardmerinfo\/wp-json\/wp\/v2\/posts\/53953","targetHints":{"allow":["GET"]}}],"collection":[{"href":"https:\/\/vosgesinfo.fr\/gerardmerinfo\/wp-json\/wp\/v2\/posts"}],"about":[{"href":"https:\/\/vosgesinfo.fr\/gerardmerinfo\/wp-json\/wp\/v2\/types\/post"}],"author":[{"embeddable":true,"href":"https:\/\/vosgesinfo.fr\/gerardmerinfo\/wp-json\/wp\/v2\/users\/1"}],"replies":[{"embeddable":true,"href":"https:\/\/vosgesinfo.fr\/gerardmerinfo\/wp-json\/wp\/v2\/comments?post=53953"}],"version-history":[{"count":0,"href":"https:\/\/vosgesinfo.fr\/gerardmerinfo\/wp-json\/wp\/v2\/posts\/53953\/revisions"}],"wp:featuredmedia":[{"embeddable":true,"href":"https:\/\/vosgesinfo.fr\/gerardmerinfo\/wp-json\/wp\/v2\/media\/53954"}],"wp:attachment":[{"href":"https:\/\/vosgesinfo.fr\/gerardmerinfo\/wp-json\/wp\/v2\/media?parent=53953"}],"wp:term":[{"taxonomy":"category","embeddable":true,"href":"https:\/\/vosgesinfo.fr\/gerardmerinfo\/wp-json\/wp\/v2\/categories?post=53953"},{"taxonomy":"post_tag","embeddable":true,"href":"https:\/\/vosgesinfo.fr\/gerardmerinfo\/wp-json\/wp\/v2\/tags?post=53953"}],"curies":[{"name":"wp","href":"https:\/\/api.w.org\/{rel}","templated":true}]}}