{"id":54010,"date":"2021-07-19T19:19:36","date_gmt":"2021-07-19T17:19:36","guid":{"rendered":"https:\/\/vosgesinfo.fr\/gerardmerinfo\/2021\/07\/hopitaux-de-saint-die-vosges-gerardmer-vers-rapprochement-chru-de-nan\/"},"modified":"2021-07-19T19:19:36","modified_gmt":"2021-07-19T17:19:36","slug":"hopitaux-de-saint-die-vosges-gerardmer-vers-rapprochement-chru-de-nan","status":"publish","type":"post","link":"https:\/\/vosgesinfo.fr\/gerardmerinfo\/2021\/07\/hopitaux-de-saint-die-vosges-gerardmer-vers-rapprochement-chru-de-nan\/","title":{"rendered":"Les h\u00f4pitaux de Saint-Di\u00e9-des-Vosges et G\u00e9rardmer vers un rapprochement avec le CHRU de Nan"},"content":{"rendered":"<h2><strong><a href=\"https:\/\/gerardmerinfo.fr\/2021\/07\/hopitaux-de-saint-die-vosges-gerardmer-vers-rapprochement-chru-de-nan\/screenshot_20210719-211032_chrome\/\" rel=\"attachment wp-att-178417\"><img decoding=\"async\" class=\"aligncenter wp-image-178417 size-full\" src=\"\/2021\/07\/Screenshot_20210719-211032_Chrome.jpg\" alt=\"Screenshot_20210719-211032_Chrome\" width=\"800\" height=\"607\" \/><\/a>Mathieu Klein, maire de Nancy et pr\u00e9sident du Conseil de Surveillance du CHRU nanc\u00e9ien, et Bernard Dupont, directeur g\u00e9n\u00e9ral de ce m\u00eame CHRU, se sont rendus au Centre Hospitalier de Saint-Di\u00e9-des-Vosges ce lundi matin.<\/strong><\/h2>\n<p>L\u2019objet de leur visite ? Evoquer la coop\u00e9ration entre le Centre Hospitalier R\u00e9gional Universitaire de Nancy et les h\u00f4pitaux d\u00e9odatien et g\u00e9r\u00f4mois avec Pierre Tsuji, directeur du CH de Saint-Di\u00e9-des-Vosges, le maire David Valence, \u00e9galement pr\u00e9sident du Conseil de Surveillance de l\u2019h\u00f4pital d\u00e9odatien, et Stessy Speissmann, maire de G\u00e9rardmer et pr\u00e9sident du Conseil de Surveillance du CH Claudius-Regaud.<\/p>\n<p>La venue de la d\u00e9l\u00e9gation nanc\u00e9ienne \u00e9tait l\u2019occasion de rappeler que le CHRU de Nancy et le CH de Saint-Di\u00e9-des-Vosges travaillent ensemble depuis 2001. Anesth\u00e9sie, cardiologie, chirurgie bariatrique et vasculaire, h\u00e9matologie, rhumatologie, dermatologie, endocrinologie et diab\u00e9tologie, n\u00e9phrologie\u2026 toutes ces sp\u00e9cialit\u00e9s m\u00e9dicales font l\u2019objet de coop\u00e9rations entre les 2 \u00e9tablissements.\u00a0<em>\u00ab\u00a0Ces collaborations permettent de maintenir notre offre de soins\u00a0\u00bb<\/em>\u00a0souligne Pierre Tsuji.<\/p>\n<p>Pour David Valence,\u00a0<em>\u00ab\u00a0la sant\u00e9 est un \u00e9l\u00e9ment d\u2019attractivit\u00e9 et de justice territoriale. Les ann\u00e9es \u00e0 venir vont demander beaucoup d\u2019imagination en terme de coop\u00e9rations hospitali\u00e8res. Ma conviction, c\u2019est qu\u2019un rapprochement avec le CHRU est ce qui fait sens en terme d\u2019organisation, afin de maintenir une offre de soins compl\u00e8te aux 116 000 habitants de notre bassin de vie.\u00a0\u00bb<\/em>\u00a0Des propos corrobor\u00e9s par Mathieu Klein, qui estime que\u00a0<em>\u00ab\u00a0les coop\u00e9rations renforc\u00e9es sont absolument indispensables. C\u2019est un vrai enjeu \u00e9galement sur le plan d\u00e9mographique. La collaboration du quotidien existe d\u00e9j\u00e0 entre nos \u00e9tablissements, dotons-la d\u2019une structure administrative.\u00a0\u00bb<\/em><\/p>\n<p>Car la volont\u00e9 partag\u00e9e par tous ce matin est d\u2019acter le rapprochement des \u00e9tablissements publics de sant\u00e9 de la D\u00e9odatie et de G\u00e9rardmer avec le Groupement Hospitalier du Territoire Sud Lorraine \u2013 GHT 7 \u2013 qui regroupe notamment le CHRU de Nancy ainsi que les CH de Lun\u00e9ville et Toul. Actuellement, les \u00e9tablissements du territoire d\u00e9odatien et g\u00e9r\u00f4mois sont rattach\u00e9s au Groupement Hospitalier du Territoire Vosges \u2013 GHT 8 \u2013 avec Epinal, Remiremont et Vittel.<\/p>\n<p><em>\u00ab\u00a0Nous n\u2019avons pas trouv\u00e9 de solution au sein du GHT Vosges. Le CHRU est d\u00e9j\u00e0 l\u2019h\u00f4pital support dans la r\u00e9alit\u00e9 du travail. Aujourd\u2019hui, nous demandons \u00e0 ce que l\u2019Agence R\u00e9gionale de Sant\u00e9 \u2013 ARS \u2013 Grand Est ouvre la porte \u00e0 ce rapprochement. Le ministre de la Sant\u00e9 Olivier V\u00e9ran n\u2019y est d\u2019ailleurs pas oppos\u00e9\u00a0\u00bb<\/em>\u00a0ajoute David Valence, tout en pr\u00e9cisant qu\u2019un projet de fusion entre le CH de Saint-Di\u00e9-des-Vosges, le CH de G\u00e9rardmer, le CH Intercommunal des 5 Vall\u00e9es de Moyenmoutier et l\u2019H\u00f4pital Local de Fraize est en cours. Cette fusion devrait aboutir le 1er janvier 2022.<\/p>\n<p>J.J.<\/p>\n","protected":false},"excerpt":{"rendered":"<p>Mathieu Klein, maire de Nancy et pr\u00e9sident du Conseil de Surveillance du CHRU nanc\u00e9ien, et Bernard Dupont, directeur g\u00e9n\u00e9ral de [&hellip;]<\/p>\n","protected":false},"author":1,"featured_media":54011,"comment_status":"open","ping_status":"open","sticky":false,"template":"","format":"standard","meta":{"footnotes":""},"categories":[20,12,18],"tags":[],"class_list":["post-54010","post","type-post","status-publish","format-standard","has-post-thumbnail","hentry","category-a-la-une","category-sante","category-vosges"],"acf":[],"yoast_head":"<!-- This site is optimized with the Yoast SEO plugin v22.5 - https:\/\/yoast.com\/wordpress\/plugins\/seo\/ -->\n<title>Les h\u00f4pitaux de Saint-Di\u00e9-des-Vosges et G\u00e9rardmer vers un rapprochement avec le CHRU de Nan - Gerardmer Info<\/title>\n<meta name=\"robots\" content=\"index, follow, max-snippet:-1, max-image-preview:large, max-video-preview:-1\" \/>\n<link rel=\"canonical\" href=\"https:\/\/vosgesinfo.fr\/gerardmerinfo\/2021\/07\/hopitaux-de-saint-die-vosges-gerardmer-vers-rapprochement-chru-de-nan\/\" \/>\n<meta name=\"twitter:card\" content=\"summary_large_image\" \/>\n<meta name=\"twitter:title\" content=\"Les h\u00f4pitaux de Saint-Di\u00e9-des-Vosges et G\u00e9rardmer vers un rapprochement avec le CHRU de Nan - Gerardmer Info\" \/>\n<meta name=\"twitter:description\" content=\"Mathieu Klein, maire de Nancy et pr\u00e9sident du Conseil de Surveillance du CHRU nanc\u00e9ien, et Bernard Dupont, directeur g\u00e9n\u00e9ral de [&hellip;]\" \/>\n<meta name=\"twitter:image\" content=\"https:\/\/vosgesinfo.fr\/app\/uploads\/sites\/6\/2024\/07\/202107screenshot-20210719-211032-chrome.jpg\" \/>\n<meta name=\"twitter:creator\" content=\"@VosgesInfo88\" \/>\n<meta name=\"twitter:site\" content=\"@VosgesInfo88\" \/>\n<meta name=\"twitter:label1\" content=\"\u00c9crit par\" \/>\n\t<meta name=\"twitter:data1\" content=\"qs_admin\" \/>\n\t<meta name=\"twitter:label2\" content=\"Dur\u00e9e de lecture estim\u00e9e\" \/>\n\t<meta name=\"twitter:data2\" content=\"2 minutes\" \/>\n<script type=\"application\/ld+json\" class=\"yoast-schema-graph\">{\"@context\":\"https:\/\/schema.org\",\"@graph\":[{\"@type\":\"Article\",\"@id\":\"https:\/\/vosgesinfo.fr\/gerardmerinfo\/2021\/07\/hopitaux-de-saint-die-vosges-gerardmer-vers-rapprochement-chru-de-nan\/#article\",\"isPartOf\":{\"@id\":\"https:\/\/vosgesinfo.fr\/gerardmerinfo\/2021\/07\/hopitaux-de-saint-die-vosges-gerardmer-vers-rapprochement-chru-de-nan\/\"},\"author\":{\"name\":\"qs_admin\",\"@id\":\"https:\/\/vosgesinfo.fr\/gerardmerinfo\/#\/schema\/person\/bc5d02d71e6932e81b6dadb7386667b1\"},\"headline\":\"Les h\u00f4pitaux de Saint-Di\u00e9-des-Vosges et G\u00e9rardmer vers un rapprochement avec le CHRU de Nan\",\"datePublished\":\"2021-07-19T17:19:36+00:00\",\"dateModified\":\"2021-07-19T17:19:36+00:00\",\"mainEntityOfPage\":{\"@id\":\"https:\/\/vosgesinfo.fr\/gerardmerinfo\/2021\/07\/hopitaux-de-saint-die-vosges-gerardmer-vers-rapprochement-chru-de-nan\/\"},\"wordCount\":501,\"commentCount\":0,\"publisher\":{\"@id\":\"https:\/\/vosgesinfo.fr\/gerardmerinfo\/#organization\"},\"image\":{\"@id\":\"https:\/\/vosgesinfo.fr\/gerardmerinfo\/2021\/07\/hopitaux-de-saint-die-vosges-gerardmer-vers-rapprochement-chru-de-nan\/#primaryimage\"},\"thumbnailUrl\":\"https:\/\/vosgesinfo.fr\/app\/uploads\/sites\/6\/2024\/07\/202107screenshot-20210719-211032-chrome.jpg\",\"articleSection\":[\"A la une\",\"Sant\u00e9\",\"Vosges\"],\"inLanguage\":\"fr-FR\",\"potentialAction\":[{\"@type\":\"CommentAction\",\"name\":\"Comment\",\"target\":[\"https:\/\/vosgesinfo.fr\/gerardmerinfo\/2021\/07\/hopitaux-de-saint-die-vosges-gerardmer-vers-rapprochement-chru-de-nan\/#respond\"]}]},{\"@type\":\"WebPage\",\"@id\":\"https:\/\/vosgesinfo.fr\/gerardmerinfo\/2021\/07\/hopitaux-de-saint-die-vosges-gerardmer-vers-rapprochement-chru-de-nan\/\",\"url\":\"https:\/\/vosgesinfo.fr\/gerardmerinfo\/2021\/07\/hopitaux-de-saint-die-vosges-gerardmer-vers-rapprochement-chru-de-nan\/\",\"name\":\"Les h\u00f4pitaux de Saint-Di\u00e9-des-Vosges et G\u00e9rardmer vers un rapprochement avec le CHRU de Nan - Gerardmer Info\",\"isPartOf\":{\"@id\":\"https:\/\/vosgesinfo.fr\/gerardmerinfo\/#website\"},\"primaryImageOfPage\":{\"@id\":\"https:\/\/vosgesinfo.fr\/gerardmerinfo\/2021\/07\/hopitaux-de-saint-die-vosges-gerardmer-vers-rapprochement-chru-de-nan\/#primaryimage\"},\"image\":{\"@id\":\"https:\/\/vosgesinfo.fr\/gerardmerinfo\/2021\/07\/hopitaux-de-saint-die-vosges-gerardmer-vers-rapprochement-chru-de-nan\/#primaryimage\"},\"thumbnailUrl\":\"https:\/\/vosgesinfo.fr\/app\/uploads\/sites\/6\/2024\/07\/202107screenshot-20210719-211032-chrome.jpg\",\"datePublished\":\"2021-07-19T17:19:36+00:00\",\"dateModified\":\"2021-07-19T17:19:36+00:00\",\"breadcrumb\":{\"@id\":\"https:\/\/vosgesinfo.fr\/gerardmerinfo\/2021\/07\/hopitaux-de-saint-die-vosges-gerardmer-vers-rapprochement-chru-de-nan\/#breadcrumb\"},\"inLanguage\":\"fr-FR\",\"potentialAction\":[{\"@type\":\"ReadAction\",\"target\":[\"https:\/\/vosgesinfo.fr\/gerardmerinfo\/2021\/07\/hopitaux-de-saint-die-vosges-gerardmer-vers-rapprochement-chru-de-nan\/\"]}]},{\"@type\":\"ImageObject\",\"inLanguage\":\"fr-FR\",\"@id\":\"https:\/\/vosgesinfo.fr\/gerardmerinfo\/2021\/07\/hopitaux-de-saint-die-vosges-gerardmer-vers-rapprochement-chru-de-nan\/#primaryimage\",\"url\":\"https:\/\/vosgesinfo.fr\/app\/uploads\/sites\/6\/2024\/07\/202107screenshot-20210719-211032-chrome.jpg\",\"contentUrl\":\"https:\/\/vosgesinfo.fr\/app\/uploads\/sites\/6\/2024\/07\/202107screenshot-20210719-211032-chrome.jpg\",\"width\":800,\"height\":607},{\"@type\":\"BreadcrumbList\",\"@id\":\"https:\/\/vosgesinfo.fr\/gerardmerinfo\/2021\/07\/hopitaux-de-saint-die-vosges-gerardmer-vers-rapprochement-chru-de-nan\/#breadcrumb\",\"itemListElement\":[{\"@type\":\"ListItem\",\"position\":1,\"name\":\"Home\",\"item\":\"https:\/\/vosgesinfo.fr\/gerardmerinfo\/\"},{\"@type\":\"ListItem\",\"position\":2,\"name\":\"Les h\u00f4pitaux de Saint-Di\u00e9-des-Vosges et G\u00e9rardmer vers un rapprochement avec le CHRU de Nan\"}]},{\"@type\":\"WebSite\",\"@id\":\"https:\/\/vosgesinfo.fr\/gerardmerinfo\/#website\",\"url\":\"https:\/\/vosgesinfo.fr\/gerardmerinfo\/\",\"name\":\"Gerardmer Info\",\"description\":\"Toute l&#039;actualit\u00e9 de G\u00e9rardmer\",\"publisher\":{\"@id\":\"https:\/\/vosgesinfo.fr\/gerardmerinfo\/#organization\"},\"alternateName\":\"Toute l'actualit\u00e9 de G\u00e9rardmer\",\"potentialAction\":[{\"@type\":\"SearchAction\",\"target\":{\"@type\":\"EntryPoint\",\"urlTemplate\":\"https:\/\/vosgesinfo.fr\/gerardmerinfo\/?s={search_term_string}\"},\"query-input\":\"required name=search_term_string\"}],\"inLanguage\":\"fr-FR\"},{\"@type\":\"Organization\",\"@id\":\"https:\/\/vosgesinfo.fr\/gerardmerinfo\/#organization\",\"name\":\"Gerardmer Info\",\"url\":\"https:\/\/vosgesinfo.fr\/gerardmerinfo\/\",\"logo\":{\"@type\":\"ImageObject\",\"inLanguage\":\"fr-FR\",\"@id\":\"https:\/\/vosgesinfo.fr\/gerardmerinfo\/#\/schema\/logo\/image\/\",\"url\":\"https:\/\/vosgesinfo.fr\/app\/uploads\/sites\/6\/2023\/08\/favicon-gerardmerinfo.png\",\"contentUrl\":\"https:\/\/vosgesinfo.fr\/app\/uploads\/sites\/6\/2023\/08\/favicon-gerardmerinfo.png\",\"width\":512,\"height\":512,\"caption\":\"Gerardmer Info\"},\"image\":{\"@id\":\"https:\/\/vosgesinfo.fr\/gerardmerinfo\/#\/schema\/logo\/image\/\"},\"sameAs\":[\"https:\/\/www.facebook.com\/profile.php?id=100049475262660\",\"https:\/\/x.com\/VosgesInfo88\",\"https:\/\/www.youtube.com\/@vosgesinfo\"]},{\"@type\":\"Person\",\"@id\":\"https:\/\/vosgesinfo.fr\/gerardmerinfo\/#\/schema\/person\/bc5d02d71e6932e81b6dadb7386667b1\",\"name\":\"qs_admin\",\"image\":{\"@type\":\"ImageObject\",\"inLanguage\":\"fr-FR\",\"@id\":\"https:\/\/vosgesinfo.fr\/gerardmerinfo\/#\/schema\/person\/image\/\",\"url\":\"https:\/\/secure.gravatar.com\/avatar\/94b18ee0ed79e4a42ea2f2931277b6841a8999fc6fde214600c78057cf1fe1de?s=96&d=mm&r=g\",\"contentUrl\":\"https:\/\/secure.gravatar.com\/avatar\/94b18ee0ed79e4a42ea2f2931277b6841a8999fc6fde214600c78057cf1fe1de?s=96&d=mm&r=g\",\"caption\":\"qs_admin\"},\"sameAs\":[\"https:\/\/vosgesinfo.fr\/wp\"],\"url\":\"https:\/\/vosgesinfo.fr\/gerardmerinfo\/author\/qs_admin\/\"}]}<\/script>\n<!-- \/ Yoast SEO plugin. -->","yoast_head_json":{"title":"Les h\u00f4pitaux de Saint-Di\u00e9-des-Vosges et G\u00e9rardmer vers un rapprochement avec le CHRU de Nan - Gerardmer Info","robots":{"index":"index","follow":"follow","max-snippet":"max-snippet:-1","max-image-preview":"max-image-preview:large","max-video-preview":"max-video-preview:-1"},"canonical":"https:\/\/vosgesinfo.fr\/gerardmerinfo\/2021\/07\/hopitaux-de-saint-die-vosges-gerardmer-vers-rapprochement-chru-de-nan\/","twitter_card":"summary_large_image","twitter_title":"Les h\u00f4pitaux de Saint-Di\u00e9-des-Vosges et G\u00e9rardmer vers un rapprochement avec le CHRU de Nan - Gerardmer Info","twitter_description":"Mathieu Klein, maire de Nancy et pr\u00e9sident du Conseil de Surveillance du CHRU nanc\u00e9ien, et Bernard Dupont, directeur g\u00e9n\u00e9ral de [&hellip;]","twitter_image":"https:\/\/vosgesinfo.fr\/app\/uploads\/sites\/6\/2024\/07\/202107screenshot-20210719-211032-chrome.jpg","twitter_creator":"@VosgesInfo88","twitter_site":"@VosgesInfo88","twitter_misc":{"\u00c9crit par":"qs_admin","Dur\u00e9e de lecture estim\u00e9e":"2 minutes"},"schema":{"@context":"https:\/\/schema.org","@graph":[{"@type":"Article","@id":"https:\/\/vosgesinfo.fr\/gerardmerinfo\/2021\/07\/hopitaux-de-saint-die-vosges-gerardmer-vers-rapprochement-chru-de-nan\/#article","isPartOf":{"@id":"https:\/\/vosgesinfo.fr\/gerardmerinfo\/2021\/07\/hopitaux-de-saint-die-vosges-gerardmer-vers-rapprochement-chru-de-nan\/"},"author":{"name":"qs_admin","@id":"https:\/\/vosgesinfo.fr\/gerardmerinfo\/#\/schema\/person\/bc5d02d71e6932e81b6dadb7386667b1"},"headline":"Les h\u00f4pitaux de Saint-Di\u00e9-des-Vosges et G\u00e9rardmer vers un rapprochement avec le CHRU de Nan","datePublished":"2021-07-19T17:19:36+00:00","dateModified":"2021-07-19T17:19:36+00:00","mainEntityOfPage":{"@id":"https:\/\/vosgesinfo.fr\/gerardmerinfo\/2021\/07\/hopitaux-de-saint-die-vosges-gerardmer-vers-rapprochement-chru-de-nan\/"},"wordCount":501,"commentCount":0,"publisher":{"@id":"https:\/\/vosgesinfo.fr\/gerardmerinfo\/#organization"},"image":{"@id":"https:\/\/vosgesinfo.fr\/gerardmerinfo\/2021\/07\/hopitaux-de-saint-die-vosges-gerardmer-vers-rapprochement-chru-de-nan\/#primaryimage"},"thumbnailUrl":"https:\/\/vosgesinfo.fr\/app\/uploads\/sites\/6\/2024\/07\/202107screenshot-20210719-211032-chrome.jpg","articleSection":["A la une","Sant\u00e9","Vosges"],"inLanguage":"fr-FR","potentialAction":[{"@type":"CommentAction","name":"Comment","target":["https:\/\/vosgesinfo.fr\/gerardmerinfo\/2021\/07\/hopitaux-de-saint-die-vosges-gerardmer-vers-rapprochement-chru-de-nan\/#respond"]}]},{"@type":"WebPage","@id":"https:\/\/vosgesinfo.fr\/gerardmerinfo\/2021\/07\/hopitaux-de-saint-die-vosges-gerardmer-vers-rapprochement-chru-de-nan\/","url":"https:\/\/vosgesinfo.fr\/gerardmerinfo\/2021\/07\/hopitaux-de-saint-die-vosges-gerardmer-vers-rapprochement-chru-de-nan\/","name":"Les h\u00f4pitaux de Saint-Di\u00e9-des-Vosges et G\u00e9rardmer vers un rapprochement avec le CHRU de Nan - Gerardmer Info","isPartOf":{"@id":"https:\/\/vosgesinfo.fr\/gerardmerinfo\/#website"},"primaryImageOfPage":{"@id":"https:\/\/vosgesinfo.fr\/gerardmerinfo\/2021\/07\/hopitaux-de-saint-die-vosges-gerardmer-vers-rapprochement-chru-de-nan\/#primaryimage"},"image":{"@id":"https:\/\/vosgesinfo.fr\/gerardmerinfo\/2021\/07\/hopitaux-de-saint-die-vosges-gerardmer-vers-rapprochement-chru-de-nan\/#primaryimage"},"thumbnailUrl":"https:\/\/vosgesinfo.fr\/app\/uploads\/sites\/6\/2024\/07\/202107screenshot-20210719-211032-chrome.jpg","datePublished":"2021-07-19T17:19:36+00:00","dateModified":"2021-07-19T17:19:36+00:00","breadcrumb":{"@id":"https:\/\/vosgesinfo.fr\/gerardmerinfo\/2021\/07\/hopitaux-de-saint-die-vosges-gerardmer-vers-rapprochement-chru-de-nan\/#breadcrumb"},"inLanguage":"fr-FR","potentialAction":[{"@type":"ReadAction","target":["https:\/\/vosgesinfo.fr\/gerardmerinfo\/2021\/07\/hopitaux-de-saint-die-vosges-gerardmer-vers-rapprochement-chru-de-nan\/"]}]},{"@type":"ImageObject","inLanguage":"fr-FR","@id":"https:\/\/vosgesinfo.fr\/gerardmerinfo\/2021\/07\/hopitaux-de-saint-die-vosges-gerardmer-vers-rapprochement-chru-de-nan\/#primaryimage","url":"https:\/\/vosgesinfo.fr\/app\/uploads\/sites\/6\/2024\/07\/202107screenshot-20210719-211032-chrome.jpg","contentUrl":"https:\/\/vosgesinfo.fr\/app\/uploads\/sites\/6\/2024\/07\/202107screenshot-20210719-211032-chrome.jpg","width":800,"height":607},{"@type":"BreadcrumbList","@id":"https:\/\/vosgesinfo.fr\/gerardmerinfo\/2021\/07\/hopitaux-de-saint-die-vosges-gerardmer-vers-rapprochement-chru-de-nan\/#breadcrumb","itemListElement":[{"@type":"ListItem","position":1,"name":"Home","item":"https:\/\/vosgesinfo.fr\/gerardmerinfo\/"},{"@type":"ListItem","position":2,"name":"Les h\u00f4pitaux de Saint-Di\u00e9-des-Vosges et G\u00e9rardmer vers un rapprochement avec le CHRU de Nan"}]},{"@type":"WebSite","@id":"https:\/\/vosgesinfo.fr\/gerardmerinfo\/#website","url":"https:\/\/vosgesinfo.fr\/gerardmerinfo\/","name":"Gerardmer Info","description":"Toute l&#039;actualit\u00e9 de G\u00e9rardmer","publisher":{"@id":"https:\/\/vosgesinfo.fr\/gerardmerinfo\/#organization"},"alternateName":"Toute l'actualit\u00e9 de G\u00e9rardmer","potentialAction":[{"@type":"SearchAction","target":{"@type":"EntryPoint","urlTemplate":"https:\/\/vosgesinfo.fr\/gerardmerinfo\/?s={search_term_string}"},"query-input":"required name=search_term_string"}],"inLanguage":"fr-FR"},{"@type":"Organization","@id":"https:\/\/vosgesinfo.fr\/gerardmerinfo\/#organization","name":"Gerardmer Info","url":"https:\/\/vosgesinfo.fr\/gerardmerinfo\/","logo":{"@type":"ImageObject","inLanguage":"fr-FR","@id":"https:\/\/vosgesinfo.fr\/gerardmerinfo\/#\/schema\/logo\/image\/","url":"https:\/\/vosgesinfo.fr\/app\/uploads\/sites\/6\/2023\/08\/favicon-gerardmerinfo.png","contentUrl":"https:\/\/vosgesinfo.fr\/app\/uploads\/sites\/6\/2023\/08\/favicon-gerardmerinfo.png","width":512,"height":512,"caption":"Gerardmer Info"},"image":{"@id":"https:\/\/vosgesinfo.fr\/gerardmerinfo\/#\/schema\/logo\/image\/"},"sameAs":["https:\/\/www.facebook.com\/profile.php?id=100049475262660","https:\/\/x.com\/VosgesInfo88","https:\/\/www.youtube.com\/@vosgesinfo"]},{"@type":"Person","@id":"https:\/\/vosgesinfo.fr\/gerardmerinfo\/#\/schema\/person\/bc5d02d71e6932e81b6dadb7386667b1","name":"qs_admin","image":{"@type":"ImageObject","inLanguage":"fr-FR","@id":"https:\/\/vosgesinfo.fr\/gerardmerinfo\/#\/schema\/person\/image\/","url":"https:\/\/secure.gravatar.com\/avatar\/94b18ee0ed79e4a42ea2f2931277b6841a8999fc6fde214600c78057cf1fe1de?s=96&d=mm&r=g","contentUrl":"https:\/\/secure.gravatar.com\/avatar\/94b18ee0ed79e4a42ea2f2931277b6841a8999fc6fde214600c78057cf1fe1de?s=96&d=mm&r=g","caption":"qs_admin"},"sameAs":["https:\/\/vosgesinfo.fr\/wp"],"url":"https:\/\/vosgesinfo.fr\/gerardmerinfo\/author\/qs_admin\/"}]}},"_links":{"self":[{"href":"https:\/\/vosgesinfo.fr\/gerardmerinfo\/wp-json\/wp\/v2\/posts\/54010","targetHints":{"allow":["GET"]}}],"collection":[{"href":"https:\/\/vosgesinfo.fr\/gerardmerinfo\/wp-json\/wp\/v2\/posts"}],"about":[{"href":"https:\/\/vosgesinfo.fr\/gerardmerinfo\/wp-json\/wp\/v2\/types\/post"}],"author":[{"embeddable":true,"href":"https:\/\/vosgesinfo.fr\/gerardmerinfo\/wp-json\/wp\/v2\/users\/1"}],"replies":[{"embeddable":true,"href":"https:\/\/vosgesinfo.fr\/gerardmerinfo\/wp-json\/wp\/v2\/comments?post=54010"}],"version-history":[{"count":0,"href":"https:\/\/vosgesinfo.fr\/gerardmerinfo\/wp-json\/wp\/v2\/posts\/54010\/revisions"}],"wp:featuredmedia":[{"embeddable":true,"href":"https:\/\/vosgesinfo.fr\/gerardmerinfo\/wp-json\/wp\/v2\/media\/54011"}],"wp:attachment":[{"href":"https:\/\/vosgesinfo.fr\/gerardmerinfo\/wp-json\/wp\/v2\/media?parent=54010"}],"wp:term":[{"taxonomy":"category","embeddable":true,"href":"https:\/\/vosgesinfo.fr\/gerardmerinfo\/wp-json\/wp\/v2\/categories?post=54010"},{"taxonomy":"post_tag","embeddable":true,"href":"https:\/\/vosgesinfo.fr\/gerardmerinfo\/wp-json\/wp\/v2\/tags?post=54010"}],"curies":[{"name":"wp","href":"https:\/\/api.w.org\/{rel}","templated":true}]}}