{"id":54218,"date":"2021-08-11T04:05:35","date_gmt":"2021-08-11T02:05:35","guid":{"rendered":"https:\/\/vosgesinfo.fr\/gerardmerinfo\/2021\/08\/duo-trompette-orgue-mathieu-reinert-christophe-durant\/"},"modified":"2021-08-11T04:05:35","modified_gmt":"2021-08-11T02:05:35","slug":"duo-trompette-orgue-mathieu-reinert-christophe-durant","status":"publish","type":"post","link":"https:\/\/vosgesinfo.fr\/gerardmerinfo\/2021\/08\/duo-trompette-orgue-mathieu-reinert-christophe-durant\/","title":{"rendered":"DUO TROMPETTE &#038; ORGUE &#8211; Mathieu REINERT et Christophe DURANT \u00e0 Saint Barth\u00e9l\u00e9my"},"content":{"rendered":"<h3><\/h3>\n<h3 align=\"justify\"><b> <\/b><span style=\"font-family: Arial, serif;\"><span style=\"font-size: medium;\">Le dimanche 15 ao\u00fbt, \u00e0 17h30, dans l\u2019\u00e9glise paroissiale de G\u00e9rardmer, l\u2019Association des Concerts Saint-Barth\u00e9lemy invite les m\u00e9lomanes \u00e0 venir \u00e9couter un magnifique Duo, trompette et orgue, compos\u00e9 de Mathieu REINERT et Christophe DURANT.<\/span><\/span><\/h3>\n<p align=\"justify\"><span style=\"font-family: Arial, serif;\"><span style=\"font-size: medium;\"> <a href=\"\/2021\/08\/Reinert-Durant.jpg\"><img decoding=\"async\" class=\"alignright size-full wp-image-178856\" src=\"\/2021\/08\/Reinert-Durant.jpg\" alt=\"Reinert-Durant\" width=\"300\" height=\"374\" \/><\/a>L&rsquo;association de la trompette et de l&rsquo;orgue est sans conteste la plus embl\u00e9matique et la plus \u00e9loquente. L&rsquo;\u00e9clat du cuivre soutenu par l&rsquo;harmonie g\u00e9n\u00e9reuse du roi des instruments procure immanquablement un plaisir musical de toute teneur. Ces deux musiciens, d&rsquo;une rare complicit\u00e9 musicale, proposent dans leurs r\u00e9citals un large panorama o\u00f9 se c\u00f4toient tous les styles et les \u00e9poques pour le plaisir des m\u00e9lomanes.<\/span><\/span><\/p>\n<p align=\"justify\"><span style=\"font-family: Arial, serif;\"><span style=\"font-size: medium;\"> Trompettiste franco-luxembourgeois, n\u00e9 \u00e0 Thionville, Mathieu REINERT commence l\u2019apprentissage de la trompette dans sa ville natale qu\u2019il poursuit au Conservatoire de Metz o\u00f9 il y obtient une m\u00e9daille d\u2019or. Il int\u00e8gre ensuite le Conservatoire National Sup\u00e9rieur de Musique de Paris et y obtient les Prix de Trompette et de Musique de Chambre. Il enseigne la trompette et la musique de chambre au Conservatoire de Thionville.<\/span><\/span><\/p>\n<p align=\"justify\"><span style=\"font-family: Arial, serif;\"><span style=\"font-size: medium;\"> Musicien lorrain, Christophe Durant poss\u00e8de une solide formation de clavi\u00e9riste. Il \u00e9tudie au Conservatoire de Metz et obtient plusieurs premiers prix. Titulaire de l&rsquo;orgue historique de Saint-Quirin (Moselle), il partage son activit\u00e9 entre les concerts en soliste et l&rsquo;accompagnement de solistes, d&rsquo;ensembles vocaux et instrumentaux en France et \u00e0 l&rsquo;\u00e9tranger. Il enseigne \u00e0 l\u2019universit\u00e9 et au Conservatoire de Metz.<\/span><\/span><\/p>\n<p align=\"justify\"><span style=\"font-family: Arial, serif;\"><span style=\"font-size: medium;\"> Ils vous proposeront un concert vari\u00e9 avec la sonate pour trompette et orgue de VIVIANI, le Concerto pour trompette NERUDA et des pi\u00e8ces de compositeurs moins connus et tr\u00e8s int\u00e9ressants \u00e0 d\u00e9couvrir. Pour sa part, l\u2019organiste vous pr\u00e9sentera les diff\u00e9rentes pi\u00e8ces de la Suite N\u00b01 d\u2019Edgard GRIEG adapt\u00e9e pour orgue seul. Les artistes participeront \u00e9galement \u00e0 la messe dominicale le matin su concert.<\/span><\/span><\/p>\n<p align=\"justify\"><span style=\"font-family: Arial, serif;\"><span style=\"font-size: medium;\">Comme pour tous les concerts d\u2019\u00e9t\u00e9 de l\u2019association (sauf le 25 juillet), le prix d\u2019entr\u00e9e est de 10 \u20ac, avec une possibilit\u00e9 de tarif r\u00e9duit \u00e0 7\u20ac pour les \u00e9tudiants et les sans emplois. L\u2019entr\u00e9e est gratuite pour les enfants accompagn\u00e9s de moins de 12 ans.<\/span><\/span><\/p>\n","protected":false},"excerpt":{"rendered":"<p>Le dimanche 15 ao\u00fbt, \u00e0 17h30, dans l\u2019\u00e9glise paroissiale de G\u00e9rardmer, l\u2019Association des Concerts Saint-Barth\u00e9lemy invite les m\u00e9lomanes \u00e0 venir [&hellip;]<\/p>\n","protected":false},"author":1,"featured_media":54219,"comment_status":"open","ping_status":"open","sticky":false,"template":"","format":"standard","meta":{"footnotes":""},"categories":[20,34,4,25],"tags":[],"class_list":["post-54218","post","type-post","status-publish","format-standard","has-post-thumbnail","hentry","category-a-la-une","category-concert","category-culture","category-gerardmer"],"acf":[],"yoast_head":"<!-- This site is optimized with the Yoast SEO plugin v22.5 - https:\/\/yoast.com\/wordpress\/plugins\/seo\/ -->\n<title>DUO TROMPETTE &amp; ORGUE - Mathieu REINERT et Christophe DURANT \u00e0 Saint Barth\u00e9l\u00e9my - Gerardmer Info<\/title>\n<meta name=\"robots\" content=\"index, follow, max-snippet:-1, max-image-preview:large, max-video-preview:-1\" \/>\n<link rel=\"canonical\" href=\"https:\/\/vosgesinfo.fr\/gerardmerinfo\/2021\/08\/duo-trompette-orgue-mathieu-reinert-christophe-durant\/\" \/>\n<meta name=\"twitter:card\" content=\"summary_large_image\" \/>\n<meta name=\"twitter:title\" content=\"DUO TROMPETTE &amp; ORGUE - Mathieu REINERT et Christophe DURANT \u00e0 Saint Barth\u00e9l\u00e9my - Gerardmer Info\" \/>\n<meta name=\"twitter:description\" content=\"Le dimanche 15 ao\u00fbt, \u00e0 17h30, dans l\u2019\u00e9glise paroissiale de G\u00e9rardmer, l\u2019Association des Concerts Saint-Barth\u00e9lemy invite les m\u00e9lomanes \u00e0 venir [&hellip;]\" \/>\n<meta name=\"twitter:image\" content=\"https:\/\/vosgesinfo.fr\/app\/uploads\/sites\/6\/2024\/07\/202108duo-nb.jpeg\" \/>\n<meta name=\"twitter:creator\" content=\"@VosgesInfo88\" \/>\n<meta name=\"twitter:site\" content=\"@VosgesInfo88\" \/>\n<meta name=\"twitter:label1\" content=\"\u00c9crit par\" \/>\n\t<meta name=\"twitter:data1\" content=\"qs_admin\" \/>\n\t<meta name=\"twitter:label2\" content=\"Dur\u00e9e de lecture estim\u00e9e\" \/>\n\t<meta name=\"twitter:data2\" content=\"2 minutes\" \/>\n<script type=\"application\/ld+json\" class=\"yoast-schema-graph\">{\"@context\":\"https:\/\/schema.org\",\"@graph\":[{\"@type\":\"Article\",\"@id\":\"https:\/\/vosgesinfo.fr\/gerardmerinfo\/2021\/08\/duo-trompette-orgue-mathieu-reinert-christophe-durant\/#article\",\"isPartOf\":{\"@id\":\"https:\/\/vosgesinfo.fr\/gerardmerinfo\/2021\/08\/duo-trompette-orgue-mathieu-reinert-christophe-durant\/\"},\"author\":{\"name\":\"qs_admin\",\"@id\":\"https:\/\/vosgesinfo.fr\/gerardmerinfo\/#\/schema\/person\/bc5d02d71e6932e81b6dadb7386667b1\"},\"headline\":\"DUO TROMPETTE &#038; ORGUE &#8211; Mathieu REINERT et Christophe DURANT \u00e0 Saint Barth\u00e9l\u00e9my\",\"datePublished\":\"2021-08-11T02:05:35+00:00\",\"dateModified\":\"2021-08-11T02:05:35+00:00\",\"mainEntityOfPage\":{\"@id\":\"https:\/\/vosgesinfo.fr\/gerardmerinfo\/2021\/08\/duo-trompette-orgue-mathieu-reinert-christophe-durant\/\"},\"wordCount\":378,\"commentCount\":0,\"publisher\":{\"@id\":\"https:\/\/vosgesinfo.fr\/gerardmerinfo\/#organization\"},\"image\":{\"@id\":\"https:\/\/vosgesinfo.fr\/gerardmerinfo\/2021\/08\/duo-trompette-orgue-mathieu-reinert-christophe-durant\/#primaryimage\"},\"thumbnailUrl\":\"https:\/\/vosgesinfo.fr\/app\/uploads\/sites\/6\/2024\/07\/202108duo-nb.jpeg\",\"articleSection\":[\"A la une\",\"Concert\",\"Culture\",\"G\u00e9rardmer\"],\"inLanguage\":\"fr-FR\",\"potentialAction\":[{\"@type\":\"CommentAction\",\"name\":\"Comment\",\"target\":[\"https:\/\/vosgesinfo.fr\/gerardmerinfo\/2021\/08\/duo-trompette-orgue-mathieu-reinert-christophe-durant\/#respond\"]}]},{\"@type\":\"WebPage\",\"@id\":\"https:\/\/vosgesinfo.fr\/gerardmerinfo\/2021\/08\/duo-trompette-orgue-mathieu-reinert-christophe-durant\/\",\"url\":\"https:\/\/vosgesinfo.fr\/gerardmerinfo\/2021\/08\/duo-trompette-orgue-mathieu-reinert-christophe-durant\/\",\"name\":\"DUO TROMPETTE & ORGUE - Mathieu REINERT et Christophe DURANT \u00e0 Saint Barth\u00e9l\u00e9my - Gerardmer Info\",\"isPartOf\":{\"@id\":\"https:\/\/vosgesinfo.fr\/gerardmerinfo\/#website\"},\"primaryImageOfPage\":{\"@id\":\"https:\/\/vosgesinfo.fr\/gerardmerinfo\/2021\/08\/duo-trompette-orgue-mathieu-reinert-christophe-durant\/#primaryimage\"},\"image\":{\"@id\":\"https:\/\/vosgesinfo.fr\/gerardmerinfo\/2021\/08\/duo-trompette-orgue-mathieu-reinert-christophe-durant\/#primaryimage\"},\"thumbnailUrl\":\"https:\/\/vosgesinfo.fr\/app\/uploads\/sites\/6\/2024\/07\/202108duo-nb.jpeg\",\"datePublished\":\"2021-08-11T02:05:35+00:00\",\"dateModified\":\"2021-08-11T02:05:35+00:00\",\"breadcrumb\":{\"@id\":\"https:\/\/vosgesinfo.fr\/gerardmerinfo\/2021\/08\/duo-trompette-orgue-mathieu-reinert-christophe-durant\/#breadcrumb\"},\"inLanguage\":\"fr-FR\",\"potentialAction\":[{\"@type\":\"ReadAction\",\"target\":[\"https:\/\/vosgesinfo.fr\/gerardmerinfo\/2021\/08\/duo-trompette-orgue-mathieu-reinert-christophe-durant\/\"]}]},{\"@type\":\"ImageObject\",\"inLanguage\":\"fr-FR\",\"@id\":\"https:\/\/vosgesinfo.fr\/gerardmerinfo\/2021\/08\/duo-trompette-orgue-mathieu-reinert-christophe-durant\/#primaryimage\",\"url\":\"https:\/\/vosgesinfo.fr\/app\/uploads\/sites\/6\/2024\/07\/202108duo-nb.jpeg\",\"contentUrl\":\"https:\/\/vosgesinfo.fr\/app\/uploads\/sites\/6\/2024\/07\/202108duo-nb.jpeg\",\"width\":800,\"height\":534},{\"@type\":\"BreadcrumbList\",\"@id\":\"https:\/\/vosgesinfo.fr\/gerardmerinfo\/2021\/08\/duo-trompette-orgue-mathieu-reinert-christophe-durant\/#breadcrumb\",\"itemListElement\":[{\"@type\":\"ListItem\",\"position\":1,\"name\":\"Home\",\"item\":\"https:\/\/vosgesinfo.fr\/gerardmerinfo\/\"},{\"@type\":\"ListItem\",\"position\":2,\"name\":\"DUO TROMPETTE &#038; ORGUE &#8211; Mathieu REINERT et Christophe DURANT \u00e0 Saint Barth\u00e9l\u00e9my\"}]},{\"@type\":\"WebSite\",\"@id\":\"https:\/\/vosgesinfo.fr\/gerardmerinfo\/#website\",\"url\":\"https:\/\/vosgesinfo.fr\/gerardmerinfo\/\",\"name\":\"Gerardmer Info\",\"description\":\"Toute l&#039;actualit\u00e9 de G\u00e9rardmer\",\"publisher\":{\"@id\":\"https:\/\/vosgesinfo.fr\/gerardmerinfo\/#organization\"},\"alternateName\":\"Toute l'actualit\u00e9 de G\u00e9rardmer\",\"potentialAction\":[{\"@type\":\"SearchAction\",\"target\":{\"@type\":\"EntryPoint\",\"urlTemplate\":\"https:\/\/vosgesinfo.fr\/gerardmerinfo\/?s={search_term_string}\"},\"query-input\":\"required name=search_term_string\"}],\"inLanguage\":\"fr-FR\"},{\"@type\":\"Organization\",\"@id\":\"https:\/\/vosgesinfo.fr\/gerardmerinfo\/#organization\",\"name\":\"Gerardmer Info\",\"url\":\"https:\/\/vosgesinfo.fr\/gerardmerinfo\/\",\"logo\":{\"@type\":\"ImageObject\",\"inLanguage\":\"fr-FR\",\"@id\":\"https:\/\/vosgesinfo.fr\/gerardmerinfo\/#\/schema\/logo\/image\/\",\"url\":\"https:\/\/vosgesinfo.fr\/app\/uploads\/sites\/6\/2023\/08\/favicon-gerardmerinfo.png\",\"contentUrl\":\"https:\/\/vosgesinfo.fr\/app\/uploads\/sites\/6\/2023\/08\/favicon-gerardmerinfo.png\",\"width\":512,\"height\":512,\"caption\":\"Gerardmer Info\"},\"image\":{\"@id\":\"https:\/\/vosgesinfo.fr\/gerardmerinfo\/#\/schema\/logo\/image\/\"},\"sameAs\":[\"https:\/\/www.facebook.com\/profile.php?id=100049475262660\",\"https:\/\/x.com\/VosgesInfo88\",\"https:\/\/www.youtube.com\/@vosgesinfo\"]},{\"@type\":\"Person\",\"@id\":\"https:\/\/vosgesinfo.fr\/gerardmerinfo\/#\/schema\/person\/bc5d02d71e6932e81b6dadb7386667b1\",\"name\":\"qs_admin\",\"image\":{\"@type\":\"ImageObject\",\"inLanguage\":\"fr-FR\",\"@id\":\"https:\/\/vosgesinfo.fr\/gerardmerinfo\/#\/schema\/person\/image\/\",\"url\":\"https:\/\/secure.gravatar.com\/avatar\/94b18ee0ed79e4a42ea2f2931277b6841a8999fc6fde214600c78057cf1fe1de?s=96&d=mm&r=g\",\"contentUrl\":\"https:\/\/secure.gravatar.com\/avatar\/94b18ee0ed79e4a42ea2f2931277b6841a8999fc6fde214600c78057cf1fe1de?s=96&d=mm&r=g\",\"caption\":\"qs_admin\"},\"sameAs\":[\"https:\/\/vosgesinfo.fr\/wp\"],\"url\":\"https:\/\/vosgesinfo.fr\/gerardmerinfo\/author\/qs_admin\/\"}]}<\/script>\n<!-- \/ Yoast SEO plugin. -->","yoast_head_json":{"title":"DUO TROMPETTE & ORGUE - Mathieu REINERT et Christophe DURANT \u00e0 Saint Barth\u00e9l\u00e9my - Gerardmer Info","robots":{"index":"index","follow":"follow","max-snippet":"max-snippet:-1","max-image-preview":"max-image-preview:large","max-video-preview":"max-video-preview:-1"},"canonical":"https:\/\/vosgesinfo.fr\/gerardmerinfo\/2021\/08\/duo-trompette-orgue-mathieu-reinert-christophe-durant\/","twitter_card":"summary_large_image","twitter_title":"DUO TROMPETTE & ORGUE - Mathieu REINERT et Christophe DURANT \u00e0 Saint Barth\u00e9l\u00e9my - Gerardmer Info","twitter_description":"Le dimanche 15 ao\u00fbt, \u00e0 17h30, dans l\u2019\u00e9glise paroissiale de G\u00e9rardmer, l\u2019Association des Concerts Saint-Barth\u00e9lemy invite les m\u00e9lomanes \u00e0 venir [&hellip;]","twitter_image":"https:\/\/vosgesinfo.fr\/app\/uploads\/sites\/6\/2024\/07\/202108duo-nb.jpeg","twitter_creator":"@VosgesInfo88","twitter_site":"@VosgesInfo88","twitter_misc":{"\u00c9crit par":"qs_admin","Dur\u00e9e de lecture estim\u00e9e":"2 minutes"},"schema":{"@context":"https:\/\/schema.org","@graph":[{"@type":"Article","@id":"https:\/\/vosgesinfo.fr\/gerardmerinfo\/2021\/08\/duo-trompette-orgue-mathieu-reinert-christophe-durant\/#article","isPartOf":{"@id":"https:\/\/vosgesinfo.fr\/gerardmerinfo\/2021\/08\/duo-trompette-orgue-mathieu-reinert-christophe-durant\/"},"author":{"name":"qs_admin","@id":"https:\/\/vosgesinfo.fr\/gerardmerinfo\/#\/schema\/person\/bc5d02d71e6932e81b6dadb7386667b1"},"headline":"DUO TROMPETTE &#038; ORGUE &#8211; Mathieu REINERT et Christophe DURANT \u00e0 Saint Barth\u00e9l\u00e9my","datePublished":"2021-08-11T02:05:35+00:00","dateModified":"2021-08-11T02:05:35+00:00","mainEntityOfPage":{"@id":"https:\/\/vosgesinfo.fr\/gerardmerinfo\/2021\/08\/duo-trompette-orgue-mathieu-reinert-christophe-durant\/"},"wordCount":378,"commentCount":0,"publisher":{"@id":"https:\/\/vosgesinfo.fr\/gerardmerinfo\/#organization"},"image":{"@id":"https:\/\/vosgesinfo.fr\/gerardmerinfo\/2021\/08\/duo-trompette-orgue-mathieu-reinert-christophe-durant\/#primaryimage"},"thumbnailUrl":"https:\/\/vosgesinfo.fr\/app\/uploads\/sites\/6\/2024\/07\/202108duo-nb.jpeg","articleSection":["A la une","Concert","Culture","G\u00e9rardmer"],"inLanguage":"fr-FR","potentialAction":[{"@type":"CommentAction","name":"Comment","target":["https:\/\/vosgesinfo.fr\/gerardmerinfo\/2021\/08\/duo-trompette-orgue-mathieu-reinert-christophe-durant\/#respond"]}]},{"@type":"WebPage","@id":"https:\/\/vosgesinfo.fr\/gerardmerinfo\/2021\/08\/duo-trompette-orgue-mathieu-reinert-christophe-durant\/","url":"https:\/\/vosgesinfo.fr\/gerardmerinfo\/2021\/08\/duo-trompette-orgue-mathieu-reinert-christophe-durant\/","name":"DUO TROMPETTE & ORGUE - Mathieu REINERT et Christophe DURANT \u00e0 Saint Barth\u00e9l\u00e9my - Gerardmer Info","isPartOf":{"@id":"https:\/\/vosgesinfo.fr\/gerardmerinfo\/#website"},"primaryImageOfPage":{"@id":"https:\/\/vosgesinfo.fr\/gerardmerinfo\/2021\/08\/duo-trompette-orgue-mathieu-reinert-christophe-durant\/#primaryimage"},"image":{"@id":"https:\/\/vosgesinfo.fr\/gerardmerinfo\/2021\/08\/duo-trompette-orgue-mathieu-reinert-christophe-durant\/#primaryimage"},"thumbnailUrl":"https:\/\/vosgesinfo.fr\/app\/uploads\/sites\/6\/2024\/07\/202108duo-nb.jpeg","datePublished":"2021-08-11T02:05:35+00:00","dateModified":"2021-08-11T02:05:35+00:00","breadcrumb":{"@id":"https:\/\/vosgesinfo.fr\/gerardmerinfo\/2021\/08\/duo-trompette-orgue-mathieu-reinert-christophe-durant\/#breadcrumb"},"inLanguage":"fr-FR","potentialAction":[{"@type":"ReadAction","target":["https:\/\/vosgesinfo.fr\/gerardmerinfo\/2021\/08\/duo-trompette-orgue-mathieu-reinert-christophe-durant\/"]}]},{"@type":"ImageObject","inLanguage":"fr-FR","@id":"https:\/\/vosgesinfo.fr\/gerardmerinfo\/2021\/08\/duo-trompette-orgue-mathieu-reinert-christophe-durant\/#primaryimage","url":"https:\/\/vosgesinfo.fr\/app\/uploads\/sites\/6\/2024\/07\/202108duo-nb.jpeg","contentUrl":"https:\/\/vosgesinfo.fr\/app\/uploads\/sites\/6\/2024\/07\/202108duo-nb.jpeg","width":800,"height":534},{"@type":"BreadcrumbList","@id":"https:\/\/vosgesinfo.fr\/gerardmerinfo\/2021\/08\/duo-trompette-orgue-mathieu-reinert-christophe-durant\/#breadcrumb","itemListElement":[{"@type":"ListItem","position":1,"name":"Home","item":"https:\/\/vosgesinfo.fr\/gerardmerinfo\/"},{"@type":"ListItem","position":2,"name":"DUO TROMPETTE &#038; ORGUE &#8211; Mathieu REINERT et Christophe DURANT \u00e0 Saint Barth\u00e9l\u00e9my"}]},{"@type":"WebSite","@id":"https:\/\/vosgesinfo.fr\/gerardmerinfo\/#website","url":"https:\/\/vosgesinfo.fr\/gerardmerinfo\/","name":"Gerardmer Info","description":"Toute l&#039;actualit\u00e9 de G\u00e9rardmer","publisher":{"@id":"https:\/\/vosgesinfo.fr\/gerardmerinfo\/#organization"},"alternateName":"Toute l'actualit\u00e9 de G\u00e9rardmer","potentialAction":[{"@type":"SearchAction","target":{"@type":"EntryPoint","urlTemplate":"https:\/\/vosgesinfo.fr\/gerardmerinfo\/?s={search_term_string}"},"query-input":"required name=search_term_string"}],"inLanguage":"fr-FR"},{"@type":"Organization","@id":"https:\/\/vosgesinfo.fr\/gerardmerinfo\/#organization","name":"Gerardmer Info","url":"https:\/\/vosgesinfo.fr\/gerardmerinfo\/","logo":{"@type":"ImageObject","inLanguage":"fr-FR","@id":"https:\/\/vosgesinfo.fr\/gerardmerinfo\/#\/schema\/logo\/image\/","url":"https:\/\/vosgesinfo.fr\/app\/uploads\/sites\/6\/2023\/08\/favicon-gerardmerinfo.png","contentUrl":"https:\/\/vosgesinfo.fr\/app\/uploads\/sites\/6\/2023\/08\/favicon-gerardmerinfo.png","width":512,"height":512,"caption":"Gerardmer Info"},"image":{"@id":"https:\/\/vosgesinfo.fr\/gerardmerinfo\/#\/schema\/logo\/image\/"},"sameAs":["https:\/\/www.facebook.com\/profile.php?id=100049475262660","https:\/\/x.com\/VosgesInfo88","https:\/\/www.youtube.com\/@vosgesinfo"]},{"@type":"Person","@id":"https:\/\/vosgesinfo.fr\/gerardmerinfo\/#\/schema\/person\/bc5d02d71e6932e81b6dadb7386667b1","name":"qs_admin","image":{"@type":"ImageObject","inLanguage":"fr-FR","@id":"https:\/\/vosgesinfo.fr\/gerardmerinfo\/#\/schema\/person\/image\/","url":"https:\/\/secure.gravatar.com\/avatar\/94b18ee0ed79e4a42ea2f2931277b6841a8999fc6fde214600c78057cf1fe1de?s=96&d=mm&r=g","contentUrl":"https:\/\/secure.gravatar.com\/avatar\/94b18ee0ed79e4a42ea2f2931277b6841a8999fc6fde214600c78057cf1fe1de?s=96&d=mm&r=g","caption":"qs_admin"},"sameAs":["https:\/\/vosgesinfo.fr\/wp"],"url":"https:\/\/vosgesinfo.fr\/gerardmerinfo\/author\/qs_admin\/"}]}},"_links":{"self":[{"href":"https:\/\/vosgesinfo.fr\/gerardmerinfo\/wp-json\/wp\/v2\/posts\/54218","targetHints":{"allow":["GET"]}}],"collection":[{"href":"https:\/\/vosgesinfo.fr\/gerardmerinfo\/wp-json\/wp\/v2\/posts"}],"about":[{"href":"https:\/\/vosgesinfo.fr\/gerardmerinfo\/wp-json\/wp\/v2\/types\/post"}],"author":[{"embeddable":true,"href":"https:\/\/vosgesinfo.fr\/gerardmerinfo\/wp-json\/wp\/v2\/users\/1"}],"replies":[{"embeddable":true,"href":"https:\/\/vosgesinfo.fr\/gerardmerinfo\/wp-json\/wp\/v2\/comments?post=54218"}],"version-history":[{"count":0,"href":"https:\/\/vosgesinfo.fr\/gerardmerinfo\/wp-json\/wp\/v2\/posts\/54218\/revisions"}],"wp:featuredmedia":[{"embeddable":true,"href":"https:\/\/vosgesinfo.fr\/gerardmerinfo\/wp-json\/wp\/v2\/media\/54219"}],"wp:attachment":[{"href":"https:\/\/vosgesinfo.fr\/gerardmerinfo\/wp-json\/wp\/v2\/media?parent=54218"}],"wp:term":[{"taxonomy":"category","embeddable":true,"href":"https:\/\/vosgesinfo.fr\/gerardmerinfo\/wp-json\/wp\/v2\/categories?post=54218"},{"taxonomy":"post_tag","embeddable":true,"href":"https:\/\/vosgesinfo.fr\/gerardmerinfo\/wp-json\/wp\/v2\/tags?post=54218"}],"curies":[{"name":"wp","href":"https:\/\/api.w.org\/{rel}","templated":true}]}}