{"id":54236,"date":"2021-08-12T04:01:11","date_gmt":"2021-08-12T02:01:11","guid":{"rendered":"https:\/\/vosgesinfo.fr\/gerardmerinfo\/2021\/08\/cine-cool-3-films-premiere-a-mcl\/"},"modified":"2021-08-12T04:01:11","modified_gmt":"2021-08-12T02:01:11","slug":"cine-cool-3-films-premiere-a-mcl","status":"publish","type":"post","link":"https:\/\/vosgesinfo.fr\/gerardmerinfo\/2021\/08\/cine-cool-3-films-premiere-a-mcl\/","title":{"rendered":"Cin\u00e9 Cool : 3 films en avant-premi\u00e8re \u00e0 la MCL"},"content":{"rendered":"<p><a href=\"\/2021\/08\/Cin\u00e9-cool-2.jpg\"><img decoding=\"async\" class=\"aligncenter size-full wp-image-178899\" src=\"\/2021\/08\/Cin\u00e9-cool-2.jpg\" alt=\"Cin\u00e9 cool (2)\" width=\"800\" height=\"600\" \/><\/a><\/p>\n<h3>Cin\u00e9 Cool est de retour dans les salles du Grand Est avec une semaine \u00e0 prix sp\u00e9cial qui s\u2019\u00e9tend du samedi 21 ao\u00fbt au samedi 28 ao\u00fbt 2021 avec la place de cin\u00e9ma \u00e0 4\u20ac50 pour tous les films, toutes les s\u00e9ances, dans toutes les salles participantes.<\/h3>\n<p><a href=\"\/2021\/08\/Affiche_cinecool.png\"><img decoding=\"async\" class=\"alignright size-medium wp-image-178896\" src=\"\/2021\/08\/Affiche_cinecool-173x255.png\" alt=\"Affiche_cinecool\" width=\"173\" height=\"255\" \/><\/a>Pour cette \u00e9dition 2021, la MCL de G\u00e9rardmer vous propose <b>3 avant-premi\u00e8res<\/b> dont une en pr\u00e9sence du r\u00e9alisateur Gilles de Maistre. Apr\u00e8s <em>La qu\u00eate d&rsquo;Alain Ducasse<\/em>, <em>Mia et le lion blanc<\/em>, <em>Demain est \u00e0 nous<\/em>,ce dernier viendra le jeudi 26 ao\u00fbt en soir\u00e9e rencontrer les spectateurs de <em>Le loup et le lion,<\/em> son dernier long m\u00e9trage tourn\u00e9 au Canada. Le film sera projet\u00e9 en avant premi\u00e8re 7 semaines avant sa sortie !<\/p>\n<h4>Le programme de Cin\u00e9 Cool \u00e0 la MCL de G\u00e9rardmer :<\/h4>\n<p><span style=\"font-size: 12pt;\"><span style=\"color: #ffbf00;\"><span style=\"font-family: Arial, sans-serif;\"><b>Avant-premi\u00e8re <\/b><\/span><\/span><span style=\"color: #ffbf00;\"><span style=\"font-family: Arial, sans-serif;\"><b>Cin\u00e9 <\/b><\/span><\/span><span style=\"color: #ffbf00;\"><span style=\"font-family: Arial, sans-serif;\"><b>C<\/b><\/span><\/span><span style=\"color: #ffbf00;\"><span style=\"font-family: Arial, sans-serif;\"><b>ool\u00a0<\/b><\/span><\/span><span style=\"color: #f10d0c;\"><span style=\"font-family: Arial, sans-serif;\"><b>Amants<\/b><\/span><\/span><\/span><\/p>\n<p><span style=\"color: #f10d0c; font-size: 12pt;\"><span style=\"font-family: Arial, sans-serif;\">Mardi 24 ao\u00fbt \u00e0 20h30<br \/>\nTarif Cin\u00e9 cool\u00a0: 4,50\u20ac la s\u00e9ance &#8211; <a href=\"https:\/\/www.ticketingcine.fr\/index.php?lang=fr&amp;nc=0707&amp;ids=5689\" target=\"_blank\" rel=\"noopener noreferrer\" data-auth=\"NotApplicable\" data-linkindex=\"0\">en<\/a> <a href=\"https:\/\/www.ticketingcine.fr\/index.php?lang=fr&amp;nc=0707&amp;ids=5689\" target=\"_blank\" rel=\"noopener noreferrer\" data-auth=\"NotApplicable\" data-linkindex=\"2\">pr\u00e9vente ici<\/a><\/span><\/span><\/p>\n<p><span style=\"font-size: 12pt;\">Lisa et Simon s\u2019aiment passionn\u00e9ment depuis leur adolescence et m\u00e8nent la vie urbaine et nocturne des gens de leur \u00e2ge. A la suite d\u2019une soir\u00e9e qui tourne mal et dont l\u2019issue n\u2019est autre que la prison pour Simon, il d\u00e9cide de fuir. Lisa attend alors des nouvelles de Simon qui ne viendront jamais. Trois ans plus tard, dans l\u2019Oc\u00e9an Indien, elle est mari\u00e9e \u00e0 L\u00e9o quand leurs destins se croisent \u00e0 nouveau\u2026<\/span><br \/>\n<span style=\"font-size: 12pt;\"><i>Sortie nationale le\u00a0<\/i><i>17 novembre<\/i><i> 2021 \/ 1h <\/i><i>42<\/i><i>min \/ <\/i><i>Film d\u2019<\/i><i>animation<\/i><i> <\/i><i>familial<br \/>\n<\/i><i>Film r\u00e9alis\u00e9 par Nicole Garcia<br \/>\nAvec Stacy Martin, Pierre Niney, Beno\u00eet Magimel<br \/>\n<\/i><\/span><\/p>\n<p><span style=\"font-size: 12pt;\"><span style=\"color: #ffbf00;\"><span style=\"font-family: Arial, sans-serif;\"><b>Avant-premi\u00e8re <\/b><\/span><\/span><span style=\"color: #ffbf00;\"><span style=\"font-family: Arial, sans-serif;\"><b>Cin\u00e9 <\/b><\/span><\/span><span style=\"color: #ffbf00;\"><span style=\"font-family: Arial, sans-serif;\"><b>C<\/b><\/span><\/span><span style=\"color: #ffbf00;\"><span style=\"font-family: Arial, sans-serif;\"><b>ool <\/b><\/span><\/span><span style=\"color: #f10d0c;\"><span style=\"font-family: Arial, sans-serif;\"><b>Ma m\u00e8re est un gorille (et alors\u00a0?) d\u00e8s 4 ans<\/b><\/span><\/span><\/span><\/p>\n<p><span style=\"color: #f10d0c; font-size: 12pt;\"><span style=\"font-family: Arial, sans-serif;\">Jeudi 26 ao\u00fbt \u00e0 16h00<br \/>\nTarif Cin\u00e9 cool\u00a0: 4,50\u20ac la s\u00e9ance &#8211; <a href=\"https:\/\/www.ticketingcine.fr\/index.php?lang=fr&amp;nc=0707&amp;ids=5664\" target=\"_blank\" rel=\"noopener noreferrer\" data-auth=\"NotApplicable\" data-linkindex=\"3\">en<\/a> <a href=\"https:\/\/www.ticketingcine.fr\/index.php?lang=fr&amp;nc=0707&amp;ids=5664\" target=\"_blank\" rel=\"noopener noreferrer\" data-auth=\"NotApplicable\" data-linkindex=\"5\">pr\u00e9vente ici<\/a><\/span><\/span><\/p>\n<p><span style=\"font-size: 12pt;\">Ce que souhaite Jonna par dessus-tout, c&rsquo;est de trouver une famille adoptive&#8230; elle accepterait n&rsquo;importe quel parent qui puisse lui donner de l&rsquo;amour. La surprise est de taille lorsqu&rsquo;une femelle gorille se pr\u00e9sente un jour \u00e0 l&rsquo;orphelinat pour \u00eatre sa nouvelle maman !<\/span><br \/>\n<span style=\"font-size: 12pt;\"><i>Sortie nationale le <\/i><i>22 septembre<\/i><i> 2021 \/ 1h <\/i><i>12<\/i><i>min \/ <\/i><i>Film d\u2019<\/i><i>animation<\/i><i> <\/i><i>familial<\/i><\/span><\/p>\n<p>&nbsp;<\/p>\n<p align=\"left\"><span style=\"color: #660066; font-size: 12pt;\"><span style=\"font-family: Arial, sans-serif;\"><b><span style=\"color: #ffbf00;\">Avant-premi\u00e8re <\/span><span style=\"color: #ffbf00;\">Cin\u00e9 <\/span><span style=\"color: #ffbf00;\">C<\/span><span style=\"color: #ffbf00;\">ool <\/span><span style=\"color: #f10d0c;\">Le loup et le lion, <\/span><span style=\"color: #f10d0c;\">en pr\u00e9sence du r\u00e9alisateur<\/span><\/b><\/span><\/span><\/p>\n<p><span style=\"font-family: Arial, sans-serif; font-size: 12pt;\"><a href=\"\/2021\/08\/image001.jpg\"><img decoding=\"async\" class=\"alignright size-medium wp-image-178897\" src=\"\/2021\/08\/image001-318x255.jpg\" alt=\"le loup et le lion Gilles de maistre\" width=\"318\" height=\"255\" \/><\/a>Le r\u00e9alisateur Gilles de Maistre sera pr\u00e9sent \u00e0 G\u00e9rardmer le jeudi 26 ao\u00fbt pour pr\u00e9senter son dernier film.<br \/>\nUne discussion suivra la projection afin d&rsquo;en savoir plus sur le tournage de ce long m\u00e9trage.<\/span><\/p>\n<p align=\"left\"><span style=\"color: #f10d0c; font-size: 12pt;\"><span style=\"font-family: Arial, sans-serif;\">Jeudi 26 ao\u00fbt \u00e0 19h00<br \/>\nTarif Cin\u00e9 cool\u00a0: 4,50\u20ac la s\u00e9ance &#8211; <a href=\"https:\/\/www.ticketingcine.fr\/index.php?lang=fr&amp;nc=0707&amp;ids=5663\" target=\"_blank\" rel=\"noopener noreferrer\" data-auth=\"NotApplicable\" data-linkindex=\"6\">en<\/a> <a href=\"https:\/\/www.ticketingcine.fr\/index.php?lang=fr&amp;nc=0707&amp;ids=5663\" target=\"_blank\" rel=\"noopener noreferrer\" data-auth=\"NotApplicable\" data-linkindex=\"8\">pr\u00e9vente ici<\/a><\/span><\/span><\/p>\n<p><span style=\"font-size: 12pt;\">A la mort de son grand p\u00e8re, Alma, jeune pianiste de 20 ans revient dans la maison de son enfance, perdue sur une \u00eele d\u00e9serte du Canada. L\u00e0, tout bascule quand un louveteau et un lionceau en d\u00e9tresse surgissent dans sa vie. Elle choisit de les garder pour les sauver et l\u2019improbable se produit : ils grandissent ensemble et s\u2019aiment comme des fr\u00e8res. Mais leur monde id\u00e9al s\u2019\u00e9croule lorsque leur secret est d\u00e9couvert\u2026 <\/span><br \/>\n<span style=\"font-size: 12pt;\"><i>Sortie nationale le <\/i><i>13 octobre 2021 \/ 1h 39min \/ <\/i><i>Film d\u2019a<\/i><i>venture <\/i><i>familial<\/i><\/span><\/p>\n","protected":false},"excerpt":{"rendered":"<p>Cin\u00e9 Cool est de retour dans les salles du Grand Est avec une semaine \u00e0 prix sp\u00e9cial qui s\u2019\u00e9tend du [&hellip;]<\/p>\n","protected":false},"author":42,"featured_media":54237,"comment_status":"open","ping_status":"open","sticky":false,"template":"","format":"standard","meta":{"footnotes":""},"categories":[20,4,25],"tags":[478],"class_list":["post-54236","post","type-post","status-publish","format-standard","has-post-thumbnail","hentry","category-a-la-une","category-culture","category-gerardmer","tag-cine-cool"],"acf":[],"yoast_head":"<!-- This site is optimized with the Yoast SEO plugin v22.5 - https:\/\/yoast.com\/wordpress\/plugins\/seo\/ -->\n<title>Cin\u00e9 Cool : 3 films en avant-premi\u00e8re \u00e0 la MCL - Gerardmer Info<\/title>\n<meta name=\"robots\" content=\"index, follow, max-snippet:-1, max-image-preview:large, max-video-preview:-1\" \/>\n<link rel=\"canonical\" href=\"https:\/\/vosgesinfo.fr\/gerardmerinfo\/2021\/08\/cine-cool-3-films-premiere-a-mcl\/\" \/>\n<meta name=\"twitter:card\" content=\"summary_large_image\" \/>\n<meta name=\"twitter:title\" content=\"Cin\u00e9 Cool : 3 films en avant-premi\u00e8re \u00e0 la MCL - Gerardmer Info\" \/>\n<meta name=\"twitter:description\" content=\"Cin\u00e9 Cool est de retour dans les salles du Grand Est avec une semaine \u00e0 prix sp\u00e9cial qui s\u2019\u00e9tend du [&hellip;]\" \/>\n<meta name=\"twitter:image\" content=\"https:\/\/vosgesinfo.fr\/app\/uploads\/sites\/6\/2024\/07\/202108cine-cool-1.jpg\" \/>\n<meta name=\"twitter:creator\" content=\"@VosgesInfo88\" \/>\n<meta name=\"twitter:site\" content=\"@VosgesInfo88\" \/>\n<meta name=\"twitter:label1\" content=\"\u00c9crit par\" \/>\n\t<meta name=\"twitter:data1\" content=\"QG\" \/>\n\t<meta name=\"twitter:label2\" content=\"Dur\u00e9e de lecture estim\u00e9e\" \/>\n\t<meta name=\"twitter:data2\" content=\"3 minutes\" \/>\n<script type=\"application\/ld+json\" class=\"yoast-schema-graph\">{\"@context\":\"https:\/\/schema.org\",\"@graph\":[{\"@type\":\"Article\",\"@id\":\"https:\/\/vosgesinfo.fr\/gerardmerinfo\/2021\/08\/cine-cool-3-films-premiere-a-mcl\/#article\",\"isPartOf\":{\"@id\":\"https:\/\/vosgesinfo.fr\/gerardmerinfo\/2021\/08\/cine-cool-3-films-premiere-a-mcl\/\"},\"author\":{\"name\":\"QG\",\"@id\":\"https:\/\/vosgesinfo.fr\/gerardmerinfo\/#\/schema\/person\/db5605779a843dad16b5368f3e7613a5\"},\"headline\":\"Cin\u00e9 Cool : 3 films en avant-premi\u00e8re \u00e0 la MCL\",\"datePublished\":\"2021-08-12T02:01:11+00:00\",\"dateModified\":\"2021-08-12T02:01:11+00:00\",\"mainEntityOfPage\":{\"@id\":\"https:\/\/vosgesinfo.fr\/gerardmerinfo\/2021\/08\/cine-cool-3-films-premiere-a-mcl\/\"},\"wordCount\":520,\"commentCount\":0,\"publisher\":{\"@id\":\"https:\/\/vosgesinfo.fr\/gerardmerinfo\/#organization\"},\"image\":{\"@id\":\"https:\/\/vosgesinfo.fr\/gerardmerinfo\/2021\/08\/cine-cool-3-films-premiere-a-mcl\/#primaryimage\"},\"thumbnailUrl\":\"https:\/\/vosgesinfo.fr\/app\/uploads\/sites\/6\/2024\/07\/202108cine-cool-1.jpg\",\"keywords\":[\"cin\u00e9 cool\"],\"articleSection\":[\"A la une\",\"Culture\",\"G\u00e9rardmer\"],\"inLanguage\":\"fr-FR\",\"potentialAction\":[{\"@type\":\"CommentAction\",\"name\":\"Comment\",\"target\":[\"https:\/\/vosgesinfo.fr\/gerardmerinfo\/2021\/08\/cine-cool-3-films-premiere-a-mcl\/#respond\"]}]},{\"@type\":\"WebPage\",\"@id\":\"https:\/\/vosgesinfo.fr\/gerardmerinfo\/2021\/08\/cine-cool-3-films-premiere-a-mcl\/\",\"url\":\"https:\/\/vosgesinfo.fr\/gerardmerinfo\/2021\/08\/cine-cool-3-films-premiere-a-mcl\/\",\"name\":\"Cin\u00e9 Cool : 3 films en avant-premi\u00e8re \u00e0 la MCL - Gerardmer Info\",\"isPartOf\":{\"@id\":\"https:\/\/vosgesinfo.fr\/gerardmerinfo\/#website\"},\"primaryImageOfPage\":{\"@id\":\"https:\/\/vosgesinfo.fr\/gerardmerinfo\/2021\/08\/cine-cool-3-films-premiere-a-mcl\/#primaryimage\"},\"image\":{\"@id\":\"https:\/\/vosgesinfo.fr\/gerardmerinfo\/2021\/08\/cine-cool-3-films-premiere-a-mcl\/#primaryimage\"},\"thumbnailUrl\":\"https:\/\/vosgesinfo.fr\/app\/uploads\/sites\/6\/2024\/07\/202108cine-cool-1.jpg\",\"datePublished\":\"2021-08-12T02:01:11+00:00\",\"dateModified\":\"2021-08-12T02:01:11+00:00\",\"breadcrumb\":{\"@id\":\"https:\/\/vosgesinfo.fr\/gerardmerinfo\/2021\/08\/cine-cool-3-films-premiere-a-mcl\/#breadcrumb\"},\"inLanguage\":\"fr-FR\",\"potentialAction\":[{\"@type\":\"ReadAction\",\"target\":[\"https:\/\/vosgesinfo.fr\/gerardmerinfo\/2021\/08\/cine-cool-3-films-premiere-a-mcl\/\"]}]},{\"@type\":\"ImageObject\",\"inLanguage\":\"fr-FR\",\"@id\":\"https:\/\/vosgesinfo.fr\/gerardmerinfo\/2021\/08\/cine-cool-3-films-premiere-a-mcl\/#primaryimage\",\"url\":\"https:\/\/vosgesinfo.fr\/app\/uploads\/sites\/6\/2024\/07\/202108cine-cool-1.jpg\",\"contentUrl\":\"https:\/\/vosgesinfo.fr\/app\/uploads\/sites\/6\/2024\/07\/202108cine-cool-1.jpg\",\"width\":800,\"height\":600},{\"@type\":\"BreadcrumbList\",\"@id\":\"https:\/\/vosgesinfo.fr\/gerardmerinfo\/2021\/08\/cine-cool-3-films-premiere-a-mcl\/#breadcrumb\",\"itemListElement\":[{\"@type\":\"ListItem\",\"position\":1,\"name\":\"Home\",\"item\":\"https:\/\/vosgesinfo.fr\/gerardmerinfo\/\"},{\"@type\":\"ListItem\",\"position\":2,\"name\":\"Cin\u00e9 Cool : 3 films en avant-premi\u00e8re \u00e0 la MCL\"}]},{\"@type\":\"WebSite\",\"@id\":\"https:\/\/vosgesinfo.fr\/gerardmerinfo\/#website\",\"url\":\"https:\/\/vosgesinfo.fr\/gerardmerinfo\/\",\"name\":\"Gerardmer Info\",\"description\":\"Toute l&#039;actualit\u00e9 de G\u00e9rardmer\",\"publisher\":{\"@id\":\"https:\/\/vosgesinfo.fr\/gerardmerinfo\/#organization\"},\"alternateName\":\"Toute l'actualit\u00e9 de G\u00e9rardmer\",\"potentialAction\":[{\"@type\":\"SearchAction\",\"target\":{\"@type\":\"EntryPoint\",\"urlTemplate\":\"https:\/\/vosgesinfo.fr\/gerardmerinfo\/?s={search_term_string}\"},\"query-input\":\"required name=search_term_string\"}],\"inLanguage\":\"fr-FR\"},{\"@type\":\"Organization\",\"@id\":\"https:\/\/vosgesinfo.fr\/gerardmerinfo\/#organization\",\"name\":\"Gerardmer Info\",\"url\":\"https:\/\/vosgesinfo.fr\/gerardmerinfo\/\",\"logo\":{\"@type\":\"ImageObject\",\"inLanguage\":\"fr-FR\",\"@id\":\"https:\/\/vosgesinfo.fr\/gerardmerinfo\/#\/schema\/logo\/image\/\",\"url\":\"https:\/\/vosgesinfo.fr\/app\/uploads\/sites\/6\/2023\/08\/favicon-gerardmerinfo.png\",\"contentUrl\":\"https:\/\/vosgesinfo.fr\/app\/uploads\/sites\/6\/2023\/08\/favicon-gerardmerinfo.png\",\"width\":512,\"height\":512,\"caption\":\"Gerardmer Info\"},\"image\":{\"@id\":\"https:\/\/vosgesinfo.fr\/gerardmerinfo\/#\/schema\/logo\/image\/\"},\"sameAs\":[\"https:\/\/www.facebook.com\/profile.php?id=100049475262660\",\"https:\/\/x.com\/VosgesInfo88\",\"https:\/\/www.youtube.com\/@vosgesinfo\"]},{\"@type\":\"Person\",\"@id\":\"https:\/\/vosgesinfo.fr\/gerardmerinfo\/#\/schema\/person\/db5605779a843dad16b5368f3e7613a5\",\"name\":\"QG\",\"image\":{\"@type\":\"ImageObject\",\"inLanguage\":\"fr-FR\",\"@id\":\"https:\/\/vosgesinfo.fr\/gerardmerinfo\/#\/schema\/person\/image\/\",\"url\":\"https:\/\/secure.gravatar.com\/avatar\/ea80c42c204b534408512832fde52504ecabb9706bcb6151cf6175e5b64e6793?s=96&d=mm&r=g\",\"contentUrl\":\"https:\/\/secure.gravatar.com\/avatar\/ea80c42c204b534408512832fde52504ecabb9706bcb6151cf6175e5b64e6793?s=96&d=mm&r=g\",\"caption\":\"QG\"},\"url\":\"https:\/\/vosgesinfo.fr\/gerardmerinfo\/author\/quentin88\/\"}]}<\/script>\n<!-- \/ Yoast SEO plugin. -->","yoast_head_json":{"title":"Cin\u00e9 Cool : 3 films en avant-premi\u00e8re \u00e0 la MCL - Gerardmer Info","robots":{"index":"index","follow":"follow","max-snippet":"max-snippet:-1","max-image-preview":"max-image-preview:large","max-video-preview":"max-video-preview:-1"},"canonical":"https:\/\/vosgesinfo.fr\/gerardmerinfo\/2021\/08\/cine-cool-3-films-premiere-a-mcl\/","twitter_card":"summary_large_image","twitter_title":"Cin\u00e9 Cool : 3 films en avant-premi\u00e8re \u00e0 la MCL - Gerardmer Info","twitter_description":"Cin\u00e9 Cool est de retour dans les salles du Grand Est avec une semaine \u00e0 prix sp\u00e9cial qui s\u2019\u00e9tend du [&hellip;]","twitter_image":"https:\/\/vosgesinfo.fr\/app\/uploads\/sites\/6\/2024\/07\/202108cine-cool-1.jpg","twitter_creator":"@VosgesInfo88","twitter_site":"@VosgesInfo88","twitter_misc":{"\u00c9crit par":"QG","Dur\u00e9e de lecture estim\u00e9e":"3 minutes"},"schema":{"@context":"https:\/\/schema.org","@graph":[{"@type":"Article","@id":"https:\/\/vosgesinfo.fr\/gerardmerinfo\/2021\/08\/cine-cool-3-films-premiere-a-mcl\/#article","isPartOf":{"@id":"https:\/\/vosgesinfo.fr\/gerardmerinfo\/2021\/08\/cine-cool-3-films-premiere-a-mcl\/"},"author":{"name":"QG","@id":"https:\/\/vosgesinfo.fr\/gerardmerinfo\/#\/schema\/person\/db5605779a843dad16b5368f3e7613a5"},"headline":"Cin\u00e9 Cool : 3 films en avant-premi\u00e8re \u00e0 la MCL","datePublished":"2021-08-12T02:01:11+00:00","dateModified":"2021-08-12T02:01:11+00:00","mainEntityOfPage":{"@id":"https:\/\/vosgesinfo.fr\/gerardmerinfo\/2021\/08\/cine-cool-3-films-premiere-a-mcl\/"},"wordCount":520,"commentCount":0,"publisher":{"@id":"https:\/\/vosgesinfo.fr\/gerardmerinfo\/#organization"},"image":{"@id":"https:\/\/vosgesinfo.fr\/gerardmerinfo\/2021\/08\/cine-cool-3-films-premiere-a-mcl\/#primaryimage"},"thumbnailUrl":"https:\/\/vosgesinfo.fr\/app\/uploads\/sites\/6\/2024\/07\/202108cine-cool-1.jpg","keywords":["cin\u00e9 cool"],"articleSection":["A la une","Culture","G\u00e9rardmer"],"inLanguage":"fr-FR","potentialAction":[{"@type":"CommentAction","name":"Comment","target":["https:\/\/vosgesinfo.fr\/gerardmerinfo\/2021\/08\/cine-cool-3-films-premiere-a-mcl\/#respond"]}]},{"@type":"WebPage","@id":"https:\/\/vosgesinfo.fr\/gerardmerinfo\/2021\/08\/cine-cool-3-films-premiere-a-mcl\/","url":"https:\/\/vosgesinfo.fr\/gerardmerinfo\/2021\/08\/cine-cool-3-films-premiere-a-mcl\/","name":"Cin\u00e9 Cool : 3 films en avant-premi\u00e8re \u00e0 la MCL - Gerardmer Info","isPartOf":{"@id":"https:\/\/vosgesinfo.fr\/gerardmerinfo\/#website"},"primaryImageOfPage":{"@id":"https:\/\/vosgesinfo.fr\/gerardmerinfo\/2021\/08\/cine-cool-3-films-premiere-a-mcl\/#primaryimage"},"image":{"@id":"https:\/\/vosgesinfo.fr\/gerardmerinfo\/2021\/08\/cine-cool-3-films-premiere-a-mcl\/#primaryimage"},"thumbnailUrl":"https:\/\/vosgesinfo.fr\/app\/uploads\/sites\/6\/2024\/07\/202108cine-cool-1.jpg","datePublished":"2021-08-12T02:01:11+00:00","dateModified":"2021-08-12T02:01:11+00:00","breadcrumb":{"@id":"https:\/\/vosgesinfo.fr\/gerardmerinfo\/2021\/08\/cine-cool-3-films-premiere-a-mcl\/#breadcrumb"},"inLanguage":"fr-FR","potentialAction":[{"@type":"ReadAction","target":["https:\/\/vosgesinfo.fr\/gerardmerinfo\/2021\/08\/cine-cool-3-films-premiere-a-mcl\/"]}]},{"@type":"ImageObject","inLanguage":"fr-FR","@id":"https:\/\/vosgesinfo.fr\/gerardmerinfo\/2021\/08\/cine-cool-3-films-premiere-a-mcl\/#primaryimage","url":"https:\/\/vosgesinfo.fr\/app\/uploads\/sites\/6\/2024\/07\/202108cine-cool-1.jpg","contentUrl":"https:\/\/vosgesinfo.fr\/app\/uploads\/sites\/6\/2024\/07\/202108cine-cool-1.jpg","width":800,"height":600},{"@type":"BreadcrumbList","@id":"https:\/\/vosgesinfo.fr\/gerardmerinfo\/2021\/08\/cine-cool-3-films-premiere-a-mcl\/#breadcrumb","itemListElement":[{"@type":"ListItem","position":1,"name":"Home","item":"https:\/\/vosgesinfo.fr\/gerardmerinfo\/"},{"@type":"ListItem","position":2,"name":"Cin\u00e9 Cool : 3 films en avant-premi\u00e8re \u00e0 la MCL"}]},{"@type":"WebSite","@id":"https:\/\/vosgesinfo.fr\/gerardmerinfo\/#website","url":"https:\/\/vosgesinfo.fr\/gerardmerinfo\/","name":"Gerardmer Info","description":"Toute l&#039;actualit\u00e9 de G\u00e9rardmer","publisher":{"@id":"https:\/\/vosgesinfo.fr\/gerardmerinfo\/#organization"},"alternateName":"Toute l'actualit\u00e9 de G\u00e9rardmer","potentialAction":[{"@type":"SearchAction","target":{"@type":"EntryPoint","urlTemplate":"https:\/\/vosgesinfo.fr\/gerardmerinfo\/?s={search_term_string}"},"query-input":"required name=search_term_string"}],"inLanguage":"fr-FR"},{"@type":"Organization","@id":"https:\/\/vosgesinfo.fr\/gerardmerinfo\/#organization","name":"Gerardmer Info","url":"https:\/\/vosgesinfo.fr\/gerardmerinfo\/","logo":{"@type":"ImageObject","inLanguage":"fr-FR","@id":"https:\/\/vosgesinfo.fr\/gerardmerinfo\/#\/schema\/logo\/image\/","url":"https:\/\/vosgesinfo.fr\/app\/uploads\/sites\/6\/2023\/08\/favicon-gerardmerinfo.png","contentUrl":"https:\/\/vosgesinfo.fr\/app\/uploads\/sites\/6\/2023\/08\/favicon-gerardmerinfo.png","width":512,"height":512,"caption":"Gerardmer Info"},"image":{"@id":"https:\/\/vosgesinfo.fr\/gerardmerinfo\/#\/schema\/logo\/image\/"},"sameAs":["https:\/\/www.facebook.com\/profile.php?id=100049475262660","https:\/\/x.com\/VosgesInfo88","https:\/\/www.youtube.com\/@vosgesinfo"]},{"@type":"Person","@id":"https:\/\/vosgesinfo.fr\/gerardmerinfo\/#\/schema\/person\/db5605779a843dad16b5368f3e7613a5","name":"QG","image":{"@type":"ImageObject","inLanguage":"fr-FR","@id":"https:\/\/vosgesinfo.fr\/gerardmerinfo\/#\/schema\/person\/image\/","url":"https:\/\/secure.gravatar.com\/avatar\/ea80c42c204b534408512832fde52504ecabb9706bcb6151cf6175e5b64e6793?s=96&d=mm&r=g","contentUrl":"https:\/\/secure.gravatar.com\/avatar\/ea80c42c204b534408512832fde52504ecabb9706bcb6151cf6175e5b64e6793?s=96&d=mm&r=g","caption":"QG"},"url":"https:\/\/vosgesinfo.fr\/gerardmerinfo\/author\/quentin88\/"}]}},"_links":{"self":[{"href":"https:\/\/vosgesinfo.fr\/gerardmerinfo\/wp-json\/wp\/v2\/posts\/54236","targetHints":{"allow":["GET"]}}],"collection":[{"href":"https:\/\/vosgesinfo.fr\/gerardmerinfo\/wp-json\/wp\/v2\/posts"}],"about":[{"href":"https:\/\/vosgesinfo.fr\/gerardmerinfo\/wp-json\/wp\/v2\/types\/post"}],"author":[{"embeddable":true,"href":"https:\/\/vosgesinfo.fr\/gerardmerinfo\/wp-json\/wp\/v2\/users\/42"}],"replies":[{"embeddable":true,"href":"https:\/\/vosgesinfo.fr\/gerardmerinfo\/wp-json\/wp\/v2\/comments?post=54236"}],"version-history":[{"count":0,"href":"https:\/\/vosgesinfo.fr\/gerardmerinfo\/wp-json\/wp\/v2\/posts\/54236\/revisions"}],"wp:featuredmedia":[{"embeddable":true,"href":"https:\/\/vosgesinfo.fr\/gerardmerinfo\/wp-json\/wp\/v2\/media\/54237"}],"wp:attachment":[{"href":"https:\/\/vosgesinfo.fr\/gerardmerinfo\/wp-json\/wp\/v2\/media?parent=54236"}],"wp:term":[{"taxonomy":"category","embeddable":true,"href":"https:\/\/vosgesinfo.fr\/gerardmerinfo\/wp-json\/wp\/v2\/categories?post=54236"},{"taxonomy":"post_tag","embeddable":true,"href":"https:\/\/vosgesinfo.fr\/gerardmerinfo\/wp-json\/wp\/v2\/tags?post=54236"}],"curies":[{"name":"wp","href":"https:\/\/api.w.org\/{rel}","templated":true}]}}