{"id":54321,"date":"2021-08-18T16:00:15","date_gmt":"2021-08-18T14:00:15","guid":{"rendered":"https:\/\/vosgesinfo.fr\/gerardmerinfo\/2021\/08\/24-heures-de-folles-organisations-seul-objectif-arriver-sommet-quune\/"},"modified":"2021-08-18T16:00:15","modified_gmt":"2021-08-18T14:00:15","slug":"24-heures-de-folles-organisations-seul-objectif-arriver-sommet-quune","status":"publish","type":"post","link":"https:\/\/vosgesinfo.fr\/gerardmerinfo\/2021\/08\/24-heures-de-folles-organisations-seul-objectif-arriver-sommet-quune\/","title":{"rendered":"24 heures de folles organisations et un seul objectif : arriver au sommet, et pas qu&rsquo;une fois !"},"content":{"rendered":"<h3><\/h3>\n<div id=\"attachment_179050\" style=\"width: 810px\" class=\"wp-caption aligncenter\"><a href=\"\/2021\/08\/ultra-mont\u00e9e-tetras-tremplin-avison-2.jpg\"><img decoding=\"async\" aria-describedby=\"caption-attachment-179050\" class=\"wp-image-179050 size-full\" src=\"\/2021\/08\/ultra-mont\u00e9e-tetras-tremplin-avison-2.jpg\" alt=\"ultra mont\u00e9e tetras tremplin avison (2)\" width=\"800\" height=\"600\" \/><\/a><p id=\"caption-attachment-179050\" class=\"wp-caption-text\">Seul on va plus vite, ensemble on va plus loin&#8230;<\/p><\/div>\n<h3><\/h3>\n\n<h3>Gros week-end en perspective \u00e0 la fin du mois d&rsquo;ao\u00fbt avec trois rencontres sportives originales qui se suivent, unies sous la m\u00eame banni\u00e8re : celle du d\u00e9fi, de l&rsquo;innovation et de la mutualisation.<\/h3>\n<p>En effet, comme le pr\u00e9cisait Michel Lavest, l&rsquo;une des chevilles ouvri\u00e8res de ce projet un peu fou, on peut aller loin, ou plut\u00f4t on peut aller en r\u00e9unissant les bonnes personnes et en ayant l&rsquo;objectif commun d&rsquo;animer, d&rsquo;innover et de lancer des activit\u00e9s sportives et ludiques dans le massif. Pour preuve, alors que la section saut de l&rsquo;ASG Ski Alpin souhaitait organiser une Mont\u00e9e du Tremplin des Bas Rupts, l&rsquo;id\u00e9e s&rsquo;est rapidement impos\u00e9e de faire appel au savoir-faire d&rsquo;Athl\u00e9 Vosges vall\u00e9e des Lacs et de la Cleurie. Ce sera donc une grande premi\u00e8re le vendredi 27 ao\u00fbt prochain, un d\u00e9fi jamais r\u00e9alis\u00e9 dans les Vosges, inspir\u00e9 de ce qui se fait \u00e0 Courchevel sur le Red Bull 400. Distance : 250m pour un d\u00e9nivel\u00e9 de 80m avec qualifications, demi-finales et finales !<\/p>\n<p>Le samedi 28 ao\u00fbt, c&rsquo;est reparti pour un tour avec d\u00e8s le matin \u00e0 10 h 00 la Mont\u00e9e de l&rsquo;Avison organis\u00e9e par Athl\u00e9 Vosges Pays de Bruy\u00e8res. Un concept d&rsquo;enduro p\u00e9destre de 10 km tout \u00e0 fait nouveau avec l\u00e0 aussi 3 mont\u00e9es chronom\u00e9tr\u00e9es au menu. Pour les plus valeureux, on se retrouvera ensuite le m\u00eame jour \u00e0 17 h 00 du c\u00f4t\u00e9 de la Mauselaine \u00e0 G\u00e9rardmerpour l&rsquo;Ultra Mont\u00e9e du T\u00e9tras avec 1000m de d\u00e9nivel\u00e9 pour seulement 3,6km de course. 3 mont\u00e9es particuli\u00e8rement intensives pour cette ultime comp\u00e9tition organis\u00e9e conjointement par la Station de Trail locale et Athl\u00e9 Vosges Vall\u00e9e des Lacs avec comme cerise sur le g\u00e2teau le d\u00e9fi de Beno\u00eet Gandolfi, athl\u00e8te local r\u00e9cemment 3\u00e8me des championnats du monde de kilom\u00e8tre vertical : ce dernier tentera de battre le record du monde de mont\u00e9e de l&rsquo;Everest sur cette m\u00eame piste du t\u00e9tras ! \u00ab\u00a0Des classements combin\u00e9s se feront entre les mont\u00e9es de l&rsquo;Avison et du t\u00e9tras, mais aussi entre les Mont\u00e9es du Tremplin et du T\u00e9tras gr\u00e2ces notamment \u00e0 nos partenaires Ceramiq, G\u00e9rardmer Ski, Altitude Outdoor\u00a0\u00bb pr\u00e9cise Michel Lavest qui a \u00e9galement tenu \u00e0 remercier l&rsquo;ensemble des structures et sportifs impliqu\u00e9s dans cette aventure, sans oublier les responsables de station et les \u00e9lus qui se sont montr\u00e9s volontaires lors du montage de ce projet.<\/p>\n<p>Pour conclure, sachez enfin que le T\u00e9tras sera \u00e0 nouveau le th\u00e9\u00e2tre d&rsquo;un nouveau d\u00e9fi les 17 et 18 septembre prochains : celui de St\u00e9phane Brogniart qui d\u00e9fiera le record du monde de d\u00e9nivel\u00e9 positif en 24 heures. Record actuellement d\u00e9tenu par un autre Fran\u00e7ais en la personne d&rsquo;Aur\u00e9lien Dunand-Pallaz avec 17 218 m\u00e8tres. \u00c7a promet !!<\/p>\n<p><a href=\"\/2021\/08\/Affiche.jpeg\"><img decoding=\"async\" class=\"aligncenter size-full wp-image-179053\" src=\"\/2021\/08\/Affiche.jpeg\" alt=\"Affiche\" width=\"566\" height=\"800\" \/><\/a><\/p>\n","protected":false},"excerpt":{"rendered":"<p>Gros week-end en perspective \u00e0 la fin du mois d&rsquo;ao\u00fbt avec trois rencontres sportives originales qui se suivent, unies sous [&hellip;]<\/p>\n","protected":false},"author":42,"featured_media":54322,"comment_status":"open","ping_status":"open","sticky":false,"template":"","format":"standard","meta":{"footnotes":""},"categories":[20,25,14,18],"tags":[],"class_list":["post-54321","post","type-post","status-publish","format-standard","has-post-thumbnail","hentry","category-a-la-une","category-gerardmer","category-sport","category-vosges"],"acf":[],"yoast_head":"<!-- This site is optimized with the Yoast SEO plugin v22.5 - https:\/\/yoast.com\/wordpress\/plugins\/seo\/ -->\n<title>24 heures de folles organisations et un seul objectif : arriver au sommet, et pas qu&#039;une fois ! - Gerardmer Info<\/title>\n<meta name=\"robots\" content=\"index, follow, max-snippet:-1, max-image-preview:large, max-video-preview:-1\" \/>\n<link rel=\"canonical\" href=\"https:\/\/vosgesinfo.fr\/gerardmerinfo\/2021\/08\/24-heures-de-folles-organisations-seul-objectif-arriver-sommet-quune\/\" \/>\n<meta name=\"twitter:card\" content=\"summary_large_image\" \/>\n<meta name=\"twitter:title\" content=\"24 heures de folles organisations et un seul objectif : arriver au sommet, et pas qu&#039;une fois ! - Gerardmer Info\" \/>\n<meta name=\"twitter:description\" content=\"Gros week-end en perspective \u00e0 la fin du mois d&rsquo;ao\u00fbt avec trois rencontres sportives originales qui se suivent, unies sous [&hellip;]\" \/>\n<meta name=\"twitter:image\" content=\"https:\/\/vosgesinfo.fr\/app\/uploads\/sites\/6\/2024\/07\/202108ultra-montee-tetras-tremplin-avison-1.jpg\" \/>\n<meta name=\"twitter:creator\" content=\"@VosgesInfo88\" \/>\n<meta name=\"twitter:site\" content=\"@VosgesInfo88\" \/>\n<meta name=\"twitter:label1\" content=\"\u00c9crit par\" \/>\n\t<meta name=\"twitter:data1\" content=\"QG\" \/>\n\t<meta name=\"twitter:label2\" content=\"Dur\u00e9e de lecture estim\u00e9e\" \/>\n\t<meta name=\"twitter:data2\" content=\"3 minutes\" \/>\n<script type=\"application\/ld+json\" class=\"yoast-schema-graph\">{\"@context\":\"https:\/\/schema.org\",\"@graph\":[{\"@type\":\"Article\",\"@id\":\"https:\/\/vosgesinfo.fr\/gerardmerinfo\/2021\/08\/24-heures-de-folles-organisations-seul-objectif-arriver-sommet-quune\/#article\",\"isPartOf\":{\"@id\":\"https:\/\/vosgesinfo.fr\/gerardmerinfo\/2021\/08\/24-heures-de-folles-organisations-seul-objectif-arriver-sommet-quune\/\"},\"author\":{\"name\":\"QG\",\"@id\":\"https:\/\/vosgesinfo.fr\/gerardmerinfo\/#\/schema\/person\/db5605779a843dad16b5368f3e7613a5\"},\"headline\":\"24 heures de folles organisations et un seul objectif : arriver au sommet, et pas qu&rsquo;une fois !\",\"datePublished\":\"2021-08-18T14:00:15+00:00\",\"dateModified\":\"2021-08-18T14:00:15+00:00\",\"mainEntityOfPage\":{\"@id\":\"https:\/\/vosgesinfo.fr\/gerardmerinfo\/2021\/08\/24-heures-de-folles-organisations-seul-objectif-arriver-sommet-quune\/\"},\"wordCount\":536,\"commentCount\":0,\"publisher\":{\"@id\":\"https:\/\/vosgesinfo.fr\/gerardmerinfo\/#organization\"},\"image\":{\"@id\":\"https:\/\/vosgesinfo.fr\/gerardmerinfo\/2021\/08\/24-heures-de-folles-organisations-seul-objectif-arriver-sommet-quune\/#primaryimage\"},\"thumbnailUrl\":\"https:\/\/vosgesinfo.fr\/app\/uploads\/sites\/6\/2024\/07\/202108ultra-montee-tetras-tremplin-avison-1.jpg\",\"articleSection\":[\"A la une\",\"G\u00e9rardmer\",\"Sport\",\"Vosges\"],\"inLanguage\":\"fr-FR\",\"potentialAction\":[{\"@type\":\"CommentAction\",\"name\":\"Comment\",\"target\":[\"https:\/\/vosgesinfo.fr\/gerardmerinfo\/2021\/08\/24-heures-de-folles-organisations-seul-objectif-arriver-sommet-quune\/#respond\"]}]},{\"@type\":\"WebPage\",\"@id\":\"https:\/\/vosgesinfo.fr\/gerardmerinfo\/2021\/08\/24-heures-de-folles-organisations-seul-objectif-arriver-sommet-quune\/\",\"url\":\"https:\/\/vosgesinfo.fr\/gerardmerinfo\/2021\/08\/24-heures-de-folles-organisations-seul-objectif-arriver-sommet-quune\/\",\"name\":\"24 heures de folles organisations et un seul objectif : arriver au sommet, et pas qu'une fois ! - Gerardmer Info\",\"isPartOf\":{\"@id\":\"https:\/\/vosgesinfo.fr\/gerardmerinfo\/#website\"},\"primaryImageOfPage\":{\"@id\":\"https:\/\/vosgesinfo.fr\/gerardmerinfo\/2021\/08\/24-heures-de-folles-organisations-seul-objectif-arriver-sommet-quune\/#primaryimage\"},\"image\":{\"@id\":\"https:\/\/vosgesinfo.fr\/gerardmerinfo\/2021\/08\/24-heures-de-folles-organisations-seul-objectif-arriver-sommet-quune\/#primaryimage\"},\"thumbnailUrl\":\"https:\/\/vosgesinfo.fr\/app\/uploads\/sites\/6\/2024\/07\/202108ultra-montee-tetras-tremplin-avison-1.jpg\",\"datePublished\":\"2021-08-18T14:00:15+00:00\",\"dateModified\":\"2021-08-18T14:00:15+00:00\",\"breadcrumb\":{\"@id\":\"https:\/\/vosgesinfo.fr\/gerardmerinfo\/2021\/08\/24-heures-de-folles-organisations-seul-objectif-arriver-sommet-quune\/#breadcrumb\"},\"inLanguage\":\"fr-FR\",\"potentialAction\":[{\"@type\":\"ReadAction\",\"target\":[\"https:\/\/vosgesinfo.fr\/gerardmerinfo\/2021\/08\/24-heures-de-folles-organisations-seul-objectif-arriver-sommet-quune\/\"]}]},{\"@type\":\"ImageObject\",\"inLanguage\":\"fr-FR\",\"@id\":\"https:\/\/vosgesinfo.fr\/gerardmerinfo\/2021\/08\/24-heures-de-folles-organisations-seul-objectif-arriver-sommet-quune\/#primaryimage\",\"url\":\"https:\/\/vosgesinfo.fr\/app\/uploads\/sites\/6\/2024\/07\/202108ultra-montee-tetras-tremplin-avison-1.jpg\",\"contentUrl\":\"https:\/\/vosgesinfo.fr\/app\/uploads\/sites\/6\/2024\/07\/202108ultra-montee-tetras-tremplin-avison-1.jpg\",\"width\":800,\"height\":600},{\"@type\":\"BreadcrumbList\",\"@id\":\"https:\/\/vosgesinfo.fr\/gerardmerinfo\/2021\/08\/24-heures-de-folles-organisations-seul-objectif-arriver-sommet-quune\/#breadcrumb\",\"itemListElement\":[{\"@type\":\"ListItem\",\"position\":1,\"name\":\"Home\",\"item\":\"https:\/\/vosgesinfo.fr\/gerardmerinfo\/\"},{\"@type\":\"ListItem\",\"position\":2,\"name\":\"24 heures de folles organisations et un seul objectif : arriver au sommet, et pas qu&rsquo;une fois !\"}]},{\"@type\":\"WebSite\",\"@id\":\"https:\/\/vosgesinfo.fr\/gerardmerinfo\/#website\",\"url\":\"https:\/\/vosgesinfo.fr\/gerardmerinfo\/\",\"name\":\"Gerardmer Info\",\"description\":\"Toute l&#039;actualit\u00e9 de G\u00e9rardmer\",\"publisher\":{\"@id\":\"https:\/\/vosgesinfo.fr\/gerardmerinfo\/#organization\"},\"alternateName\":\"Toute l'actualit\u00e9 de G\u00e9rardmer\",\"potentialAction\":[{\"@type\":\"SearchAction\",\"target\":{\"@type\":\"EntryPoint\",\"urlTemplate\":\"https:\/\/vosgesinfo.fr\/gerardmerinfo\/?s={search_term_string}\"},\"query-input\":\"required name=search_term_string\"}],\"inLanguage\":\"fr-FR\"},{\"@type\":\"Organization\",\"@id\":\"https:\/\/vosgesinfo.fr\/gerardmerinfo\/#organization\",\"name\":\"Gerardmer Info\",\"url\":\"https:\/\/vosgesinfo.fr\/gerardmerinfo\/\",\"logo\":{\"@type\":\"ImageObject\",\"inLanguage\":\"fr-FR\",\"@id\":\"https:\/\/vosgesinfo.fr\/gerardmerinfo\/#\/schema\/logo\/image\/\",\"url\":\"https:\/\/vosgesinfo.fr\/app\/uploads\/sites\/6\/2023\/08\/favicon-gerardmerinfo.png\",\"contentUrl\":\"https:\/\/vosgesinfo.fr\/app\/uploads\/sites\/6\/2023\/08\/favicon-gerardmerinfo.png\",\"width\":512,\"height\":512,\"caption\":\"Gerardmer Info\"},\"image\":{\"@id\":\"https:\/\/vosgesinfo.fr\/gerardmerinfo\/#\/schema\/logo\/image\/\"},\"sameAs\":[\"https:\/\/www.facebook.com\/profile.php?id=100049475262660\",\"https:\/\/x.com\/VosgesInfo88\",\"https:\/\/www.youtube.com\/@vosgesinfo\"]},{\"@type\":\"Person\",\"@id\":\"https:\/\/vosgesinfo.fr\/gerardmerinfo\/#\/schema\/person\/db5605779a843dad16b5368f3e7613a5\",\"name\":\"QG\",\"image\":{\"@type\":\"ImageObject\",\"inLanguage\":\"fr-FR\",\"@id\":\"https:\/\/vosgesinfo.fr\/gerardmerinfo\/#\/schema\/person\/image\/\",\"url\":\"https:\/\/secure.gravatar.com\/avatar\/ea80c42c204b534408512832fde52504ecabb9706bcb6151cf6175e5b64e6793?s=96&d=mm&r=g\",\"contentUrl\":\"https:\/\/secure.gravatar.com\/avatar\/ea80c42c204b534408512832fde52504ecabb9706bcb6151cf6175e5b64e6793?s=96&d=mm&r=g\",\"caption\":\"QG\"},\"url\":\"https:\/\/vosgesinfo.fr\/gerardmerinfo\/author\/quentin88\/\"}]}<\/script>\n<!-- \/ Yoast SEO plugin. -->","yoast_head_json":{"title":"24 heures de folles organisations et un seul objectif : arriver au sommet, et pas qu'une fois ! - Gerardmer Info","robots":{"index":"index","follow":"follow","max-snippet":"max-snippet:-1","max-image-preview":"max-image-preview:large","max-video-preview":"max-video-preview:-1"},"canonical":"https:\/\/vosgesinfo.fr\/gerardmerinfo\/2021\/08\/24-heures-de-folles-organisations-seul-objectif-arriver-sommet-quune\/","twitter_card":"summary_large_image","twitter_title":"24 heures de folles organisations et un seul objectif : arriver au sommet, et pas qu'une fois ! - Gerardmer Info","twitter_description":"Gros week-end en perspective \u00e0 la fin du mois d&rsquo;ao\u00fbt avec trois rencontres sportives originales qui se suivent, unies sous [&hellip;]","twitter_image":"https:\/\/vosgesinfo.fr\/app\/uploads\/sites\/6\/2024\/07\/202108ultra-montee-tetras-tremplin-avison-1.jpg","twitter_creator":"@VosgesInfo88","twitter_site":"@VosgesInfo88","twitter_misc":{"\u00c9crit par":"QG","Dur\u00e9e de lecture estim\u00e9e":"3 minutes"},"schema":{"@context":"https:\/\/schema.org","@graph":[{"@type":"Article","@id":"https:\/\/vosgesinfo.fr\/gerardmerinfo\/2021\/08\/24-heures-de-folles-organisations-seul-objectif-arriver-sommet-quune\/#article","isPartOf":{"@id":"https:\/\/vosgesinfo.fr\/gerardmerinfo\/2021\/08\/24-heures-de-folles-organisations-seul-objectif-arriver-sommet-quune\/"},"author":{"name":"QG","@id":"https:\/\/vosgesinfo.fr\/gerardmerinfo\/#\/schema\/person\/db5605779a843dad16b5368f3e7613a5"},"headline":"24 heures de folles organisations et un seul objectif : arriver au sommet, et pas qu&rsquo;une fois !","datePublished":"2021-08-18T14:00:15+00:00","dateModified":"2021-08-18T14:00:15+00:00","mainEntityOfPage":{"@id":"https:\/\/vosgesinfo.fr\/gerardmerinfo\/2021\/08\/24-heures-de-folles-organisations-seul-objectif-arriver-sommet-quune\/"},"wordCount":536,"commentCount":0,"publisher":{"@id":"https:\/\/vosgesinfo.fr\/gerardmerinfo\/#organization"},"image":{"@id":"https:\/\/vosgesinfo.fr\/gerardmerinfo\/2021\/08\/24-heures-de-folles-organisations-seul-objectif-arriver-sommet-quune\/#primaryimage"},"thumbnailUrl":"https:\/\/vosgesinfo.fr\/app\/uploads\/sites\/6\/2024\/07\/202108ultra-montee-tetras-tremplin-avison-1.jpg","articleSection":["A la une","G\u00e9rardmer","Sport","Vosges"],"inLanguage":"fr-FR","potentialAction":[{"@type":"CommentAction","name":"Comment","target":["https:\/\/vosgesinfo.fr\/gerardmerinfo\/2021\/08\/24-heures-de-folles-organisations-seul-objectif-arriver-sommet-quune\/#respond"]}]},{"@type":"WebPage","@id":"https:\/\/vosgesinfo.fr\/gerardmerinfo\/2021\/08\/24-heures-de-folles-organisations-seul-objectif-arriver-sommet-quune\/","url":"https:\/\/vosgesinfo.fr\/gerardmerinfo\/2021\/08\/24-heures-de-folles-organisations-seul-objectif-arriver-sommet-quune\/","name":"24 heures de folles organisations et un seul objectif : arriver au sommet, et pas qu'une fois ! - Gerardmer Info","isPartOf":{"@id":"https:\/\/vosgesinfo.fr\/gerardmerinfo\/#website"},"primaryImageOfPage":{"@id":"https:\/\/vosgesinfo.fr\/gerardmerinfo\/2021\/08\/24-heures-de-folles-organisations-seul-objectif-arriver-sommet-quune\/#primaryimage"},"image":{"@id":"https:\/\/vosgesinfo.fr\/gerardmerinfo\/2021\/08\/24-heures-de-folles-organisations-seul-objectif-arriver-sommet-quune\/#primaryimage"},"thumbnailUrl":"https:\/\/vosgesinfo.fr\/app\/uploads\/sites\/6\/2024\/07\/202108ultra-montee-tetras-tremplin-avison-1.jpg","datePublished":"2021-08-18T14:00:15+00:00","dateModified":"2021-08-18T14:00:15+00:00","breadcrumb":{"@id":"https:\/\/vosgesinfo.fr\/gerardmerinfo\/2021\/08\/24-heures-de-folles-organisations-seul-objectif-arriver-sommet-quune\/#breadcrumb"},"inLanguage":"fr-FR","potentialAction":[{"@type":"ReadAction","target":["https:\/\/vosgesinfo.fr\/gerardmerinfo\/2021\/08\/24-heures-de-folles-organisations-seul-objectif-arriver-sommet-quune\/"]}]},{"@type":"ImageObject","inLanguage":"fr-FR","@id":"https:\/\/vosgesinfo.fr\/gerardmerinfo\/2021\/08\/24-heures-de-folles-organisations-seul-objectif-arriver-sommet-quune\/#primaryimage","url":"https:\/\/vosgesinfo.fr\/app\/uploads\/sites\/6\/2024\/07\/202108ultra-montee-tetras-tremplin-avison-1.jpg","contentUrl":"https:\/\/vosgesinfo.fr\/app\/uploads\/sites\/6\/2024\/07\/202108ultra-montee-tetras-tremplin-avison-1.jpg","width":800,"height":600},{"@type":"BreadcrumbList","@id":"https:\/\/vosgesinfo.fr\/gerardmerinfo\/2021\/08\/24-heures-de-folles-organisations-seul-objectif-arriver-sommet-quune\/#breadcrumb","itemListElement":[{"@type":"ListItem","position":1,"name":"Home","item":"https:\/\/vosgesinfo.fr\/gerardmerinfo\/"},{"@type":"ListItem","position":2,"name":"24 heures de folles organisations et un seul objectif : arriver au sommet, et pas qu&rsquo;une fois !"}]},{"@type":"WebSite","@id":"https:\/\/vosgesinfo.fr\/gerardmerinfo\/#website","url":"https:\/\/vosgesinfo.fr\/gerardmerinfo\/","name":"Gerardmer Info","description":"Toute l&#039;actualit\u00e9 de G\u00e9rardmer","publisher":{"@id":"https:\/\/vosgesinfo.fr\/gerardmerinfo\/#organization"},"alternateName":"Toute l'actualit\u00e9 de G\u00e9rardmer","potentialAction":[{"@type":"SearchAction","target":{"@type":"EntryPoint","urlTemplate":"https:\/\/vosgesinfo.fr\/gerardmerinfo\/?s={search_term_string}"},"query-input":"required name=search_term_string"}],"inLanguage":"fr-FR"},{"@type":"Organization","@id":"https:\/\/vosgesinfo.fr\/gerardmerinfo\/#organization","name":"Gerardmer Info","url":"https:\/\/vosgesinfo.fr\/gerardmerinfo\/","logo":{"@type":"ImageObject","inLanguage":"fr-FR","@id":"https:\/\/vosgesinfo.fr\/gerardmerinfo\/#\/schema\/logo\/image\/","url":"https:\/\/vosgesinfo.fr\/app\/uploads\/sites\/6\/2023\/08\/favicon-gerardmerinfo.png","contentUrl":"https:\/\/vosgesinfo.fr\/app\/uploads\/sites\/6\/2023\/08\/favicon-gerardmerinfo.png","width":512,"height":512,"caption":"Gerardmer Info"},"image":{"@id":"https:\/\/vosgesinfo.fr\/gerardmerinfo\/#\/schema\/logo\/image\/"},"sameAs":["https:\/\/www.facebook.com\/profile.php?id=100049475262660","https:\/\/x.com\/VosgesInfo88","https:\/\/www.youtube.com\/@vosgesinfo"]},{"@type":"Person","@id":"https:\/\/vosgesinfo.fr\/gerardmerinfo\/#\/schema\/person\/db5605779a843dad16b5368f3e7613a5","name":"QG","image":{"@type":"ImageObject","inLanguage":"fr-FR","@id":"https:\/\/vosgesinfo.fr\/gerardmerinfo\/#\/schema\/person\/image\/","url":"https:\/\/secure.gravatar.com\/avatar\/ea80c42c204b534408512832fde52504ecabb9706bcb6151cf6175e5b64e6793?s=96&d=mm&r=g","contentUrl":"https:\/\/secure.gravatar.com\/avatar\/ea80c42c204b534408512832fde52504ecabb9706bcb6151cf6175e5b64e6793?s=96&d=mm&r=g","caption":"QG"},"url":"https:\/\/vosgesinfo.fr\/gerardmerinfo\/author\/quentin88\/"}]}},"_links":{"self":[{"href":"https:\/\/vosgesinfo.fr\/gerardmerinfo\/wp-json\/wp\/v2\/posts\/54321","targetHints":{"allow":["GET"]}}],"collection":[{"href":"https:\/\/vosgesinfo.fr\/gerardmerinfo\/wp-json\/wp\/v2\/posts"}],"about":[{"href":"https:\/\/vosgesinfo.fr\/gerardmerinfo\/wp-json\/wp\/v2\/types\/post"}],"author":[{"embeddable":true,"href":"https:\/\/vosgesinfo.fr\/gerardmerinfo\/wp-json\/wp\/v2\/users\/42"}],"replies":[{"embeddable":true,"href":"https:\/\/vosgesinfo.fr\/gerardmerinfo\/wp-json\/wp\/v2\/comments?post=54321"}],"version-history":[{"count":0,"href":"https:\/\/vosgesinfo.fr\/gerardmerinfo\/wp-json\/wp\/v2\/posts\/54321\/revisions"}],"wp:featuredmedia":[{"embeddable":true,"href":"https:\/\/vosgesinfo.fr\/gerardmerinfo\/wp-json\/wp\/v2\/media\/54322"}],"wp:attachment":[{"href":"https:\/\/vosgesinfo.fr\/gerardmerinfo\/wp-json\/wp\/v2\/media?parent=54321"}],"wp:term":[{"taxonomy":"category","embeddable":true,"href":"https:\/\/vosgesinfo.fr\/gerardmerinfo\/wp-json\/wp\/v2\/categories?post=54321"},{"taxonomy":"post_tag","embeddable":true,"href":"https:\/\/vosgesinfo.fr\/gerardmerinfo\/wp-json\/wp\/v2\/tags?post=54321"}],"curies":[{"name":"wp","href":"https:\/\/api.w.org\/{rel}","templated":true}]}}