{"id":54331,"date":"2021-08-18T08:35:18","date_gmt":"2021-08-18T06:35:18","guid":{"rendered":"https:\/\/vosgesinfo.fr\/gerardmerinfo\/2021\/08\/lacademie-internationale-de-musique-de-gerardmer-genese-dun-projet-lair-temps\/"},"modified":"2021-08-18T08:35:18","modified_gmt":"2021-08-18T06:35:18","slug":"lacademie-internationale-de-musique-de-gerardmer-genese-dun-projet-lair-temps","status":"publish","type":"post","link":"https:\/\/vosgesinfo.fr\/gerardmerinfo\/2021\/08\/lacademie-internationale-de-musique-de-gerardmer-genese-dun-projet-lair-temps\/","title":{"rendered":"L\u2019Acad\u00e9mie Internationale de Musique de G\u00e9rardmer : la gen\u00e8se d\u2019un projet dans l\u2019air du temps"},"content":{"rendered":"\n<h3><span style=\"font-size: 12pt;\">\u00a0<\/span><\/h3>\n<h3><span style=\"font-size: 12pt;\">Jean-Pierre Odasso, le Directeur Artistique de l\u2019Acad\u00e9mie Internationale de Musique de G\u00e9rardmer, donne le ton, il est fier du chemin parcouru. C\u2019est la 30<sup>\u00e8me<\/sup> \u00e9dition du festival cette ann\u00e9e.<\/span><\/h3>\n<p><span style=\"font-size: 12pt;\"><a href=\"\/2021\/08\/Jean-Pierre-Odasso-Academie-internationale-de-musique-2021-2.jpg\"><img decoding=\"async\" class=\"alignright size-medium wp-image-179070\" src=\"\/2021\/08\/Jean-Pierre-Odasso-Academie-internationale-de-musique-2021-2-383x255.jpg\" alt=\"Jean-Pierre Odasso Academie internationale de musique 2021 (2)\" width=\"383\" height=\"255\" \/><\/a>C\u2019est en 1991 que Jean Pierre Odasso et ses trois fr\u00e8res ont eu l\u2019id\u00e9e de cr\u00e9er un mini festival afin de se retrouver et partager leur passion commune pour la musique. Le premier opus s\u2019est tenue \u00e0 Jarny en Meurthe et Moselle, le succ\u00e8s est au rendez-vous, si bien que 5 ans plus tard, le festival d\u00e9m\u00e9nage\u00a0\u00e0 G\u00e9rardmer afin d\u2019avoir plus d\u2019espace et de r\u00e9sonance. <\/span><\/p>\n<p><span style=\"font-size: 12pt;\">Les stagiaires, les professeurs et l\u2019\u00e9quipe logistique sont log\u00e9s \u00e0 l\u2019ODCVL au pied des pistes de la Mauselaine. Et c\u2019est sans compter sur l\u2019aide de la municipalit\u00e9 de G\u00e9rardmer qui met gracieusement \u00e0\u00a0disposition l\u2019\u00e9cole de musique afin que les stagiaires puissent r\u00e9p\u00e9ter dans des conditions optimales. Comme chaque ann\u00e9e, l\u2019acad\u00e9mie Internationale de Musique de G\u00e9rardmer se d\u00e9roule sur 9 jours au mois d\u2019ao\u00fbt. La cuv\u00e9e 2021 rassemble 21 professeurs et 117\u00a0jeunes stagiaires \u00e2g\u00e9s de 9 \u00e0 80 ans. Ils viennent des quatre coins de la France et de l\u2019\u00e9tranger pour travailler leur instrument de pr\u00e9dilection dans une ambiance conviviale.<\/span><\/p>\n<p><span style=\"font-size: 12pt;\">Les stagiaires suivent quotidiennement des cours de musique de chambre, musique jazz improvisation, orchestre \u00e0 cordes et orchestre symphonique. Ils b\u00e9n\u00e9ficient d\u2019un enseignement de qualit\u00e9. Pour preuve, un des professeurs chante \u00e0 la Scala de Milan. Jean-Pierre Odasso est lui-m\u00eame trompettiste \u00e0 l\u2019orchestre Philharmonique de Radio France et enseigne au conservatoire du 16<sup>e<\/sup> \u00e0 Paris. Le programme, \u00e9clectique et ouvert \u00e0 tous, s\u2019adresse \u00e0 un tr\u00e8s large public. Jeunes et moins jeunes, n\u00e9ophytes et m\u00e9lomanes s\u2019y c\u00f4toient en harmonie afin de d\u00e9couvrir ou red\u00e9couvrir des interpr\u00e9tations aussi vari\u00e9es que des chansons fran\u00e7aises de style jazz, des \u0153uvres de Camille Saint-Sa\u00ebns, des Quatuor pour flute de Mozart ou des ensembles de cuivres.<\/span><\/p>\n<p><span style=\"font-size: 12pt;\">Depuis ses d\u00e9buts, l\u2019acad\u00e9mie a accueilli entre 2000 et 2500 stagiaires, parmi lesquels beaucoup sont devenu des musiciens professionnels. Il ne fait aucun doute que l\u2019acad\u00e9mie est un incubateur de talents, les stagiaires qui viennent se perfectionner reviennent r\u00e9guli\u00e8rement d\u2019ann\u00e9e en ann\u00e9e. Au final, ce rendez-vous annuel remplit une double mission : offrir un tremplin aux musiciens et faire d\u00e9couvrir la musique au grand public. <\/span><span style=\"font-size: small;\"><span style=\"font-size: 12pt;\">Un b\u00e9mol cependant, Jean-Pierre Odasso pousse un demi-soupir lorsqu\u2019il \u00e9voque l\u2019avenir. Bien que le succ\u00e8s soit au rendez-vous, c\u2019est toujours le m\u00eame refrain : les aides financi\u00e8res se r\u00e9duisent comme peau de chagrin, les co\u00fbts vont crescendo et l\u2019acad\u00e9mie rencontre des difficult\u00e9s pour boucler le budget annuel&#8230;<\/span> <\/span><\/p>\n","protected":false},"excerpt":{"rendered":"<p>\u00a0 Jean-Pierre Odasso, le Directeur Artistique de l\u2019Acad\u00e9mie Internationale de Musique de G\u00e9rardmer, donne le ton, il est fier du [&hellip;]<\/p>\n","protected":false},"author":1,"featured_media":54332,"comment_status":"open","ping_status":"open","sticky":false,"template":"","format":"standard","meta":{"footnotes":""},"categories":[20,34,4,25],"tags":[3212],"class_list":["post-54331","post","type-post","status-publish","format-standard","has-post-thumbnail","hentry","category-a-la-une","category-concert","category-culture","category-gerardmer","tag-academie-de-musique"],"acf":[],"yoast_head":"<!-- This site is optimized with the Yoast SEO plugin v22.5 - https:\/\/yoast.com\/wordpress\/plugins\/seo\/ -->\n<title>L\u2019Acad\u00e9mie Internationale de Musique de G\u00e9rardmer : la gen\u00e8se d\u2019un projet dans l\u2019air du temps - Gerardmer Info<\/title>\n<meta name=\"robots\" content=\"index, follow, max-snippet:-1, max-image-preview:large, max-video-preview:-1\" \/>\n<link rel=\"canonical\" href=\"https:\/\/vosgesinfo.fr\/gerardmerinfo\/2021\/08\/lacademie-internationale-de-musique-de-gerardmer-genese-dun-projet-lair-temps\/\" \/>\n<meta name=\"twitter:card\" content=\"summary_large_image\" \/>\n<meta name=\"twitter:title\" content=\"L\u2019Acad\u00e9mie Internationale de Musique de G\u00e9rardmer : la gen\u00e8se d\u2019un projet dans l\u2019air du temps - Gerardmer Info\" \/>\n<meta name=\"twitter:description\" content=\"\u00a0 Jean-Pierre Odasso, le Directeur Artistique de l\u2019Acad\u00e9mie Internationale de Musique de G\u00e9rardmer, donne le ton, il est fier du [&hellip;]\" \/>\n<meta name=\"twitter:image\" content=\"https:\/\/vosgesinfo.fr\/app\/uploads\/sites\/6\/2024\/07\/202108academie-internationale-de-musique-2021-7.jpg\" \/>\n<meta name=\"twitter:creator\" content=\"@VosgesInfo88\" \/>\n<meta name=\"twitter:site\" content=\"@VosgesInfo88\" \/>\n<meta name=\"twitter:label1\" content=\"\u00c9crit par\" \/>\n\t<meta name=\"twitter:data1\" content=\"qs_admin\" \/>\n\t<meta name=\"twitter:label2\" content=\"Dur\u00e9e de lecture estim\u00e9e\" \/>\n\t<meta name=\"twitter:data2\" content=\"2 minutes\" \/>\n<script type=\"application\/ld+json\" class=\"yoast-schema-graph\">{\"@context\":\"https:\/\/schema.org\",\"@graph\":[{\"@type\":\"Article\",\"@id\":\"https:\/\/vosgesinfo.fr\/gerardmerinfo\/2021\/08\/lacademie-internationale-de-musique-de-gerardmer-genese-dun-projet-lair-temps\/#article\",\"isPartOf\":{\"@id\":\"https:\/\/vosgesinfo.fr\/gerardmerinfo\/2021\/08\/lacademie-internationale-de-musique-de-gerardmer-genese-dun-projet-lair-temps\/\"},\"author\":{\"name\":\"qs_admin\",\"@id\":\"https:\/\/vosgesinfo.fr\/gerardmerinfo\/#\/schema\/person\/bc5d02d71e6932e81b6dadb7386667b1\"},\"headline\":\"L\u2019Acad\u00e9mie Internationale de Musique de G\u00e9rardmer : la gen\u00e8se d\u2019un projet dans l\u2019air du temps\",\"datePublished\":\"2021-08-18T06:35:18+00:00\",\"dateModified\":\"2021-08-18T06:35:18+00:00\",\"mainEntityOfPage\":{\"@id\":\"https:\/\/vosgesinfo.fr\/gerardmerinfo\/2021\/08\/lacademie-internationale-de-musique-de-gerardmer-genese-dun-projet-lair-temps\/\"},\"wordCount\":503,\"commentCount\":0,\"publisher\":{\"@id\":\"https:\/\/vosgesinfo.fr\/gerardmerinfo\/#organization\"},\"image\":{\"@id\":\"https:\/\/vosgesinfo.fr\/gerardmerinfo\/2021\/08\/lacademie-internationale-de-musique-de-gerardmer-genese-dun-projet-lair-temps\/#primaryimage\"},\"thumbnailUrl\":\"https:\/\/vosgesinfo.fr\/app\/uploads\/sites\/6\/2024\/07\/202108academie-internationale-de-musique-2021-7.jpg\",\"keywords\":[\"acad\u00e9mie de musique\"],\"articleSection\":[\"A la une\",\"Concert\",\"Culture\",\"G\u00e9rardmer\"],\"inLanguage\":\"fr-FR\",\"potentialAction\":[{\"@type\":\"CommentAction\",\"name\":\"Comment\",\"target\":[\"https:\/\/vosgesinfo.fr\/gerardmerinfo\/2021\/08\/lacademie-internationale-de-musique-de-gerardmer-genese-dun-projet-lair-temps\/#respond\"]}]},{\"@type\":\"WebPage\",\"@id\":\"https:\/\/vosgesinfo.fr\/gerardmerinfo\/2021\/08\/lacademie-internationale-de-musique-de-gerardmer-genese-dun-projet-lair-temps\/\",\"url\":\"https:\/\/vosgesinfo.fr\/gerardmerinfo\/2021\/08\/lacademie-internationale-de-musique-de-gerardmer-genese-dun-projet-lair-temps\/\",\"name\":\"L\u2019Acad\u00e9mie Internationale de Musique de G\u00e9rardmer : la gen\u00e8se d\u2019un projet dans l\u2019air du temps - Gerardmer Info\",\"isPartOf\":{\"@id\":\"https:\/\/vosgesinfo.fr\/gerardmerinfo\/#website\"},\"primaryImageOfPage\":{\"@id\":\"https:\/\/vosgesinfo.fr\/gerardmerinfo\/2021\/08\/lacademie-internationale-de-musique-de-gerardmer-genese-dun-projet-lair-temps\/#primaryimage\"},\"image\":{\"@id\":\"https:\/\/vosgesinfo.fr\/gerardmerinfo\/2021\/08\/lacademie-internationale-de-musique-de-gerardmer-genese-dun-projet-lair-temps\/#primaryimage\"},\"thumbnailUrl\":\"https:\/\/vosgesinfo.fr\/app\/uploads\/sites\/6\/2024\/07\/202108academie-internationale-de-musique-2021-7.jpg\",\"datePublished\":\"2021-08-18T06:35:18+00:00\",\"dateModified\":\"2021-08-18T06:35:18+00:00\",\"breadcrumb\":{\"@id\":\"https:\/\/vosgesinfo.fr\/gerardmerinfo\/2021\/08\/lacademie-internationale-de-musique-de-gerardmer-genese-dun-projet-lair-temps\/#breadcrumb\"},\"inLanguage\":\"fr-FR\",\"potentialAction\":[{\"@type\":\"ReadAction\",\"target\":[\"https:\/\/vosgesinfo.fr\/gerardmerinfo\/2021\/08\/lacademie-internationale-de-musique-de-gerardmer-genese-dun-projet-lair-temps\/\"]}]},{\"@type\":\"ImageObject\",\"inLanguage\":\"fr-FR\",\"@id\":\"https:\/\/vosgesinfo.fr\/gerardmerinfo\/2021\/08\/lacademie-internationale-de-musique-de-gerardmer-genese-dun-projet-lair-temps\/#primaryimage\",\"url\":\"https:\/\/vosgesinfo.fr\/app\/uploads\/sites\/6\/2024\/07\/202108academie-internationale-de-musique-2021-7.jpg\",\"contentUrl\":\"https:\/\/vosgesinfo.fr\/app\/uploads\/sites\/6\/2024\/07\/202108academie-internationale-de-musique-2021-7.jpg\",\"width\":800,\"height\":534},{\"@type\":\"BreadcrumbList\",\"@id\":\"https:\/\/vosgesinfo.fr\/gerardmerinfo\/2021\/08\/lacademie-internationale-de-musique-de-gerardmer-genese-dun-projet-lair-temps\/#breadcrumb\",\"itemListElement\":[{\"@type\":\"ListItem\",\"position\":1,\"name\":\"Home\",\"item\":\"https:\/\/vosgesinfo.fr\/gerardmerinfo\/\"},{\"@type\":\"ListItem\",\"position\":2,\"name\":\"L\u2019Acad\u00e9mie Internationale de Musique de G\u00e9rardmer : la gen\u00e8se d\u2019un projet dans l\u2019air du temps\"}]},{\"@type\":\"WebSite\",\"@id\":\"https:\/\/vosgesinfo.fr\/gerardmerinfo\/#website\",\"url\":\"https:\/\/vosgesinfo.fr\/gerardmerinfo\/\",\"name\":\"Gerardmer Info\",\"description\":\"Toute l&#039;actualit\u00e9 de G\u00e9rardmer\",\"publisher\":{\"@id\":\"https:\/\/vosgesinfo.fr\/gerardmerinfo\/#organization\"},\"alternateName\":\"Toute l'actualit\u00e9 de G\u00e9rardmer\",\"potentialAction\":[{\"@type\":\"SearchAction\",\"target\":{\"@type\":\"EntryPoint\",\"urlTemplate\":\"https:\/\/vosgesinfo.fr\/gerardmerinfo\/?s={search_term_string}\"},\"query-input\":\"required name=search_term_string\"}],\"inLanguage\":\"fr-FR\"},{\"@type\":\"Organization\",\"@id\":\"https:\/\/vosgesinfo.fr\/gerardmerinfo\/#organization\",\"name\":\"Gerardmer Info\",\"url\":\"https:\/\/vosgesinfo.fr\/gerardmerinfo\/\",\"logo\":{\"@type\":\"ImageObject\",\"inLanguage\":\"fr-FR\",\"@id\":\"https:\/\/vosgesinfo.fr\/gerardmerinfo\/#\/schema\/logo\/image\/\",\"url\":\"https:\/\/vosgesinfo.fr\/app\/uploads\/sites\/6\/2023\/08\/favicon-gerardmerinfo.png\",\"contentUrl\":\"https:\/\/vosgesinfo.fr\/app\/uploads\/sites\/6\/2023\/08\/favicon-gerardmerinfo.png\",\"width\":512,\"height\":512,\"caption\":\"Gerardmer Info\"},\"image\":{\"@id\":\"https:\/\/vosgesinfo.fr\/gerardmerinfo\/#\/schema\/logo\/image\/\"},\"sameAs\":[\"https:\/\/www.facebook.com\/profile.php?id=100049475262660\",\"https:\/\/x.com\/VosgesInfo88\",\"https:\/\/www.youtube.com\/@vosgesinfo\"]},{\"@type\":\"Person\",\"@id\":\"https:\/\/vosgesinfo.fr\/gerardmerinfo\/#\/schema\/person\/bc5d02d71e6932e81b6dadb7386667b1\",\"name\":\"qs_admin\",\"image\":{\"@type\":\"ImageObject\",\"inLanguage\":\"fr-FR\",\"@id\":\"https:\/\/vosgesinfo.fr\/gerardmerinfo\/#\/schema\/person\/image\/\",\"url\":\"https:\/\/secure.gravatar.com\/avatar\/94b18ee0ed79e4a42ea2f2931277b6841a8999fc6fde214600c78057cf1fe1de?s=96&d=mm&r=g\",\"contentUrl\":\"https:\/\/secure.gravatar.com\/avatar\/94b18ee0ed79e4a42ea2f2931277b6841a8999fc6fde214600c78057cf1fe1de?s=96&d=mm&r=g\",\"caption\":\"qs_admin\"},\"sameAs\":[\"https:\/\/vosgesinfo.fr\/wp\"],\"url\":\"https:\/\/vosgesinfo.fr\/gerardmerinfo\/author\/qs_admin\/\"}]}<\/script>\n<!-- \/ Yoast SEO plugin. -->","yoast_head_json":{"title":"L\u2019Acad\u00e9mie Internationale de Musique de G\u00e9rardmer : la gen\u00e8se d\u2019un projet dans l\u2019air du temps - Gerardmer Info","robots":{"index":"index","follow":"follow","max-snippet":"max-snippet:-1","max-image-preview":"max-image-preview:large","max-video-preview":"max-video-preview:-1"},"canonical":"https:\/\/vosgesinfo.fr\/gerardmerinfo\/2021\/08\/lacademie-internationale-de-musique-de-gerardmer-genese-dun-projet-lair-temps\/","twitter_card":"summary_large_image","twitter_title":"L\u2019Acad\u00e9mie Internationale de Musique de G\u00e9rardmer : la gen\u00e8se d\u2019un projet dans l\u2019air du temps - Gerardmer Info","twitter_description":"\u00a0 Jean-Pierre Odasso, le Directeur Artistique de l\u2019Acad\u00e9mie Internationale de Musique de G\u00e9rardmer, donne le ton, il est fier du [&hellip;]","twitter_image":"https:\/\/vosgesinfo.fr\/app\/uploads\/sites\/6\/2024\/07\/202108academie-internationale-de-musique-2021-7.jpg","twitter_creator":"@VosgesInfo88","twitter_site":"@VosgesInfo88","twitter_misc":{"\u00c9crit par":"qs_admin","Dur\u00e9e de lecture estim\u00e9e":"2 minutes"},"schema":{"@context":"https:\/\/schema.org","@graph":[{"@type":"Article","@id":"https:\/\/vosgesinfo.fr\/gerardmerinfo\/2021\/08\/lacademie-internationale-de-musique-de-gerardmer-genese-dun-projet-lair-temps\/#article","isPartOf":{"@id":"https:\/\/vosgesinfo.fr\/gerardmerinfo\/2021\/08\/lacademie-internationale-de-musique-de-gerardmer-genese-dun-projet-lair-temps\/"},"author":{"name":"qs_admin","@id":"https:\/\/vosgesinfo.fr\/gerardmerinfo\/#\/schema\/person\/bc5d02d71e6932e81b6dadb7386667b1"},"headline":"L\u2019Acad\u00e9mie Internationale de Musique de G\u00e9rardmer : la gen\u00e8se d\u2019un projet dans l\u2019air du temps","datePublished":"2021-08-18T06:35:18+00:00","dateModified":"2021-08-18T06:35:18+00:00","mainEntityOfPage":{"@id":"https:\/\/vosgesinfo.fr\/gerardmerinfo\/2021\/08\/lacademie-internationale-de-musique-de-gerardmer-genese-dun-projet-lair-temps\/"},"wordCount":503,"commentCount":0,"publisher":{"@id":"https:\/\/vosgesinfo.fr\/gerardmerinfo\/#organization"},"image":{"@id":"https:\/\/vosgesinfo.fr\/gerardmerinfo\/2021\/08\/lacademie-internationale-de-musique-de-gerardmer-genese-dun-projet-lair-temps\/#primaryimage"},"thumbnailUrl":"https:\/\/vosgesinfo.fr\/app\/uploads\/sites\/6\/2024\/07\/202108academie-internationale-de-musique-2021-7.jpg","keywords":["acad\u00e9mie de musique"],"articleSection":["A la une","Concert","Culture","G\u00e9rardmer"],"inLanguage":"fr-FR","potentialAction":[{"@type":"CommentAction","name":"Comment","target":["https:\/\/vosgesinfo.fr\/gerardmerinfo\/2021\/08\/lacademie-internationale-de-musique-de-gerardmer-genese-dun-projet-lair-temps\/#respond"]}]},{"@type":"WebPage","@id":"https:\/\/vosgesinfo.fr\/gerardmerinfo\/2021\/08\/lacademie-internationale-de-musique-de-gerardmer-genese-dun-projet-lair-temps\/","url":"https:\/\/vosgesinfo.fr\/gerardmerinfo\/2021\/08\/lacademie-internationale-de-musique-de-gerardmer-genese-dun-projet-lair-temps\/","name":"L\u2019Acad\u00e9mie Internationale de Musique de G\u00e9rardmer : la gen\u00e8se d\u2019un projet dans l\u2019air du temps - Gerardmer Info","isPartOf":{"@id":"https:\/\/vosgesinfo.fr\/gerardmerinfo\/#website"},"primaryImageOfPage":{"@id":"https:\/\/vosgesinfo.fr\/gerardmerinfo\/2021\/08\/lacademie-internationale-de-musique-de-gerardmer-genese-dun-projet-lair-temps\/#primaryimage"},"image":{"@id":"https:\/\/vosgesinfo.fr\/gerardmerinfo\/2021\/08\/lacademie-internationale-de-musique-de-gerardmer-genese-dun-projet-lair-temps\/#primaryimage"},"thumbnailUrl":"https:\/\/vosgesinfo.fr\/app\/uploads\/sites\/6\/2024\/07\/202108academie-internationale-de-musique-2021-7.jpg","datePublished":"2021-08-18T06:35:18+00:00","dateModified":"2021-08-18T06:35:18+00:00","breadcrumb":{"@id":"https:\/\/vosgesinfo.fr\/gerardmerinfo\/2021\/08\/lacademie-internationale-de-musique-de-gerardmer-genese-dun-projet-lair-temps\/#breadcrumb"},"inLanguage":"fr-FR","potentialAction":[{"@type":"ReadAction","target":["https:\/\/vosgesinfo.fr\/gerardmerinfo\/2021\/08\/lacademie-internationale-de-musique-de-gerardmer-genese-dun-projet-lair-temps\/"]}]},{"@type":"ImageObject","inLanguage":"fr-FR","@id":"https:\/\/vosgesinfo.fr\/gerardmerinfo\/2021\/08\/lacademie-internationale-de-musique-de-gerardmer-genese-dun-projet-lair-temps\/#primaryimage","url":"https:\/\/vosgesinfo.fr\/app\/uploads\/sites\/6\/2024\/07\/202108academie-internationale-de-musique-2021-7.jpg","contentUrl":"https:\/\/vosgesinfo.fr\/app\/uploads\/sites\/6\/2024\/07\/202108academie-internationale-de-musique-2021-7.jpg","width":800,"height":534},{"@type":"BreadcrumbList","@id":"https:\/\/vosgesinfo.fr\/gerardmerinfo\/2021\/08\/lacademie-internationale-de-musique-de-gerardmer-genese-dun-projet-lair-temps\/#breadcrumb","itemListElement":[{"@type":"ListItem","position":1,"name":"Home","item":"https:\/\/vosgesinfo.fr\/gerardmerinfo\/"},{"@type":"ListItem","position":2,"name":"L\u2019Acad\u00e9mie Internationale de Musique de G\u00e9rardmer : la gen\u00e8se d\u2019un projet dans l\u2019air du temps"}]},{"@type":"WebSite","@id":"https:\/\/vosgesinfo.fr\/gerardmerinfo\/#website","url":"https:\/\/vosgesinfo.fr\/gerardmerinfo\/","name":"Gerardmer Info","description":"Toute l&#039;actualit\u00e9 de G\u00e9rardmer","publisher":{"@id":"https:\/\/vosgesinfo.fr\/gerardmerinfo\/#organization"},"alternateName":"Toute l'actualit\u00e9 de G\u00e9rardmer","potentialAction":[{"@type":"SearchAction","target":{"@type":"EntryPoint","urlTemplate":"https:\/\/vosgesinfo.fr\/gerardmerinfo\/?s={search_term_string}"},"query-input":"required name=search_term_string"}],"inLanguage":"fr-FR"},{"@type":"Organization","@id":"https:\/\/vosgesinfo.fr\/gerardmerinfo\/#organization","name":"Gerardmer Info","url":"https:\/\/vosgesinfo.fr\/gerardmerinfo\/","logo":{"@type":"ImageObject","inLanguage":"fr-FR","@id":"https:\/\/vosgesinfo.fr\/gerardmerinfo\/#\/schema\/logo\/image\/","url":"https:\/\/vosgesinfo.fr\/app\/uploads\/sites\/6\/2023\/08\/favicon-gerardmerinfo.png","contentUrl":"https:\/\/vosgesinfo.fr\/app\/uploads\/sites\/6\/2023\/08\/favicon-gerardmerinfo.png","width":512,"height":512,"caption":"Gerardmer Info"},"image":{"@id":"https:\/\/vosgesinfo.fr\/gerardmerinfo\/#\/schema\/logo\/image\/"},"sameAs":["https:\/\/www.facebook.com\/profile.php?id=100049475262660","https:\/\/x.com\/VosgesInfo88","https:\/\/www.youtube.com\/@vosgesinfo"]},{"@type":"Person","@id":"https:\/\/vosgesinfo.fr\/gerardmerinfo\/#\/schema\/person\/bc5d02d71e6932e81b6dadb7386667b1","name":"qs_admin","image":{"@type":"ImageObject","inLanguage":"fr-FR","@id":"https:\/\/vosgesinfo.fr\/gerardmerinfo\/#\/schema\/person\/image\/","url":"https:\/\/secure.gravatar.com\/avatar\/94b18ee0ed79e4a42ea2f2931277b6841a8999fc6fde214600c78057cf1fe1de?s=96&d=mm&r=g","contentUrl":"https:\/\/secure.gravatar.com\/avatar\/94b18ee0ed79e4a42ea2f2931277b6841a8999fc6fde214600c78057cf1fe1de?s=96&d=mm&r=g","caption":"qs_admin"},"sameAs":["https:\/\/vosgesinfo.fr\/wp"],"url":"https:\/\/vosgesinfo.fr\/gerardmerinfo\/author\/qs_admin\/"}]}},"_links":{"self":[{"href":"https:\/\/vosgesinfo.fr\/gerardmerinfo\/wp-json\/wp\/v2\/posts\/54331","targetHints":{"allow":["GET"]}}],"collection":[{"href":"https:\/\/vosgesinfo.fr\/gerardmerinfo\/wp-json\/wp\/v2\/posts"}],"about":[{"href":"https:\/\/vosgesinfo.fr\/gerardmerinfo\/wp-json\/wp\/v2\/types\/post"}],"author":[{"embeddable":true,"href":"https:\/\/vosgesinfo.fr\/gerardmerinfo\/wp-json\/wp\/v2\/users\/1"}],"replies":[{"embeddable":true,"href":"https:\/\/vosgesinfo.fr\/gerardmerinfo\/wp-json\/wp\/v2\/comments?post=54331"}],"version-history":[{"count":0,"href":"https:\/\/vosgesinfo.fr\/gerardmerinfo\/wp-json\/wp\/v2\/posts\/54331\/revisions"}],"wp:featuredmedia":[{"embeddable":true,"href":"https:\/\/vosgesinfo.fr\/gerardmerinfo\/wp-json\/wp\/v2\/media\/54332"}],"wp:attachment":[{"href":"https:\/\/vosgesinfo.fr\/gerardmerinfo\/wp-json\/wp\/v2\/media?parent=54331"}],"wp:term":[{"taxonomy":"category","embeddable":true,"href":"https:\/\/vosgesinfo.fr\/gerardmerinfo\/wp-json\/wp\/v2\/categories?post=54331"},{"taxonomy":"post_tag","embeddable":true,"href":"https:\/\/vosgesinfo.fr\/gerardmerinfo\/wp-json\/wp\/v2\/tags?post=54331"}],"curies":[{"name":"wp","href":"https:\/\/api.w.org\/{rel}","templated":true}]}}