{"id":54345,"date":"2021-08-19T07:40:57","date_gmt":"2021-08-19T05:40:57","guid":{"rendered":"https:\/\/vosgesinfo.fr\/gerardmerinfo\/2021\/08\/prochaine-expo-haut-tot-a-lueur-songes-de-martine-huin\/"},"modified":"2021-08-19T07:40:57","modified_gmt":"2021-08-19T05:40:57","slug":"prochaine-expo-haut-tot-a-lueur-songes-de-martine-huin","status":"publish","type":"post","link":"https:\/\/vosgesinfo.fr\/gerardmerinfo\/2021\/08\/prochaine-expo-haut-tot-a-lueur-songes-de-martine-huin\/","title":{"rendered":"Prochaine expo au Haut du T\u00f4t :  \u201cA la Lueur des Songes\u201d\u00a0de Martine Huin"},"content":{"rendered":"\n<h3>La maison de la ruralit\u00e9 du Haut du T\u00f4t accueille une nouvelle exposition \u00e0 partir d&rsquo;aujourd&rsquo;hui, 16 h 00, heure d&rsquo;ouverture du march\u00e9 d&rsquo;\u00e9t\u00e9 hebdomadaire.<\/h3>\n<p><a href=\"\/2021\/08\/M.-Huin-3.jpg\"><img decoding=\"async\" class=\"alignright size-medium wp-image-179096\" src=\"\/2021\/08\/M.-Huin-3-383x255.jpg\" alt=\"M. Huin (3)\" width=\"383\" height=\"255\" \/><\/a>Exposition photographique de Martine HUIN :<\/p>\n<p>Jeudi 19\/08 de 16h \u00e0 20h<\/p>\n<p>Samedi 20\/08 de 14h \u00e0 19h<\/p>\n<p>Dimanche 22\/08 de 14h \u00e0 18h<\/p>\n<p>Entr\u00e9e libre<\/p>\n<p>&nbsp;<\/p>\n<p style=\"text-align: center;\"><strong><span style=\"font-family: Georgia, serif; font-size: 12pt;\">Biographie de l\u2019auteur<\/span><\/strong>\n<\/p>\n<p><span style=\"font-family: Georgia, serif; font-size: 12pt;\">Peintre \u2026 Photographe\u2026Tout se m\u00e9lange.<\/span><\/p>\n<p><span style=\"font-family: Georgia, serif; font-size: 12pt;\">Je demeure sous l\u2019influence des Arts Plastiques.<\/span><\/p>\n<p><span style=\"font-family: Georgia, serif; font-size: 12pt;\">Je travaille essentiellement les lignes, les courbes, joue avec la lumi\u00e8re et l\u2019Ombre dans un contexte po\u00e9tique, o\u00f9 l\u2019\u00e9motion est une \u00e9vidence et cr\u00e9e de r\u00e9els tableaux. <\/span><\/p>\n<p><span style=\"font-family: Georgia, serif; font-size: 12pt;\">Le graphisme est omnipr\u00e9sent dans mes compositions ainsi que le minimalisme. J\u2019aime cette simplicit\u00e9 qui est totalement r\u00e9fl\u00e9chie et \u00e9pur\u00e9e.<\/span><\/p>\n<p><span style=\"font-family: Georgia, serif; font-size: 12pt;\">Sublimons cet Univers onirique, myst\u00e9rieux, invisible o\u00f9 chaque photo devient peinture.<\/span><\/p>\n<p>&nbsp;<\/p>\n<p style=\"text-align: center;\"><strong><span style=\"font-size: 12pt;\"><span style=\"font-family: Georgia, serif;\">Descriptif de l\u2019exposition<\/span><\/span><\/strong><\/p>\n<p><span style=\"font-family: Georgia, serif; font-size: 12pt;\">La Biodiversit\u00e9 est multiple et j\u2019aime \u00e0 vous transporter dans un Sanctuaire de Verdure, rempli de f\u00e9erie et de douceur, o\u00f9 les insectes ne sont pas les oubli\u00e9s !<\/span><\/p>\n<p><span style=\"font-family: Georgia, serif; font-size: 12pt;\">A travers mes photos, j\u2019esp\u00e8re amener notre \u0153il superficiel \u00e0 admirer ce Peuple du Silence, si souvent d\u00e9laiss\u00e9.<\/span><\/p>\n<p><span style=\"font-size: 12pt;\"><a name=\"_GoBack\"><\/a><span style=\"font-family: Georgia, serif;\">On y d\u00e9couvre un Univers fantasmagorique, Royaume de l\u2019Imaginaire, dont on a souvent oubli\u00e9 l\u2019existence, qui suscite Passion, Admiration, Fascination\u2026et Etonnement. Cela ressemble \u00e0 notre monde\u00a0! Tout y est plus petit, mais la beaut\u00e9 et les emb\u00fbches sont omnipr\u00e9sentes. Mais c\u2019est \u00e9galement une for\u00eat enchant\u00e9e, o\u00f9 vivent Gnomes, Elfes, Lutins et Farfadets\u00a0!!\u00a0<\/span><span style=\"font-family: Wingdings, serif;\">\uf04a<\/span><\/span><\/p>\n<p><span style=\"font-family: Georgia, serif; font-size: 12pt;\">Sachons r\u00eaver \u2026et suivre le sentier des Songes \u2026<\/span><\/p>\n<p><span style=\"font-family: Georgia, serif; font-size: 12pt;\">Apprenons la Libert\u00e9 d\u2019Esprit \u2026<\/span><\/p>\n<p><span style=\"font-size: 12pt;\"><span style=\"font-family: Georgia, serif;\">Pr\u00e9servons ce \u201c\u00a0 mini-Monde \u201c \u00a0si souvent \u201c\u00a0 \u00e9cras\u00e9 \u201d\u00a0 par tant de m\u00e9connaissances mais si<\/span><span style=\"font-family: Georgia, serif;\"> utile\u00a0!!<\/span><\/span><\/p>\n<p>&nbsp;<\/p>\n<p>&nbsp;<\/p>\n<p>&nbsp;<\/p>\n","protected":false},"excerpt":{"rendered":"<p>La maison de la ruralit\u00e9 du Haut du T\u00f4t accueille une nouvelle exposition \u00e0 partir d&rsquo;aujourd&rsquo;hui, 16 h 00, heure [&hellip;]<\/p>\n","protected":false},"author":1,"featured_media":54346,"comment_status":"open","ping_status":"open","sticky":false,"template":"","format":"standard","meta":{"footnotes":""},"categories":[20,4],"tags":[3445],"class_list":["post-54345","post","type-post","status-publish","format-standard","has-post-thumbnail","hentry","category-a-la-une","category-culture","tag-martine-huin"],"acf":[],"yoast_head":"<!-- This site is optimized with the Yoast SEO plugin v22.5 - https:\/\/yoast.com\/wordpress\/plugins\/seo\/ -->\n<title>Prochaine expo au Haut du T\u00f4t : \u201cA la Lueur des Songes\u201d\u00a0de Martine Huin - Gerardmer Info<\/title>\n<meta name=\"robots\" content=\"index, follow, max-snippet:-1, max-image-preview:large, max-video-preview:-1\" \/>\n<link rel=\"canonical\" href=\"https:\/\/vosgesinfo.fr\/gerardmerinfo\/2021\/08\/prochaine-expo-haut-tot-a-lueur-songes-de-martine-huin\/\" \/>\n<meta name=\"twitter:card\" content=\"summary_large_image\" \/>\n<meta name=\"twitter:title\" content=\"Prochaine expo au Haut du T\u00f4t : \u201cA la Lueur des Songes\u201d\u00a0de Martine Huin - Gerardmer Info\" \/>\n<meta name=\"twitter:description\" content=\"La maison de la ruralit\u00e9 du Haut du T\u00f4t accueille une nouvelle exposition \u00e0 partir d&rsquo;aujourd&rsquo;hui, 16 h 00, heure [&hellip;]\" \/>\n<meta name=\"twitter:image\" content=\"https:\/\/vosgesinfo.fr\/app\/uploads\/sites\/6\/2024\/07\/202108m.-huin-2.jpg\" \/>\n<meta name=\"twitter:creator\" content=\"@VosgesInfo88\" \/>\n<meta name=\"twitter:site\" content=\"@VosgesInfo88\" \/>\n<meta name=\"twitter:label1\" content=\"\u00c9crit par\" \/>\n\t<meta name=\"twitter:data1\" content=\"qs_admin\" \/>\n\t<meta name=\"twitter:label2\" content=\"Dur\u00e9e de lecture estim\u00e9e\" \/>\n\t<meta name=\"twitter:data2\" content=\"1 minute\" \/>\n<script type=\"application\/ld+json\" class=\"yoast-schema-graph\">{\"@context\":\"https:\/\/schema.org\",\"@graph\":[{\"@type\":\"Article\",\"@id\":\"https:\/\/vosgesinfo.fr\/gerardmerinfo\/2021\/08\/prochaine-expo-haut-tot-a-lueur-songes-de-martine-huin\/#article\",\"isPartOf\":{\"@id\":\"https:\/\/vosgesinfo.fr\/gerardmerinfo\/2021\/08\/prochaine-expo-haut-tot-a-lueur-songes-de-martine-huin\/\"},\"author\":{\"name\":\"qs_admin\",\"@id\":\"https:\/\/vosgesinfo.fr\/gerardmerinfo\/#\/schema\/person\/bc5d02d71e6932e81b6dadb7386667b1\"},\"headline\":\"Prochaine expo au Haut du T\u00f4t : \u201cA la Lueur des Songes\u201d\u00a0de Martine Huin\",\"datePublished\":\"2021-08-19T05:40:57+00:00\",\"dateModified\":\"2021-08-19T05:40:57+00:00\",\"mainEntityOfPage\":{\"@id\":\"https:\/\/vosgesinfo.fr\/gerardmerinfo\/2021\/08\/prochaine-expo-haut-tot-a-lueur-songes-de-martine-huin\/\"},\"wordCount\":307,\"commentCount\":0,\"publisher\":{\"@id\":\"https:\/\/vosgesinfo.fr\/gerardmerinfo\/#organization\"},\"image\":{\"@id\":\"https:\/\/vosgesinfo.fr\/gerardmerinfo\/2021\/08\/prochaine-expo-haut-tot-a-lueur-songes-de-martine-huin\/#primaryimage\"},\"thumbnailUrl\":\"https:\/\/vosgesinfo.fr\/app\/uploads\/sites\/6\/2024\/07\/202108m.-huin-2.jpg\",\"keywords\":[\"martine huin\"],\"articleSection\":[\"A la une\",\"Culture\"],\"inLanguage\":\"fr-FR\",\"potentialAction\":[{\"@type\":\"CommentAction\",\"name\":\"Comment\",\"target\":[\"https:\/\/vosgesinfo.fr\/gerardmerinfo\/2021\/08\/prochaine-expo-haut-tot-a-lueur-songes-de-martine-huin\/#respond\"]}]},{\"@type\":\"WebPage\",\"@id\":\"https:\/\/vosgesinfo.fr\/gerardmerinfo\/2021\/08\/prochaine-expo-haut-tot-a-lueur-songes-de-martine-huin\/\",\"url\":\"https:\/\/vosgesinfo.fr\/gerardmerinfo\/2021\/08\/prochaine-expo-haut-tot-a-lueur-songes-de-martine-huin\/\",\"name\":\"Prochaine expo au Haut du T\u00f4t : \u201cA la Lueur des Songes\u201d\u00a0de Martine Huin - Gerardmer Info\",\"isPartOf\":{\"@id\":\"https:\/\/vosgesinfo.fr\/gerardmerinfo\/#website\"},\"primaryImageOfPage\":{\"@id\":\"https:\/\/vosgesinfo.fr\/gerardmerinfo\/2021\/08\/prochaine-expo-haut-tot-a-lueur-songes-de-martine-huin\/#primaryimage\"},\"image\":{\"@id\":\"https:\/\/vosgesinfo.fr\/gerardmerinfo\/2021\/08\/prochaine-expo-haut-tot-a-lueur-songes-de-martine-huin\/#primaryimage\"},\"thumbnailUrl\":\"https:\/\/vosgesinfo.fr\/app\/uploads\/sites\/6\/2024\/07\/202108m.-huin-2.jpg\",\"datePublished\":\"2021-08-19T05:40:57+00:00\",\"dateModified\":\"2021-08-19T05:40:57+00:00\",\"breadcrumb\":{\"@id\":\"https:\/\/vosgesinfo.fr\/gerardmerinfo\/2021\/08\/prochaine-expo-haut-tot-a-lueur-songes-de-martine-huin\/#breadcrumb\"},\"inLanguage\":\"fr-FR\",\"potentialAction\":[{\"@type\":\"ReadAction\",\"target\":[\"https:\/\/vosgesinfo.fr\/gerardmerinfo\/2021\/08\/prochaine-expo-haut-tot-a-lueur-songes-de-martine-huin\/\"]}]},{\"@type\":\"ImageObject\",\"inLanguage\":\"fr-FR\",\"@id\":\"https:\/\/vosgesinfo.fr\/gerardmerinfo\/2021\/08\/prochaine-expo-haut-tot-a-lueur-songes-de-martine-huin\/#primaryimage\",\"url\":\"https:\/\/vosgesinfo.fr\/app\/uploads\/sites\/6\/2024\/07\/202108m.-huin-2.jpg\",\"contentUrl\":\"https:\/\/vosgesinfo.fr\/app\/uploads\/sites\/6\/2024\/07\/202108m.-huin-2.jpg\",\"width\":800,\"height\":533},{\"@type\":\"BreadcrumbList\",\"@id\":\"https:\/\/vosgesinfo.fr\/gerardmerinfo\/2021\/08\/prochaine-expo-haut-tot-a-lueur-songes-de-martine-huin\/#breadcrumb\",\"itemListElement\":[{\"@type\":\"ListItem\",\"position\":1,\"name\":\"Home\",\"item\":\"https:\/\/vosgesinfo.fr\/gerardmerinfo\/\"},{\"@type\":\"ListItem\",\"position\":2,\"name\":\"Prochaine expo au Haut du T\u00f4t : \u201cA la Lueur des Songes\u201d\u00a0de Martine Huin\"}]},{\"@type\":\"WebSite\",\"@id\":\"https:\/\/vosgesinfo.fr\/gerardmerinfo\/#website\",\"url\":\"https:\/\/vosgesinfo.fr\/gerardmerinfo\/\",\"name\":\"Gerardmer Info\",\"description\":\"Toute l&#039;actualit\u00e9 de G\u00e9rardmer\",\"publisher\":{\"@id\":\"https:\/\/vosgesinfo.fr\/gerardmerinfo\/#organization\"},\"alternateName\":\"Toute l'actualit\u00e9 de G\u00e9rardmer\",\"potentialAction\":[{\"@type\":\"SearchAction\",\"target\":{\"@type\":\"EntryPoint\",\"urlTemplate\":\"https:\/\/vosgesinfo.fr\/gerardmerinfo\/?s={search_term_string}\"},\"query-input\":\"required name=search_term_string\"}],\"inLanguage\":\"fr-FR\"},{\"@type\":\"Organization\",\"@id\":\"https:\/\/vosgesinfo.fr\/gerardmerinfo\/#organization\",\"name\":\"Gerardmer Info\",\"url\":\"https:\/\/vosgesinfo.fr\/gerardmerinfo\/\",\"logo\":{\"@type\":\"ImageObject\",\"inLanguage\":\"fr-FR\",\"@id\":\"https:\/\/vosgesinfo.fr\/gerardmerinfo\/#\/schema\/logo\/image\/\",\"url\":\"https:\/\/vosgesinfo.fr\/app\/uploads\/sites\/6\/2023\/08\/favicon-gerardmerinfo.png\",\"contentUrl\":\"https:\/\/vosgesinfo.fr\/app\/uploads\/sites\/6\/2023\/08\/favicon-gerardmerinfo.png\",\"width\":512,\"height\":512,\"caption\":\"Gerardmer Info\"},\"image\":{\"@id\":\"https:\/\/vosgesinfo.fr\/gerardmerinfo\/#\/schema\/logo\/image\/\"},\"sameAs\":[\"https:\/\/www.facebook.com\/profile.php?id=100049475262660\",\"https:\/\/x.com\/VosgesInfo88\",\"https:\/\/www.youtube.com\/@vosgesinfo\"]},{\"@type\":\"Person\",\"@id\":\"https:\/\/vosgesinfo.fr\/gerardmerinfo\/#\/schema\/person\/bc5d02d71e6932e81b6dadb7386667b1\",\"name\":\"qs_admin\",\"image\":{\"@type\":\"ImageObject\",\"inLanguage\":\"fr-FR\",\"@id\":\"https:\/\/vosgesinfo.fr\/gerardmerinfo\/#\/schema\/person\/image\/\",\"url\":\"https:\/\/secure.gravatar.com\/avatar\/94b18ee0ed79e4a42ea2f2931277b6841a8999fc6fde214600c78057cf1fe1de?s=96&d=mm&r=g\",\"contentUrl\":\"https:\/\/secure.gravatar.com\/avatar\/94b18ee0ed79e4a42ea2f2931277b6841a8999fc6fde214600c78057cf1fe1de?s=96&d=mm&r=g\",\"caption\":\"qs_admin\"},\"sameAs\":[\"https:\/\/vosgesinfo.fr\/wp\"],\"url\":\"https:\/\/vosgesinfo.fr\/gerardmerinfo\/author\/qs_admin\/\"}]}<\/script>\n<!-- \/ Yoast SEO plugin. -->","yoast_head_json":{"title":"Prochaine expo au Haut du T\u00f4t : \u201cA la Lueur des Songes\u201d\u00a0de Martine Huin - Gerardmer Info","robots":{"index":"index","follow":"follow","max-snippet":"max-snippet:-1","max-image-preview":"max-image-preview:large","max-video-preview":"max-video-preview:-1"},"canonical":"https:\/\/vosgesinfo.fr\/gerardmerinfo\/2021\/08\/prochaine-expo-haut-tot-a-lueur-songes-de-martine-huin\/","twitter_card":"summary_large_image","twitter_title":"Prochaine expo au Haut du T\u00f4t : \u201cA la Lueur des Songes\u201d\u00a0de Martine Huin - Gerardmer Info","twitter_description":"La maison de la ruralit\u00e9 du Haut du T\u00f4t accueille une nouvelle exposition \u00e0 partir d&rsquo;aujourd&rsquo;hui, 16 h 00, heure [&hellip;]","twitter_image":"https:\/\/vosgesinfo.fr\/app\/uploads\/sites\/6\/2024\/07\/202108m.-huin-2.jpg","twitter_creator":"@VosgesInfo88","twitter_site":"@VosgesInfo88","twitter_misc":{"\u00c9crit par":"qs_admin","Dur\u00e9e de lecture estim\u00e9e":"1 minute"},"schema":{"@context":"https:\/\/schema.org","@graph":[{"@type":"Article","@id":"https:\/\/vosgesinfo.fr\/gerardmerinfo\/2021\/08\/prochaine-expo-haut-tot-a-lueur-songes-de-martine-huin\/#article","isPartOf":{"@id":"https:\/\/vosgesinfo.fr\/gerardmerinfo\/2021\/08\/prochaine-expo-haut-tot-a-lueur-songes-de-martine-huin\/"},"author":{"name":"qs_admin","@id":"https:\/\/vosgesinfo.fr\/gerardmerinfo\/#\/schema\/person\/bc5d02d71e6932e81b6dadb7386667b1"},"headline":"Prochaine expo au Haut du T\u00f4t : \u201cA la Lueur des Songes\u201d\u00a0de Martine Huin","datePublished":"2021-08-19T05:40:57+00:00","dateModified":"2021-08-19T05:40:57+00:00","mainEntityOfPage":{"@id":"https:\/\/vosgesinfo.fr\/gerardmerinfo\/2021\/08\/prochaine-expo-haut-tot-a-lueur-songes-de-martine-huin\/"},"wordCount":307,"commentCount":0,"publisher":{"@id":"https:\/\/vosgesinfo.fr\/gerardmerinfo\/#organization"},"image":{"@id":"https:\/\/vosgesinfo.fr\/gerardmerinfo\/2021\/08\/prochaine-expo-haut-tot-a-lueur-songes-de-martine-huin\/#primaryimage"},"thumbnailUrl":"https:\/\/vosgesinfo.fr\/app\/uploads\/sites\/6\/2024\/07\/202108m.-huin-2.jpg","keywords":["martine huin"],"articleSection":["A la une","Culture"],"inLanguage":"fr-FR","potentialAction":[{"@type":"CommentAction","name":"Comment","target":["https:\/\/vosgesinfo.fr\/gerardmerinfo\/2021\/08\/prochaine-expo-haut-tot-a-lueur-songes-de-martine-huin\/#respond"]}]},{"@type":"WebPage","@id":"https:\/\/vosgesinfo.fr\/gerardmerinfo\/2021\/08\/prochaine-expo-haut-tot-a-lueur-songes-de-martine-huin\/","url":"https:\/\/vosgesinfo.fr\/gerardmerinfo\/2021\/08\/prochaine-expo-haut-tot-a-lueur-songes-de-martine-huin\/","name":"Prochaine expo au Haut du T\u00f4t : \u201cA la Lueur des Songes\u201d\u00a0de Martine Huin - Gerardmer Info","isPartOf":{"@id":"https:\/\/vosgesinfo.fr\/gerardmerinfo\/#website"},"primaryImageOfPage":{"@id":"https:\/\/vosgesinfo.fr\/gerardmerinfo\/2021\/08\/prochaine-expo-haut-tot-a-lueur-songes-de-martine-huin\/#primaryimage"},"image":{"@id":"https:\/\/vosgesinfo.fr\/gerardmerinfo\/2021\/08\/prochaine-expo-haut-tot-a-lueur-songes-de-martine-huin\/#primaryimage"},"thumbnailUrl":"https:\/\/vosgesinfo.fr\/app\/uploads\/sites\/6\/2024\/07\/202108m.-huin-2.jpg","datePublished":"2021-08-19T05:40:57+00:00","dateModified":"2021-08-19T05:40:57+00:00","breadcrumb":{"@id":"https:\/\/vosgesinfo.fr\/gerardmerinfo\/2021\/08\/prochaine-expo-haut-tot-a-lueur-songes-de-martine-huin\/#breadcrumb"},"inLanguage":"fr-FR","potentialAction":[{"@type":"ReadAction","target":["https:\/\/vosgesinfo.fr\/gerardmerinfo\/2021\/08\/prochaine-expo-haut-tot-a-lueur-songes-de-martine-huin\/"]}]},{"@type":"ImageObject","inLanguage":"fr-FR","@id":"https:\/\/vosgesinfo.fr\/gerardmerinfo\/2021\/08\/prochaine-expo-haut-tot-a-lueur-songes-de-martine-huin\/#primaryimage","url":"https:\/\/vosgesinfo.fr\/app\/uploads\/sites\/6\/2024\/07\/202108m.-huin-2.jpg","contentUrl":"https:\/\/vosgesinfo.fr\/app\/uploads\/sites\/6\/2024\/07\/202108m.-huin-2.jpg","width":800,"height":533},{"@type":"BreadcrumbList","@id":"https:\/\/vosgesinfo.fr\/gerardmerinfo\/2021\/08\/prochaine-expo-haut-tot-a-lueur-songes-de-martine-huin\/#breadcrumb","itemListElement":[{"@type":"ListItem","position":1,"name":"Home","item":"https:\/\/vosgesinfo.fr\/gerardmerinfo\/"},{"@type":"ListItem","position":2,"name":"Prochaine expo au Haut du T\u00f4t : \u201cA la Lueur des Songes\u201d\u00a0de Martine Huin"}]},{"@type":"WebSite","@id":"https:\/\/vosgesinfo.fr\/gerardmerinfo\/#website","url":"https:\/\/vosgesinfo.fr\/gerardmerinfo\/","name":"Gerardmer Info","description":"Toute l&#039;actualit\u00e9 de G\u00e9rardmer","publisher":{"@id":"https:\/\/vosgesinfo.fr\/gerardmerinfo\/#organization"},"alternateName":"Toute l'actualit\u00e9 de G\u00e9rardmer","potentialAction":[{"@type":"SearchAction","target":{"@type":"EntryPoint","urlTemplate":"https:\/\/vosgesinfo.fr\/gerardmerinfo\/?s={search_term_string}"},"query-input":"required name=search_term_string"}],"inLanguage":"fr-FR"},{"@type":"Organization","@id":"https:\/\/vosgesinfo.fr\/gerardmerinfo\/#organization","name":"Gerardmer Info","url":"https:\/\/vosgesinfo.fr\/gerardmerinfo\/","logo":{"@type":"ImageObject","inLanguage":"fr-FR","@id":"https:\/\/vosgesinfo.fr\/gerardmerinfo\/#\/schema\/logo\/image\/","url":"https:\/\/vosgesinfo.fr\/app\/uploads\/sites\/6\/2023\/08\/favicon-gerardmerinfo.png","contentUrl":"https:\/\/vosgesinfo.fr\/app\/uploads\/sites\/6\/2023\/08\/favicon-gerardmerinfo.png","width":512,"height":512,"caption":"Gerardmer Info"},"image":{"@id":"https:\/\/vosgesinfo.fr\/gerardmerinfo\/#\/schema\/logo\/image\/"},"sameAs":["https:\/\/www.facebook.com\/profile.php?id=100049475262660","https:\/\/x.com\/VosgesInfo88","https:\/\/www.youtube.com\/@vosgesinfo"]},{"@type":"Person","@id":"https:\/\/vosgesinfo.fr\/gerardmerinfo\/#\/schema\/person\/bc5d02d71e6932e81b6dadb7386667b1","name":"qs_admin","image":{"@type":"ImageObject","inLanguage":"fr-FR","@id":"https:\/\/vosgesinfo.fr\/gerardmerinfo\/#\/schema\/person\/image\/","url":"https:\/\/secure.gravatar.com\/avatar\/94b18ee0ed79e4a42ea2f2931277b6841a8999fc6fde214600c78057cf1fe1de?s=96&d=mm&r=g","contentUrl":"https:\/\/secure.gravatar.com\/avatar\/94b18ee0ed79e4a42ea2f2931277b6841a8999fc6fde214600c78057cf1fe1de?s=96&d=mm&r=g","caption":"qs_admin"},"sameAs":["https:\/\/vosgesinfo.fr\/wp"],"url":"https:\/\/vosgesinfo.fr\/gerardmerinfo\/author\/qs_admin\/"}]}},"_links":{"self":[{"href":"https:\/\/vosgesinfo.fr\/gerardmerinfo\/wp-json\/wp\/v2\/posts\/54345","targetHints":{"allow":["GET"]}}],"collection":[{"href":"https:\/\/vosgesinfo.fr\/gerardmerinfo\/wp-json\/wp\/v2\/posts"}],"about":[{"href":"https:\/\/vosgesinfo.fr\/gerardmerinfo\/wp-json\/wp\/v2\/types\/post"}],"author":[{"embeddable":true,"href":"https:\/\/vosgesinfo.fr\/gerardmerinfo\/wp-json\/wp\/v2\/users\/1"}],"replies":[{"embeddable":true,"href":"https:\/\/vosgesinfo.fr\/gerardmerinfo\/wp-json\/wp\/v2\/comments?post=54345"}],"version-history":[{"count":0,"href":"https:\/\/vosgesinfo.fr\/gerardmerinfo\/wp-json\/wp\/v2\/posts\/54345\/revisions"}],"wp:featuredmedia":[{"embeddable":true,"href":"https:\/\/vosgesinfo.fr\/gerardmerinfo\/wp-json\/wp\/v2\/media\/54346"}],"wp:attachment":[{"href":"https:\/\/vosgesinfo.fr\/gerardmerinfo\/wp-json\/wp\/v2\/media?parent=54345"}],"wp:term":[{"taxonomy":"category","embeddable":true,"href":"https:\/\/vosgesinfo.fr\/gerardmerinfo\/wp-json\/wp\/v2\/categories?post=54345"},{"taxonomy":"post_tag","embeddable":true,"href":"https:\/\/vosgesinfo.fr\/gerardmerinfo\/wp-json\/wp\/v2\/tags?post=54345"}],"curies":[{"name":"wp","href":"https:\/\/api.w.org\/{rel}","templated":true}]}}