{"id":54397,"date":"2021-08-25T16:12:17","date_gmt":"2021-08-25T14:12:17","guid":{"rendered":"https:\/\/vosgesinfo.fr\/gerardmerinfo\/2021\/08\/dernier-marche-producteurs-derniere-expo-haut-tot\/"},"modified":"2021-08-25T16:12:17","modified_gmt":"2021-08-25T14:12:17","slug":"dernier-marche-producteurs-derniere-expo-haut-tot","status":"publish","type":"post","link":"https:\/\/vosgesinfo.fr\/gerardmerinfo\/2021\/08\/dernier-marche-producteurs-derniere-expo-haut-tot\/","title":{"rendered":"Dernier march\u00e9 des producteurs et derni\u00e8re expo au Haut du T\u00f4t"},"content":{"rendered":"<h3><a href=\"\/2021\/08\/PREMIEREPAGELADELINE.jpg\"><img decoding=\"async\" class=\"aligncenter size-full wp-image-179211\" src=\"\/2021\/08\/PREMIEREPAGELADELINE.jpg\" alt=\"PREMIEREPAGELADELINE\" width=\"800\" height=\"249\" \/><\/a><\/h3>\n\n<h3>Dernier march\u00e9 des producteurs et derni\u00e8re exposition au haut du T\u00f4t. la maison de la ruralit\u00e9 aura le plaisir d&rsquo;accueillir l&rsquo;Atelier B\u00eate d&rsquo;Encre \u00e0 partir de jeudi 16 h 00 pour cl\u00f4turer cette saison.<\/h3>\n<h4 style=\"text-align: center;\"><strong>Pr\u00e9sentation :<\/strong><\/h4>\n<p><strong>B\u00eate d\u2019Encre<\/strong><br \/>\n\u00ab\u00a0L\u2019utilisation d\u2019objets pr\u00e9existants \u00e0 peine d\u00e9tourn\u00e9s, de papier froiss\u00e9 puis maroufl\u00e9 constitue la base principale de mes volumes. Mon univers se situe entre m\u00e9nagerie vivante et virtuelle ; et je m\u2019y perds parfois &#8230; C\u2019est-\u00e0-dire que l\u2019imagination l\u2019emporte r\u00e9guli\u00e8rement.<br \/>\nQuel genre ? Irr\u00e9aliste.<br \/>\nL\u2019approche du volume, de l\u2019objet, la construction de formes, puis de la couleur dans l\u2019espace, m\u2019attire et me confronte \u00e0 des techniques m&#8217;emmenant vers une libert\u00e9 -toute relative- de mouvement dans laquelle la cr\u00e9ation est contrainte par l\u2019\u00e9quilibre et la fragilit\u00e9, mais qui lib\u00e8re d\u2019autres sens.<\/p>\n<p><strong>L&rsquo;Atelier B\u00eate D&rsquo;Encre expose :<\/strong><\/p>\n<p>&#8211; jeudi 26\/08 de 16h \u00e0 20h,<\/p>\n<p>&#8211; samedi 28\/08 de 14h \u00e0 19h,<\/p>\n<p>&#8211; dimanche 29\/09 de 14h \u00e0 18h.<\/p>\n<p>Entr\u00e9e libre<\/p>\n","protected":false},"excerpt":{"rendered":"<p>Dernier march\u00e9 des producteurs et derni\u00e8re exposition au haut du T\u00f4t. la maison de la ruralit\u00e9 aura le plaisir d&rsquo;accueillir [&hellip;]<\/p>\n","protected":false},"author":1,"featured_media":54398,"comment_status":"open","ping_status":"open","sticky":false,"template":"","format":"standard","meta":{"footnotes":""},"categories":[20,4,18],"tags":[],"class_list":["post-54397","post","type-post","status-publish","format-standard","has-post-thumbnail","hentry","category-a-la-une","category-culture","category-vosges"],"acf":[],"yoast_head":"<!-- This site is optimized with the Yoast SEO plugin v22.5 - https:\/\/yoast.com\/wordpress\/plugins\/seo\/ -->\n<title>Dernier march\u00e9 des producteurs et derni\u00e8re expo au Haut du T\u00f4t - Gerardmer Info<\/title>\n<meta name=\"robots\" content=\"index, follow, max-snippet:-1, max-image-preview:large, max-video-preview:-1\" \/>\n<link rel=\"canonical\" href=\"https:\/\/vosgesinfo.fr\/gerardmerinfo\/2021\/08\/dernier-marche-producteurs-derniere-expo-haut-tot\/\" \/>\n<meta name=\"twitter:card\" content=\"summary_large_image\" \/>\n<meta name=\"twitter:title\" content=\"Dernier march\u00e9 des producteurs et derni\u00e8re expo au Haut du T\u00f4t - Gerardmer Info\" \/>\n<meta name=\"twitter:description\" content=\"Dernier march\u00e9 des producteurs et derni\u00e8re exposition au haut du T\u00f4t. la maison de la ruralit\u00e9 aura le plaisir d&rsquo;accueillir [&hellip;]\" \/>\n<meta name=\"twitter:image\" content=\"https:\/\/vosgesinfo.fr\/app\/uploads\/sites\/6\/2024\/07\/202108crapaud.jpg\" \/>\n<meta name=\"twitter:creator\" content=\"@VosgesInfo88\" \/>\n<meta name=\"twitter:site\" content=\"@VosgesInfo88\" \/>\n<meta name=\"twitter:label1\" content=\"\u00c9crit par\" \/>\n\t<meta name=\"twitter:data1\" content=\"qs_admin\" \/>\n\t<meta name=\"twitter:label2\" content=\"Dur\u00e9e de lecture estim\u00e9e\" \/>\n\t<meta name=\"twitter:data2\" content=\"1 minute\" \/>\n<script type=\"application\/ld+json\" class=\"yoast-schema-graph\">{\"@context\":\"https:\/\/schema.org\",\"@graph\":[{\"@type\":\"Article\",\"@id\":\"https:\/\/vosgesinfo.fr\/gerardmerinfo\/2021\/08\/dernier-marche-producteurs-derniere-expo-haut-tot\/#article\",\"isPartOf\":{\"@id\":\"https:\/\/vosgesinfo.fr\/gerardmerinfo\/2021\/08\/dernier-marche-producteurs-derniere-expo-haut-tot\/\"},\"author\":{\"name\":\"qs_admin\",\"@id\":\"https:\/\/vosgesinfo.fr\/gerardmerinfo\/#\/schema\/person\/bc5d02d71e6932e81b6dadb7386667b1\"},\"headline\":\"Dernier march\u00e9 des producteurs et derni\u00e8re expo au Haut du T\u00f4t\",\"datePublished\":\"2021-08-25T14:12:17+00:00\",\"dateModified\":\"2021-08-25T14:12:17+00:00\",\"mainEntityOfPage\":{\"@id\":\"https:\/\/vosgesinfo.fr\/gerardmerinfo\/2021\/08\/dernier-marche-producteurs-derniere-expo-haut-tot\/\"},\"wordCount\":197,\"commentCount\":0,\"publisher\":{\"@id\":\"https:\/\/vosgesinfo.fr\/gerardmerinfo\/#organization\"},\"image\":{\"@id\":\"https:\/\/vosgesinfo.fr\/gerardmerinfo\/2021\/08\/dernier-marche-producteurs-derniere-expo-haut-tot\/#primaryimage\"},\"thumbnailUrl\":\"https:\/\/vosgesinfo.fr\/app\/uploads\/sites\/6\/2024\/07\/202108crapaud.jpg\",\"articleSection\":[\"A la une\",\"Culture\",\"Vosges\"],\"inLanguage\":\"fr-FR\",\"potentialAction\":[{\"@type\":\"CommentAction\",\"name\":\"Comment\",\"target\":[\"https:\/\/vosgesinfo.fr\/gerardmerinfo\/2021\/08\/dernier-marche-producteurs-derniere-expo-haut-tot\/#respond\"]}]},{\"@type\":\"WebPage\",\"@id\":\"https:\/\/vosgesinfo.fr\/gerardmerinfo\/2021\/08\/dernier-marche-producteurs-derniere-expo-haut-tot\/\",\"url\":\"https:\/\/vosgesinfo.fr\/gerardmerinfo\/2021\/08\/dernier-marche-producteurs-derniere-expo-haut-tot\/\",\"name\":\"Dernier march\u00e9 des producteurs et derni\u00e8re expo au Haut du T\u00f4t - Gerardmer Info\",\"isPartOf\":{\"@id\":\"https:\/\/vosgesinfo.fr\/gerardmerinfo\/#website\"},\"primaryImageOfPage\":{\"@id\":\"https:\/\/vosgesinfo.fr\/gerardmerinfo\/2021\/08\/dernier-marche-producteurs-derniere-expo-haut-tot\/#primaryimage\"},\"image\":{\"@id\":\"https:\/\/vosgesinfo.fr\/gerardmerinfo\/2021\/08\/dernier-marche-producteurs-derniere-expo-haut-tot\/#primaryimage\"},\"thumbnailUrl\":\"https:\/\/vosgesinfo.fr\/app\/uploads\/sites\/6\/2024\/07\/202108crapaud.jpg\",\"datePublished\":\"2021-08-25T14:12:17+00:00\",\"dateModified\":\"2021-08-25T14:12:17+00:00\",\"breadcrumb\":{\"@id\":\"https:\/\/vosgesinfo.fr\/gerardmerinfo\/2021\/08\/dernier-marche-producteurs-derniere-expo-haut-tot\/#breadcrumb\"},\"inLanguage\":\"fr-FR\",\"potentialAction\":[{\"@type\":\"ReadAction\",\"target\":[\"https:\/\/vosgesinfo.fr\/gerardmerinfo\/2021\/08\/dernier-marche-producteurs-derniere-expo-haut-tot\/\"]}]},{\"@type\":\"ImageObject\",\"inLanguage\":\"fr-FR\",\"@id\":\"https:\/\/vosgesinfo.fr\/gerardmerinfo\/2021\/08\/dernier-marche-producteurs-derniere-expo-haut-tot\/#primaryimage\",\"url\":\"https:\/\/vosgesinfo.fr\/app\/uploads\/sites\/6\/2024\/07\/202108crapaud.jpg\",\"contentUrl\":\"https:\/\/vosgesinfo.fr\/app\/uploads\/sites\/6\/2024\/07\/202108crapaud.jpg\",\"width\":741,\"height\":647},{\"@type\":\"BreadcrumbList\",\"@id\":\"https:\/\/vosgesinfo.fr\/gerardmerinfo\/2021\/08\/dernier-marche-producteurs-derniere-expo-haut-tot\/#breadcrumb\",\"itemListElement\":[{\"@type\":\"ListItem\",\"position\":1,\"name\":\"Home\",\"item\":\"https:\/\/vosgesinfo.fr\/gerardmerinfo\/\"},{\"@type\":\"ListItem\",\"position\":2,\"name\":\"Dernier march\u00e9 des producteurs et derni\u00e8re expo au Haut du T\u00f4t\"}]},{\"@type\":\"WebSite\",\"@id\":\"https:\/\/vosgesinfo.fr\/gerardmerinfo\/#website\",\"url\":\"https:\/\/vosgesinfo.fr\/gerardmerinfo\/\",\"name\":\"Gerardmer Info\",\"description\":\"Toute l&#039;actualit\u00e9 de G\u00e9rardmer\",\"publisher\":{\"@id\":\"https:\/\/vosgesinfo.fr\/gerardmerinfo\/#organization\"},\"alternateName\":\"Toute l'actualit\u00e9 de G\u00e9rardmer\",\"potentialAction\":[{\"@type\":\"SearchAction\",\"target\":{\"@type\":\"EntryPoint\",\"urlTemplate\":\"https:\/\/vosgesinfo.fr\/gerardmerinfo\/?s={search_term_string}\"},\"query-input\":\"required name=search_term_string\"}],\"inLanguage\":\"fr-FR\"},{\"@type\":\"Organization\",\"@id\":\"https:\/\/vosgesinfo.fr\/gerardmerinfo\/#organization\",\"name\":\"Gerardmer Info\",\"url\":\"https:\/\/vosgesinfo.fr\/gerardmerinfo\/\",\"logo\":{\"@type\":\"ImageObject\",\"inLanguage\":\"fr-FR\",\"@id\":\"https:\/\/vosgesinfo.fr\/gerardmerinfo\/#\/schema\/logo\/image\/\",\"url\":\"https:\/\/vosgesinfo.fr\/app\/uploads\/sites\/6\/2023\/08\/favicon-gerardmerinfo.png\",\"contentUrl\":\"https:\/\/vosgesinfo.fr\/app\/uploads\/sites\/6\/2023\/08\/favicon-gerardmerinfo.png\",\"width\":512,\"height\":512,\"caption\":\"Gerardmer Info\"},\"image\":{\"@id\":\"https:\/\/vosgesinfo.fr\/gerardmerinfo\/#\/schema\/logo\/image\/\"},\"sameAs\":[\"https:\/\/www.facebook.com\/profile.php?id=100049475262660\",\"https:\/\/x.com\/VosgesInfo88\",\"https:\/\/www.youtube.com\/@vosgesinfo\"]},{\"@type\":\"Person\",\"@id\":\"https:\/\/vosgesinfo.fr\/gerardmerinfo\/#\/schema\/person\/bc5d02d71e6932e81b6dadb7386667b1\",\"name\":\"qs_admin\",\"image\":{\"@type\":\"ImageObject\",\"inLanguage\":\"fr-FR\",\"@id\":\"https:\/\/vosgesinfo.fr\/gerardmerinfo\/#\/schema\/person\/image\/\",\"url\":\"https:\/\/secure.gravatar.com\/avatar\/94b18ee0ed79e4a42ea2f2931277b6841a8999fc6fde214600c78057cf1fe1de?s=96&d=mm&r=g\",\"contentUrl\":\"https:\/\/secure.gravatar.com\/avatar\/94b18ee0ed79e4a42ea2f2931277b6841a8999fc6fde214600c78057cf1fe1de?s=96&d=mm&r=g\",\"caption\":\"qs_admin\"},\"sameAs\":[\"https:\/\/vosgesinfo.fr\/wp\"],\"url\":\"https:\/\/vosgesinfo.fr\/gerardmerinfo\/author\/qs_admin\/\"}]}<\/script>\n<!-- \/ Yoast SEO plugin. -->","yoast_head_json":{"title":"Dernier march\u00e9 des producteurs et derni\u00e8re expo au Haut du T\u00f4t - Gerardmer Info","robots":{"index":"index","follow":"follow","max-snippet":"max-snippet:-1","max-image-preview":"max-image-preview:large","max-video-preview":"max-video-preview:-1"},"canonical":"https:\/\/vosgesinfo.fr\/gerardmerinfo\/2021\/08\/dernier-marche-producteurs-derniere-expo-haut-tot\/","twitter_card":"summary_large_image","twitter_title":"Dernier march\u00e9 des producteurs et derni\u00e8re expo au Haut du T\u00f4t - Gerardmer Info","twitter_description":"Dernier march\u00e9 des producteurs et derni\u00e8re exposition au haut du T\u00f4t. la maison de la ruralit\u00e9 aura le plaisir d&rsquo;accueillir [&hellip;]","twitter_image":"https:\/\/vosgesinfo.fr\/app\/uploads\/sites\/6\/2024\/07\/202108crapaud.jpg","twitter_creator":"@VosgesInfo88","twitter_site":"@VosgesInfo88","twitter_misc":{"\u00c9crit par":"qs_admin","Dur\u00e9e de lecture estim\u00e9e":"1 minute"},"schema":{"@context":"https:\/\/schema.org","@graph":[{"@type":"Article","@id":"https:\/\/vosgesinfo.fr\/gerardmerinfo\/2021\/08\/dernier-marche-producteurs-derniere-expo-haut-tot\/#article","isPartOf":{"@id":"https:\/\/vosgesinfo.fr\/gerardmerinfo\/2021\/08\/dernier-marche-producteurs-derniere-expo-haut-tot\/"},"author":{"name":"qs_admin","@id":"https:\/\/vosgesinfo.fr\/gerardmerinfo\/#\/schema\/person\/bc5d02d71e6932e81b6dadb7386667b1"},"headline":"Dernier march\u00e9 des producteurs et derni\u00e8re expo au Haut du T\u00f4t","datePublished":"2021-08-25T14:12:17+00:00","dateModified":"2021-08-25T14:12:17+00:00","mainEntityOfPage":{"@id":"https:\/\/vosgesinfo.fr\/gerardmerinfo\/2021\/08\/dernier-marche-producteurs-derniere-expo-haut-tot\/"},"wordCount":197,"commentCount":0,"publisher":{"@id":"https:\/\/vosgesinfo.fr\/gerardmerinfo\/#organization"},"image":{"@id":"https:\/\/vosgesinfo.fr\/gerardmerinfo\/2021\/08\/dernier-marche-producteurs-derniere-expo-haut-tot\/#primaryimage"},"thumbnailUrl":"https:\/\/vosgesinfo.fr\/app\/uploads\/sites\/6\/2024\/07\/202108crapaud.jpg","articleSection":["A la une","Culture","Vosges"],"inLanguage":"fr-FR","potentialAction":[{"@type":"CommentAction","name":"Comment","target":["https:\/\/vosgesinfo.fr\/gerardmerinfo\/2021\/08\/dernier-marche-producteurs-derniere-expo-haut-tot\/#respond"]}]},{"@type":"WebPage","@id":"https:\/\/vosgesinfo.fr\/gerardmerinfo\/2021\/08\/dernier-marche-producteurs-derniere-expo-haut-tot\/","url":"https:\/\/vosgesinfo.fr\/gerardmerinfo\/2021\/08\/dernier-marche-producteurs-derniere-expo-haut-tot\/","name":"Dernier march\u00e9 des producteurs et derni\u00e8re expo au Haut du T\u00f4t - Gerardmer Info","isPartOf":{"@id":"https:\/\/vosgesinfo.fr\/gerardmerinfo\/#website"},"primaryImageOfPage":{"@id":"https:\/\/vosgesinfo.fr\/gerardmerinfo\/2021\/08\/dernier-marche-producteurs-derniere-expo-haut-tot\/#primaryimage"},"image":{"@id":"https:\/\/vosgesinfo.fr\/gerardmerinfo\/2021\/08\/dernier-marche-producteurs-derniere-expo-haut-tot\/#primaryimage"},"thumbnailUrl":"https:\/\/vosgesinfo.fr\/app\/uploads\/sites\/6\/2024\/07\/202108crapaud.jpg","datePublished":"2021-08-25T14:12:17+00:00","dateModified":"2021-08-25T14:12:17+00:00","breadcrumb":{"@id":"https:\/\/vosgesinfo.fr\/gerardmerinfo\/2021\/08\/dernier-marche-producteurs-derniere-expo-haut-tot\/#breadcrumb"},"inLanguage":"fr-FR","potentialAction":[{"@type":"ReadAction","target":["https:\/\/vosgesinfo.fr\/gerardmerinfo\/2021\/08\/dernier-marche-producteurs-derniere-expo-haut-tot\/"]}]},{"@type":"ImageObject","inLanguage":"fr-FR","@id":"https:\/\/vosgesinfo.fr\/gerardmerinfo\/2021\/08\/dernier-marche-producteurs-derniere-expo-haut-tot\/#primaryimage","url":"https:\/\/vosgesinfo.fr\/app\/uploads\/sites\/6\/2024\/07\/202108crapaud.jpg","contentUrl":"https:\/\/vosgesinfo.fr\/app\/uploads\/sites\/6\/2024\/07\/202108crapaud.jpg","width":741,"height":647},{"@type":"BreadcrumbList","@id":"https:\/\/vosgesinfo.fr\/gerardmerinfo\/2021\/08\/dernier-marche-producteurs-derniere-expo-haut-tot\/#breadcrumb","itemListElement":[{"@type":"ListItem","position":1,"name":"Home","item":"https:\/\/vosgesinfo.fr\/gerardmerinfo\/"},{"@type":"ListItem","position":2,"name":"Dernier march\u00e9 des producteurs et derni\u00e8re expo au Haut du T\u00f4t"}]},{"@type":"WebSite","@id":"https:\/\/vosgesinfo.fr\/gerardmerinfo\/#website","url":"https:\/\/vosgesinfo.fr\/gerardmerinfo\/","name":"Gerardmer Info","description":"Toute l&#039;actualit\u00e9 de G\u00e9rardmer","publisher":{"@id":"https:\/\/vosgesinfo.fr\/gerardmerinfo\/#organization"},"alternateName":"Toute l'actualit\u00e9 de G\u00e9rardmer","potentialAction":[{"@type":"SearchAction","target":{"@type":"EntryPoint","urlTemplate":"https:\/\/vosgesinfo.fr\/gerardmerinfo\/?s={search_term_string}"},"query-input":"required name=search_term_string"}],"inLanguage":"fr-FR"},{"@type":"Organization","@id":"https:\/\/vosgesinfo.fr\/gerardmerinfo\/#organization","name":"Gerardmer Info","url":"https:\/\/vosgesinfo.fr\/gerardmerinfo\/","logo":{"@type":"ImageObject","inLanguage":"fr-FR","@id":"https:\/\/vosgesinfo.fr\/gerardmerinfo\/#\/schema\/logo\/image\/","url":"https:\/\/vosgesinfo.fr\/app\/uploads\/sites\/6\/2023\/08\/favicon-gerardmerinfo.png","contentUrl":"https:\/\/vosgesinfo.fr\/app\/uploads\/sites\/6\/2023\/08\/favicon-gerardmerinfo.png","width":512,"height":512,"caption":"Gerardmer Info"},"image":{"@id":"https:\/\/vosgesinfo.fr\/gerardmerinfo\/#\/schema\/logo\/image\/"},"sameAs":["https:\/\/www.facebook.com\/profile.php?id=100049475262660","https:\/\/x.com\/VosgesInfo88","https:\/\/www.youtube.com\/@vosgesinfo"]},{"@type":"Person","@id":"https:\/\/vosgesinfo.fr\/gerardmerinfo\/#\/schema\/person\/bc5d02d71e6932e81b6dadb7386667b1","name":"qs_admin","image":{"@type":"ImageObject","inLanguage":"fr-FR","@id":"https:\/\/vosgesinfo.fr\/gerardmerinfo\/#\/schema\/person\/image\/","url":"https:\/\/secure.gravatar.com\/avatar\/94b18ee0ed79e4a42ea2f2931277b6841a8999fc6fde214600c78057cf1fe1de?s=96&d=mm&r=g","contentUrl":"https:\/\/secure.gravatar.com\/avatar\/94b18ee0ed79e4a42ea2f2931277b6841a8999fc6fde214600c78057cf1fe1de?s=96&d=mm&r=g","caption":"qs_admin"},"sameAs":["https:\/\/vosgesinfo.fr\/wp"],"url":"https:\/\/vosgesinfo.fr\/gerardmerinfo\/author\/qs_admin\/"}]}},"_links":{"self":[{"href":"https:\/\/vosgesinfo.fr\/gerardmerinfo\/wp-json\/wp\/v2\/posts\/54397","targetHints":{"allow":["GET"]}}],"collection":[{"href":"https:\/\/vosgesinfo.fr\/gerardmerinfo\/wp-json\/wp\/v2\/posts"}],"about":[{"href":"https:\/\/vosgesinfo.fr\/gerardmerinfo\/wp-json\/wp\/v2\/types\/post"}],"author":[{"embeddable":true,"href":"https:\/\/vosgesinfo.fr\/gerardmerinfo\/wp-json\/wp\/v2\/users\/1"}],"replies":[{"embeddable":true,"href":"https:\/\/vosgesinfo.fr\/gerardmerinfo\/wp-json\/wp\/v2\/comments?post=54397"}],"version-history":[{"count":0,"href":"https:\/\/vosgesinfo.fr\/gerardmerinfo\/wp-json\/wp\/v2\/posts\/54397\/revisions"}],"wp:featuredmedia":[{"embeddable":true,"href":"https:\/\/vosgesinfo.fr\/gerardmerinfo\/wp-json\/wp\/v2\/media\/54398"}],"wp:attachment":[{"href":"https:\/\/vosgesinfo.fr\/gerardmerinfo\/wp-json\/wp\/v2\/media?parent=54397"}],"wp:term":[{"taxonomy":"category","embeddable":true,"href":"https:\/\/vosgesinfo.fr\/gerardmerinfo\/wp-json\/wp\/v2\/categories?post=54397"},{"taxonomy":"post_tag","embeddable":true,"href":"https:\/\/vosgesinfo.fr\/gerardmerinfo\/wp-json\/wp\/v2\/tags?post=54397"}],"curies":[{"name":"wp","href":"https:\/\/api.w.org\/{rel}","templated":true}]}}