{"id":54416,"date":"2021-08-26T17:33:13","date_gmt":"2021-08-26T15:33:13","guid":{"rendered":"https:\/\/vosgesinfo.fr\/gerardmerinfo\/2021\/08\/conseil-municipal-etape-cle-communaute-de-commune-gerardmer-hautes-vosges\/"},"modified":"2021-08-26T17:33:13","modified_gmt":"2021-08-26T15:33:13","slug":"conseil-municipal-etape-cle-communaute-de-commune-gerardmer-hautes-vosges","status":"publish","type":"post","link":"https:\/\/vosgesinfo.fr\/gerardmerinfo\/2021\/08\/conseil-municipal-etape-cle-communaute-de-commune-gerardmer-hautes-vosges\/","title":{"rendered":"Conseil municipal : une \u00e9tape cl\u00e9 pour la Communaut\u00e9 de Commune G\u00e9rardmer Hautes Vosges"},"content":{"rendered":"<h3><span style=\"font-size: 12pt;\"><a href=\"\/2021\/08\/conseil-municipal.jpg\"><img decoding=\"async\" class=\"aligncenter size-full wp-image-179232\" src=\"\/2021\/08\/conseil-municipal.jpg\" alt=\"conseil municipal\" width=\"800\" height=\"600\" \/><\/a><\/span><\/h3>\n<h3>Un conseil municipal suppl\u00e9mentaire (par rapport au programme annuel initial) a \u00e9t\u00e9 programm\u00e9 ce jeudi 26 ao\u00fbt afin notamment de proc\u00e9der \u00e0 plusieurs votes essentiels afin d&rsquo;avancer sur un dossier qui l&rsquo;est tout autant : la cr\u00e9ation de la future Communaut\u00e9 de Communes G\u00e9rardmer Hautes Vosges.<\/h3>\n<p>Le premier de ces 4 votes concernait le projet de p\u00e9rim\u00e8tre, sachant que les communes concern\u00e9es ont 3 mois pour proc\u00e9der \u00e0 ce vote suite \u00e0 la demande effectu\u00e9e aupr\u00e8s de M. Le Pr\u00e9fet en juillet dernier. L&rsquo;objectif est d&rsquo;obtenir une majorit\u00e9 qualifi\u00e9e sur les deux futures communaut\u00e9s de communes, ce qui est particuli\u00e8rement bien engag\u00e9 confiait le maire g\u00e9r\u00f4mois. N\u00e9anmoins, ce qui est fait n&rsquo;est plus \u00e0 faire et la municipalit\u00e9 souhaitait franchir cette nouvelle \u00e9tape rapidement pour continuer \u00e0 avancer sur ce dossier en ayant en ligne de mire une nouvelle communaut\u00e9 de communes effectives pour le 1er janvier 2022. \u00ab\u00a0Plus vite c&rsquo;est fait, plus vite nous pouvons avancer. C&rsquo;est une \u00e9tape cl\u00e9 qui vient d&rsquo;\u00eatre franchie en vue de la d\u00e9lib\u00e9ration finale. Les maires des communes se r\u00e9unissent d\u00e9j\u00e0 r\u00e9guli\u00e8rement pour travailler \u00e0 l&rsquo;\u00e9laboration de la future com&rsquo; com&rsquo;. (&#8230;) C&rsquo;est une proc\u00e9dure que nous avons engag\u00e9 il y a pr\u00e8s de 2 ans d\u00e9j\u00e0\u00a0\u00bb pr\u00e9cise Stessy Speissmann. Une proc\u00e9dure qui permettra de revenir au d\u00e9coupage initial, et sans doute de simplifier bien des choses.<\/p>\n<p>Les \u00e9lus de G\u00e9rardmer \u00e9taient \u00e9galement appel\u00e9s \u00e0 voter la r\u00e9partition du personnel suite \u00e0 la scission de la Communaut\u00e9 de Communes des Hautes Vosges et la cr\u00e9ation de la Communaut\u00e9 de Communes G\u00e9rardmer Hautes Vosges. Comme l&rsquo;a expliqu\u00e9 le premier magistrat, l&rsquo;ensemble du personnel a \u00e9t\u00e9 consult\u00e9 et, \u00e0 l&rsquo;exception d&rsquo;un agent, les v\u0153ux de chacun ont \u00e9t\u00e9 respect\u00e9s. Concernant la formalit\u00e9 de la r\u00e9partition des biens, bien que laborieuse, elle aura eu le m\u00e9rite d&rsquo;avoir permis d&rsquo;effectuer un \u00ab\u00a0petit\u00a0\u00bb inventaire. Enfin, concernant la r\u00e9partition des si\u00e8ges de la future com&rsquo; com&rsquo; qui est strictement cadr\u00e9 par la loi, deux options s&rsquo;offraient aux \u00e9lus. La r\u00e9partition par accord local semblait initialement \u00eatre s\u00e9duisante en permettant d&rsquo;attribuer 25% de si\u00e8ges en plus, et donc un si\u00e8ge suppl\u00e9mentaire aux plus petites des communes (qui passaient ainsi de 1 \u00e0 2 si\u00e8ges). Mais la loi ayant chang\u00e9, ces si\u00e8ges en plus ne concerneraient que les communes de Granges-Aumontzy, Xonrupt-Longemer, Le Tholy et G\u00e9rardmer, ce qui perdrait tout int\u00e9r\u00eat et ne r\u00e9pondrait as \u00e0 la probl\u00e9matique des petites communes.<\/p>\n<p>Les \u00e9lus ont donc, par biais du vote, opt\u00e9 pour la r\u00e9partition de droit commun avec un conseil communautaire qui compterait 30 si\u00e8ges (sachant qu&rsquo;aucune commune n&rsquo;aurait la majorit\u00e9 absolue) r\u00e9partis comme suit : 15 pour G\u00e9rardmer, 5 pour Granges-Aumontzey, 3 pour Le Tholy et Xonrupt-Longemer, et 1 pour Li\u00e9zey, R\u00e9haupal, Champdray et Le Valtin. Ajoutons, pour conclure, que l&rsquo;ensemble de ces 4 points concernant la future communaut\u00e9 de communes ont \u00e9t\u00e9 vot\u00e9s \u00e0 l&rsquo;unanimit\u00e9.<\/p>\n","protected":false},"excerpt":{"rendered":"<p>Un conseil municipal suppl\u00e9mentaire (par rapport au programme annuel initial) a \u00e9t\u00e9 programm\u00e9 ce jeudi 26 ao\u00fbt afin notamment de [&hellip;]<\/p>\n","protected":false},"author":42,"featured_media":6971,"comment_status":"open","ping_status":"open","sticky":false,"template":"","format":"standard","meta":{"footnotes":""},"categories":[20,25,10,13],"tags":[2189],"class_list":["post-54416","post","type-post","status-publish","format-standard","has-post-thumbnail","hentry","category-a-la-une","category-gerardmer","category-politique","category-societe","tag-conseil-municipal-gerardmer"],"acf":[],"yoast_head":"<!-- This site is optimized with the Yoast SEO plugin v22.5 - https:\/\/yoast.com\/wordpress\/plugins\/seo\/ -->\n<title>Conseil municipal : une \u00e9tape cl\u00e9 pour la Communaut\u00e9 de Commune G\u00e9rardmer Hautes Vosges - Gerardmer Info<\/title>\n<meta name=\"robots\" content=\"index, follow, max-snippet:-1, max-image-preview:large, max-video-preview:-1\" \/>\n<link rel=\"canonical\" href=\"https:\/\/vosgesinfo.fr\/gerardmerinfo\/2021\/08\/conseil-municipal-etape-cle-communaute-de-commune-gerardmer-hautes-vosges\/\" \/>\n<meta name=\"twitter:card\" content=\"summary_large_image\" \/>\n<meta name=\"twitter:title\" content=\"Conseil municipal : une \u00e9tape cl\u00e9 pour la Communaut\u00e9 de Commune G\u00e9rardmer Hautes Vosges - Gerardmer Info\" \/>\n<meta name=\"twitter:description\" content=\"Un conseil municipal suppl\u00e9mentaire (par rapport au programme annuel initial) a \u00e9t\u00e9 programm\u00e9 ce jeudi 26 ao\u00fbt afin notamment de [&hellip;]\" \/>\n<meta name=\"twitter:image\" content=\"https:\/\/vosgesinfo.fr\/app\/uploads\/sites\/6\/2024\/03\/conseil-municipal.jpg\" \/>\n<meta name=\"twitter:creator\" content=\"@VosgesInfo88\" \/>\n<meta name=\"twitter:site\" content=\"@VosgesInfo88\" \/>\n<meta name=\"twitter:label1\" content=\"\u00c9crit par\" \/>\n\t<meta name=\"twitter:data1\" content=\"QG\" \/>\n\t<meta name=\"twitter:label2\" content=\"Dur\u00e9e de lecture estim\u00e9e\" \/>\n\t<meta name=\"twitter:data2\" content=\"3 minutes\" \/>\n<script type=\"application\/ld+json\" class=\"yoast-schema-graph\">{\"@context\":\"https:\/\/schema.org\",\"@graph\":[{\"@type\":\"Article\",\"@id\":\"https:\/\/vosgesinfo.fr\/gerardmerinfo\/2021\/08\/conseil-municipal-etape-cle-communaute-de-commune-gerardmer-hautes-vosges\/#article\",\"isPartOf\":{\"@id\":\"https:\/\/vosgesinfo.fr\/gerardmerinfo\/2021\/08\/conseil-municipal-etape-cle-communaute-de-commune-gerardmer-hautes-vosges\/\"},\"author\":{\"name\":\"QG\",\"@id\":\"https:\/\/vosgesinfo.fr\/gerardmerinfo\/#\/schema\/person\/db5605779a843dad16b5368f3e7613a5\"},\"headline\":\"Conseil municipal : une \u00e9tape cl\u00e9 pour la Communaut\u00e9 de Commune G\u00e9rardmer Hautes Vosges\",\"datePublished\":\"2021-08-26T15:33:13+00:00\",\"dateModified\":\"2021-08-26T15:33:13+00:00\",\"mainEntityOfPage\":{\"@id\":\"https:\/\/vosgesinfo.fr\/gerardmerinfo\/2021\/08\/conseil-municipal-etape-cle-communaute-de-commune-gerardmer-hautes-vosges\/\"},\"wordCount\":542,\"commentCount\":0,\"publisher\":{\"@id\":\"https:\/\/vosgesinfo.fr\/gerardmerinfo\/#organization\"},\"image\":{\"@id\":\"https:\/\/vosgesinfo.fr\/gerardmerinfo\/2021\/08\/conseil-municipal-etape-cle-communaute-de-commune-gerardmer-hautes-vosges\/#primaryimage\"},\"thumbnailUrl\":\"https:\/\/vosgesinfo.fr\/app\/uploads\/sites\/6\/2024\/03\/conseil-municipal.jpg\",\"keywords\":[\"conseil municipal g\u00e9rardmer\"],\"articleSection\":[\"A la une\",\"G\u00e9rardmer\",\"Politique\",\"Soci\u00e9t\u00e9\"],\"inLanguage\":\"fr-FR\",\"potentialAction\":[{\"@type\":\"CommentAction\",\"name\":\"Comment\",\"target\":[\"https:\/\/vosgesinfo.fr\/gerardmerinfo\/2021\/08\/conseil-municipal-etape-cle-communaute-de-commune-gerardmer-hautes-vosges\/#respond\"]}]},{\"@type\":\"WebPage\",\"@id\":\"https:\/\/vosgesinfo.fr\/gerardmerinfo\/2021\/08\/conseil-municipal-etape-cle-communaute-de-commune-gerardmer-hautes-vosges\/\",\"url\":\"https:\/\/vosgesinfo.fr\/gerardmerinfo\/2021\/08\/conseil-municipal-etape-cle-communaute-de-commune-gerardmer-hautes-vosges\/\",\"name\":\"Conseil municipal : une \u00e9tape cl\u00e9 pour la Communaut\u00e9 de Commune G\u00e9rardmer Hautes Vosges - Gerardmer Info\",\"isPartOf\":{\"@id\":\"https:\/\/vosgesinfo.fr\/gerardmerinfo\/#website\"},\"primaryImageOfPage\":{\"@id\":\"https:\/\/vosgesinfo.fr\/gerardmerinfo\/2021\/08\/conseil-municipal-etape-cle-communaute-de-commune-gerardmer-hautes-vosges\/#primaryimage\"},\"image\":{\"@id\":\"https:\/\/vosgesinfo.fr\/gerardmerinfo\/2021\/08\/conseil-municipal-etape-cle-communaute-de-commune-gerardmer-hautes-vosges\/#primaryimage\"},\"thumbnailUrl\":\"https:\/\/vosgesinfo.fr\/app\/uploads\/sites\/6\/2024\/03\/conseil-municipal.jpg\",\"datePublished\":\"2021-08-26T15:33:13+00:00\",\"dateModified\":\"2021-08-26T15:33:13+00:00\",\"breadcrumb\":{\"@id\":\"https:\/\/vosgesinfo.fr\/gerardmerinfo\/2021\/08\/conseil-municipal-etape-cle-communaute-de-commune-gerardmer-hautes-vosges\/#breadcrumb\"},\"inLanguage\":\"fr-FR\",\"potentialAction\":[{\"@type\":\"ReadAction\",\"target\":[\"https:\/\/vosgesinfo.fr\/gerardmerinfo\/2021\/08\/conseil-municipal-etape-cle-communaute-de-commune-gerardmer-hautes-vosges\/\"]}]},{\"@type\":\"ImageObject\",\"inLanguage\":\"fr-FR\",\"@id\":\"https:\/\/vosgesinfo.fr\/gerardmerinfo\/2021\/08\/conseil-municipal-etape-cle-communaute-de-commune-gerardmer-hautes-vosges\/#primaryimage\",\"url\":\"https:\/\/vosgesinfo.fr\/app\/uploads\/sites\/6\/2024\/03\/conseil-municipal.jpg\",\"contentUrl\":\"https:\/\/vosgesinfo.fr\/app\/uploads\/sites\/6\/2024\/03\/conseil-municipal.jpg\",\"width\":715,\"height\":345},{\"@type\":\"BreadcrumbList\",\"@id\":\"https:\/\/vosgesinfo.fr\/gerardmerinfo\/2021\/08\/conseil-municipal-etape-cle-communaute-de-commune-gerardmer-hautes-vosges\/#breadcrumb\",\"itemListElement\":[{\"@type\":\"ListItem\",\"position\":1,\"name\":\"Home\",\"item\":\"https:\/\/vosgesinfo.fr\/gerardmerinfo\/\"},{\"@type\":\"ListItem\",\"position\":2,\"name\":\"Conseil municipal : une \u00e9tape cl\u00e9 pour la Communaut\u00e9 de Commune G\u00e9rardmer Hautes Vosges\"}]},{\"@type\":\"WebSite\",\"@id\":\"https:\/\/vosgesinfo.fr\/gerardmerinfo\/#website\",\"url\":\"https:\/\/vosgesinfo.fr\/gerardmerinfo\/\",\"name\":\"Gerardmer Info\",\"description\":\"Toute l&#039;actualit\u00e9 de G\u00e9rardmer\",\"publisher\":{\"@id\":\"https:\/\/vosgesinfo.fr\/gerardmerinfo\/#organization\"},\"alternateName\":\"Toute l'actualit\u00e9 de G\u00e9rardmer\",\"potentialAction\":[{\"@type\":\"SearchAction\",\"target\":{\"@type\":\"EntryPoint\",\"urlTemplate\":\"https:\/\/vosgesinfo.fr\/gerardmerinfo\/?s={search_term_string}\"},\"query-input\":\"required name=search_term_string\"}],\"inLanguage\":\"fr-FR\"},{\"@type\":\"Organization\",\"@id\":\"https:\/\/vosgesinfo.fr\/gerardmerinfo\/#organization\",\"name\":\"Gerardmer Info\",\"url\":\"https:\/\/vosgesinfo.fr\/gerardmerinfo\/\",\"logo\":{\"@type\":\"ImageObject\",\"inLanguage\":\"fr-FR\",\"@id\":\"https:\/\/vosgesinfo.fr\/gerardmerinfo\/#\/schema\/logo\/image\/\",\"url\":\"https:\/\/vosgesinfo.fr\/app\/uploads\/sites\/6\/2023\/08\/favicon-gerardmerinfo.png\",\"contentUrl\":\"https:\/\/vosgesinfo.fr\/app\/uploads\/sites\/6\/2023\/08\/favicon-gerardmerinfo.png\",\"width\":512,\"height\":512,\"caption\":\"Gerardmer Info\"},\"image\":{\"@id\":\"https:\/\/vosgesinfo.fr\/gerardmerinfo\/#\/schema\/logo\/image\/\"},\"sameAs\":[\"https:\/\/www.facebook.com\/profile.php?id=100049475262660\",\"https:\/\/x.com\/VosgesInfo88\",\"https:\/\/www.youtube.com\/@vosgesinfo\"]},{\"@type\":\"Person\",\"@id\":\"https:\/\/vosgesinfo.fr\/gerardmerinfo\/#\/schema\/person\/db5605779a843dad16b5368f3e7613a5\",\"name\":\"QG\",\"image\":{\"@type\":\"ImageObject\",\"inLanguage\":\"fr-FR\",\"@id\":\"https:\/\/vosgesinfo.fr\/gerardmerinfo\/#\/schema\/person\/image\/\",\"url\":\"https:\/\/secure.gravatar.com\/avatar\/ea80c42c204b534408512832fde52504ecabb9706bcb6151cf6175e5b64e6793?s=96&d=mm&r=g\",\"contentUrl\":\"https:\/\/secure.gravatar.com\/avatar\/ea80c42c204b534408512832fde52504ecabb9706bcb6151cf6175e5b64e6793?s=96&d=mm&r=g\",\"caption\":\"QG\"},\"url\":\"https:\/\/vosgesinfo.fr\/gerardmerinfo\/author\/quentin88\/\"}]}<\/script>\n<!-- \/ Yoast SEO plugin. -->","yoast_head_json":{"title":"Conseil municipal : une \u00e9tape cl\u00e9 pour la Communaut\u00e9 de Commune G\u00e9rardmer Hautes Vosges - Gerardmer Info","robots":{"index":"index","follow":"follow","max-snippet":"max-snippet:-1","max-image-preview":"max-image-preview:large","max-video-preview":"max-video-preview:-1"},"canonical":"https:\/\/vosgesinfo.fr\/gerardmerinfo\/2021\/08\/conseil-municipal-etape-cle-communaute-de-commune-gerardmer-hautes-vosges\/","twitter_card":"summary_large_image","twitter_title":"Conseil municipal : une \u00e9tape cl\u00e9 pour la Communaut\u00e9 de Commune G\u00e9rardmer Hautes Vosges - Gerardmer Info","twitter_description":"Un conseil municipal suppl\u00e9mentaire (par rapport au programme annuel initial) a \u00e9t\u00e9 programm\u00e9 ce jeudi 26 ao\u00fbt afin notamment de [&hellip;]","twitter_image":"https:\/\/vosgesinfo.fr\/app\/uploads\/sites\/6\/2024\/03\/conseil-municipal.jpg","twitter_creator":"@VosgesInfo88","twitter_site":"@VosgesInfo88","twitter_misc":{"\u00c9crit par":"QG","Dur\u00e9e de lecture estim\u00e9e":"3 minutes"},"schema":{"@context":"https:\/\/schema.org","@graph":[{"@type":"Article","@id":"https:\/\/vosgesinfo.fr\/gerardmerinfo\/2021\/08\/conseil-municipal-etape-cle-communaute-de-commune-gerardmer-hautes-vosges\/#article","isPartOf":{"@id":"https:\/\/vosgesinfo.fr\/gerardmerinfo\/2021\/08\/conseil-municipal-etape-cle-communaute-de-commune-gerardmer-hautes-vosges\/"},"author":{"name":"QG","@id":"https:\/\/vosgesinfo.fr\/gerardmerinfo\/#\/schema\/person\/db5605779a843dad16b5368f3e7613a5"},"headline":"Conseil municipal : une \u00e9tape cl\u00e9 pour la Communaut\u00e9 de Commune G\u00e9rardmer Hautes Vosges","datePublished":"2021-08-26T15:33:13+00:00","dateModified":"2021-08-26T15:33:13+00:00","mainEntityOfPage":{"@id":"https:\/\/vosgesinfo.fr\/gerardmerinfo\/2021\/08\/conseil-municipal-etape-cle-communaute-de-commune-gerardmer-hautes-vosges\/"},"wordCount":542,"commentCount":0,"publisher":{"@id":"https:\/\/vosgesinfo.fr\/gerardmerinfo\/#organization"},"image":{"@id":"https:\/\/vosgesinfo.fr\/gerardmerinfo\/2021\/08\/conseil-municipal-etape-cle-communaute-de-commune-gerardmer-hautes-vosges\/#primaryimage"},"thumbnailUrl":"https:\/\/vosgesinfo.fr\/app\/uploads\/sites\/6\/2024\/03\/conseil-municipal.jpg","keywords":["conseil municipal g\u00e9rardmer"],"articleSection":["A la une","G\u00e9rardmer","Politique","Soci\u00e9t\u00e9"],"inLanguage":"fr-FR","potentialAction":[{"@type":"CommentAction","name":"Comment","target":["https:\/\/vosgesinfo.fr\/gerardmerinfo\/2021\/08\/conseil-municipal-etape-cle-communaute-de-commune-gerardmer-hautes-vosges\/#respond"]}]},{"@type":"WebPage","@id":"https:\/\/vosgesinfo.fr\/gerardmerinfo\/2021\/08\/conseil-municipal-etape-cle-communaute-de-commune-gerardmer-hautes-vosges\/","url":"https:\/\/vosgesinfo.fr\/gerardmerinfo\/2021\/08\/conseil-municipal-etape-cle-communaute-de-commune-gerardmer-hautes-vosges\/","name":"Conseil municipal : une \u00e9tape cl\u00e9 pour la Communaut\u00e9 de Commune G\u00e9rardmer Hautes Vosges - Gerardmer Info","isPartOf":{"@id":"https:\/\/vosgesinfo.fr\/gerardmerinfo\/#website"},"primaryImageOfPage":{"@id":"https:\/\/vosgesinfo.fr\/gerardmerinfo\/2021\/08\/conseil-municipal-etape-cle-communaute-de-commune-gerardmer-hautes-vosges\/#primaryimage"},"image":{"@id":"https:\/\/vosgesinfo.fr\/gerardmerinfo\/2021\/08\/conseil-municipal-etape-cle-communaute-de-commune-gerardmer-hautes-vosges\/#primaryimage"},"thumbnailUrl":"https:\/\/vosgesinfo.fr\/app\/uploads\/sites\/6\/2024\/03\/conseil-municipal.jpg","datePublished":"2021-08-26T15:33:13+00:00","dateModified":"2021-08-26T15:33:13+00:00","breadcrumb":{"@id":"https:\/\/vosgesinfo.fr\/gerardmerinfo\/2021\/08\/conseil-municipal-etape-cle-communaute-de-commune-gerardmer-hautes-vosges\/#breadcrumb"},"inLanguage":"fr-FR","potentialAction":[{"@type":"ReadAction","target":["https:\/\/vosgesinfo.fr\/gerardmerinfo\/2021\/08\/conseil-municipal-etape-cle-communaute-de-commune-gerardmer-hautes-vosges\/"]}]},{"@type":"ImageObject","inLanguage":"fr-FR","@id":"https:\/\/vosgesinfo.fr\/gerardmerinfo\/2021\/08\/conseil-municipal-etape-cle-communaute-de-commune-gerardmer-hautes-vosges\/#primaryimage","url":"https:\/\/vosgesinfo.fr\/app\/uploads\/sites\/6\/2024\/03\/conseil-municipal.jpg","contentUrl":"https:\/\/vosgesinfo.fr\/app\/uploads\/sites\/6\/2024\/03\/conseil-municipal.jpg","width":715,"height":345},{"@type":"BreadcrumbList","@id":"https:\/\/vosgesinfo.fr\/gerardmerinfo\/2021\/08\/conseil-municipal-etape-cle-communaute-de-commune-gerardmer-hautes-vosges\/#breadcrumb","itemListElement":[{"@type":"ListItem","position":1,"name":"Home","item":"https:\/\/vosgesinfo.fr\/gerardmerinfo\/"},{"@type":"ListItem","position":2,"name":"Conseil municipal : une \u00e9tape cl\u00e9 pour la Communaut\u00e9 de Commune G\u00e9rardmer Hautes Vosges"}]},{"@type":"WebSite","@id":"https:\/\/vosgesinfo.fr\/gerardmerinfo\/#website","url":"https:\/\/vosgesinfo.fr\/gerardmerinfo\/","name":"Gerardmer Info","description":"Toute l&#039;actualit\u00e9 de G\u00e9rardmer","publisher":{"@id":"https:\/\/vosgesinfo.fr\/gerardmerinfo\/#organization"},"alternateName":"Toute l'actualit\u00e9 de G\u00e9rardmer","potentialAction":[{"@type":"SearchAction","target":{"@type":"EntryPoint","urlTemplate":"https:\/\/vosgesinfo.fr\/gerardmerinfo\/?s={search_term_string}"},"query-input":"required name=search_term_string"}],"inLanguage":"fr-FR"},{"@type":"Organization","@id":"https:\/\/vosgesinfo.fr\/gerardmerinfo\/#organization","name":"Gerardmer Info","url":"https:\/\/vosgesinfo.fr\/gerardmerinfo\/","logo":{"@type":"ImageObject","inLanguage":"fr-FR","@id":"https:\/\/vosgesinfo.fr\/gerardmerinfo\/#\/schema\/logo\/image\/","url":"https:\/\/vosgesinfo.fr\/app\/uploads\/sites\/6\/2023\/08\/favicon-gerardmerinfo.png","contentUrl":"https:\/\/vosgesinfo.fr\/app\/uploads\/sites\/6\/2023\/08\/favicon-gerardmerinfo.png","width":512,"height":512,"caption":"Gerardmer Info"},"image":{"@id":"https:\/\/vosgesinfo.fr\/gerardmerinfo\/#\/schema\/logo\/image\/"},"sameAs":["https:\/\/www.facebook.com\/profile.php?id=100049475262660","https:\/\/x.com\/VosgesInfo88","https:\/\/www.youtube.com\/@vosgesinfo"]},{"@type":"Person","@id":"https:\/\/vosgesinfo.fr\/gerardmerinfo\/#\/schema\/person\/db5605779a843dad16b5368f3e7613a5","name":"QG","image":{"@type":"ImageObject","inLanguage":"fr-FR","@id":"https:\/\/vosgesinfo.fr\/gerardmerinfo\/#\/schema\/person\/image\/","url":"https:\/\/secure.gravatar.com\/avatar\/ea80c42c204b534408512832fde52504ecabb9706bcb6151cf6175e5b64e6793?s=96&d=mm&r=g","contentUrl":"https:\/\/secure.gravatar.com\/avatar\/ea80c42c204b534408512832fde52504ecabb9706bcb6151cf6175e5b64e6793?s=96&d=mm&r=g","caption":"QG"},"url":"https:\/\/vosgesinfo.fr\/gerardmerinfo\/author\/quentin88\/"}]}},"_links":{"self":[{"href":"https:\/\/vosgesinfo.fr\/gerardmerinfo\/wp-json\/wp\/v2\/posts\/54416","targetHints":{"allow":["GET"]}}],"collection":[{"href":"https:\/\/vosgesinfo.fr\/gerardmerinfo\/wp-json\/wp\/v2\/posts"}],"about":[{"href":"https:\/\/vosgesinfo.fr\/gerardmerinfo\/wp-json\/wp\/v2\/types\/post"}],"author":[{"embeddable":true,"href":"https:\/\/vosgesinfo.fr\/gerardmerinfo\/wp-json\/wp\/v2\/users\/42"}],"replies":[{"embeddable":true,"href":"https:\/\/vosgesinfo.fr\/gerardmerinfo\/wp-json\/wp\/v2\/comments?post=54416"}],"version-history":[{"count":0,"href":"https:\/\/vosgesinfo.fr\/gerardmerinfo\/wp-json\/wp\/v2\/posts\/54416\/revisions"}],"wp:featuredmedia":[{"embeddable":true,"href":"https:\/\/vosgesinfo.fr\/gerardmerinfo\/wp-json\/wp\/v2\/media\/6971"}],"wp:attachment":[{"href":"https:\/\/vosgesinfo.fr\/gerardmerinfo\/wp-json\/wp\/v2\/media?parent=54416"}],"wp:term":[{"taxonomy":"category","embeddable":true,"href":"https:\/\/vosgesinfo.fr\/gerardmerinfo\/wp-json\/wp\/v2\/categories?post=54416"},{"taxonomy":"post_tag","embeddable":true,"href":"https:\/\/vosgesinfo.fr\/gerardmerinfo\/wp-json\/wp\/v2\/tags?post=54416"}],"curies":[{"name":"wp","href":"https:\/\/api.w.org\/{rel}","templated":true}]}}