{"id":54417,"date":"2021-08-27T08:12:06","date_gmt":"2021-08-27T06:12:06","guid":{"rendered":"https:\/\/vosgesinfo.fr\/gerardmerinfo\/2021\/08\/roi-animaux-cinema\/"},"modified":"2021-08-27T08:12:06","modified_gmt":"2021-08-27T06:12:06","slug":"roi-animaux-cinema","status":"publish","type":"post","link":"https:\/\/vosgesinfo.fr\/gerardmerinfo\/2021\/08\/roi-animaux-cinema\/","title":{"rendered":"Quand le roi des animaux fait son cin\u00e9ma"},"content":{"rendered":"<div>\n<div>\n<p><a href=\"\/2021\/08\/gilles-de-maistre-gerardmer-loup-lion-2.jpg\"><img decoding=\"async\" class=\"aligncenter size-full wp-image-179237\" src=\"\/2021\/08\/gilles-de-maistre-gerardmer-loup-lion-2.jpg\" alt=\"gilles de maistre gerardmer loup lion (2)\" width=\"800\" height=\"533\" \/><\/a><\/p>\n<p><b>\u00a0<\/b><\/p>\n<p><b>C\u2019est une s\u00e9ance de cin\u00e9ma exceptionnelle qui s\u2019est tenue le jeudi 26 ao\u00fbt en soir\u00e9e \u00e0 la MCL, avec la projection en avant-premi\u00e8re du film <i>Le loup et le lion<\/i>, et la pr\u00e9sence du r\u00e9alisateur Gilles de Maistre venu rencontrer les spectateurs lors d\u2019une\u00a0<em>s\u00e9ance de questions r\u00e9ponses<\/em>.\u00a0<\/b><\/p>\n<p>&nbsp;<\/p>\n<p>Pour cette \u00e9dition 2021 de CINE COOL, la MCL de G\u00e9rardmer a convi\u00e9 le r\u00e9alisateur Gilles de Maistre, sp\u00e9cialiste des films bien amen\u00e9s, il a notamment r\u00e9alis\u00e9 <i>J&rsquo;ai 12 ans et je fais la guerre<\/i> (Prix Albert-Londres 1990), F\u00e9roce (2001) ou Le Premier Cri (2007) alors qu\u2019il partage son temps entre le cin\u00e9ma, le documentaire, la t\u00e9l\u00e9vision et la publicit\u00e9<\/p>\n<p><a href=\"\/2021\/08\/gilles-de-maistre-gerardmer-loup-lion-1.jpg\"><img decoding=\"async\" class=\"alignright size-medium wp-image-179239\" src=\"\/2021\/08\/gilles-de-maistre-gerardmer-loup-lion-1-383x255.jpg\" alt=\"gilles de maistre gerardmer loup lion (1)\" width=\"383\" height=\"255\" \/><\/a>C\u2019est la quatri\u00e8me visite de Gilles de Maistre \u00e0 G\u00e9rardmer. En effet, apr\u00e8s \u00eatre venu pr\u00e9senter\u00a0<em>La qu\u00eate d\u2019Alain Ducasse<\/em>,\u00a0<em>Mia et le lion blanc<\/em> et\u00a0<em>Demain est \u00e0 nous<\/em>, le r\u00e9alisateur est \u00e0 nouveau \u00e0 la MCL pour rencontrer les spectateurs de\u00a0<em>Le loup et le lion,<\/em>\u00a0son dernier long m\u00e9trage tourn\u00e9 au Canada. Le film \u00e9tait projet\u00e9 en avant-premi\u00e8re 7 semaines avant sa sortie officielle pour le plus grand bonheur des spectateurs venus nombreux \u00e0 cette occasion.<\/p>\n<p>Dans ce nouvel opus, Gilles de Maistre met en sc\u00e8ne une fiction animali\u00e8re r\u00e9alis\u00e9e sans effets sp\u00e9ciaux, <i>Le Loup et le Lion<\/i> a notamment pour objectif de sensibiliser sur la mise en danger des esp\u00e8ces. Ce film, familial, raconte l\u2019histoire d\u2019Alma, une jeune pianiste qui retourne se ressourcer dans la maison de son enfance, au Canada. Sa vie bascule lorsqu\u2019elle rencontre un lionceau et un louveteau. La jeune femme va recueillir et \u00e9lever, dans le secret, ces deux animaux. Mais chut\u00a0! On ne vous en dit pas plus\u2026<\/p>\n<p>Et lorsque le rideau est tomb\u00e9 sur l&rsquo;\u00e9cran, sous les tonnerres d\u2019applaudissement d\u2019une salle comble, Gilles de Maistre s\u2019est pr\u00eat\u00e9 au jeu des questions r\u00e9ponses avec le public. Ainsi le r\u00e9alisateur a d\u00e9voil\u00e9 le scenario de son prochain film, toujours dans le registre animalier et largement inspir\u00e9 du <i>Livre de la Jungle<\/i>, l\u2019histoire qui se d\u00e9roulera en Amazonie, met en sc\u00e8ne un jaguar et un enfant.<\/p>\n<p><a href=\"\/2021\/08\/gilles-de-maistre-gerardmer-loup-lion-3.jpg\"><img decoding=\"async\" class=\"alignleft wp-image-179238 size-medium\" src=\"\/2021\/08\/gilles-de-maistre-gerardmer-loup-lion-3-383x255.jpg\" alt=\"gilles de maistre gerardmer loup lion (3)\" width=\"383\" height=\"255\" \/><\/a>Toujours sympathique et bienveillant, Gilles de Maistre a profit\u00e9 de cette courte visite pour d\u00e9dicacer une affiche de son film en compagnie de l\u2019\u00e9quipe de la MCL, et cela malgr\u00e9 un emploi du temps surcharg\u00e9. Le r\u00e9alisateur reprendra ensuite sa tourn\u00e9e \u00e0 travers la France pour assurer la promotion de <i>Le Loup et le Lion<\/i> tout en organisant les pr\u00e9paratifs du tournage de son prochain film. Affaire \u00e0 suivre donc\u2026 Le r\u00e9alisateur nous donne d\u2019ores et d\u00e9j\u00e0 rendez-vous \u00e0 l\u2019automne 2023 pour une projection en avant-premi\u00e8re \u00e0 G\u00e9rardmer, une ville qui entretient des liens intimes avec le cin\u00e9ma.<\/p>\n<\/div>\n<\/div>\n","protected":false},"excerpt":{"rendered":"<p>\u00a0 C\u2019est une s\u00e9ance de cin\u00e9ma exceptionnelle qui s\u2019est tenue le jeudi 26 ao\u00fbt en soir\u00e9e \u00e0 la MCL, avec [&hellip;]<\/p>\n","protected":false},"author":1,"featured_media":54418,"comment_status":"open","ping_status":"open","sticky":false,"template":"","format":"standard","meta":{"footnotes":""},"categories":[20,4,25],"tags":[156],"class_list":["post-54417","post","type-post","status-publish","format-standard","has-post-thumbnail","hentry","category-a-la-une","category-culture","category-gerardmer","tag-gilles-de-maistre"],"acf":[],"yoast_head":"<!-- This site is optimized with the Yoast SEO plugin v22.5 - https:\/\/yoast.com\/wordpress\/plugins\/seo\/ -->\n<title>Quand le roi des animaux fait son cin\u00e9ma - Gerardmer Info<\/title>\n<meta name=\"robots\" content=\"index, follow, max-snippet:-1, max-image-preview:large, max-video-preview:-1\" \/>\n<link rel=\"canonical\" href=\"https:\/\/vosgesinfo.fr\/gerardmerinfo\/2021\/08\/roi-animaux-cinema\/\" \/>\n<meta name=\"twitter:card\" content=\"summary_large_image\" \/>\n<meta name=\"twitter:title\" content=\"Quand le roi des animaux fait son cin\u00e9ma - Gerardmer Info\" \/>\n<meta name=\"twitter:description\" content=\"\u00a0 C\u2019est une s\u00e9ance de cin\u00e9ma exceptionnelle qui s\u2019est tenue le jeudi 26 ao\u00fbt en soir\u00e9e \u00e0 la MCL, avec [&hellip;]\" \/>\n<meta name=\"twitter:image\" content=\"https:\/\/vosgesinfo.fr\/app\/uploads\/sites\/6\/2024\/07\/202108gilles-de-maistre-gerardmer-loup-lion-3.jpg\" \/>\n<meta name=\"twitter:creator\" content=\"@VosgesInfo88\" \/>\n<meta name=\"twitter:site\" content=\"@VosgesInfo88\" \/>\n<meta name=\"twitter:label1\" content=\"\u00c9crit par\" \/>\n\t<meta name=\"twitter:data1\" content=\"qs_admin\" \/>\n\t<meta name=\"twitter:label2\" content=\"Dur\u00e9e de lecture estim\u00e9e\" \/>\n\t<meta name=\"twitter:data2\" content=\"2 minutes\" \/>\n<script type=\"application\/ld+json\" class=\"yoast-schema-graph\">{\"@context\":\"https:\/\/schema.org\",\"@graph\":[{\"@type\":\"Article\",\"@id\":\"https:\/\/vosgesinfo.fr\/gerardmerinfo\/2021\/08\/roi-animaux-cinema\/#article\",\"isPartOf\":{\"@id\":\"https:\/\/vosgesinfo.fr\/gerardmerinfo\/2021\/08\/roi-animaux-cinema\/\"},\"author\":{\"name\":\"qs_admin\",\"@id\":\"https:\/\/vosgesinfo.fr\/gerardmerinfo\/#\/schema\/person\/bc5d02d71e6932e81b6dadb7386667b1\"},\"headline\":\"Quand le roi des animaux fait son cin\u00e9ma\",\"datePublished\":\"2021-08-27T06:12:06+00:00\",\"dateModified\":\"2021-08-27T06:12:06+00:00\",\"mainEntityOfPage\":{\"@id\":\"https:\/\/vosgesinfo.fr\/gerardmerinfo\/2021\/08\/roi-animaux-cinema\/\"},\"wordCount\":496,\"commentCount\":0,\"publisher\":{\"@id\":\"https:\/\/vosgesinfo.fr\/gerardmerinfo\/#organization\"},\"image\":{\"@id\":\"https:\/\/vosgesinfo.fr\/gerardmerinfo\/2021\/08\/roi-animaux-cinema\/#primaryimage\"},\"thumbnailUrl\":\"https:\/\/vosgesinfo.fr\/app\/uploads\/sites\/6\/2024\/07\/202108gilles-de-maistre-gerardmer-loup-lion-3.jpg\",\"keywords\":[\"gilles de maistre\"],\"articleSection\":[\"A la une\",\"Culture\",\"G\u00e9rardmer\"],\"inLanguage\":\"fr-FR\",\"potentialAction\":[{\"@type\":\"CommentAction\",\"name\":\"Comment\",\"target\":[\"https:\/\/vosgesinfo.fr\/gerardmerinfo\/2021\/08\/roi-animaux-cinema\/#respond\"]}]},{\"@type\":\"WebPage\",\"@id\":\"https:\/\/vosgesinfo.fr\/gerardmerinfo\/2021\/08\/roi-animaux-cinema\/\",\"url\":\"https:\/\/vosgesinfo.fr\/gerardmerinfo\/2021\/08\/roi-animaux-cinema\/\",\"name\":\"Quand le roi des animaux fait son cin\u00e9ma - Gerardmer Info\",\"isPartOf\":{\"@id\":\"https:\/\/vosgesinfo.fr\/gerardmerinfo\/#website\"},\"primaryImageOfPage\":{\"@id\":\"https:\/\/vosgesinfo.fr\/gerardmerinfo\/2021\/08\/roi-animaux-cinema\/#primaryimage\"},\"image\":{\"@id\":\"https:\/\/vosgesinfo.fr\/gerardmerinfo\/2021\/08\/roi-animaux-cinema\/#primaryimage\"},\"thumbnailUrl\":\"https:\/\/vosgesinfo.fr\/app\/uploads\/sites\/6\/2024\/07\/202108gilles-de-maistre-gerardmer-loup-lion-3.jpg\",\"datePublished\":\"2021-08-27T06:12:06+00:00\",\"dateModified\":\"2021-08-27T06:12:06+00:00\",\"breadcrumb\":{\"@id\":\"https:\/\/vosgesinfo.fr\/gerardmerinfo\/2021\/08\/roi-animaux-cinema\/#breadcrumb\"},\"inLanguage\":\"fr-FR\",\"potentialAction\":[{\"@type\":\"ReadAction\",\"target\":[\"https:\/\/vosgesinfo.fr\/gerardmerinfo\/2021\/08\/roi-animaux-cinema\/\"]}]},{\"@type\":\"ImageObject\",\"inLanguage\":\"fr-FR\",\"@id\":\"https:\/\/vosgesinfo.fr\/gerardmerinfo\/2021\/08\/roi-animaux-cinema\/#primaryimage\",\"url\":\"https:\/\/vosgesinfo.fr\/app\/uploads\/sites\/6\/2024\/07\/202108gilles-de-maistre-gerardmer-loup-lion-3.jpg\",\"contentUrl\":\"https:\/\/vosgesinfo.fr\/app\/uploads\/sites\/6\/2024\/07\/202108gilles-de-maistre-gerardmer-loup-lion-3.jpg\",\"width\":800,\"height\":533},{\"@type\":\"BreadcrumbList\",\"@id\":\"https:\/\/vosgesinfo.fr\/gerardmerinfo\/2021\/08\/roi-animaux-cinema\/#breadcrumb\",\"itemListElement\":[{\"@type\":\"ListItem\",\"position\":1,\"name\":\"Home\",\"item\":\"https:\/\/vosgesinfo.fr\/gerardmerinfo\/\"},{\"@type\":\"ListItem\",\"position\":2,\"name\":\"Quand le roi des animaux fait son cin\u00e9ma\"}]},{\"@type\":\"WebSite\",\"@id\":\"https:\/\/vosgesinfo.fr\/gerardmerinfo\/#website\",\"url\":\"https:\/\/vosgesinfo.fr\/gerardmerinfo\/\",\"name\":\"Gerardmer Info\",\"description\":\"Toute l&#039;actualit\u00e9 de G\u00e9rardmer\",\"publisher\":{\"@id\":\"https:\/\/vosgesinfo.fr\/gerardmerinfo\/#organization\"},\"alternateName\":\"Toute l'actualit\u00e9 de G\u00e9rardmer\",\"potentialAction\":[{\"@type\":\"SearchAction\",\"target\":{\"@type\":\"EntryPoint\",\"urlTemplate\":\"https:\/\/vosgesinfo.fr\/gerardmerinfo\/?s={search_term_string}\"},\"query-input\":\"required name=search_term_string\"}],\"inLanguage\":\"fr-FR\"},{\"@type\":\"Organization\",\"@id\":\"https:\/\/vosgesinfo.fr\/gerardmerinfo\/#organization\",\"name\":\"Gerardmer Info\",\"url\":\"https:\/\/vosgesinfo.fr\/gerardmerinfo\/\",\"logo\":{\"@type\":\"ImageObject\",\"inLanguage\":\"fr-FR\",\"@id\":\"https:\/\/vosgesinfo.fr\/gerardmerinfo\/#\/schema\/logo\/image\/\",\"url\":\"https:\/\/vosgesinfo.fr\/app\/uploads\/sites\/6\/2023\/08\/favicon-gerardmerinfo.png\",\"contentUrl\":\"https:\/\/vosgesinfo.fr\/app\/uploads\/sites\/6\/2023\/08\/favicon-gerardmerinfo.png\",\"width\":512,\"height\":512,\"caption\":\"Gerardmer Info\"},\"image\":{\"@id\":\"https:\/\/vosgesinfo.fr\/gerardmerinfo\/#\/schema\/logo\/image\/\"},\"sameAs\":[\"https:\/\/www.facebook.com\/profile.php?id=100049475262660\",\"https:\/\/x.com\/VosgesInfo88\",\"https:\/\/www.youtube.com\/@vosgesinfo\"]},{\"@type\":\"Person\",\"@id\":\"https:\/\/vosgesinfo.fr\/gerardmerinfo\/#\/schema\/person\/bc5d02d71e6932e81b6dadb7386667b1\",\"name\":\"qs_admin\",\"image\":{\"@type\":\"ImageObject\",\"inLanguage\":\"fr-FR\",\"@id\":\"https:\/\/vosgesinfo.fr\/gerardmerinfo\/#\/schema\/person\/image\/\",\"url\":\"https:\/\/secure.gravatar.com\/avatar\/94b18ee0ed79e4a42ea2f2931277b6841a8999fc6fde214600c78057cf1fe1de?s=96&d=mm&r=g\",\"contentUrl\":\"https:\/\/secure.gravatar.com\/avatar\/94b18ee0ed79e4a42ea2f2931277b6841a8999fc6fde214600c78057cf1fe1de?s=96&d=mm&r=g\",\"caption\":\"qs_admin\"},\"sameAs\":[\"https:\/\/vosgesinfo.fr\/wp\"],\"url\":\"https:\/\/vosgesinfo.fr\/gerardmerinfo\/author\/qs_admin\/\"}]}<\/script>\n<!-- \/ Yoast SEO plugin. -->","yoast_head_json":{"title":"Quand le roi des animaux fait son cin\u00e9ma - Gerardmer Info","robots":{"index":"index","follow":"follow","max-snippet":"max-snippet:-1","max-image-preview":"max-image-preview:large","max-video-preview":"max-video-preview:-1"},"canonical":"https:\/\/vosgesinfo.fr\/gerardmerinfo\/2021\/08\/roi-animaux-cinema\/","twitter_card":"summary_large_image","twitter_title":"Quand le roi des animaux fait son cin\u00e9ma - Gerardmer Info","twitter_description":"\u00a0 C\u2019est une s\u00e9ance de cin\u00e9ma exceptionnelle qui s\u2019est tenue le jeudi 26 ao\u00fbt en soir\u00e9e \u00e0 la MCL, avec [&hellip;]","twitter_image":"https:\/\/vosgesinfo.fr\/app\/uploads\/sites\/6\/2024\/07\/202108gilles-de-maistre-gerardmer-loup-lion-3.jpg","twitter_creator":"@VosgesInfo88","twitter_site":"@VosgesInfo88","twitter_misc":{"\u00c9crit par":"qs_admin","Dur\u00e9e de lecture estim\u00e9e":"2 minutes"},"schema":{"@context":"https:\/\/schema.org","@graph":[{"@type":"Article","@id":"https:\/\/vosgesinfo.fr\/gerardmerinfo\/2021\/08\/roi-animaux-cinema\/#article","isPartOf":{"@id":"https:\/\/vosgesinfo.fr\/gerardmerinfo\/2021\/08\/roi-animaux-cinema\/"},"author":{"name":"qs_admin","@id":"https:\/\/vosgesinfo.fr\/gerardmerinfo\/#\/schema\/person\/bc5d02d71e6932e81b6dadb7386667b1"},"headline":"Quand le roi des animaux fait son cin\u00e9ma","datePublished":"2021-08-27T06:12:06+00:00","dateModified":"2021-08-27T06:12:06+00:00","mainEntityOfPage":{"@id":"https:\/\/vosgesinfo.fr\/gerardmerinfo\/2021\/08\/roi-animaux-cinema\/"},"wordCount":496,"commentCount":0,"publisher":{"@id":"https:\/\/vosgesinfo.fr\/gerardmerinfo\/#organization"},"image":{"@id":"https:\/\/vosgesinfo.fr\/gerardmerinfo\/2021\/08\/roi-animaux-cinema\/#primaryimage"},"thumbnailUrl":"https:\/\/vosgesinfo.fr\/app\/uploads\/sites\/6\/2024\/07\/202108gilles-de-maistre-gerardmer-loup-lion-3.jpg","keywords":["gilles de maistre"],"articleSection":["A la une","Culture","G\u00e9rardmer"],"inLanguage":"fr-FR","potentialAction":[{"@type":"CommentAction","name":"Comment","target":["https:\/\/vosgesinfo.fr\/gerardmerinfo\/2021\/08\/roi-animaux-cinema\/#respond"]}]},{"@type":"WebPage","@id":"https:\/\/vosgesinfo.fr\/gerardmerinfo\/2021\/08\/roi-animaux-cinema\/","url":"https:\/\/vosgesinfo.fr\/gerardmerinfo\/2021\/08\/roi-animaux-cinema\/","name":"Quand le roi des animaux fait son cin\u00e9ma - Gerardmer Info","isPartOf":{"@id":"https:\/\/vosgesinfo.fr\/gerardmerinfo\/#website"},"primaryImageOfPage":{"@id":"https:\/\/vosgesinfo.fr\/gerardmerinfo\/2021\/08\/roi-animaux-cinema\/#primaryimage"},"image":{"@id":"https:\/\/vosgesinfo.fr\/gerardmerinfo\/2021\/08\/roi-animaux-cinema\/#primaryimage"},"thumbnailUrl":"https:\/\/vosgesinfo.fr\/app\/uploads\/sites\/6\/2024\/07\/202108gilles-de-maistre-gerardmer-loup-lion-3.jpg","datePublished":"2021-08-27T06:12:06+00:00","dateModified":"2021-08-27T06:12:06+00:00","breadcrumb":{"@id":"https:\/\/vosgesinfo.fr\/gerardmerinfo\/2021\/08\/roi-animaux-cinema\/#breadcrumb"},"inLanguage":"fr-FR","potentialAction":[{"@type":"ReadAction","target":["https:\/\/vosgesinfo.fr\/gerardmerinfo\/2021\/08\/roi-animaux-cinema\/"]}]},{"@type":"ImageObject","inLanguage":"fr-FR","@id":"https:\/\/vosgesinfo.fr\/gerardmerinfo\/2021\/08\/roi-animaux-cinema\/#primaryimage","url":"https:\/\/vosgesinfo.fr\/app\/uploads\/sites\/6\/2024\/07\/202108gilles-de-maistre-gerardmer-loup-lion-3.jpg","contentUrl":"https:\/\/vosgesinfo.fr\/app\/uploads\/sites\/6\/2024\/07\/202108gilles-de-maistre-gerardmer-loup-lion-3.jpg","width":800,"height":533},{"@type":"BreadcrumbList","@id":"https:\/\/vosgesinfo.fr\/gerardmerinfo\/2021\/08\/roi-animaux-cinema\/#breadcrumb","itemListElement":[{"@type":"ListItem","position":1,"name":"Home","item":"https:\/\/vosgesinfo.fr\/gerardmerinfo\/"},{"@type":"ListItem","position":2,"name":"Quand le roi des animaux fait son cin\u00e9ma"}]},{"@type":"WebSite","@id":"https:\/\/vosgesinfo.fr\/gerardmerinfo\/#website","url":"https:\/\/vosgesinfo.fr\/gerardmerinfo\/","name":"Gerardmer Info","description":"Toute l&#039;actualit\u00e9 de G\u00e9rardmer","publisher":{"@id":"https:\/\/vosgesinfo.fr\/gerardmerinfo\/#organization"},"alternateName":"Toute l'actualit\u00e9 de G\u00e9rardmer","potentialAction":[{"@type":"SearchAction","target":{"@type":"EntryPoint","urlTemplate":"https:\/\/vosgesinfo.fr\/gerardmerinfo\/?s={search_term_string}"},"query-input":"required name=search_term_string"}],"inLanguage":"fr-FR"},{"@type":"Organization","@id":"https:\/\/vosgesinfo.fr\/gerardmerinfo\/#organization","name":"Gerardmer Info","url":"https:\/\/vosgesinfo.fr\/gerardmerinfo\/","logo":{"@type":"ImageObject","inLanguage":"fr-FR","@id":"https:\/\/vosgesinfo.fr\/gerardmerinfo\/#\/schema\/logo\/image\/","url":"https:\/\/vosgesinfo.fr\/app\/uploads\/sites\/6\/2023\/08\/favicon-gerardmerinfo.png","contentUrl":"https:\/\/vosgesinfo.fr\/app\/uploads\/sites\/6\/2023\/08\/favicon-gerardmerinfo.png","width":512,"height":512,"caption":"Gerardmer Info"},"image":{"@id":"https:\/\/vosgesinfo.fr\/gerardmerinfo\/#\/schema\/logo\/image\/"},"sameAs":["https:\/\/www.facebook.com\/profile.php?id=100049475262660","https:\/\/x.com\/VosgesInfo88","https:\/\/www.youtube.com\/@vosgesinfo"]},{"@type":"Person","@id":"https:\/\/vosgesinfo.fr\/gerardmerinfo\/#\/schema\/person\/bc5d02d71e6932e81b6dadb7386667b1","name":"qs_admin","image":{"@type":"ImageObject","inLanguage":"fr-FR","@id":"https:\/\/vosgesinfo.fr\/gerardmerinfo\/#\/schema\/person\/image\/","url":"https:\/\/secure.gravatar.com\/avatar\/94b18ee0ed79e4a42ea2f2931277b6841a8999fc6fde214600c78057cf1fe1de?s=96&d=mm&r=g","contentUrl":"https:\/\/secure.gravatar.com\/avatar\/94b18ee0ed79e4a42ea2f2931277b6841a8999fc6fde214600c78057cf1fe1de?s=96&d=mm&r=g","caption":"qs_admin"},"sameAs":["https:\/\/vosgesinfo.fr\/wp"],"url":"https:\/\/vosgesinfo.fr\/gerardmerinfo\/author\/qs_admin\/"}]}},"_links":{"self":[{"href":"https:\/\/vosgesinfo.fr\/gerardmerinfo\/wp-json\/wp\/v2\/posts\/54417","targetHints":{"allow":["GET"]}}],"collection":[{"href":"https:\/\/vosgesinfo.fr\/gerardmerinfo\/wp-json\/wp\/v2\/posts"}],"about":[{"href":"https:\/\/vosgesinfo.fr\/gerardmerinfo\/wp-json\/wp\/v2\/types\/post"}],"author":[{"embeddable":true,"href":"https:\/\/vosgesinfo.fr\/gerardmerinfo\/wp-json\/wp\/v2\/users\/1"}],"replies":[{"embeddable":true,"href":"https:\/\/vosgesinfo.fr\/gerardmerinfo\/wp-json\/wp\/v2\/comments?post=54417"}],"version-history":[{"count":0,"href":"https:\/\/vosgesinfo.fr\/gerardmerinfo\/wp-json\/wp\/v2\/posts\/54417\/revisions"}],"wp:featuredmedia":[{"embeddable":true,"href":"https:\/\/vosgesinfo.fr\/gerardmerinfo\/wp-json\/wp\/v2\/media\/54418"}],"wp:attachment":[{"href":"https:\/\/vosgesinfo.fr\/gerardmerinfo\/wp-json\/wp\/v2\/media?parent=54417"}],"wp:term":[{"taxonomy":"category","embeddable":true,"href":"https:\/\/vosgesinfo.fr\/gerardmerinfo\/wp-json\/wp\/v2\/categories?post=54417"},{"taxonomy":"post_tag","embeddable":true,"href":"https:\/\/vosgesinfo.fr\/gerardmerinfo\/wp-json\/wp\/v2\/tags?post=54417"}],"curies":[{"name":"wp","href":"https:\/\/api.w.org\/{rel}","templated":true}]}}