{"id":54498,"date":"2021-08-30T23:19:11","date_gmt":"2021-08-30T21:19:11","guid":{"rendered":"https:\/\/vosgesinfo.fr\/gerardmerinfo\/2021\/08\/annonce-legale-societe-colmarienne-de-literie\/"},"modified":"2021-08-30T23:19:11","modified_gmt":"2021-08-30T21:19:11","slug":"annonce-legale-societe-colmarienne-de-literie","status":"publish","type":"post","link":"https:\/\/vosgesinfo.fr\/gerardmerinfo\/2021\/08\/annonce-legale-societe-colmarienne-de-literie\/","title":{"rendered":"Annonce l\u00e9gale &#8211; SOCIETE COLMARIENNE DE LITERIE"},"content":{"rendered":"<p style=\"text-align: left;\"><strong>SOCIETE COLMARIENNE DE LITERIE<\/strong><\/p>\n<p style=\"text-align: left;\">S\u00e0rl Unipersonnelle<\/p>\n<p style=\"text-align: left;\">Capital de 7\u00a0500 Euros<\/p>\n<p style=\"text-align: left;\">Si\u00e8ge Social\u00a0: 3 bis, Chemin des Feutres<\/p>\n<p style=\"text-align: left;\">88400 GERARDMER<\/p>\n<p style=\"text-align: left;\">RCS EPINAL\u00a0: 480 110\u00a0121<\/p>\n<p style=\"text-align: left;\">Suivant d\u00e9claration en date du 30 juillet 2021, l\u2019associ\u00e9 unique, la soci\u00e9t\u00e9 Aspen Compagnie, soci\u00e9t\u00e9 par actions simplifi\u00e9e, 3 bis, chemin des Feutres 88400 G\u00e9rardmer RCS Epinal 393\u00a0648\u00a0738 a d\u00e9cid\u00e9 de dissoudre la Soci\u00e9t\u00e9 Colmarienne de Literie en appliquation de l\u2019article 1844-5 alin\u00e9a 3 du Code Civil et aux conditions fix\u00e9es par le texte.<\/p>\n<p style=\"text-align: left;\">Cette dissolution entra\u00eene de plein droit la transmission universelle du patrimoine de la Soci\u00e9t\u00e9 Colmarienne de Literie a la soci\u00e9t\u00e9 Aspen Compagnie.<\/p>\n<p style=\"text-align: left;\">Les cr\u00e9anciers sociaux pourront exercer leur droit d\u2019opposition pendant un d\u00e9lai de trente jours \u00e0 compter de la date de publication du pr\u00e9sent avis aupr\u00e8s du Tribunal de Commerce d\u2019Epinal.<\/p>\n<p style=\"text-align: left;\">La pr\u00e9sente dissolution ne donnera lieu \u00e0 aucune proc\u00e9dure de liquidation, la transmission universelle du patrimoine s\u2019op\u00e9rant \u00e0 l\u2019expiration du d\u00e9lai d\u2019opposition des cr\u00e9anciers ainsi que la disparition de la personne morale et la radiation de la soci\u00e9t\u00e9 au R.C.S. d\u2019Epinal<\/p>\n<p style=\"text-align: left;\">L\u2019associ\u00e9 Unique<\/p>\n","protected":false},"excerpt":{"rendered":"<p>SOCIETE COLMARIENNE DE LITERIE S\u00e0rl Unipersonnelle Capital de 7\u00a0500 Euros Si\u00e8ge Social\u00a0: 3 bis, Chemin des Feutres 88400 GERARDMER RCS [&hellip;]<\/p>\n","protected":false},"author":1,"featured_media":54499,"comment_status":"open","ping_status":"open","sticky":false,"template":"","format":"standard","meta":{"footnotes":""},"categories":[4532],"tags":[],"class_list":["post-54498","post","type-post","status-publish","format-standard","has-post-thumbnail","hentry","category-annonce-legale"],"acf":[],"yoast_head":"<!-- This site is optimized with the Yoast SEO plugin v22.5 - https:\/\/yoast.com\/wordpress\/plugins\/seo\/ -->\n<title>Annonce l\u00e9gale - SOCIETE COLMARIENNE DE LITERIE - Gerardmer Info<\/title>\n<meta name=\"robots\" content=\"index, follow, max-snippet:-1, max-image-preview:large, max-video-preview:-1\" \/>\n<link rel=\"canonical\" href=\"https:\/\/vosgesinfo.fr\/gerardmerinfo\/2021\/08\/annonce-legale-societe-colmarienne-de-literie\/\" \/>\n<meta name=\"twitter:card\" content=\"summary_large_image\" \/>\n<meta name=\"twitter:title\" content=\"Annonce l\u00e9gale - SOCIETE COLMARIENNE DE LITERIE - Gerardmer Info\" \/>\n<meta name=\"twitter:description\" content=\"SOCIETE COLMARIENNE DE LITERIE S\u00e0rl Unipersonnelle Capital de 7\u00a0500 Euros Si\u00e8ge Social\u00a0: 3 bis, Chemin des Feutres 88400 GERARDMER RCS [&hellip;]\" \/>\n<meta name=\"twitter:image\" content=\"https:\/\/vosgesinfo.fr\/app\/uploads\/sites\/6\/2024\/07\/202102annonce-legale-article-8.jpg\" \/>\n<meta name=\"twitter:creator\" content=\"@VosgesInfo88\" \/>\n<meta name=\"twitter:site\" content=\"@VosgesInfo88\" \/>\n<meta name=\"twitter:label1\" content=\"\u00c9crit par\" \/>\n\t<meta name=\"twitter:data1\" content=\"qs_admin\" \/>\n\t<meta name=\"twitter:label2\" content=\"Dur\u00e9e de lecture estim\u00e9e\" \/>\n\t<meta name=\"twitter:data2\" content=\"1 minute\" \/>\n<script type=\"application\/ld+json\" class=\"yoast-schema-graph\">{\"@context\":\"https:\/\/schema.org\",\"@graph\":[{\"@type\":\"Article\",\"@id\":\"https:\/\/vosgesinfo.fr\/gerardmerinfo\/2021\/08\/annonce-legale-societe-colmarienne-de-literie\/#article\",\"isPartOf\":{\"@id\":\"https:\/\/vosgesinfo.fr\/gerardmerinfo\/2021\/08\/annonce-legale-societe-colmarienne-de-literie\/\"},\"author\":{\"name\":\"qs_admin\",\"@id\":\"https:\/\/vosgesinfo.fr\/gerardmerinfo\/#\/schema\/person\/bc5d02d71e6932e81b6dadb7386667b1\"},\"headline\":\"Annonce l\u00e9gale &#8211; SOCIETE COLMARIENNE DE LITERIE\",\"datePublished\":\"2021-08-30T21:19:11+00:00\",\"dateModified\":\"2021-08-30T21:19:11+00:00\",\"mainEntityOfPage\":{\"@id\":\"https:\/\/vosgesinfo.fr\/gerardmerinfo\/2021\/08\/annonce-legale-societe-colmarienne-de-literie\/\"},\"wordCount\":201,\"commentCount\":0,\"publisher\":{\"@id\":\"https:\/\/vosgesinfo.fr\/gerardmerinfo\/#organization\"},\"image\":{\"@id\":\"https:\/\/vosgesinfo.fr\/gerardmerinfo\/2021\/08\/annonce-legale-societe-colmarienne-de-literie\/#primaryimage\"},\"thumbnailUrl\":\"https:\/\/vosgesinfo.fr\/app\/uploads\/sites\/6\/2024\/07\/202102annonce-legale-article-8.jpg\",\"articleSection\":[\"Annonce l\u00e9gale\"],\"inLanguage\":\"fr-FR\",\"potentialAction\":[{\"@type\":\"CommentAction\",\"name\":\"Comment\",\"target\":[\"https:\/\/vosgesinfo.fr\/gerardmerinfo\/2021\/08\/annonce-legale-societe-colmarienne-de-literie\/#respond\"]}]},{\"@type\":\"WebPage\",\"@id\":\"https:\/\/vosgesinfo.fr\/gerardmerinfo\/2021\/08\/annonce-legale-societe-colmarienne-de-literie\/\",\"url\":\"https:\/\/vosgesinfo.fr\/gerardmerinfo\/2021\/08\/annonce-legale-societe-colmarienne-de-literie\/\",\"name\":\"Annonce l\u00e9gale - SOCIETE COLMARIENNE DE LITERIE - Gerardmer Info\",\"isPartOf\":{\"@id\":\"https:\/\/vosgesinfo.fr\/gerardmerinfo\/#website\"},\"primaryImageOfPage\":{\"@id\":\"https:\/\/vosgesinfo.fr\/gerardmerinfo\/2021\/08\/annonce-legale-societe-colmarienne-de-literie\/#primaryimage\"},\"image\":{\"@id\":\"https:\/\/vosgesinfo.fr\/gerardmerinfo\/2021\/08\/annonce-legale-societe-colmarienne-de-literie\/#primaryimage\"},\"thumbnailUrl\":\"https:\/\/vosgesinfo.fr\/app\/uploads\/sites\/6\/2024\/07\/202102annonce-legale-article-8.jpg\",\"datePublished\":\"2021-08-30T21:19:11+00:00\",\"dateModified\":\"2021-08-30T21:19:11+00:00\",\"breadcrumb\":{\"@id\":\"https:\/\/vosgesinfo.fr\/gerardmerinfo\/2021\/08\/annonce-legale-societe-colmarienne-de-literie\/#breadcrumb\"},\"inLanguage\":\"fr-FR\",\"potentialAction\":[{\"@type\":\"ReadAction\",\"target\":[\"https:\/\/vosgesinfo.fr\/gerardmerinfo\/2021\/08\/annonce-legale-societe-colmarienne-de-literie\/\"]}]},{\"@type\":\"ImageObject\",\"inLanguage\":\"fr-FR\",\"@id\":\"https:\/\/vosgesinfo.fr\/gerardmerinfo\/2021\/08\/annonce-legale-societe-colmarienne-de-literie\/#primaryimage\",\"url\":\"https:\/\/vosgesinfo.fr\/app\/uploads\/sites\/6\/2024\/07\/202102annonce-legale-article-8.jpg\",\"contentUrl\":\"https:\/\/vosgesinfo.fr\/app\/uploads\/sites\/6\/2024\/07\/202102annonce-legale-article-8.jpg\",\"width\":300,\"height\":300},{\"@type\":\"BreadcrumbList\",\"@id\":\"https:\/\/vosgesinfo.fr\/gerardmerinfo\/2021\/08\/annonce-legale-societe-colmarienne-de-literie\/#breadcrumb\",\"itemListElement\":[{\"@type\":\"ListItem\",\"position\":1,\"name\":\"Home\",\"item\":\"https:\/\/vosgesinfo.fr\/gerardmerinfo\/\"},{\"@type\":\"ListItem\",\"position\":2,\"name\":\"Annonce l\u00e9gale &#8211; SOCIETE COLMARIENNE DE LITERIE\"}]},{\"@type\":\"WebSite\",\"@id\":\"https:\/\/vosgesinfo.fr\/gerardmerinfo\/#website\",\"url\":\"https:\/\/vosgesinfo.fr\/gerardmerinfo\/\",\"name\":\"Gerardmer Info\",\"description\":\"Toute l&#039;actualit\u00e9 de G\u00e9rardmer\",\"publisher\":{\"@id\":\"https:\/\/vosgesinfo.fr\/gerardmerinfo\/#organization\"},\"alternateName\":\"Toute l'actualit\u00e9 de G\u00e9rardmer\",\"potentialAction\":[{\"@type\":\"SearchAction\",\"target\":{\"@type\":\"EntryPoint\",\"urlTemplate\":\"https:\/\/vosgesinfo.fr\/gerardmerinfo\/?s={search_term_string}\"},\"query-input\":\"required name=search_term_string\"}],\"inLanguage\":\"fr-FR\"},{\"@type\":\"Organization\",\"@id\":\"https:\/\/vosgesinfo.fr\/gerardmerinfo\/#organization\",\"name\":\"Gerardmer Info\",\"url\":\"https:\/\/vosgesinfo.fr\/gerardmerinfo\/\",\"logo\":{\"@type\":\"ImageObject\",\"inLanguage\":\"fr-FR\",\"@id\":\"https:\/\/vosgesinfo.fr\/gerardmerinfo\/#\/schema\/logo\/image\/\",\"url\":\"https:\/\/vosgesinfo.fr\/app\/uploads\/sites\/6\/2023\/08\/favicon-gerardmerinfo.png\",\"contentUrl\":\"https:\/\/vosgesinfo.fr\/app\/uploads\/sites\/6\/2023\/08\/favicon-gerardmerinfo.png\",\"width\":512,\"height\":512,\"caption\":\"Gerardmer Info\"},\"image\":{\"@id\":\"https:\/\/vosgesinfo.fr\/gerardmerinfo\/#\/schema\/logo\/image\/\"},\"sameAs\":[\"https:\/\/www.facebook.com\/profile.php?id=100049475262660\",\"https:\/\/x.com\/VosgesInfo88\",\"https:\/\/www.youtube.com\/@vosgesinfo\"]},{\"@type\":\"Person\",\"@id\":\"https:\/\/vosgesinfo.fr\/gerardmerinfo\/#\/schema\/person\/bc5d02d71e6932e81b6dadb7386667b1\",\"name\":\"qs_admin\",\"image\":{\"@type\":\"ImageObject\",\"inLanguage\":\"fr-FR\",\"@id\":\"https:\/\/vosgesinfo.fr\/gerardmerinfo\/#\/schema\/person\/image\/\",\"url\":\"https:\/\/secure.gravatar.com\/avatar\/94b18ee0ed79e4a42ea2f2931277b6841a8999fc6fde214600c78057cf1fe1de?s=96&d=mm&r=g\",\"contentUrl\":\"https:\/\/secure.gravatar.com\/avatar\/94b18ee0ed79e4a42ea2f2931277b6841a8999fc6fde214600c78057cf1fe1de?s=96&d=mm&r=g\",\"caption\":\"qs_admin\"},\"sameAs\":[\"https:\/\/vosgesinfo.fr\/wp\"],\"url\":\"https:\/\/vosgesinfo.fr\/gerardmerinfo\/author\/qs_admin\/\"}]}<\/script>\n<!-- \/ Yoast SEO plugin. -->","yoast_head_json":{"title":"Annonce l\u00e9gale - SOCIETE COLMARIENNE DE LITERIE - Gerardmer Info","robots":{"index":"index","follow":"follow","max-snippet":"max-snippet:-1","max-image-preview":"max-image-preview:large","max-video-preview":"max-video-preview:-1"},"canonical":"https:\/\/vosgesinfo.fr\/gerardmerinfo\/2021\/08\/annonce-legale-societe-colmarienne-de-literie\/","twitter_card":"summary_large_image","twitter_title":"Annonce l\u00e9gale - SOCIETE COLMARIENNE DE LITERIE - Gerardmer Info","twitter_description":"SOCIETE COLMARIENNE DE LITERIE S\u00e0rl Unipersonnelle Capital de 7\u00a0500 Euros Si\u00e8ge Social\u00a0: 3 bis, Chemin des Feutres 88400 GERARDMER RCS [&hellip;]","twitter_image":"https:\/\/vosgesinfo.fr\/app\/uploads\/sites\/6\/2024\/07\/202102annonce-legale-article-8.jpg","twitter_creator":"@VosgesInfo88","twitter_site":"@VosgesInfo88","twitter_misc":{"\u00c9crit par":"qs_admin","Dur\u00e9e de lecture estim\u00e9e":"1 minute"},"schema":{"@context":"https:\/\/schema.org","@graph":[{"@type":"Article","@id":"https:\/\/vosgesinfo.fr\/gerardmerinfo\/2021\/08\/annonce-legale-societe-colmarienne-de-literie\/#article","isPartOf":{"@id":"https:\/\/vosgesinfo.fr\/gerardmerinfo\/2021\/08\/annonce-legale-societe-colmarienne-de-literie\/"},"author":{"name":"qs_admin","@id":"https:\/\/vosgesinfo.fr\/gerardmerinfo\/#\/schema\/person\/bc5d02d71e6932e81b6dadb7386667b1"},"headline":"Annonce l\u00e9gale &#8211; SOCIETE COLMARIENNE DE LITERIE","datePublished":"2021-08-30T21:19:11+00:00","dateModified":"2021-08-30T21:19:11+00:00","mainEntityOfPage":{"@id":"https:\/\/vosgesinfo.fr\/gerardmerinfo\/2021\/08\/annonce-legale-societe-colmarienne-de-literie\/"},"wordCount":201,"commentCount":0,"publisher":{"@id":"https:\/\/vosgesinfo.fr\/gerardmerinfo\/#organization"},"image":{"@id":"https:\/\/vosgesinfo.fr\/gerardmerinfo\/2021\/08\/annonce-legale-societe-colmarienne-de-literie\/#primaryimage"},"thumbnailUrl":"https:\/\/vosgesinfo.fr\/app\/uploads\/sites\/6\/2024\/07\/202102annonce-legale-article-8.jpg","articleSection":["Annonce l\u00e9gale"],"inLanguage":"fr-FR","potentialAction":[{"@type":"CommentAction","name":"Comment","target":["https:\/\/vosgesinfo.fr\/gerardmerinfo\/2021\/08\/annonce-legale-societe-colmarienne-de-literie\/#respond"]}]},{"@type":"WebPage","@id":"https:\/\/vosgesinfo.fr\/gerardmerinfo\/2021\/08\/annonce-legale-societe-colmarienne-de-literie\/","url":"https:\/\/vosgesinfo.fr\/gerardmerinfo\/2021\/08\/annonce-legale-societe-colmarienne-de-literie\/","name":"Annonce l\u00e9gale - SOCIETE COLMARIENNE DE LITERIE - Gerardmer Info","isPartOf":{"@id":"https:\/\/vosgesinfo.fr\/gerardmerinfo\/#website"},"primaryImageOfPage":{"@id":"https:\/\/vosgesinfo.fr\/gerardmerinfo\/2021\/08\/annonce-legale-societe-colmarienne-de-literie\/#primaryimage"},"image":{"@id":"https:\/\/vosgesinfo.fr\/gerardmerinfo\/2021\/08\/annonce-legale-societe-colmarienne-de-literie\/#primaryimage"},"thumbnailUrl":"https:\/\/vosgesinfo.fr\/app\/uploads\/sites\/6\/2024\/07\/202102annonce-legale-article-8.jpg","datePublished":"2021-08-30T21:19:11+00:00","dateModified":"2021-08-30T21:19:11+00:00","breadcrumb":{"@id":"https:\/\/vosgesinfo.fr\/gerardmerinfo\/2021\/08\/annonce-legale-societe-colmarienne-de-literie\/#breadcrumb"},"inLanguage":"fr-FR","potentialAction":[{"@type":"ReadAction","target":["https:\/\/vosgesinfo.fr\/gerardmerinfo\/2021\/08\/annonce-legale-societe-colmarienne-de-literie\/"]}]},{"@type":"ImageObject","inLanguage":"fr-FR","@id":"https:\/\/vosgesinfo.fr\/gerardmerinfo\/2021\/08\/annonce-legale-societe-colmarienne-de-literie\/#primaryimage","url":"https:\/\/vosgesinfo.fr\/app\/uploads\/sites\/6\/2024\/07\/202102annonce-legale-article-8.jpg","contentUrl":"https:\/\/vosgesinfo.fr\/app\/uploads\/sites\/6\/2024\/07\/202102annonce-legale-article-8.jpg","width":300,"height":300},{"@type":"BreadcrumbList","@id":"https:\/\/vosgesinfo.fr\/gerardmerinfo\/2021\/08\/annonce-legale-societe-colmarienne-de-literie\/#breadcrumb","itemListElement":[{"@type":"ListItem","position":1,"name":"Home","item":"https:\/\/vosgesinfo.fr\/gerardmerinfo\/"},{"@type":"ListItem","position":2,"name":"Annonce l\u00e9gale &#8211; SOCIETE COLMARIENNE DE LITERIE"}]},{"@type":"WebSite","@id":"https:\/\/vosgesinfo.fr\/gerardmerinfo\/#website","url":"https:\/\/vosgesinfo.fr\/gerardmerinfo\/","name":"Gerardmer Info","description":"Toute l&#039;actualit\u00e9 de G\u00e9rardmer","publisher":{"@id":"https:\/\/vosgesinfo.fr\/gerardmerinfo\/#organization"},"alternateName":"Toute l'actualit\u00e9 de G\u00e9rardmer","potentialAction":[{"@type":"SearchAction","target":{"@type":"EntryPoint","urlTemplate":"https:\/\/vosgesinfo.fr\/gerardmerinfo\/?s={search_term_string}"},"query-input":"required name=search_term_string"}],"inLanguage":"fr-FR"},{"@type":"Organization","@id":"https:\/\/vosgesinfo.fr\/gerardmerinfo\/#organization","name":"Gerardmer Info","url":"https:\/\/vosgesinfo.fr\/gerardmerinfo\/","logo":{"@type":"ImageObject","inLanguage":"fr-FR","@id":"https:\/\/vosgesinfo.fr\/gerardmerinfo\/#\/schema\/logo\/image\/","url":"https:\/\/vosgesinfo.fr\/app\/uploads\/sites\/6\/2023\/08\/favicon-gerardmerinfo.png","contentUrl":"https:\/\/vosgesinfo.fr\/app\/uploads\/sites\/6\/2023\/08\/favicon-gerardmerinfo.png","width":512,"height":512,"caption":"Gerardmer Info"},"image":{"@id":"https:\/\/vosgesinfo.fr\/gerardmerinfo\/#\/schema\/logo\/image\/"},"sameAs":["https:\/\/www.facebook.com\/profile.php?id=100049475262660","https:\/\/x.com\/VosgesInfo88","https:\/\/www.youtube.com\/@vosgesinfo"]},{"@type":"Person","@id":"https:\/\/vosgesinfo.fr\/gerardmerinfo\/#\/schema\/person\/bc5d02d71e6932e81b6dadb7386667b1","name":"qs_admin","image":{"@type":"ImageObject","inLanguage":"fr-FR","@id":"https:\/\/vosgesinfo.fr\/gerardmerinfo\/#\/schema\/person\/image\/","url":"https:\/\/secure.gravatar.com\/avatar\/94b18ee0ed79e4a42ea2f2931277b6841a8999fc6fde214600c78057cf1fe1de?s=96&d=mm&r=g","contentUrl":"https:\/\/secure.gravatar.com\/avatar\/94b18ee0ed79e4a42ea2f2931277b6841a8999fc6fde214600c78057cf1fe1de?s=96&d=mm&r=g","caption":"qs_admin"},"sameAs":["https:\/\/vosgesinfo.fr\/wp"],"url":"https:\/\/vosgesinfo.fr\/gerardmerinfo\/author\/qs_admin\/"}]}},"_links":{"self":[{"href":"https:\/\/vosgesinfo.fr\/gerardmerinfo\/wp-json\/wp\/v2\/posts\/54498","targetHints":{"allow":["GET"]}}],"collection":[{"href":"https:\/\/vosgesinfo.fr\/gerardmerinfo\/wp-json\/wp\/v2\/posts"}],"about":[{"href":"https:\/\/vosgesinfo.fr\/gerardmerinfo\/wp-json\/wp\/v2\/types\/post"}],"author":[{"embeddable":true,"href":"https:\/\/vosgesinfo.fr\/gerardmerinfo\/wp-json\/wp\/v2\/users\/1"}],"replies":[{"embeddable":true,"href":"https:\/\/vosgesinfo.fr\/gerardmerinfo\/wp-json\/wp\/v2\/comments?post=54498"}],"version-history":[{"count":0,"href":"https:\/\/vosgesinfo.fr\/gerardmerinfo\/wp-json\/wp\/v2\/posts\/54498\/revisions"}],"wp:featuredmedia":[{"embeddable":true,"href":"https:\/\/vosgesinfo.fr\/gerardmerinfo\/wp-json\/wp\/v2\/media\/54499"}],"wp:attachment":[{"href":"https:\/\/vosgesinfo.fr\/gerardmerinfo\/wp-json\/wp\/v2\/media?parent=54498"}],"wp:term":[{"taxonomy":"category","embeddable":true,"href":"https:\/\/vosgesinfo.fr\/gerardmerinfo\/wp-json\/wp\/v2\/categories?post=54498"},{"taxonomy":"post_tag","embeddable":true,"href":"https:\/\/vosgesinfo.fr\/gerardmerinfo\/wp-json\/wp\/v2\/tags?post=54498"}],"curies":[{"name":"wp","href":"https:\/\/api.w.org\/{rel}","templated":true}]}}