{"id":5452,"date":"2023-11-26T10:13:56","date_gmt":"2023-11-26T09:13:56","guid":{"rendered":"https:\/\/vosgesinfo.fr\/gerardmerinfo\/2023\/11\/saint-barbe-sapeurs-pompiers-de-gerardmer-nont-jamais-ete-nombreux\/"},"modified":"2023-11-26T10:13:56","modified_gmt":"2023-11-26T09:13:56","slug":"saint-barbe-sapeurs-pompiers-de-gerardmer-nont-jamais-ete-nombreux","status":"publish","type":"post","link":"https:\/\/vosgesinfo.fr\/gerardmerinfo\/2023\/11\/saint-barbe-sapeurs-pompiers-de-gerardmer-nont-jamais-ete-nombreux\/","title":{"rendered":"Saint Barbe : les sapeurs pompiers de G\u00e9rardmer n&rsquo;ont jamais \u00e9t\u00e9 aussi nombreux"},"content":{"rendered":"\n<p><iframe loading=\"lazy\" src=\"\/\/www.youtube.com\/embed\/ExBRap_y94M\" width=\"425\" height=\"350\" allowfullscreen=\"allowfullscreen\"><\/iframe><\/p>\n<p><strong>La caserne g\u00e9r\u00f4moise \u00e9tait en \u00e9bullition samedi apr\u00e8s-midi \u00e0 l&rsquo;occasion de la f\u00eate annuelle des sapeurs-pompiers : la fameuse Saint Barbe qui s&rsquo;est d\u00e9roul\u00e9e en pr\u00e9sence d&rsquo;une d\u00e9l\u00e9gation de la ville jumelle de Waremme et qui a permis de faire un petit bilan de l&rsquo;ann\u00e9e pass\u00e9e, sans oublier les habituelles remises de fourrag\u00e8res, galons et m\u00e9dailles.<\/strong><\/p>\n<div id=\"attachment_212734\" style=\"width: 349px\" class=\"wp-caption alignright\"><a href=\"https:\/\/gerardmerinfo.fr\/wp-content\/uploads\/2023\/11\/anne-lemoine-g\u00e9rardmer-sainte-barbe.jpg\"><img decoding=\"async\" aria-describedby=\"caption-attachment-212734\" class=\"wp-image-212734 size-medium\" src=\"https:\/\/vosgesinfo.fr\/app\/uploads\/sites\/6\/2023\/11\/anne-lemoine-gerardmer-sainte-barbe-339x255-1.jpg\" alt=\"anne lemoine g\u00e9rardmer sainte barbe\" width=\"339\" height=\"255\" \/><\/a><p id=\"caption-attachment-212734\" class=\"wp-caption-text\">Derni\u00e8re Sainte Barbe \u00e0 G\u00e9rardmer pour Anne Lemoine.<\/p><\/div>\n<p>Comme \u00e0 l&rsquo;accoutum\u00e9, la c\u00e9r\u00e9monie a d\u00e9but\u00e9 par un d\u00e9p\u00f4t de gerbes des autorit\u00e9s au pied de la st\u00e8le du CIS avant d&rsquo;un hommage ne soit rendu aux sapeurs morts au feu. La revue du personnel et du mat\u00e9riel a ensuite laiss\u00e9 place aux remises, mais aussi \u00e0 des au-revoir puisque trois sapeurs-pompiers participaient \u00e0 leur derni\u00e8re Sainte Barbe \u00e0 G\u00e9rardmer : l&rsquo;adjudant-Chef Bruno BERNARD qui partira en juillet 2024 apr\u00e8s 35 ans de loyaux services. ; l&rsquo;adjudant-Chef Yves CACHEUX qui partira en mai 2024 car atteinte par la limite d\u2019\u00e2ge (\u00e0 moins que les textes r\u00e9glementaires soient modifi\u00e9s) ; et le Caporal Anne LEMOINE qui d\u00e9missionne au 1 d\u00e9cembre 2023. Elle a \u00e9t\u00e9 JSP au CIS de GERARDMER et sapeur-pompier depuis le 17 octobre 2015. Elle reste SPV au CIS de MONTIGNY LES METZ (57). Bon vent \u00e0 elle !<\/p>\n<div id=\"attachment_212732\" style=\"width: 349px\" class=\"wp-caption alignright\"><a href=\"https:\/\/gerardmerinfo.fr\/wp-content\/uploads\/2023\/11\/sainte-barbe-2023-g\u00e9rardmer-6.jpg\"><img decoding=\"async\" aria-describedby=\"caption-attachment-212732\" class=\"size-medium wp-image-212732\" src=\"https:\/\/vosgesinfo.fr\/app\/uploads\/sites\/6\/2023\/11\/sainte-barbe-2023-gerardmer-6-339x255-1.jpg\" alt=\"D\u00e9p\u00f4t de gerbes en m\u00e9moire des sapeurs de G\u00e9rardmer et Waremme morts au feu.\" width=\"339\" height=\"255\" \/><\/a><p id=\"caption-attachment-212732\" class=\"wp-caption-text\">D\u00e9p\u00f4t de gerbes en m\u00e9moire des sapeurs de G\u00e9rardmer et Waremme morts au feu.<\/p><\/div>\n<p>Le Capitaine et chef de centre Yvan Ertzbishoff en a \u00e9galement profit\u00e9 pour revenir sur quelques chiffres cl\u00e9s de l&rsquo;ann\u00e9e au 31 octobre, notamment en mati\u00e8re d\u2019interventions, mais aussi d&rsquo;effectif, signalant au passage que les sapeurs pompiers de G\u00e9rardmer n&rsquo;ont jamais \u00e9t\u00e9 aussi nombreux :<\/p>\n<p>&nbsp;<\/p>\n<p align=\"justify\">1239 interventions soit <b>9% de moins qu\u2019en 2022<\/b> (environ 10% au niveau d\u00e9partemental )<\/p>\n<p>&nbsp;<\/p>\n<p align=\"justify\">82,4% sur notre secteur d\u2019intervention (en augmentation), 4,3% GRANGES SUR VOLOGNE (en baisse), 4,8% LA BRESSE (en baisse) et 8,5% \u00e0 l\u2019EXT\u00c9RIEUR (en hausse)<\/p>\n<p>&nbsp;<\/p>\n<p align=\"justify\">CH de destination\u00a0: 40,6% SDDV, 29,3% REMIREMONT (ce qui augmente le temps d\u2019immobilisation de nos VSAV) et 26,3% GERARDMER.<\/p>\n<p>&nbsp;<\/p>\n<p align=\"justify\">31,8% des interventions sont r\u00e9alis\u00e9es de 19h00 \u00e0 07h00. Interventions r\u00e9alis\u00e9es uniquement par l\u2019astreinte (augmentation de 6,1% par rapport \u00e0 2022)<\/p>\n<p>&nbsp;<\/p>\n<div id=\"attachment_212730\" style=\"width: 349px\" class=\"wp-caption alignright\"><a href=\"https:\/\/gerardmerinfo.fr\/wp-content\/uploads\/2023\/11\/sainte-barbe-2023-g\u00e9rardmer-4.jpg\"><img decoding=\"async\" aria-describedby=\"caption-attachment-212730\" class=\"size-medium wp-image-212730\" src=\"https:\/\/vosgesinfo.fr\/app\/uploads\/sites\/6\/2023\/11\/sainte-barbe-2023-gerardmer-4-339x255-1.jpg\" alt=\"Passage en revue des troupes en compagnie des autorit\u00e9s.\" width=\"339\" height=\"255\" \/><\/a><p id=\"caption-attachment-212730\" class=\"wp-caption-text\">Passage en revue des troupes en compagnie des autorit\u00e9s.<\/p><\/div>\n<p align=\"justify\">Types d\u2019interventions :<\/p>\n<p>&nbsp;<\/p>\n<p align=\"justify\">79,58% DE SECOURS A PERSONNE (En net augmentation)<\/p>\n<p>&nbsp;<\/p>\n<p align=\"justify\">7,99% D\u2019INCENDIE<\/p>\n<p>&nbsp;<\/p>\n<p align=\"justify\">5,57% D\u2019OP\u00c9RATIONS DIVERSES<\/p>\n<p>&nbsp;<\/p>\n<p align=\"justify\">6,86% DE SECOURS ROUTIERS<\/p>\n<p>&nbsp;<\/p>\n<p align=\"justify\">FORMATION\u00a0:<\/p>\n<p>&nbsp;<\/p>\n<p align=\"justify\">227,5 Jours de formation contre 181,5 jours en 2022 (chiffre tr\u00e8s \u00e9lev\u00e9 par rapport aux autres ann\u00e9es) ce qui repr\u00e9sente 3,55 jours de formation pas SP<\/p>\n<p>&nbsp;<\/p>\n<p align=\"justify\">1325 heures de Man\u0153uvres (EN HAUSSE PAR RAPPORT \u00c0 2022)<\/p>\n<p>&nbsp;<\/p>\n<p align=\"justify\">LE PERSONNEL\u00a0:<\/p>\n<p>&nbsp;<\/p>\n<p align=\"justify\">64 sapeurs-pompiers (Plus 6 par rapport \u00e0 2022) composent le Centre de GERARDMER dont 3 SPP. Le personnel du CISGERARDMER n\u2019a jamais \u00e9t\u00e9 aussi nombreux, ce qui ne veut pas dire que nous n\u2019avons pas besoin de recruter AU CONTRAIRE (3 recrutements en cours)<\/p>\n<p>&nbsp;<\/p>\n<p align=\"justify\">Recrutement au 01 janvier 2024 de deux Sous-Officiers de sapeurs-pompiers professionnels<\/p>\n<p>&nbsp;<\/p>\n<p align=\"justify\">3 SPV au SERVICE DE SANT\u00c9<\/p>\n<p>&nbsp;<\/p>\n<p align=\"justify\">Taux de f\u00e9minisation\u00a0: 32,8% (en augmentation)<\/p>\n<p><strong>\u00ab\u00a0Les sapeurs pompiers ne sont pas exceptionnels, ce sont les situations qui les rendent exceptionnels\u00a0\u00bb<\/strong><\/p>\n<h4><strong>Remises :<\/strong><\/h4>\n<ul>\n<li><b><a href=\"https:\/\/gerardmerinfo.fr\/wp-content\/uploads\/2023\/11\/sainte-barbe-2023-g\u00e9rardmer-7.jpg\"><img decoding=\"async\" class=\"alignright size-medium wp-image-212733\" src=\"https:\/\/vosgesinfo.fr\/app\/uploads\/sites\/6\/2023\/11\/sainte-barbe-2023-gerardmer-7-339x255-1.jpg\" alt=\"sainte barbe 2023 g\u00e9rardmer (7)\" width=\"339\" height=\"255\" \/><\/a>Remise de fourrag\u00e8res<\/b><\/li>\n<li>La fourrag\u00e8re tricolore est une d\u00e9coration port\u00e9e par les Sapeurs-Pompiers du Corps D\u00e9partemental depuis que celui-ci a \u00e9t\u00e9 d\u00e9cor\u00e9 collectivement de la m\u00e9daille d\u2019argent de 1<sup>\u00e8re<\/sup> classe pour acte de courage et d\u00e9vouement, suite \u00e0 son action lors de la temp\u00eate de 1999.<\/li>\n<li>Elle est remise aux sapeurs-pompiers qui ont obtenu le premier module de leur formation initiale.<\/li>\n<li>\n<p align=\"justify\">la sapeure de 2<sup>\u00e8me<\/sup> classe <b>Charline HENRY<\/b>, du CIS GERARDMER<\/p>\n<\/li>\n<li><b>Remise de m\u00e9dailles d\u2019honneur\u00a0:<a href=\"https:\/\/gerardmerinfo.fr\/wp-content\/uploads\/2023\/11\/sainte-barbe-2023-g\u00e9rardmer-8.jpg\"><img decoding=\"async\" class=\"alignright size-medium wp-image-212724\" src=\"https:\/\/vosgesinfo.fr\/app\/uploads\/sites\/6\/2023\/11\/sainte-barbe-2023-gerardmer-8-339x255-1.jpg\" alt=\"sainte barbe 2023 g\u00e9rardmer (8)\" width=\"339\" height=\"255\" \/><\/a><\/b><\/li>\n<li>\n<p align=\"justify\"><b>le Sapeur de 1<\/b><sup><b>\u00e8re<\/b><\/sup><b> Classe Hugo SCHMIT du CIS LE THOLY <\/b>est d\u00e9cor\u00e9 de la m\u00e9daille d\u2019honneur des sapeurs-pompiers \u00e9chelon <b>BRONZE<\/b> pour 10 ann\u00e9es d\u2019engagement<\/p>\n<\/li>\n<li>\n<p align=\"justify\"><b>le Sergent-Chef Yves ROBERT du CIS GERARDMER <\/b>est d\u00e9cor\u00e9 de la m\u00e9daille d\u2019honneur des sapeurs-pompiers \u00e9chelon <b>ARGENT<\/b> pour 20 ann\u00e9es d\u2019engagement<b> <\/b><\/p>\n<\/li>\n<li>\n<p align=\"justify\"><b>le Sergent Christophe VIRY du CIS LE THOLY<\/b> est d\u00e9cor\u00e9 de la m\u00e9daille d\u2019honneur des sapeurs-pompiers \u00e9chelon <b>ARGENT<\/b> pour 20 ann\u00e9es d\u2019engagement<b> <\/b><\/p>\n<\/li>\n<li>\n<p align=\"justify\"><b>le Sapeur de 1<\/b><sup><b>\u00e8re<\/b><\/sup><b> Classe Olivier GEORGEL du CIS REHAUPAL <\/b>est d\u00e9cor\u00e9 de la m\u00e9daille d\u2019honneur des sapeurs-pompiers \u00e9chelon <b>OR<\/b> pour 30 ann\u00e9es d\u2019engagement<b> <\/b><\/p>\n<\/li>\n<li><b><a href=\"https:\/\/gerardmerinfo.fr\/wp-content\/uploads\/2023\/11\/sainte-barbe-2023-g\u00e9rardmer-9.jpg\"><img decoding=\"async\" class=\"alignright size-medium wp-image-212725\" src=\"https:\/\/vosgesinfo.fr\/app\/uploads\/sites\/6\/2023\/11\/sainte-barbe-2023-gerardmer-9-339x255-1.jpg\" alt=\"sainte barbe 2023 g\u00e9rardmer (9)\" width=\"339\" height=\"255\" \/><\/a>Remise de galons<\/b><\/li>\n<li>&#8211; Le <b>Caporal-Chef<\/b> <b>Quentin ANDR\u00c9OLETTI<\/b> du CIS GERARDMER est promu au grade <b>de Sergent<\/b><\/li>\n<li>&#8211; La <b>Sapeure de 2<\/b><sup><b>\u00e8me<\/b><\/sup><b> Classe<\/b> <b>Ambroisine BATOT<\/b> du CIS GERARDMER est promu au grade <b>de Sapeure 1<\/b><sup><b>\u00e8re<\/b><\/sup><b> Classe <\/b><\/li>\n<li>&#8211; La <b>Sapeure de 2<\/b><sup><b>\u00e8me<\/b><\/sup><b> Classe<\/b> <b>Pauline BUR<\/b> du CIS GERARDMER est promu au grade de <b>Sapeure 1<\/b><sup><b>\u00e8re<\/b><\/sup><b> Classe <\/b><\/li>\n<li>&#8211; La <b>Sapeure de 2<\/b><sup><b>\u00e8me<\/b><\/sup><b> Classe<\/b> <b>Lilou HENRY<\/b> du CIS LE GERARDMER est promu au grade de <b>Sapeure 1<\/b><sup><b>\u00e8re<\/b><\/sup><b> Classe <\/b><\/li>\n<li>&#8211; Le <b>Sapeur de 2<\/b><sup><b>\u00e8me<\/b><\/sup><b> Classe<\/b> <b>Victor MICHEL<\/b> du CIS GERARDMER est promu au grade <b>de Sapeur 1<\/b><sup><b>\u00e8re<\/b><\/sup><b> Classe <\/b><\/li>\n<li>&#8211; Le <b>Sapeur de 2<\/b><sup><b>\u00e8me<\/b><\/sup><b> Classe<\/b> <b>Paul PIERREL<\/b> du CIS GERARDMER est promu au grade <b>de Sapeur 1<\/b><sup><b>\u00e8re<\/b><\/sup><b> Classe <\/b><\/li>\n<\/ul>\n","protected":false},"excerpt":{"rendered":"<p>La caserne g\u00e9r\u00f4moise \u00e9tait en \u00e9bullition samedi apr\u00e8s-midi \u00e0 l&rsquo;occasion de la f\u00eate annuelle des sapeurs-pompiers : la fameuse Saint [&hellip;]<\/p>\n","protected":false},"author":42,"featured_media":5453,"comment_status":"open","ping_status":"open","sticky":false,"template":"","format":"standard","meta":{"footnotes":""},"categories":[20,24,25],"tags":[774,621,408],"class_list":["post-5452","post","type-post","status-publish","format-standard","has-post-thumbnail","hentry","category-a-la-une","category-evenements","category-gerardmer","tag-sainte-barbe","tag-sapeurs-pompiers","tag-yvan-ertzbischoff"],"acf":[],"yoast_head":"<!-- This site is optimized with the Yoast SEO plugin v22.5 - https:\/\/yoast.com\/wordpress\/plugins\/seo\/ -->\n<title>Saint Barbe : les sapeurs pompiers de G\u00e9rardmer n&#039;ont jamais \u00e9t\u00e9 aussi nombreux - Gerardmer Info<\/title>\n<meta name=\"robots\" content=\"index, follow, max-snippet:-1, max-image-preview:large, max-video-preview:-1\" \/>\n<link rel=\"canonical\" href=\"https:\/\/vosgesinfo.fr\/gerardmerinfo\/2023\/11\/saint-barbe-sapeurs-pompiers-de-gerardmer-nont-jamais-ete-nombreux\/\" \/>\n<meta name=\"twitter:card\" content=\"summary_large_image\" \/>\n<meta name=\"twitter:title\" content=\"Saint Barbe : les sapeurs pompiers de G\u00e9rardmer n&#039;ont jamais \u00e9t\u00e9 aussi nombreux - Gerardmer Info\" \/>\n<meta name=\"twitter:description\" content=\"La caserne g\u00e9r\u00f4moise \u00e9tait en \u00e9bullition samedi apr\u00e8s-midi \u00e0 l&rsquo;occasion de la f\u00eate annuelle des sapeurs-pompiers : la fameuse Saint [&hellip;]\" \/>\n<meta name=\"twitter:image\" content=\"https:\/\/vosgesinfo.fr\/app\/uploads\/sites\/6\/2023\/11\/sainte-barbe-2023-gerardmer-5.jpg\" \/>\n<meta name=\"twitter:creator\" content=\"@VosgesInfo88\" \/>\n<meta name=\"twitter:site\" content=\"@VosgesInfo88\" \/>\n<meta name=\"twitter:label1\" content=\"\u00c9crit par\" \/>\n\t<meta name=\"twitter:data1\" content=\"QG\" \/>\n\t<meta name=\"twitter:label2\" content=\"Dur\u00e9e de lecture estim\u00e9e\" \/>\n\t<meta name=\"twitter:data2\" content=\"4 minutes\" \/>\n<script type=\"application\/ld+json\" class=\"yoast-schema-graph\">{\"@context\":\"https:\/\/schema.org\",\"@graph\":[{\"@type\":\"Article\",\"@id\":\"https:\/\/vosgesinfo.fr\/gerardmerinfo\/2023\/11\/saint-barbe-sapeurs-pompiers-de-gerardmer-nont-jamais-ete-nombreux\/#article\",\"isPartOf\":{\"@id\":\"https:\/\/vosgesinfo.fr\/gerardmerinfo\/2023\/11\/saint-barbe-sapeurs-pompiers-de-gerardmer-nont-jamais-ete-nombreux\/\"},\"author\":{\"name\":\"QG\",\"@id\":\"https:\/\/vosgesinfo.fr\/gerardmerinfo\/#\/schema\/person\/db5605779a843dad16b5368f3e7613a5\"},\"headline\":\"Saint Barbe : les sapeurs pompiers de G\u00e9rardmer n&rsquo;ont jamais \u00e9t\u00e9 aussi nombreux\",\"datePublished\":\"2023-11-26T09:13:56+00:00\",\"dateModified\":\"2023-11-26T09:13:56+00:00\",\"mainEntityOfPage\":{\"@id\":\"https:\/\/vosgesinfo.fr\/gerardmerinfo\/2023\/11\/saint-barbe-sapeurs-pompiers-de-gerardmer-nont-jamais-ete-nombreux\/\"},\"wordCount\":871,\"commentCount\":0,\"publisher\":{\"@id\":\"https:\/\/vosgesinfo.fr\/gerardmerinfo\/#organization\"},\"image\":{\"@id\":\"https:\/\/vosgesinfo.fr\/gerardmerinfo\/2023\/11\/saint-barbe-sapeurs-pompiers-de-gerardmer-nont-jamais-ete-nombreux\/#primaryimage\"},\"thumbnailUrl\":\"https:\/\/vosgesinfo.fr\/app\/uploads\/sites\/6\/2023\/11\/sainte-barbe-2023-gerardmer-5.jpg\",\"keywords\":[\"sainte Barbe\",\"sapeurs pompiers\",\"Yvan Ertzbischoff\"],\"articleSection\":[\"A la une\",\"Ev\u00e8nements\",\"G\u00e9rardmer\"],\"inLanguage\":\"fr-FR\",\"potentialAction\":[{\"@type\":\"CommentAction\",\"name\":\"Comment\",\"target\":[\"https:\/\/vosgesinfo.fr\/gerardmerinfo\/2023\/11\/saint-barbe-sapeurs-pompiers-de-gerardmer-nont-jamais-ete-nombreux\/#respond\"]}]},{\"@type\":\"WebPage\",\"@id\":\"https:\/\/vosgesinfo.fr\/gerardmerinfo\/2023\/11\/saint-barbe-sapeurs-pompiers-de-gerardmer-nont-jamais-ete-nombreux\/\",\"url\":\"https:\/\/vosgesinfo.fr\/gerardmerinfo\/2023\/11\/saint-barbe-sapeurs-pompiers-de-gerardmer-nont-jamais-ete-nombreux\/\",\"name\":\"Saint Barbe : les sapeurs pompiers de G\u00e9rardmer n'ont jamais \u00e9t\u00e9 aussi nombreux - Gerardmer Info\",\"isPartOf\":{\"@id\":\"https:\/\/vosgesinfo.fr\/gerardmerinfo\/#website\"},\"primaryImageOfPage\":{\"@id\":\"https:\/\/vosgesinfo.fr\/gerardmerinfo\/2023\/11\/saint-barbe-sapeurs-pompiers-de-gerardmer-nont-jamais-ete-nombreux\/#primaryimage\"},\"image\":{\"@id\":\"https:\/\/vosgesinfo.fr\/gerardmerinfo\/2023\/11\/saint-barbe-sapeurs-pompiers-de-gerardmer-nont-jamais-ete-nombreux\/#primaryimage\"},\"thumbnailUrl\":\"https:\/\/vosgesinfo.fr\/app\/uploads\/sites\/6\/2023\/11\/sainte-barbe-2023-gerardmer-5.jpg\",\"datePublished\":\"2023-11-26T09:13:56+00:00\",\"dateModified\":\"2023-11-26T09:13:56+00:00\",\"breadcrumb\":{\"@id\":\"https:\/\/vosgesinfo.fr\/gerardmerinfo\/2023\/11\/saint-barbe-sapeurs-pompiers-de-gerardmer-nont-jamais-ete-nombreux\/#breadcrumb\"},\"inLanguage\":\"fr-FR\",\"potentialAction\":[{\"@type\":\"ReadAction\",\"target\":[\"https:\/\/vosgesinfo.fr\/gerardmerinfo\/2023\/11\/saint-barbe-sapeurs-pompiers-de-gerardmer-nont-jamais-ete-nombreux\/\"]}]},{\"@type\":\"ImageObject\",\"inLanguage\":\"fr-FR\",\"@id\":\"https:\/\/vosgesinfo.fr\/gerardmerinfo\/2023\/11\/saint-barbe-sapeurs-pompiers-de-gerardmer-nont-jamais-ete-nombreux\/#primaryimage\",\"url\":\"https:\/\/vosgesinfo.fr\/app\/uploads\/sites\/6\/2023\/11\/sainte-barbe-2023-gerardmer-5.jpg\",\"contentUrl\":\"https:\/\/vosgesinfo.fr\/app\/uploads\/sites\/6\/2023\/11\/sainte-barbe-2023-gerardmer-5.jpg\"},{\"@type\":\"BreadcrumbList\",\"@id\":\"https:\/\/vosgesinfo.fr\/gerardmerinfo\/2023\/11\/saint-barbe-sapeurs-pompiers-de-gerardmer-nont-jamais-ete-nombreux\/#breadcrumb\",\"itemListElement\":[{\"@type\":\"ListItem\",\"position\":1,\"name\":\"Home\",\"item\":\"https:\/\/vosgesinfo.fr\/gerardmerinfo\/\"},{\"@type\":\"ListItem\",\"position\":2,\"name\":\"Saint Barbe : les sapeurs pompiers de G\u00e9rardmer n&rsquo;ont jamais \u00e9t\u00e9 aussi nombreux\"}]},{\"@type\":\"WebSite\",\"@id\":\"https:\/\/vosgesinfo.fr\/gerardmerinfo\/#website\",\"url\":\"https:\/\/vosgesinfo.fr\/gerardmerinfo\/\",\"name\":\"Gerardmer Info\",\"description\":\"Toute l&#039;actualit\u00e9 de G\u00e9rardmer\",\"publisher\":{\"@id\":\"https:\/\/vosgesinfo.fr\/gerardmerinfo\/#organization\"},\"alternateName\":\"Toute l'actualit\u00e9 de G\u00e9rardmer\",\"potentialAction\":[{\"@type\":\"SearchAction\",\"target\":{\"@type\":\"EntryPoint\",\"urlTemplate\":\"https:\/\/vosgesinfo.fr\/gerardmerinfo\/?s={search_term_string}\"},\"query-input\":\"required name=search_term_string\"}],\"inLanguage\":\"fr-FR\"},{\"@type\":\"Organization\",\"@id\":\"https:\/\/vosgesinfo.fr\/gerardmerinfo\/#organization\",\"name\":\"Gerardmer Info\",\"url\":\"https:\/\/vosgesinfo.fr\/gerardmerinfo\/\",\"logo\":{\"@type\":\"ImageObject\",\"inLanguage\":\"fr-FR\",\"@id\":\"https:\/\/vosgesinfo.fr\/gerardmerinfo\/#\/schema\/logo\/image\/\",\"url\":\"https:\/\/vosgesinfo.fr\/app\/uploads\/sites\/6\/2023\/08\/favicon-gerardmerinfo.png\",\"contentUrl\":\"https:\/\/vosgesinfo.fr\/app\/uploads\/sites\/6\/2023\/08\/favicon-gerardmerinfo.png\",\"width\":512,\"height\":512,\"caption\":\"Gerardmer Info\"},\"image\":{\"@id\":\"https:\/\/vosgesinfo.fr\/gerardmerinfo\/#\/schema\/logo\/image\/\"},\"sameAs\":[\"https:\/\/www.facebook.com\/profile.php?id=100049475262660\",\"https:\/\/x.com\/VosgesInfo88\",\"https:\/\/www.youtube.com\/@vosgesinfo\"]},{\"@type\":\"Person\",\"@id\":\"https:\/\/vosgesinfo.fr\/gerardmerinfo\/#\/schema\/person\/db5605779a843dad16b5368f3e7613a5\",\"name\":\"QG\",\"image\":{\"@type\":\"ImageObject\",\"inLanguage\":\"fr-FR\",\"@id\":\"https:\/\/vosgesinfo.fr\/gerardmerinfo\/#\/schema\/person\/image\/\",\"url\":\"https:\/\/secure.gravatar.com\/avatar\/ea80c42c204b534408512832fde52504ecabb9706bcb6151cf6175e5b64e6793?s=96&d=mm&r=g\",\"contentUrl\":\"https:\/\/secure.gravatar.com\/avatar\/ea80c42c204b534408512832fde52504ecabb9706bcb6151cf6175e5b64e6793?s=96&d=mm&r=g\",\"caption\":\"QG\"},\"url\":\"https:\/\/vosgesinfo.fr\/gerardmerinfo\/author\/quentin88\/\"}]}<\/script>\n<!-- \/ Yoast SEO plugin. -->","yoast_head_json":{"title":"Saint Barbe : les sapeurs pompiers de G\u00e9rardmer n'ont jamais \u00e9t\u00e9 aussi nombreux - Gerardmer Info","robots":{"index":"index","follow":"follow","max-snippet":"max-snippet:-1","max-image-preview":"max-image-preview:large","max-video-preview":"max-video-preview:-1"},"canonical":"https:\/\/vosgesinfo.fr\/gerardmerinfo\/2023\/11\/saint-barbe-sapeurs-pompiers-de-gerardmer-nont-jamais-ete-nombreux\/","twitter_card":"summary_large_image","twitter_title":"Saint Barbe : les sapeurs pompiers de G\u00e9rardmer n'ont jamais \u00e9t\u00e9 aussi nombreux - Gerardmer Info","twitter_description":"La caserne g\u00e9r\u00f4moise \u00e9tait en \u00e9bullition samedi apr\u00e8s-midi \u00e0 l&rsquo;occasion de la f\u00eate annuelle des sapeurs-pompiers : la fameuse Saint [&hellip;]","twitter_image":"https:\/\/vosgesinfo.fr\/app\/uploads\/sites\/6\/2023\/11\/sainte-barbe-2023-gerardmer-5.jpg","twitter_creator":"@VosgesInfo88","twitter_site":"@VosgesInfo88","twitter_misc":{"\u00c9crit par":"QG","Dur\u00e9e de lecture estim\u00e9e":"4 minutes"},"schema":{"@context":"https:\/\/schema.org","@graph":[{"@type":"Article","@id":"https:\/\/vosgesinfo.fr\/gerardmerinfo\/2023\/11\/saint-barbe-sapeurs-pompiers-de-gerardmer-nont-jamais-ete-nombreux\/#article","isPartOf":{"@id":"https:\/\/vosgesinfo.fr\/gerardmerinfo\/2023\/11\/saint-barbe-sapeurs-pompiers-de-gerardmer-nont-jamais-ete-nombreux\/"},"author":{"name":"QG","@id":"https:\/\/vosgesinfo.fr\/gerardmerinfo\/#\/schema\/person\/db5605779a843dad16b5368f3e7613a5"},"headline":"Saint Barbe : les sapeurs pompiers de G\u00e9rardmer n&rsquo;ont jamais \u00e9t\u00e9 aussi nombreux","datePublished":"2023-11-26T09:13:56+00:00","dateModified":"2023-11-26T09:13:56+00:00","mainEntityOfPage":{"@id":"https:\/\/vosgesinfo.fr\/gerardmerinfo\/2023\/11\/saint-barbe-sapeurs-pompiers-de-gerardmer-nont-jamais-ete-nombreux\/"},"wordCount":871,"commentCount":0,"publisher":{"@id":"https:\/\/vosgesinfo.fr\/gerardmerinfo\/#organization"},"image":{"@id":"https:\/\/vosgesinfo.fr\/gerardmerinfo\/2023\/11\/saint-barbe-sapeurs-pompiers-de-gerardmer-nont-jamais-ete-nombreux\/#primaryimage"},"thumbnailUrl":"https:\/\/vosgesinfo.fr\/app\/uploads\/sites\/6\/2023\/11\/sainte-barbe-2023-gerardmer-5.jpg","keywords":["sainte Barbe","sapeurs pompiers","Yvan Ertzbischoff"],"articleSection":["A la une","Ev\u00e8nements","G\u00e9rardmer"],"inLanguage":"fr-FR","potentialAction":[{"@type":"CommentAction","name":"Comment","target":["https:\/\/vosgesinfo.fr\/gerardmerinfo\/2023\/11\/saint-barbe-sapeurs-pompiers-de-gerardmer-nont-jamais-ete-nombreux\/#respond"]}]},{"@type":"WebPage","@id":"https:\/\/vosgesinfo.fr\/gerardmerinfo\/2023\/11\/saint-barbe-sapeurs-pompiers-de-gerardmer-nont-jamais-ete-nombreux\/","url":"https:\/\/vosgesinfo.fr\/gerardmerinfo\/2023\/11\/saint-barbe-sapeurs-pompiers-de-gerardmer-nont-jamais-ete-nombreux\/","name":"Saint Barbe : les sapeurs pompiers de G\u00e9rardmer n'ont jamais \u00e9t\u00e9 aussi nombreux - Gerardmer Info","isPartOf":{"@id":"https:\/\/vosgesinfo.fr\/gerardmerinfo\/#website"},"primaryImageOfPage":{"@id":"https:\/\/vosgesinfo.fr\/gerardmerinfo\/2023\/11\/saint-barbe-sapeurs-pompiers-de-gerardmer-nont-jamais-ete-nombreux\/#primaryimage"},"image":{"@id":"https:\/\/vosgesinfo.fr\/gerardmerinfo\/2023\/11\/saint-barbe-sapeurs-pompiers-de-gerardmer-nont-jamais-ete-nombreux\/#primaryimage"},"thumbnailUrl":"https:\/\/vosgesinfo.fr\/app\/uploads\/sites\/6\/2023\/11\/sainte-barbe-2023-gerardmer-5.jpg","datePublished":"2023-11-26T09:13:56+00:00","dateModified":"2023-11-26T09:13:56+00:00","breadcrumb":{"@id":"https:\/\/vosgesinfo.fr\/gerardmerinfo\/2023\/11\/saint-barbe-sapeurs-pompiers-de-gerardmer-nont-jamais-ete-nombreux\/#breadcrumb"},"inLanguage":"fr-FR","potentialAction":[{"@type":"ReadAction","target":["https:\/\/vosgesinfo.fr\/gerardmerinfo\/2023\/11\/saint-barbe-sapeurs-pompiers-de-gerardmer-nont-jamais-ete-nombreux\/"]}]},{"@type":"ImageObject","inLanguage":"fr-FR","@id":"https:\/\/vosgesinfo.fr\/gerardmerinfo\/2023\/11\/saint-barbe-sapeurs-pompiers-de-gerardmer-nont-jamais-ete-nombreux\/#primaryimage","url":"https:\/\/vosgesinfo.fr\/app\/uploads\/sites\/6\/2023\/11\/sainte-barbe-2023-gerardmer-5.jpg","contentUrl":"https:\/\/vosgesinfo.fr\/app\/uploads\/sites\/6\/2023\/11\/sainte-barbe-2023-gerardmer-5.jpg"},{"@type":"BreadcrumbList","@id":"https:\/\/vosgesinfo.fr\/gerardmerinfo\/2023\/11\/saint-barbe-sapeurs-pompiers-de-gerardmer-nont-jamais-ete-nombreux\/#breadcrumb","itemListElement":[{"@type":"ListItem","position":1,"name":"Home","item":"https:\/\/vosgesinfo.fr\/gerardmerinfo\/"},{"@type":"ListItem","position":2,"name":"Saint Barbe : les sapeurs pompiers de G\u00e9rardmer n&rsquo;ont jamais \u00e9t\u00e9 aussi nombreux"}]},{"@type":"WebSite","@id":"https:\/\/vosgesinfo.fr\/gerardmerinfo\/#website","url":"https:\/\/vosgesinfo.fr\/gerardmerinfo\/","name":"Gerardmer Info","description":"Toute l&#039;actualit\u00e9 de G\u00e9rardmer","publisher":{"@id":"https:\/\/vosgesinfo.fr\/gerardmerinfo\/#organization"},"alternateName":"Toute l'actualit\u00e9 de G\u00e9rardmer","potentialAction":[{"@type":"SearchAction","target":{"@type":"EntryPoint","urlTemplate":"https:\/\/vosgesinfo.fr\/gerardmerinfo\/?s={search_term_string}"},"query-input":"required name=search_term_string"}],"inLanguage":"fr-FR"},{"@type":"Organization","@id":"https:\/\/vosgesinfo.fr\/gerardmerinfo\/#organization","name":"Gerardmer Info","url":"https:\/\/vosgesinfo.fr\/gerardmerinfo\/","logo":{"@type":"ImageObject","inLanguage":"fr-FR","@id":"https:\/\/vosgesinfo.fr\/gerardmerinfo\/#\/schema\/logo\/image\/","url":"https:\/\/vosgesinfo.fr\/app\/uploads\/sites\/6\/2023\/08\/favicon-gerardmerinfo.png","contentUrl":"https:\/\/vosgesinfo.fr\/app\/uploads\/sites\/6\/2023\/08\/favicon-gerardmerinfo.png","width":512,"height":512,"caption":"Gerardmer Info"},"image":{"@id":"https:\/\/vosgesinfo.fr\/gerardmerinfo\/#\/schema\/logo\/image\/"},"sameAs":["https:\/\/www.facebook.com\/profile.php?id=100049475262660","https:\/\/x.com\/VosgesInfo88","https:\/\/www.youtube.com\/@vosgesinfo"]},{"@type":"Person","@id":"https:\/\/vosgesinfo.fr\/gerardmerinfo\/#\/schema\/person\/db5605779a843dad16b5368f3e7613a5","name":"QG","image":{"@type":"ImageObject","inLanguage":"fr-FR","@id":"https:\/\/vosgesinfo.fr\/gerardmerinfo\/#\/schema\/person\/image\/","url":"https:\/\/secure.gravatar.com\/avatar\/ea80c42c204b534408512832fde52504ecabb9706bcb6151cf6175e5b64e6793?s=96&d=mm&r=g","contentUrl":"https:\/\/secure.gravatar.com\/avatar\/ea80c42c204b534408512832fde52504ecabb9706bcb6151cf6175e5b64e6793?s=96&d=mm&r=g","caption":"QG"},"url":"https:\/\/vosgesinfo.fr\/gerardmerinfo\/author\/quentin88\/"}]}},"_links":{"self":[{"href":"https:\/\/vosgesinfo.fr\/gerardmerinfo\/wp-json\/wp\/v2\/posts\/5452","targetHints":{"allow":["GET"]}}],"collection":[{"href":"https:\/\/vosgesinfo.fr\/gerardmerinfo\/wp-json\/wp\/v2\/posts"}],"about":[{"href":"https:\/\/vosgesinfo.fr\/gerardmerinfo\/wp-json\/wp\/v2\/types\/post"}],"author":[{"embeddable":true,"href":"https:\/\/vosgesinfo.fr\/gerardmerinfo\/wp-json\/wp\/v2\/users\/42"}],"replies":[{"embeddable":true,"href":"https:\/\/vosgesinfo.fr\/gerardmerinfo\/wp-json\/wp\/v2\/comments?post=5452"}],"version-history":[{"count":0,"href":"https:\/\/vosgesinfo.fr\/gerardmerinfo\/wp-json\/wp\/v2\/posts\/5452\/revisions"}],"wp:featuredmedia":[{"embeddable":true,"href":"https:\/\/vosgesinfo.fr\/gerardmerinfo\/wp-json\/wp\/v2\/media\/5453"}],"wp:attachment":[{"href":"https:\/\/vosgesinfo.fr\/gerardmerinfo\/wp-json\/wp\/v2\/media?parent=5452"}],"wp:term":[{"taxonomy":"category","embeddable":true,"href":"https:\/\/vosgesinfo.fr\/gerardmerinfo\/wp-json\/wp\/v2\/categories?post=5452"},{"taxonomy":"post_tag","embeddable":true,"href":"https:\/\/vosgesinfo.fr\/gerardmerinfo\/wp-json\/wp\/v2\/tags?post=5452"}],"curies":[{"name":"wp","href":"https:\/\/api.w.org\/{rel}","templated":true}]}}