{"id":54774,"date":"2021-09-16T04:00:25","date_gmt":"2021-09-16T02:00:25","guid":{"rendered":"https:\/\/vosgesinfo.fr\/gerardmerinfo\/2021\/09\/festival-play-it-again-a-mcl-de-gerardmer-3-grands-classiques-de-retour-cine\/"},"modified":"2021-09-16T04:00:25","modified_gmt":"2021-09-16T02:00:25","slug":"festival-play-it-again-a-mcl-de-gerardmer-3-grands-classiques-de-retour-cine","status":"publish","type":"post","link":"https:\/\/vosgesinfo.fr\/gerardmerinfo\/2021\/09\/festival-play-it-again-a-mcl-de-gerardmer-3-grands-classiques-de-retour-cine\/","title":{"rendered":"Festival Play it Again \u00e0 la MCL de G\u00e9rardmer : 3 grands classiques de retour au cin\u00e9 !"},"content":{"rendered":"<h3><span style=\"font-size: 12pt;\"><span style=\"font-family: Helvetica, Arial, sans-serif;\"><b>Du 15 au 28 septembre, le Festival <em>Play It Again<\/em> ! proposera aux spectateurs de pr\u00e8s de 300 salles de voir ou revoir sur grand \u00e9cran une s\u00e9lection des plus beaux classiques de l\u2019ann\u00e9e.<\/b><\/span><\/span><\/h3>\n<p><span style=\"font-family: Helvetica, Arial, sans-serif;\"><b><br \/>\nVenez d\u00e9couvrir ou red\u00e9couvrir des p\u00e9pites sur le grand \u00e9cran de la MCL<\/b><b><br \/>\n<\/b><b>Tarif : 4\u20ac pour tous !<br \/>\n<\/b><br \/>\n<b>La ch\u00e8vre &#8211; <\/b>Dimanche 19 septembre \u00e0 18h00<br \/>\n<b>Laurel &amp; Hardy : d\u00e9lires \u00e0 deux &#8211;<\/b> Mercredi 22 septembre \u00e0 14h30<br \/>\n<b>Mississipi Burning en VOST &#8211;<\/b> Dimanche 26 septembre \u00e0 18h<\/p>\n<p>Les billets c&rsquo;est par l\u00e0 : <a id=\"LPlnk717233\" href=\"https:\/\/www.ticketingcine.fr\/?nc=0707\" target=\"_blank\" rel=\"noopener noreferrer\" data-auth=\"NotApplicable\" data-linkindex=\"0\">https:\/\/www.ticketingcine.fr\/?nc=0707<\/a><\/span><span style=\"font-size: small;\"><\/p>\n<p><span style=\"font-size: large;\"><b>La ch\u00e8vre &#8211; Dimanche 19 septembre \u00e0 18h00<\/b><\/span><br \/>\n<span style=\"color: #c9211e;\">Un road-trip culte incarn\u00e9 par l\u2019un des duos comiques les plus c\u00e9l\u00e8bres du cin\u00e9ma fran\u00e7ais<\/span><\/span><\/p>\n<p><span style=\"font-size: small;\"><br \/>\n<i><img decoding=\"async\" class=\"alignright size-medium wp-image-179943\" src=\"\/2021\/09\/la_chevre2-400x218.jpg\" alt=\"la_chevre2\" width=\"400\" height=\"218\" \/>Un film de Francis Veber \u2013 France &#8211; 1981 &#8211; 1h30<\/i><br \/>\n<span style=\"font-size: small;\">La fille du pr\u00e9sident Bens a disparu en Am\u00e9rique du Sud. Campana, grand d\u00e9tective priv\u00e9, revient bredouille apr\u00e8s avoir fouill\u00e9 tout le pays. Reste une solution : pour retrouver sa fille, Bens doit envoyer sur ses traces quelqu\u2019un d\u2019aussi malchanceux qu\u2019elle : Fran\u00e7ois Per- rin ! Ainsi, part en mission ce couple que tout oppose. D\u2019un c\u00f4t\u00e9 Campana et ses id\u00e9es arr\u00eat\u00e9es et de l\u2019autre, Perrin avec son \u00e9norme bagage de malchance mais un optimisme imperturbable.<\/span><\/span><\/p>\n<p>&nbsp;<\/p>\n<p><span style=\"font-size: large;\"><b>Laurel &amp; Hardy : d\u00e9lires \u00e0 deux &#8211; Mercredi 22 septembre \u00e0 14h30<\/b><\/span><\/p>\n<p><span style=\"color: #c9211e;\"><span style=\"font-size: small;\">3 courts-m\u00e9trages avec le duo comique le plus c\u00e9l\u00e8bre de l\u2019histoire du cin\u00e9ma<\/span><\/span><\/p>\n<p>&nbsp;<\/p>\n<p><span style=\"font-size: small;\"><i><img decoding=\"async\" class=\"alignright size-medium wp-image-179942\" src=\"\/2021\/09\/laurel_hardy-206x255.jpg\" alt=\"laurel_hardy\" width=\"206\" height=\"255\" \/>Un film de James Parrott, Lloyd French &#8211; Etats-Unis, 1930-1933, 55 min<\/i><span style=\"font-size: small;\"><br \/>\n<\/span><\/span><\/p>\n<p><span style=\"font-size: small;\"><u>LES BRICOLEURS<\/u>\u00a0: Laurel et Hardy ont d\u00e9cid\u00e9 d\u2019installer une antenne de t\u00e9l\u00e9vision sur le toit. Stan veut aider son ami dans son travail, mais il ne fait que provoquer d\u2019incroyables catastrophes\u2026<br \/>\n<\/span><\/p>\n<p><span style=\"font-size: small;\"><u>LES BONS PETITS DIABLES<\/u>\u00a0: En l\u2019absence de leurs \u00e9pouses, Laurel et Hardy vont devoir garder leur deux terribles garnements, qui leur ressemblent \u00e9trangement et sont aussi dou\u00e9s que les adultes pour provoquer le pire\u2026<br \/>\n<\/span><\/p>\n<p><span style=\"font-size: small;\"><u>LES MENUISIERS<\/u>\u00a0: Laurel et Hardy sont menuisiers dans une scierie. Ce qui ne devait \u00eatre qu\u2019une journ\u00e9e de travail routini\u00e8re va se transformer en d\u00e9sastre \u00e0 cause de la maladresse des deux comp\u00e8res\u2026<\/span><br \/>\n<img decoding=\"async\" class=\"aligncenter size-medium wp-image-179941\" src=\"\/2021\/09\/mississipi_burning-400x160.jpg\" alt=\"mississipi_burning\" width=\"400\" height=\"160\" \/><\/p>\n<p><span style=\"font-size: large;\"><b>Mississipi Burning en VOST &#8211; Dimanche 26 septembre \u00e0 18h<\/b><\/span><\/p>\n<p><span style=\"color: #c9211e;\"><span style=\"font-size: small;\">Un formidable plaidoyer contre le racisme<\/span><\/span><\/p>\n<p><span style=\"font-size: small;\"><i>Un film de Alan Parker &#8211; Etats-Unis, 1988, 2h08<\/i><\/span><\/p>\n<p><span style=\"font-size: small;\">1964. Trois militants d\u2019un comit\u00e9 de d\u00e9fense des droits civiques disparaissent myst\u00e9rieusement dans l\u2019\u00c9tat du Mississippi. Deux agents du FBI, Ward et Anderson, aux m\u00e9thodes oppos\u00e9es mais compl\u00e9mentaires sont charg\u00e9s de l\u2019enqu\u00eate. Tr\u00e8s vite leurs investigations d\u00e9rangent et des violences sur fond de racisme \u00e9clatent alors dans cette ville o\u00f9 le Ku Klux Klan attise les haines et la violence&#8230;<\/span><\/p>\n","protected":false},"excerpt":{"rendered":"<p>Du 15 au 28 septembre, le Festival Play It Again ! proposera aux spectateurs de pr\u00e8s de 300 salles de [&hellip;]<\/p>\n","protected":false},"author":1,"featured_media":54775,"comment_status":"open","ping_status":"open","sticky":false,"template":"","format":"standard","meta":{"footnotes":""},"categories":[20,4,25],"tags":[4697],"class_list":["post-54774","post","type-post","status-publish","format-standard","has-post-thumbnail","hentry","category-a-la-une","category-culture","category-gerardmer","tag-play-it-again"],"acf":[],"yoast_head":"<!-- This site is optimized with the Yoast SEO plugin v22.5 - https:\/\/yoast.com\/wordpress\/plugins\/seo\/ -->\n<title>Festival Play it Again \u00e0 la MCL de G\u00e9rardmer : 3 grands classiques de retour au cin\u00e9 ! - Gerardmer Info<\/title>\n<meta name=\"robots\" content=\"index, follow, max-snippet:-1, max-image-preview:large, max-video-preview:-1\" \/>\n<link rel=\"canonical\" href=\"https:\/\/vosgesinfo.fr\/gerardmerinfo\/2021\/09\/festival-play-it-again-a-mcl-de-gerardmer-3-grands-classiques-de-retour-cine\/\" \/>\n<meta name=\"twitter:card\" content=\"summary_large_image\" \/>\n<meta name=\"twitter:title\" content=\"Festival Play it Again \u00e0 la MCL de G\u00e9rardmer : 3 grands classiques de retour au cin\u00e9 ! - Gerardmer Info\" \/>\n<meta name=\"twitter:description\" content=\"Du 15 au 28 septembre, le Festival Play It Again ! proposera aux spectateurs de pr\u00e8s de 300 salles de [&hellip;]\" \/>\n<meta name=\"twitter:image\" content=\"https:\/\/vosgesinfo.fr\/app\/uploads\/sites\/6\/2024\/07\/202109la-chevre2.jpg\" \/>\n<meta name=\"twitter:creator\" content=\"@VosgesInfo88\" \/>\n<meta name=\"twitter:site\" content=\"@VosgesInfo88\" \/>\n<meta name=\"twitter:label1\" content=\"\u00c9crit par\" \/>\n\t<meta name=\"twitter:data1\" content=\"qs_admin\" \/>\n\t<meta name=\"twitter:label2\" content=\"Dur\u00e9e de lecture estim\u00e9e\" \/>\n\t<meta name=\"twitter:data2\" content=\"2 minutes\" \/>\n<script type=\"application\/ld+json\" class=\"yoast-schema-graph\">{\"@context\":\"https:\/\/schema.org\",\"@graph\":[{\"@type\":\"Article\",\"@id\":\"https:\/\/vosgesinfo.fr\/gerardmerinfo\/2021\/09\/festival-play-it-again-a-mcl-de-gerardmer-3-grands-classiques-de-retour-cine\/#article\",\"isPartOf\":{\"@id\":\"https:\/\/vosgesinfo.fr\/gerardmerinfo\/2021\/09\/festival-play-it-again-a-mcl-de-gerardmer-3-grands-classiques-de-retour-cine\/\"},\"author\":{\"name\":\"qs_admin\",\"@id\":\"https:\/\/vosgesinfo.fr\/gerardmerinfo\/#\/schema\/person\/bc5d02d71e6932e81b6dadb7386667b1\"},\"headline\":\"Festival Play it Again \u00e0 la MCL de G\u00e9rardmer : 3 grands classiques de retour au cin\u00e9 !\",\"datePublished\":\"2021-09-16T02:00:25+00:00\",\"dateModified\":\"2021-09-16T02:00:25+00:00\",\"mainEntityOfPage\":{\"@id\":\"https:\/\/vosgesinfo.fr\/gerardmerinfo\/2021\/09\/festival-play-it-again-a-mcl-de-gerardmer-3-grands-classiques-de-retour-cine\/\"},\"wordCount\":469,\"commentCount\":0,\"publisher\":{\"@id\":\"https:\/\/vosgesinfo.fr\/gerardmerinfo\/#organization\"},\"image\":{\"@id\":\"https:\/\/vosgesinfo.fr\/gerardmerinfo\/2021\/09\/festival-play-it-again-a-mcl-de-gerardmer-3-grands-classiques-de-retour-cine\/#primaryimage\"},\"thumbnailUrl\":\"https:\/\/vosgesinfo.fr\/app\/uploads\/sites\/6\/2024\/07\/202109la-chevre2.jpg\",\"keywords\":[\"Play it again !\"],\"articleSection\":[\"A la une\",\"Culture\",\"G\u00e9rardmer\"],\"inLanguage\":\"fr-FR\",\"potentialAction\":[{\"@type\":\"CommentAction\",\"name\":\"Comment\",\"target\":[\"https:\/\/vosgesinfo.fr\/gerardmerinfo\/2021\/09\/festival-play-it-again-a-mcl-de-gerardmer-3-grands-classiques-de-retour-cine\/#respond\"]}]},{\"@type\":\"WebPage\",\"@id\":\"https:\/\/vosgesinfo.fr\/gerardmerinfo\/2021\/09\/festival-play-it-again-a-mcl-de-gerardmer-3-grands-classiques-de-retour-cine\/\",\"url\":\"https:\/\/vosgesinfo.fr\/gerardmerinfo\/2021\/09\/festival-play-it-again-a-mcl-de-gerardmer-3-grands-classiques-de-retour-cine\/\",\"name\":\"Festival Play it Again \u00e0 la MCL de G\u00e9rardmer : 3 grands classiques de retour au cin\u00e9 ! - Gerardmer Info\",\"isPartOf\":{\"@id\":\"https:\/\/vosgesinfo.fr\/gerardmerinfo\/#website\"},\"primaryImageOfPage\":{\"@id\":\"https:\/\/vosgesinfo.fr\/gerardmerinfo\/2021\/09\/festival-play-it-again-a-mcl-de-gerardmer-3-grands-classiques-de-retour-cine\/#primaryimage\"},\"image\":{\"@id\":\"https:\/\/vosgesinfo.fr\/gerardmerinfo\/2021\/09\/festival-play-it-again-a-mcl-de-gerardmer-3-grands-classiques-de-retour-cine\/#primaryimage\"},\"thumbnailUrl\":\"https:\/\/vosgesinfo.fr\/app\/uploads\/sites\/6\/2024\/07\/202109la-chevre2.jpg\",\"datePublished\":\"2021-09-16T02:00:25+00:00\",\"dateModified\":\"2021-09-16T02:00:25+00:00\",\"breadcrumb\":{\"@id\":\"https:\/\/vosgesinfo.fr\/gerardmerinfo\/2021\/09\/festival-play-it-again-a-mcl-de-gerardmer-3-grands-classiques-de-retour-cine\/#breadcrumb\"},\"inLanguage\":\"fr-FR\",\"potentialAction\":[{\"@type\":\"ReadAction\",\"target\":[\"https:\/\/vosgesinfo.fr\/gerardmerinfo\/2021\/09\/festival-play-it-again-a-mcl-de-gerardmer-3-grands-classiques-de-retour-cine\/\"]}]},{\"@type\":\"ImageObject\",\"inLanguage\":\"fr-FR\",\"@id\":\"https:\/\/vosgesinfo.fr\/gerardmerinfo\/2021\/09\/festival-play-it-again-a-mcl-de-gerardmer-3-grands-classiques-de-retour-cine\/#primaryimage\",\"url\":\"https:\/\/vosgesinfo.fr\/app\/uploads\/sites\/6\/2024\/07\/202109la-chevre2.jpg\",\"contentUrl\":\"https:\/\/vosgesinfo.fr\/app\/uploads\/sites\/6\/2024\/07\/202109la-chevre2.jpg\",\"width\":800,\"height\":436},{\"@type\":\"BreadcrumbList\",\"@id\":\"https:\/\/vosgesinfo.fr\/gerardmerinfo\/2021\/09\/festival-play-it-again-a-mcl-de-gerardmer-3-grands-classiques-de-retour-cine\/#breadcrumb\",\"itemListElement\":[{\"@type\":\"ListItem\",\"position\":1,\"name\":\"Home\",\"item\":\"https:\/\/vosgesinfo.fr\/gerardmerinfo\/\"},{\"@type\":\"ListItem\",\"position\":2,\"name\":\"Festival Play it Again \u00e0 la MCL de G\u00e9rardmer : 3 grands classiques de retour au cin\u00e9 !\"}]},{\"@type\":\"WebSite\",\"@id\":\"https:\/\/vosgesinfo.fr\/gerardmerinfo\/#website\",\"url\":\"https:\/\/vosgesinfo.fr\/gerardmerinfo\/\",\"name\":\"Gerardmer Info\",\"description\":\"Toute l&#039;actualit\u00e9 de G\u00e9rardmer\",\"publisher\":{\"@id\":\"https:\/\/vosgesinfo.fr\/gerardmerinfo\/#organization\"},\"alternateName\":\"Toute l'actualit\u00e9 de G\u00e9rardmer\",\"potentialAction\":[{\"@type\":\"SearchAction\",\"target\":{\"@type\":\"EntryPoint\",\"urlTemplate\":\"https:\/\/vosgesinfo.fr\/gerardmerinfo\/?s={search_term_string}\"},\"query-input\":\"required name=search_term_string\"}],\"inLanguage\":\"fr-FR\"},{\"@type\":\"Organization\",\"@id\":\"https:\/\/vosgesinfo.fr\/gerardmerinfo\/#organization\",\"name\":\"Gerardmer Info\",\"url\":\"https:\/\/vosgesinfo.fr\/gerardmerinfo\/\",\"logo\":{\"@type\":\"ImageObject\",\"inLanguage\":\"fr-FR\",\"@id\":\"https:\/\/vosgesinfo.fr\/gerardmerinfo\/#\/schema\/logo\/image\/\",\"url\":\"https:\/\/vosgesinfo.fr\/app\/uploads\/sites\/6\/2023\/08\/favicon-gerardmerinfo.png\",\"contentUrl\":\"https:\/\/vosgesinfo.fr\/app\/uploads\/sites\/6\/2023\/08\/favicon-gerardmerinfo.png\",\"width\":512,\"height\":512,\"caption\":\"Gerardmer Info\"},\"image\":{\"@id\":\"https:\/\/vosgesinfo.fr\/gerardmerinfo\/#\/schema\/logo\/image\/\"},\"sameAs\":[\"https:\/\/www.facebook.com\/profile.php?id=100049475262660\",\"https:\/\/x.com\/VosgesInfo88\",\"https:\/\/www.youtube.com\/@vosgesinfo\"]},{\"@type\":\"Person\",\"@id\":\"https:\/\/vosgesinfo.fr\/gerardmerinfo\/#\/schema\/person\/bc5d02d71e6932e81b6dadb7386667b1\",\"name\":\"qs_admin\",\"image\":{\"@type\":\"ImageObject\",\"inLanguage\":\"fr-FR\",\"@id\":\"https:\/\/vosgesinfo.fr\/gerardmerinfo\/#\/schema\/person\/image\/\",\"url\":\"https:\/\/secure.gravatar.com\/avatar\/94b18ee0ed79e4a42ea2f2931277b6841a8999fc6fde214600c78057cf1fe1de?s=96&d=mm&r=g\",\"contentUrl\":\"https:\/\/secure.gravatar.com\/avatar\/94b18ee0ed79e4a42ea2f2931277b6841a8999fc6fde214600c78057cf1fe1de?s=96&d=mm&r=g\",\"caption\":\"qs_admin\"},\"sameAs\":[\"https:\/\/vosgesinfo.fr\/wp\"],\"url\":\"https:\/\/vosgesinfo.fr\/gerardmerinfo\/author\/qs_admin\/\"}]}<\/script>\n<!-- \/ Yoast SEO plugin. -->","yoast_head_json":{"title":"Festival Play it Again \u00e0 la MCL de G\u00e9rardmer : 3 grands classiques de retour au cin\u00e9 ! - Gerardmer Info","robots":{"index":"index","follow":"follow","max-snippet":"max-snippet:-1","max-image-preview":"max-image-preview:large","max-video-preview":"max-video-preview:-1"},"canonical":"https:\/\/vosgesinfo.fr\/gerardmerinfo\/2021\/09\/festival-play-it-again-a-mcl-de-gerardmer-3-grands-classiques-de-retour-cine\/","twitter_card":"summary_large_image","twitter_title":"Festival Play it Again \u00e0 la MCL de G\u00e9rardmer : 3 grands classiques de retour au cin\u00e9 ! - Gerardmer Info","twitter_description":"Du 15 au 28 septembre, le Festival Play It Again ! proposera aux spectateurs de pr\u00e8s de 300 salles de [&hellip;]","twitter_image":"https:\/\/vosgesinfo.fr\/app\/uploads\/sites\/6\/2024\/07\/202109la-chevre2.jpg","twitter_creator":"@VosgesInfo88","twitter_site":"@VosgesInfo88","twitter_misc":{"\u00c9crit par":"qs_admin","Dur\u00e9e de lecture estim\u00e9e":"2 minutes"},"schema":{"@context":"https:\/\/schema.org","@graph":[{"@type":"Article","@id":"https:\/\/vosgesinfo.fr\/gerardmerinfo\/2021\/09\/festival-play-it-again-a-mcl-de-gerardmer-3-grands-classiques-de-retour-cine\/#article","isPartOf":{"@id":"https:\/\/vosgesinfo.fr\/gerardmerinfo\/2021\/09\/festival-play-it-again-a-mcl-de-gerardmer-3-grands-classiques-de-retour-cine\/"},"author":{"name":"qs_admin","@id":"https:\/\/vosgesinfo.fr\/gerardmerinfo\/#\/schema\/person\/bc5d02d71e6932e81b6dadb7386667b1"},"headline":"Festival Play it Again \u00e0 la MCL de G\u00e9rardmer : 3 grands classiques de retour au cin\u00e9 !","datePublished":"2021-09-16T02:00:25+00:00","dateModified":"2021-09-16T02:00:25+00:00","mainEntityOfPage":{"@id":"https:\/\/vosgesinfo.fr\/gerardmerinfo\/2021\/09\/festival-play-it-again-a-mcl-de-gerardmer-3-grands-classiques-de-retour-cine\/"},"wordCount":469,"commentCount":0,"publisher":{"@id":"https:\/\/vosgesinfo.fr\/gerardmerinfo\/#organization"},"image":{"@id":"https:\/\/vosgesinfo.fr\/gerardmerinfo\/2021\/09\/festival-play-it-again-a-mcl-de-gerardmer-3-grands-classiques-de-retour-cine\/#primaryimage"},"thumbnailUrl":"https:\/\/vosgesinfo.fr\/app\/uploads\/sites\/6\/2024\/07\/202109la-chevre2.jpg","keywords":["Play it again !"],"articleSection":["A la une","Culture","G\u00e9rardmer"],"inLanguage":"fr-FR","potentialAction":[{"@type":"CommentAction","name":"Comment","target":["https:\/\/vosgesinfo.fr\/gerardmerinfo\/2021\/09\/festival-play-it-again-a-mcl-de-gerardmer-3-grands-classiques-de-retour-cine\/#respond"]}]},{"@type":"WebPage","@id":"https:\/\/vosgesinfo.fr\/gerardmerinfo\/2021\/09\/festival-play-it-again-a-mcl-de-gerardmer-3-grands-classiques-de-retour-cine\/","url":"https:\/\/vosgesinfo.fr\/gerardmerinfo\/2021\/09\/festival-play-it-again-a-mcl-de-gerardmer-3-grands-classiques-de-retour-cine\/","name":"Festival Play it Again \u00e0 la MCL de G\u00e9rardmer : 3 grands classiques de retour au cin\u00e9 ! - Gerardmer Info","isPartOf":{"@id":"https:\/\/vosgesinfo.fr\/gerardmerinfo\/#website"},"primaryImageOfPage":{"@id":"https:\/\/vosgesinfo.fr\/gerardmerinfo\/2021\/09\/festival-play-it-again-a-mcl-de-gerardmer-3-grands-classiques-de-retour-cine\/#primaryimage"},"image":{"@id":"https:\/\/vosgesinfo.fr\/gerardmerinfo\/2021\/09\/festival-play-it-again-a-mcl-de-gerardmer-3-grands-classiques-de-retour-cine\/#primaryimage"},"thumbnailUrl":"https:\/\/vosgesinfo.fr\/app\/uploads\/sites\/6\/2024\/07\/202109la-chevre2.jpg","datePublished":"2021-09-16T02:00:25+00:00","dateModified":"2021-09-16T02:00:25+00:00","breadcrumb":{"@id":"https:\/\/vosgesinfo.fr\/gerardmerinfo\/2021\/09\/festival-play-it-again-a-mcl-de-gerardmer-3-grands-classiques-de-retour-cine\/#breadcrumb"},"inLanguage":"fr-FR","potentialAction":[{"@type":"ReadAction","target":["https:\/\/vosgesinfo.fr\/gerardmerinfo\/2021\/09\/festival-play-it-again-a-mcl-de-gerardmer-3-grands-classiques-de-retour-cine\/"]}]},{"@type":"ImageObject","inLanguage":"fr-FR","@id":"https:\/\/vosgesinfo.fr\/gerardmerinfo\/2021\/09\/festival-play-it-again-a-mcl-de-gerardmer-3-grands-classiques-de-retour-cine\/#primaryimage","url":"https:\/\/vosgesinfo.fr\/app\/uploads\/sites\/6\/2024\/07\/202109la-chevre2.jpg","contentUrl":"https:\/\/vosgesinfo.fr\/app\/uploads\/sites\/6\/2024\/07\/202109la-chevre2.jpg","width":800,"height":436},{"@type":"BreadcrumbList","@id":"https:\/\/vosgesinfo.fr\/gerardmerinfo\/2021\/09\/festival-play-it-again-a-mcl-de-gerardmer-3-grands-classiques-de-retour-cine\/#breadcrumb","itemListElement":[{"@type":"ListItem","position":1,"name":"Home","item":"https:\/\/vosgesinfo.fr\/gerardmerinfo\/"},{"@type":"ListItem","position":2,"name":"Festival Play it Again \u00e0 la MCL de G\u00e9rardmer : 3 grands classiques de retour au cin\u00e9 !"}]},{"@type":"WebSite","@id":"https:\/\/vosgesinfo.fr\/gerardmerinfo\/#website","url":"https:\/\/vosgesinfo.fr\/gerardmerinfo\/","name":"Gerardmer Info","description":"Toute l&#039;actualit\u00e9 de G\u00e9rardmer","publisher":{"@id":"https:\/\/vosgesinfo.fr\/gerardmerinfo\/#organization"},"alternateName":"Toute l'actualit\u00e9 de G\u00e9rardmer","potentialAction":[{"@type":"SearchAction","target":{"@type":"EntryPoint","urlTemplate":"https:\/\/vosgesinfo.fr\/gerardmerinfo\/?s={search_term_string}"},"query-input":"required name=search_term_string"}],"inLanguage":"fr-FR"},{"@type":"Organization","@id":"https:\/\/vosgesinfo.fr\/gerardmerinfo\/#organization","name":"Gerardmer Info","url":"https:\/\/vosgesinfo.fr\/gerardmerinfo\/","logo":{"@type":"ImageObject","inLanguage":"fr-FR","@id":"https:\/\/vosgesinfo.fr\/gerardmerinfo\/#\/schema\/logo\/image\/","url":"https:\/\/vosgesinfo.fr\/app\/uploads\/sites\/6\/2023\/08\/favicon-gerardmerinfo.png","contentUrl":"https:\/\/vosgesinfo.fr\/app\/uploads\/sites\/6\/2023\/08\/favicon-gerardmerinfo.png","width":512,"height":512,"caption":"Gerardmer Info"},"image":{"@id":"https:\/\/vosgesinfo.fr\/gerardmerinfo\/#\/schema\/logo\/image\/"},"sameAs":["https:\/\/www.facebook.com\/profile.php?id=100049475262660","https:\/\/x.com\/VosgesInfo88","https:\/\/www.youtube.com\/@vosgesinfo"]},{"@type":"Person","@id":"https:\/\/vosgesinfo.fr\/gerardmerinfo\/#\/schema\/person\/bc5d02d71e6932e81b6dadb7386667b1","name":"qs_admin","image":{"@type":"ImageObject","inLanguage":"fr-FR","@id":"https:\/\/vosgesinfo.fr\/gerardmerinfo\/#\/schema\/person\/image\/","url":"https:\/\/secure.gravatar.com\/avatar\/94b18ee0ed79e4a42ea2f2931277b6841a8999fc6fde214600c78057cf1fe1de?s=96&d=mm&r=g","contentUrl":"https:\/\/secure.gravatar.com\/avatar\/94b18ee0ed79e4a42ea2f2931277b6841a8999fc6fde214600c78057cf1fe1de?s=96&d=mm&r=g","caption":"qs_admin"},"sameAs":["https:\/\/vosgesinfo.fr\/wp"],"url":"https:\/\/vosgesinfo.fr\/gerardmerinfo\/author\/qs_admin\/"}]}},"_links":{"self":[{"href":"https:\/\/vosgesinfo.fr\/gerardmerinfo\/wp-json\/wp\/v2\/posts\/54774","targetHints":{"allow":["GET"]}}],"collection":[{"href":"https:\/\/vosgesinfo.fr\/gerardmerinfo\/wp-json\/wp\/v2\/posts"}],"about":[{"href":"https:\/\/vosgesinfo.fr\/gerardmerinfo\/wp-json\/wp\/v2\/types\/post"}],"author":[{"embeddable":true,"href":"https:\/\/vosgesinfo.fr\/gerardmerinfo\/wp-json\/wp\/v2\/users\/1"}],"replies":[{"embeddable":true,"href":"https:\/\/vosgesinfo.fr\/gerardmerinfo\/wp-json\/wp\/v2\/comments?post=54774"}],"version-history":[{"count":0,"href":"https:\/\/vosgesinfo.fr\/gerardmerinfo\/wp-json\/wp\/v2\/posts\/54774\/revisions"}],"wp:featuredmedia":[{"embeddable":true,"href":"https:\/\/vosgesinfo.fr\/gerardmerinfo\/wp-json\/wp\/v2\/media\/54775"}],"wp:attachment":[{"href":"https:\/\/vosgesinfo.fr\/gerardmerinfo\/wp-json\/wp\/v2\/media?parent=54774"}],"wp:term":[{"taxonomy":"category","embeddable":true,"href":"https:\/\/vosgesinfo.fr\/gerardmerinfo\/wp-json\/wp\/v2\/categories?post=54774"},{"taxonomy":"post_tag","embeddable":true,"href":"https:\/\/vosgesinfo.fr\/gerardmerinfo\/wp-json\/wp\/v2\/tags?post=54774"}],"curies":[{"name":"wp","href":"https:\/\/api.w.org\/{rel}","templated":true}]}}