{"id":54788,"date":"2021-09-15T16:18:09","date_gmt":"2021-09-15T14:18:09","guid":{"rendered":"https:\/\/vosgesinfo.fr\/gerardmerinfo\/2021\/09\/bel-ete-de-lasg-voile\/"},"modified":"2021-09-15T16:18:09","modified_gmt":"2021-09-15T14:18:09","slug":"bel-ete-de-lasg-voile","status":"publish","type":"post","link":"https:\/\/vosgesinfo.fr\/gerardmerinfo\/2021\/09\/bel-ete-de-lasg-voile\/","title":{"rendered":"Le bel \u00e9t\u00e9 de l\u2019ASG Voile"},"content":{"rendered":"<div class=\"_2Qk4AbDuWwkuLB005ds2jm QMubUjbS-BOly_BTHEZj7 allowTextSelection\">\n<div>\n<div>\n<div>\n<blockquote>\n<div>\n<blockquote>\n<div id=\"attachment_179969\" style=\"width: 810px\" class=\"wp-caption aligncenter\"><img decoding=\"async\" aria-describedby=\"caption-attachment-179969\" class=\"size-full wp-image-179969\" src=\"\/2021\/09\/1-Frances-Martigues.jpg\" alt=\"L'ASG Voile \u00e0 Martigues\" width=\"800\" height=\"531\" \/><p id=\"caption-attachment-179969\" class=\"wp-caption-text\">L&rsquo;ASG Voile \u00e0 Martigues<\/p><\/div>\n<p><strong>\u00a0<\/strong><\/p>\n<h2><span style=\"font-size: 14pt;\">Malgr\u00e9 le temps presque hivernal certains jours et les contraintes Covid, l\u2019ASG voile r\u00e9ussit une tr\u00e8s belle saison.<\/span><\/h2>\n<p>L&rsquo;\u00e9quipe Windsurf pointe m\u00eame en t\u00eate (provisoirement) du Challenge National des clubs. Tandis que son \u00e9quipe D\u00e9riveurs est en passe d\u2019acc\u00e9der \u00e0 le deuxi\u00e8me division nationale.<\/p>\n<div id=\"attachment_179980\" style=\"width: 201px\" class=\"wp-caption alignright\"><img decoding=\"async\" aria-describedby=\"caption-attachment-179980\" class=\"size-medium wp-image-179980\" src=\"\/2021\/09\/Salom\u00e9-191x255.jpg\" alt=\"Salom\u00e9 Simon\" width=\"191\" height=\"255\" \/><p id=\"caption-attachment-179980\" class=\"wp-caption-text\">Salom\u00e9 Simon<\/p><\/div>\n<p><strong>Pauline Weckel<\/strong>, m\u00e9daille de bronze aux Championnats de France Espoir, <strong>Titouan Halluitte<\/strong> au pied du podium \u00e0 Martigues, <strong>Sarah Gaillard, Cl\u00e9ment Valentin, Pierre Gaillard, Adrien Ravignon, L\u00e9opoldine Gauer<\/strong>, ainsi que <strong>Salom\u00e9 Simon<\/strong> \u00e0 Quiberon et <strong>Maxime De Carvalho<\/strong> en windfoil \u00e0 Narbonne, se sont mis en \u00e9vidence au plan national, sans oublier <strong>Patrick Antoine<\/strong> en Laser \u00e0 Carantec.<\/p>\n<p>Comme <strong>Tom Marchal<\/strong> aux Championnats du monde Raceboard \u00e0 Riga en Lettonie, ils ont port\u00e9 haut et loin les couleurs de G\u00e9rardmer et de la Ligue Grand-Est. Pour la plus grande satisfaction du coach <strong>Th\u00e9o Halluitte<\/strong>.<\/p>\n<p>Les jeunes comp\u00e9titeurs, qui sont aussi les moniteurs du club, se sont mobilis\u00e9s tout l\u2019\u00e9t\u00e9 pour encadrer l\u2019\u00c9cole de voile, et pr\u00e9parer la rel\u00e8ve avec l\u2019Ecole de sport;\u00a0 une vingtaine de benjamins et minimes a particip\u00e9 \u00e0 ses premi\u00e8res r\u00e9gates.<\/p>\n<p>Avec 33 coureurs, l\u2019ASG \u00e9tait le club le plus repr\u00e9sent\u00e9 aux Championnats de Ligue Grand-Est ce week-end au lac de Madine, malgr\u00e9 une \u00e9quipe restant au bord du lac de G\u00e9rardmer pour le forum des associations. Comme quoi le club ne manque pas de ressources b\u00e9n\u00e9voles.<\/p>\n<p>Et il en faut des b\u00e9n\u00e9voles pour organiser, encadrer et animer l\u2019activit\u00e9 de 155 licenci\u00e9s Pratiquants-comp\u00e9tition, 173 licenci\u00e9s Enseignement, et plus de 1800 s\u00e9ances de stage \u00c9cole Fran\u00e7aise de voile et de d\u00e9couverte\u2026<\/p>\n<p>L\u2019Ecole de voile continue tous les mercredis et samedis apr\u00e8s-midi, avec une inscription primo-licence (100\u20ac pour les jeunes, tout compris), valable pour toute l\u2019ann\u00e9e 2022.<\/p>\n<p>La pratique sportive restera intense cet automne avec les Championnats de Ligue Bourgogne \u00e0 Vesoul ce week-end, et plusieurs r\u00e9gates \u00e0 G\u00e9rardmer, dont la traditionnelle r\u00e9gate des P\u2018tits marins pour terminer la saison des d\u00e9butants, la r\u00e9gate Interr\u00e9gionale Grand-Est d\u00e9but octobre, avant de clore la saison par le National Espoirs et les championnats de France Raceboard \u00e0 Lacanau \u00e0 la Toussaint qui verra une forte participation du club.<\/p><\/blockquote>\n<\/div>\n<\/blockquote>\n<\/div>\n<\/div>\n<\/div>\n<\/div>\n","protected":false},"excerpt":{"rendered":"<p>\u00a0 Malgr\u00e9 le temps presque hivernal certains jours et les contraintes Covid, l\u2019ASG voile r\u00e9ussit une tr\u00e8s belle saison. L&rsquo;\u00e9quipe [&hellip;]<\/p>\n","protected":false},"author":1,"featured_media":54789,"comment_status":"open","ping_status":"open","sticky":false,"template":"","format":"standard","meta":{"footnotes":""},"categories":[20,25,14],"tags":[65,4699,4700],"class_list":["post-54788","post","type-post","status-publish","format-standard","has-post-thumbnail","hentry","category-a-la-une","category-gerardmer","category-sport","tag-asg-voile","tag-sarah-gaillard","tag-titouan-halluite"],"acf":[],"yoast_head":"<!-- This site is optimized with the Yoast SEO plugin v22.5 - https:\/\/yoast.com\/wordpress\/plugins\/seo\/ -->\n<title>Le bel \u00e9t\u00e9 de l\u2019ASG Voile - Gerardmer Info<\/title>\n<meta name=\"robots\" content=\"index, follow, max-snippet:-1, max-image-preview:large, max-video-preview:-1\" \/>\n<link rel=\"canonical\" href=\"https:\/\/vosgesinfo.fr\/gerardmerinfo\/2021\/09\/bel-ete-de-lasg-voile\/\" \/>\n<meta name=\"twitter:card\" content=\"summary_large_image\" \/>\n<meta name=\"twitter:title\" content=\"Le bel \u00e9t\u00e9 de l\u2019ASG Voile - Gerardmer Info\" \/>\n<meta name=\"twitter:description\" content=\"\u00a0 Malgr\u00e9 le temps presque hivernal certains jours et les contraintes Covid, l\u2019ASG voile r\u00e9ussit une tr\u00e8s belle saison. L&rsquo;\u00e9quipe [&hellip;]\" \/>\n<meta name=\"twitter:image\" content=\"https:\/\/vosgesinfo.fr\/app\/uploads\/sites\/6\/2024\/07\/202109clement.jpg\" \/>\n<meta name=\"twitter:creator\" content=\"@VosgesInfo88\" \/>\n<meta name=\"twitter:site\" content=\"@VosgesInfo88\" \/>\n<meta name=\"twitter:label1\" content=\"\u00c9crit par\" \/>\n\t<meta name=\"twitter:data1\" content=\"qs_admin\" \/>\n\t<meta name=\"twitter:label2\" content=\"Dur\u00e9e de lecture estim\u00e9e\" \/>\n\t<meta name=\"twitter:data2\" content=\"2 minutes\" \/>\n<script type=\"application\/ld+json\" class=\"yoast-schema-graph\">{\"@context\":\"https:\/\/schema.org\",\"@graph\":[{\"@type\":\"Article\",\"@id\":\"https:\/\/vosgesinfo.fr\/gerardmerinfo\/2021\/09\/bel-ete-de-lasg-voile\/#article\",\"isPartOf\":{\"@id\":\"https:\/\/vosgesinfo.fr\/gerardmerinfo\/2021\/09\/bel-ete-de-lasg-voile\/\"},\"author\":{\"name\":\"qs_admin\",\"@id\":\"https:\/\/vosgesinfo.fr\/gerardmerinfo\/#\/schema\/person\/bc5d02d71e6932e81b6dadb7386667b1\"},\"headline\":\"Le bel \u00e9t\u00e9 de l\u2019ASG Voile\",\"datePublished\":\"2021-09-15T14:18:09+00:00\",\"dateModified\":\"2021-09-15T14:18:09+00:00\",\"mainEntityOfPage\":{\"@id\":\"https:\/\/vosgesinfo.fr\/gerardmerinfo\/2021\/09\/bel-ete-de-lasg-voile\/\"},\"wordCount\":419,\"commentCount\":0,\"publisher\":{\"@id\":\"https:\/\/vosgesinfo.fr\/gerardmerinfo\/#organization\"},\"image\":{\"@id\":\"https:\/\/vosgesinfo.fr\/gerardmerinfo\/2021\/09\/bel-ete-de-lasg-voile\/#primaryimage\"},\"thumbnailUrl\":\"https:\/\/vosgesinfo.fr\/app\/uploads\/sites\/6\/2024\/07\/202109clement.jpg\",\"keywords\":[\"asg voile\",\"Sarah gaillard\",\"titouan halluite\"],\"articleSection\":[\"A la une\",\"G\u00e9rardmer\",\"Sport\"],\"inLanguage\":\"fr-FR\",\"potentialAction\":[{\"@type\":\"CommentAction\",\"name\":\"Comment\",\"target\":[\"https:\/\/vosgesinfo.fr\/gerardmerinfo\/2021\/09\/bel-ete-de-lasg-voile\/#respond\"]}]},{\"@type\":\"WebPage\",\"@id\":\"https:\/\/vosgesinfo.fr\/gerardmerinfo\/2021\/09\/bel-ete-de-lasg-voile\/\",\"url\":\"https:\/\/vosgesinfo.fr\/gerardmerinfo\/2021\/09\/bel-ete-de-lasg-voile\/\",\"name\":\"Le bel \u00e9t\u00e9 de l\u2019ASG Voile - Gerardmer Info\",\"isPartOf\":{\"@id\":\"https:\/\/vosgesinfo.fr\/gerardmerinfo\/#website\"},\"primaryImageOfPage\":{\"@id\":\"https:\/\/vosgesinfo.fr\/gerardmerinfo\/2021\/09\/bel-ete-de-lasg-voile\/#primaryimage\"},\"image\":{\"@id\":\"https:\/\/vosgesinfo.fr\/gerardmerinfo\/2021\/09\/bel-ete-de-lasg-voile\/#primaryimage\"},\"thumbnailUrl\":\"https:\/\/vosgesinfo.fr\/app\/uploads\/sites\/6\/2024\/07\/202109clement.jpg\",\"datePublished\":\"2021-09-15T14:18:09+00:00\",\"dateModified\":\"2021-09-15T14:18:09+00:00\",\"breadcrumb\":{\"@id\":\"https:\/\/vosgesinfo.fr\/gerardmerinfo\/2021\/09\/bel-ete-de-lasg-voile\/#breadcrumb\"},\"inLanguage\":\"fr-FR\",\"potentialAction\":[{\"@type\":\"ReadAction\",\"target\":[\"https:\/\/vosgesinfo.fr\/gerardmerinfo\/2021\/09\/bel-ete-de-lasg-voile\/\"]}]},{\"@type\":\"ImageObject\",\"inLanguage\":\"fr-FR\",\"@id\":\"https:\/\/vosgesinfo.fr\/gerardmerinfo\/2021\/09\/bel-ete-de-lasg-voile\/#primaryimage\",\"url\":\"https:\/\/vosgesinfo.fr\/app\/uploads\/sites\/6\/2024\/07\/202109clement.jpg\",\"contentUrl\":\"https:\/\/vosgesinfo.fr\/app\/uploads\/sites\/6\/2024\/07\/202109clement.jpg\",\"width\":700,\"height\":466},{\"@type\":\"BreadcrumbList\",\"@id\":\"https:\/\/vosgesinfo.fr\/gerardmerinfo\/2021\/09\/bel-ete-de-lasg-voile\/#breadcrumb\",\"itemListElement\":[{\"@type\":\"ListItem\",\"position\":1,\"name\":\"Home\",\"item\":\"https:\/\/vosgesinfo.fr\/gerardmerinfo\/\"},{\"@type\":\"ListItem\",\"position\":2,\"name\":\"Le bel \u00e9t\u00e9 de l\u2019ASG Voile\"}]},{\"@type\":\"WebSite\",\"@id\":\"https:\/\/vosgesinfo.fr\/gerardmerinfo\/#website\",\"url\":\"https:\/\/vosgesinfo.fr\/gerardmerinfo\/\",\"name\":\"Gerardmer Info\",\"description\":\"Toute l&#039;actualit\u00e9 de G\u00e9rardmer\",\"publisher\":{\"@id\":\"https:\/\/vosgesinfo.fr\/gerardmerinfo\/#organization\"},\"alternateName\":\"Toute l'actualit\u00e9 de G\u00e9rardmer\",\"potentialAction\":[{\"@type\":\"SearchAction\",\"target\":{\"@type\":\"EntryPoint\",\"urlTemplate\":\"https:\/\/vosgesinfo.fr\/gerardmerinfo\/?s={search_term_string}\"},\"query-input\":\"required name=search_term_string\"}],\"inLanguage\":\"fr-FR\"},{\"@type\":\"Organization\",\"@id\":\"https:\/\/vosgesinfo.fr\/gerardmerinfo\/#organization\",\"name\":\"Gerardmer Info\",\"url\":\"https:\/\/vosgesinfo.fr\/gerardmerinfo\/\",\"logo\":{\"@type\":\"ImageObject\",\"inLanguage\":\"fr-FR\",\"@id\":\"https:\/\/vosgesinfo.fr\/gerardmerinfo\/#\/schema\/logo\/image\/\",\"url\":\"https:\/\/vosgesinfo.fr\/app\/uploads\/sites\/6\/2023\/08\/favicon-gerardmerinfo.png\",\"contentUrl\":\"https:\/\/vosgesinfo.fr\/app\/uploads\/sites\/6\/2023\/08\/favicon-gerardmerinfo.png\",\"width\":512,\"height\":512,\"caption\":\"Gerardmer Info\"},\"image\":{\"@id\":\"https:\/\/vosgesinfo.fr\/gerardmerinfo\/#\/schema\/logo\/image\/\"},\"sameAs\":[\"https:\/\/www.facebook.com\/profile.php?id=100049475262660\",\"https:\/\/x.com\/VosgesInfo88\",\"https:\/\/www.youtube.com\/@vosgesinfo\"]},{\"@type\":\"Person\",\"@id\":\"https:\/\/vosgesinfo.fr\/gerardmerinfo\/#\/schema\/person\/bc5d02d71e6932e81b6dadb7386667b1\",\"name\":\"qs_admin\",\"image\":{\"@type\":\"ImageObject\",\"inLanguage\":\"fr-FR\",\"@id\":\"https:\/\/vosgesinfo.fr\/gerardmerinfo\/#\/schema\/person\/image\/\",\"url\":\"https:\/\/secure.gravatar.com\/avatar\/94b18ee0ed79e4a42ea2f2931277b6841a8999fc6fde214600c78057cf1fe1de?s=96&d=mm&r=g\",\"contentUrl\":\"https:\/\/secure.gravatar.com\/avatar\/94b18ee0ed79e4a42ea2f2931277b6841a8999fc6fde214600c78057cf1fe1de?s=96&d=mm&r=g\",\"caption\":\"qs_admin\"},\"sameAs\":[\"https:\/\/vosgesinfo.fr\/wp\"],\"url\":\"https:\/\/vosgesinfo.fr\/gerardmerinfo\/author\/qs_admin\/\"}]}<\/script>\n<!-- \/ Yoast SEO plugin. -->","yoast_head_json":{"title":"Le bel \u00e9t\u00e9 de l\u2019ASG Voile - Gerardmer Info","robots":{"index":"index","follow":"follow","max-snippet":"max-snippet:-1","max-image-preview":"max-image-preview:large","max-video-preview":"max-video-preview:-1"},"canonical":"https:\/\/vosgesinfo.fr\/gerardmerinfo\/2021\/09\/bel-ete-de-lasg-voile\/","twitter_card":"summary_large_image","twitter_title":"Le bel \u00e9t\u00e9 de l\u2019ASG Voile - Gerardmer Info","twitter_description":"\u00a0 Malgr\u00e9 le temps presque hivernal certains jours et les contraintes Covid, l\u2019ASG voile r\u00e9ussit une tr\u00e8s belle saison. L&rsquo;\u00e9quipe [&hellip;]","twitter_image":"https:\/\/vosgesinfo.fr\/app\/uploads\/sites\/6\/2024\/07\/202109clement.jpg","twitter_creator":"@VosgesInfo88","twitter_site":"@VosgesInfo88","twitter_misc":{"\u00c9crit par":"qs_admin","Dur\u00e9e de lecture estim\u00e9e":"2 minutes"},"schema":{"@context":"https:\/\/schema.org","@graph":[{"@type":"Article","@id":"https:\/\/vosgesinfo.fr\/gerardmerinfo\/2021\/09\/bel-ete-de-lasg-voile\/#article","isPartOf":{"@id":"https:\/\/vosgesinfo.fr\/gerardmerinfo\/2021\/09\/bel-ete-de-lasg-voile\/"},"author":{"name":"qs_admin","@id":"https:\/\/vosgesinfo.fr\/gerardmerinfo\/#\/schema\/person\/bc5d02d71e6932e81b6dadb7386667b1"},"headline":"Le bel \u00e9t\u00e9 de l\u2019ASG Voile","datePublished":"2021-09-15T14:18:09+00:00","dateModified":"2021-09-15T14:18:09+00:00","mainEntityOfPage":{"@id":"https:\/\/vosgesinfo.fr\/gerardmerinfo\/2021\/09\/bel-ete-de-lasg-voile\/"},"wordCount":419,"commentCount":0,"publisher":{"@id":"https:\/\/vosgesinfo.fr\/gerardmerinfo\/#organization"},"image":{"@id":"https:\/\/vosgesinfo.fr\/gerardmerinfo\/2021\/09\/bel-ete-de-lasg-voile\/#primaryimage"},"thumbnailUrl":"https:\/\/vosgesinfo.fr\/app\/uploads\/sites\/6\/2024\/07\/202109clement.jpg","keywords":["asg voile","Sarah gaillard","titouan halluite"],"articleSection":["A la une","G\u00e9rardmer","Sport"],"inLanguage":"fr-FR","potentialAction":[{"@type":"CommentAction","name":"Comment","target":["https:\/\/vosgesinfo.fr\/gerardmerinfo\/2021\/09\/bel-ete-de-lasg-voile\/#respond"]}]},{"@type":"WebPage","@id":"https:\/\/vosgesinfo.fr\/gerardmerinfo\/2021\/09\/bel-ete-de-lasg-voile\/","url":"https:\/\/vosgesinfo.fr\/gerardmerinfo\/2021\/09\/bel-ete-de-lasg-voile\/","name":"Le bel \u00e9t\u00e9 de l\u2019ASG Voile - Gerardmer Info","isPartOf":{"@id":"https:\/\/vosgesinfo.fr\/gerardmerinfo\/#website"},"primaryImageOfPage":{"@id":"https:\/\/vosgesinfo.fr\/gerardmerinfo\/2021\/09\/bel-ete-de-lasg-voile\/#primaryimage"},"image":{"@id":"https:\/\/vosgesinfo.fr\/gerardmerinfo\/2021\/09\/bel-ete-de-lasg-voile\/#primaryimage"},"thumbnailUrl":"https:\/\/vosgesinfo.fr\/app\/uploads\/sites\/6\/2024\/07\/202109clement.jpg","datePublished":"2021-09-15T14:18:09+00:00","dateModified":"2021-09-15T14:18:09+00:00","breadcrumb":{"@id":"https:\/\/vosgesinfo.fr\/gerardmerinfo\/2021\/09\/bel-ete-de-lasg-voile\/#breadcrumb"},"inLanguage":"fr-FR","potentialAction":[{"@type":"ReadAction","target":["https:\/\/vosgesinfo.fr\/gerardmerinfo\/2021\/09\/bel-ete-de-lasg-voile\/"]}]},{"@type":"ImageObject","inLanguage":"fr-FR","@id":"https:\/\/vosgesinfo.fr\/gerardmerinfo\/2021\/09\/bel-ete-de-lasg-voile\/#primaryimage","url":"https:\/\/vosgesinfo.fr\/app\/uploads\/sites\/6\/2024\/07\/202109clement.jpg","contentUrl":"https:\/\/vosgesinfo.fr\/app\/uploads\/sites\/6\/2024\/07\/202109clement.jpg","width":700,"height":466},{"@type":"BreadcrumbList","@id":"https:\/\/vosgesinfo.fr\/gerardmerinfo\/2021\/09\/bel-ete-de-lasg-voile\/#breadcrumb","itemListElement":[{"@type":"ListItem","position":1,"name":"Home","item":"https:\/\/vosgesinfo.fr\/gerardmerinfo\/"},{"@type":"ListItem","position":2,"name":"Le bel \u00e9t\u00e9 de l\u2019ASG Voile"}]},{"@type":"WebSite","@id":"https:\/\/vosgesinfo.fr\/gerardmerinfo\/#website","url":"https:\/\/vosgesinfo.fr\/gerardmerinfo\/","name":"Gerardmer Info","description":"Toute l&#039;actualit\u00e9 de G\u00e9rardmer","publisher":{"@id":"https:\/\/vosgesinfo.fr\/gerardmerinfo\/#organization"},"alternateName":"Toute l'actualit\u00e9 de G\u00e9rardmer","potentialAction":[{"@type":"SearchAction","target":{"@type":"EntryPoint","urlTemplate":"https:\/\/vosgesinfo.fr\/gerardmerinfo\/?s={search_term_string}"},"query-input":"required name=search_term_string"}],"inLanguage":"fr-FR"},{"@type":"Organization","@id":"https:\/\/vosgesinfo.fr\/gerardmerinfo\/#organization","name":"Gerardmer Info","url":"https:\/\/vosgesinfo.fr\/gerardmerinfo\/","logo":{"@type":"ImageObject","inLanguage":"fr-FR","@id":"https:\/\/vosgesinfo.fr\/gerardmerinfo\/#\/schema\/logo\/image\/","url":"https:\/\/vosgesinfo.fr\/app\/uploads\/sites\/6\/2023\/08\/favicon-gerardmerinfo.png","contentUrl":"https:\/\/vosgesinfo.fr\/app\/uploads\/sites\/6\/2023\/08\/favicon-gerardmerinfo.png","width":512,"height":512,"caption":"Gerardmer Info"},"image":{"@id":"https:\/\/vosgesinfo.fr\/gerardmerinfo\/#\/schema\/logo\/image\/"},"sameAs":["https:\/\/www.facebook.com\/profile.php?id=100049475262660","https:\/\/x.com\/VosgesInfo88","https:\/\/www.youtube.com\/@vosgesinfo"]},{"@type":"Person","@id":"https:\/\/vosgesinfo.fr\/gerardmerinfo\/#\/schema\/person\/bc5d02d71e6932e81b6dadb7386667b1","name":"qs_admin","image":{"@type":"ImageObject","inLanguage":"fr-FR","@id":"https:\/\/vosgesinfo.fr\/gerardmerinfo\/#\/schema\/person\/image\/","url":"https:\/\/secure.gravatar.com\/avatar\/94b18ee0ed79e4a42ea2f2931277b6841a8999fc6fde214600c78057cf1fe1de?s=96&d=mm&r=g","contentUrl":"https:\/\/secure.gravatar.com\/avatar\/94b18ee0ed79e4a42ea2f2931277b6841a8999fc6fde214600c78057cf1fe1de?s=96&d=mm&r=g","caption":"qs_admin"},"sameAs":["https:\/\/vosgesinfo.fr\/wp"],"url":"https:\/\/vosgesinfo.fr\/gerardmerinfo\/author\/qs_admin\/"}]}},"_links":{"self":[{"href":"https:\/\/vosgesinfo.fr\/gerardmerinfo\/wp-json\/wp\/v2\/posts\/54788","targetHints":{"allow":["GET"]}}],"collection":[{"href":"https:\/\/vosgesinfo.fr\/gerardmerinfo\/wp-json\/wp\/v2\/posts"}],"about":[{"href":"https:\/\/vosgesinfo.fr\/gerardmerinfo\/wp-json\/wp\/v2\/types\/post"}],"author":[{"embeddable":true,"href":"https:\/\/vosgesinfo.fr\/gerardmerinfo\/wp-json\/wp\/v2\/users\/1"}],"replies":[{"embeddable":true,"href":"https:\/\/vosgesinfo.fr\/gerardmerinfo\/wp-json\/wp\/v2\/comments?post=54788"}],"version-history":[{"count":0,"href":"https:\/\/vosgesinfo.fr\/gerardmerinfo\/wp-json\/wp\/v2\/posts\/54788\/revisions"}],"wp:featuredmedia":[{"embeddable":true,"href":"https:\/\/vosgesinfo.fr\/gerardmerinfo\/wp-json\/wp\/v2\/media\/54789"}],"wp:attachment":[{"href":"https:\/\/vosgesinfo.fr\/gerardmerinfo\/wp-json\/wp\/v2\/media?parent=54788"}],"wp:term":[{"taxonomy":"category","embeddable":true,"href":"https:\/\/vosgesinfo.fr\/gerardmerinfo\/wp-json\/wp\/v2\/categories?post=54788"},{"taxonomy":"post_tag","embeddable":true,"href":"https:\/\/vosgesinfo.fr\/gerardmerinfo\/wp-json\/wp\/v2\/tags?post=54788"}],"curies":[{"name":"wp","href":"https:\/\/api.w.org\/{rel}","templated":true}]}}