{"id":54807,"date":"2021-09-16T07:15:09","date_gmt":"2021-09-16T05:15:09","guid":{"rendered":"https:\/\/vosgesinfo.fr\/gerardmerinfo\/2021\/09\/covid-19-soignant-centre-hospitalier-de-saint-die-vosges-renfort-sanitaire-antilles\/"},"modified":"2021-09-16T07:15:09","modified_gmt":"2021-09-16T05:15:09","slug":"covid-19-soignant-centre-hospitalier-de-saint-die-vosges-renfort-sanitaire-antilles","status":"publish","type":"post","link":"https:\/\/vosgesinfo.fr\/gerardmerinfo\/2021\/09\/covid-19-soignant-centre-hospitalier-de-saint-die-vosges-renfort-sanitaire-antilles\/","title":{"rendered":"Covid-19 \u2013 Un soignant du Centre Hospitalier de Saint-Di\u00e9-des-Vosges en renfort sanitaire dans les Antilles"},"content":{"rendered":"<h2><strong>J\u00e9r\u00f4me Guillot est aide-soignant au sein du service Cardiologie du Centre Hospitalier de Saint-Di\u00e9-des-Vosges. En ao\u00fbt dernier, il s\u2019est port\u00e9 volontaire pour pr\u00eater main forte aux personnels hospitaliers du CHU Guadeloupe de Pointe-\u00e0-Pitre, d\u00e9bord\u00e9 par le nombre de patients atteints de la Covid-19.<\/strong><\/h2>\n<p><em>\u00ab\u00a0Au total, nous \u00e9tions 86 soignants lorrains partis dans les Antilles en renfort sanitaire. Donc pas seulement en Guadeloupe. Je me suis port\u00e9 volontaire car je voulais rendre la pareille de la premi\u00e8re vague, lorsque c\u2019\u00e9tait la M\u00e9tropole qui \u00e9tait fortement touch\u00e9e. Je voulais aussi r\u00e9pondre favorablement \u00e0 la solidarit\u00e9 nationale demand\u00e9e par le Gouvernement, tout en mettant mes comp\u00e9tences aupr\u00e8s d\u2019autres patients\u00a0\u00bb<\/em> pr\u00e9cise J\u00e9r\u00f4me Guillot \u00e0 propos de son engagement, avant d\u2019\u00e9voquer ces 2 semaines face \u00e0 la Covid-19.<\/p>\n","protected":false},"excerpt":{"rendered":"<p>J\u00e9r\u00f4me Guillot est aide-soignant au sein du service Cardiologie du Centre Hospitalier de Saint-Di\u00e9-des-Vosges. En ao\u00fbt dernier, il s\u2019est port\u00e9 [&hellip;]<\/p>\n","protected":false},"author":1,"featured_media":54808,"comment_status":"open","ping_status":"open","sticky":false,"template":"","format":"standard","meta":{"footnotes":""},"categories":[20,12,18],"tags":[],"class_list":["post-54807","post","type-post","status-publish","format-standard","has-post-thumbnail","hentry","category-a-la-une","category-sante","category-vosges"],"acf":[],"yoast_head":"<!-- This site is optimized with the Yoast SEO plugin v22.5 - https:\/\/yoast.com\/wordpress\/plugins\/seo\/ -->\n<title>Covid-19 \u2013 Un soignant du Centre Hospitalier de Saint-Di\u00e9-des-Vosges en renfort sanitaire dans les Antilles - Gerardmer Info<\/title>\n<meta name=\"robots\" content=\"index, follow, max-snippet:-1, max-image-preview:large, max-video-preview:-1\" \/>\n<link rel=\"canonical\" href=\"https:\/\/vosgesinfo.fr\/gerardmerinfo\/2021\/09\/covid-19-soignant-centre-hospitalier-de-saint-die-vosges-renfort-sanitaire-antilles\/\" \/>\n<meta name=\"twitter:card\" content=\"summary_large_image\" \/>\n<meta name=\"twitter:title\" content=\"Covid-19 \u2013 Un soignant du Centre Hospitalier de Saint-Di\u00e9-des-Vosges en renfort sanitaire dans les Antilles - Gerardmer Info\" \/>\n<meta name=\"twitter:description\" content=\"J\u00e9r\u00f4me Guillot est aide-soignant au sein du service Cardiologie du Centre Hospitalier de Saint-Di\u00e9-des-Vosges. En ao\u00fbt dernier, il s\u2019est port\u00e9 [&hellip;]\" \/>\n<meta name=\"twitter:image\" content=\"https:\/\/vosgesinfo.fr\/app\/uploads\/sites\/6\/2024\/07\/202109jerome-guillot-renfort-sanitaire-3.jpg\" \/>\n<meta name=\"twitter:creator\" content=\"@VosgesInfo88\" \/>\n<meta name=\"twitter:site\" content=\"@VosgesInfo88\" \/>\n<meta name=\"twitter:label1\" content=\"\u00c9crit par\" \/>\n\t<meta name=\"twitter:data1\" content=\"qs_admin\" \/>\n\t<meta name=\"twitter:label2\" content=\"Dur\u00e9e de lecture estim\u00e9e\" \/>\n\t<meta name=\"twitter:data2\" content=\"1 minute\" \/>\n<script type=\"application\/ld+json\" class=\"yoast-schema-graph\">{\"@context\":\"https:\/\/schema.org\",\"@graph\":[{\"@type\":\"Article\",\"@id\":\"https:\/\/vosgesinfo.fr\/gerardmerinfo\/2021\/09\/covid-19-soignant-centre-hospitalier-de-saint-die-vosges-renfort-sanitaire-antilles\/#article\",\"isPartOf\":{\"@id\":\"https:\/\/vosgesinfo.fr\/gerardmerinfo\/2021\/09\/covid-19-soignant-centre-hospitalier-de-saint-die-vosges-renfort-sanitaire-antilles\/\"},\"author\":{\"name\":\"qs_admin\",\"@id\":\"https:\/\/vosgesinfo.fr\/gerardmerinfo\/#\/schema\/person\/bc5d02d71e6932e81b6dadb7386667b1\"},\"headline\":\"Covid-19 \u2013 Un soignant du Centre Hospitalier de Saint-Di\u00e9-des-Vosges en renfort sanitaire dans les Antilles\",\"datePublished\":\"2021-09-16T05:15:09+00:00\",\"dateModified\":\"2021-09-16T05:15:09+00:00\",\"mainEntityOfPage\":{\"@id\":\"https:\/\/vosgesinfo.fr\/gerardmerinfo\/2021\/09\/covid-19-soignant-centre-hospitalier-de-saint-die-vosges-renfort-sanitaire-antilles\/\"},\"wordCount\":154,\"commentCount\":0,\"publisher\":{\"@id\":\"https:\/\/vosgesinfo.fr\/gerardmerinfo\/#organization\"},\"image\":{\"@id\":\"https:\/\/vosgesinfo.fr\/gerardmerinfo\/2021\/09\/covid-19-soignant-centre-hospitalier-de-saint-die-vosges-renfort-sanitaire-antilles\/#primaryimage\"},\"thumbnailUrl\":\"https:\/\/vosgesinfo.fr\/app\/uploads\/sites\/6\/2024\/07\/202109jerome-guillot-renfort-sanitaire-3.jpg\",\"articleSection\":[\"A la une\",\"Sant\u00e9\",\"Vosges\"],\"inLanguage\":\"fr-FR\",\"potentialAction\":[{\"@type\":\"CommentAction\",\"name\":\"Comment\",\"target\":[\"https:\/\/vosgesinfo.fr\/gerardmerinfo\/2021\/09\/covid-19-soignant-centre-hospitalier-de-saint-die-vosges-renfort-sanitaire-antilles\/#respond\"]}]},{\"@type\":\"WebPage\",\"@id\":\"https:\/\/vosgesinfo.fr\/gerardmerinfo\/2021\/09\/covid-19-soignant-centre-hospitalier-de-saint-die-vosges-renfort-sanitaire-antilles\/\",\"url\":\"https:\/\/vosgesinfo.fr\/gerardmerinfo\/2021\/09\/covid-19-soignant-centre-hospitalier-de-saint-die-vosges-renfort-sanitaire-antilles\/\",\"name\":\"Covid-19 \u2013 Un soignant du Centre Hospitalier de Saint-Di\u00e9-des-Vosges en renfort sanitaire dans les Antilles - Gerardmer Info\",\"isPartOf\":{\"@id\":\"https:\/\/vosgesinfo.fr\/gerardmerinfo\/#website\"},\"primaryImageOfPage\":{\"@id\":\"https:\/\/vosgesinfo.fr\/gerardmerinfo\/2021\/09\/covid-19-soignant-centre-hospitalier-de-saint-die-vosges-renfort-sanitaire-antilles\/#primaryimage\"},\"image\":{\"@id\":\"https:\/\/vosgesinfo.fr\/gerardmerinfo\/2021\/09\/covid-19-soignant-centre-hospitalier-de-saint-die-vosges-renfort-sanitaire-antilles\/#primaryimage\"},\"thumbnailUrl\":\"https:\/\/vosgesinfo.fr\/app\/uploads\/sites\/6\/2024\/07\/202109jerome-guillot-renfort-sanitaire-3.jpg\",\"datePublished\":\"2021-09-16T05:15:09+00:00\",\"dateModified\":\"2021-09-16T05:15:09+00:00\",\"breadcrumb\":{\"@id\":\"https:\/\/vosgesinfo.fr\/gerardmerinfo\/2021\/09\/covid-19-soignant-centre-hospitalier-de-saint-die-vosges-renfort-sanitaire-antilles\/#breadcrumb\"},\"inLanguage\":\"fr-FR\",\"potentialAction\":[{\"@type\":\"ReadAction\",\"target\":[\"https:\/\/vosgesinfo.fr\/gerardmerinfo\/2021\/09\/covid-19-soignant-centre-hospitalier-de-saint-die-vosges-renfort-sanitaire-antilles\/\"]}]},{\"@type\":\"ImageObject\",\"inLanguage\":\"fr-FR\",\"@id\":\"https:\/\/vosgesinfo.fr\/gerardmerinfo\/2021\/09\/covid-19-soignant-centre-hospitalier-de-saint-die-vosges-renfort-sanitaire-antilles\/#primaryimage\",\"url\":\"https:\/\/vosgesinfo.fr\/app\/uploads\/sites\/6\/2024\/07\/202109jerome-guillot-renfort-sanitaire-3.jpg\",\"contentUrl\":\"https:\/\/vosgesinfo.fr\/app\/uploads\/sites\/6\/2024\/07\/202109jerome-guillot-renfort-sanitaire-3.jpg\",\"width\":462,\"height\":800},{\"@type\":\"BreadcrumbList\",\"@id\":\"https:\/\/vosgesinfo.fr\/gerardmerinfo\/2021\/09\/covid-19-soignant-centre-hospitalier-de-saint-die-vosges-renfort-sanitaire-antilles\/#breadcrumb\",\"itemListElement\":[{\"@type\":\"ListItem\",\"position\":1,\"name\":\"Home\",\"item\":\"https:\/\/vosgesinfo.fr\/gerardmerinfo\/\"},{\"@type\":\"ListItem\",\"position\":2,\"name\":\"Covid-19 \u2013 Un soignant du Centre Hospitalier de Saint-Di\u00e9-des-Vosges en renfort sanitaire dans les Antilles\"}]},{\"@type\":\"WebSite\",\"@id\":\"https:\/\/vosgesinfo.fr\/gerardmerinfo\/#website\",\"url\":\"https:\/\/vosgesinfo.fr\/gerardmerinfo\/\",\"name\":\"Gerardmer Info\",\"description\":\"Toute l&#039;actualit\u00e9 de G\u00e9rardmer\",\"publisher\":{\"@id\":\"https:\/\/vosgesinfo.fr\/gerardmerinfo\/#organization\"},\"alternateName\":\"Toute l'actualit\u00e9 de G\u00e9rardmer\",\"potentialAction\":[{\"@type\":\"SearchAction\",\"target\":{\"@type\":\"EntryPoint\",\"urlTemplate\":\"https:\/\/vosgesinfo.fr\/gerardmerinfo\/?s={search_term_string}\"},\"query-input\":\"required name=search_term_string\"}],\"inLanguage\":\"fr-FR\"},{\"@type\":\"Organization\",\"@id\":\"https:\/\/vosgesinfo.fr\/gerardmerinfo\/#organization\",\"name\":\"Gerardmer Info\",\"url\":\"https:\/\/vosgesinfo.fr\/gerardmerinfo\/\",\"logo\":{\"@type\":\"ImageObject\",\"inLanguage\":\"fr-FR\",\"@id\":\"https:\/\/vosgesinfo.fr\/gerardmerinfo\/#\/schema\/logo\/image\/\",\"url\":\"https:\/\/vosgesinfo.fr\/app\/uploads\/sites\/6\/2023\/08\/favicon-gerardmerinfo.png\",\"contentUrl\":\"https:\/\/vosgesinfo.fr\/app\/uploads\/sites\/6\/2023\/08\/favicon-gerardmerinfo.png\",\"width\":512,\"height\":512,\"caption\":\"Gerardmer Info\"},\"image\":{\"@id\":\"https:\/\/vosgesinfo.fr\/gerardmerinfo\/#\/schema\/logo\/image\/\"},\"sameAs\":[\"https:\/\/www.facebook.com\/profile.php?id=100049475262660\",\"https:\/\/x.com\/VosgesInfo88\",\"https:\/\/www.youtube.com\/@vosgesinfo\"]},{\"@type\":\"Person\",\"@id\":\"https:\/\/vosgesinfo.fr\/gerardmerinfo\/#\/schema\/person\/bc5d02d71e6932e81b6dadb7386667b1\",\"name\":\"qs_admin\",\"image\":{\"@type\":\"ImageObject\",\"inLanguage\":\"fr-FR\",\"@id\":\"https:\/\/vosgesinfo.fr\/gerardmerinfo\/#\/schema\/person\/image\/\",\"url\":\"https:\/\/secure.gravatar.com\/avatar\/94b18ee0ed79e4a42ea2f2931277b6841a8999fc6fde214600c78057cf1fe1de?s=96&d=mm&r=g\",\"contentUrl\":\"https:\/\/secure.gravatar.com\/avatar\/94b18ee0ed79e4a42ea2f2931277b6841a8999fc6fde214600c78057cf1fe1de?s=96&d=mm&r=g\",\"caption\":\"qs_admin\"},\"sameAs\":[\"https:\/\/vosgesinfo.fr\/wp\"],\"url\":\"https:\/\/vosgesinfo.fr\/gerardmerinfo\/author\/qs_admin\/\"}]}<\/script>\n<!-- \/ Yoast SEO plugin. -->","yoast_head_json":{"title":"Covid-19 \u2013 Un soignant du Centre Hospitalier de Saint-Di\u00e9-des-Vosges en renfort sanitaire dans les Antilles - Gerardmer Info","robots":{"index":"index","follow":"follow","max-snippet":"max-snippet:-1","max-image-preview":"max-image-preview:large","max-video-preview":"max-video-preview:-1"},"canonical":"https:\/\/vosgesinfo.fr\/gerardmerinfo\/2021\/09\/covid-19-soignant-centre-hospitalier-de-saint-die-vosges-renfort-sanitaire-antilles\/","twitter_card":"summary_large_image","twitter_title":"Covid-19 \u2013 Un soignant du Centre Hospitalier de Saint-Di\u00e9-des-Vosges en renfort sanitaire dans les Antilles - Gerardmer Info","twitter_description":"J\u00e9r\u00f4me Guillot est aide-soignant au sein du service Cardiologie du Centre Hospitalier de Saint-Di\u00e9-des-Vosges. En ao\u00fbt dernier, il s\u2019est port\u00e9 [&hellip;]","twitter_image":"https:\/\/vosgesinfo.fr\/app\/uploads\/sites\/6\/2024\/07\/202109jerome-guillot-renfort-sanitaire-3.jpg","twitter_creator":"@VosgesInfo88","twitter_site":"@VosgesInfo88","twitter_misc":{"\u00c9crit par":"qs_admin","Dur\u00e9e de lecture estim\u00e9e":"1 minute"},"schema":{"@context":"https:\/\/schema.org","@graph":[{"@type":"Article","@id":"https:\/\/vosgesinfo.fr\/gerardmerinfo\/2021\/09\/covid-19-soignant-centre-hospitalier-de-saint-die-vosges-renfort-sanitaire-antilles\/#article","isPartOf":{"@id":"https:\/\/vosgesinfo.fr\/gerardmerinfo\/2021\/09\/covid-19-soignant-centre-hospitalier-de-saint-die-vosges-renfort-sanitaire-antilles\/"},"author":{"name":"qs_admin","@id":"https:\/\/vosgesinfo.fr\/gerardmerinfo\/#\/schema\/person\/bc5d02d71e6932e81b6dadb7386667b1"},"headline":"Covid-19 \u2013 Un soignant du Centre Hospitalier de Saint-Di\u00e9-des-Vosges en renfort sanitaire dans les Antilles","datePublished":"2021-09-16T05:15:09+00:00","dateModified":"2021-09-16T05:15:09+00:00","mainEntityOfPage":{"@id":"https:\/\/vosgesinfo.fr\/gerardmerinfo\/2021\/09\/covid-19-soignant-centre-hospitalier-de-saint-die-vosges-renfort-sanitaire-antilles\/"},"wordCount":154,"commentCount":0,"publisher":{"@id":"https:\/\/vosgesinfo.fr\/gerardmerinfo\/#organization"},"image":{"@id":"https:\/\/vosgesinfo.fr\/gerardmerinfo\/2021\/09\/covid-19-soignant-centre-hospitalier-de-saint-die-vosges-renfort-sanitaire-antilles\/#primaryimage"},"thumbnailUrl":"https:\/\/vosgesinfo.fr\/app\/uploads\/sites\/6\/2024\/07\/202109jerome-guillot-renfort-sanitaire-3.jpg","articleSection":["A la une","Sant\u00e9","Vosges"],"inLanguage":"fr-FR","potentialAction":[{"@type":"CommentAction","name":"Comment","target":["https:\/\/vosgesinfo.fr\/gerardmerinfo\/2021\/09\/covid-19-soignant-centre-hospitalier-de-saint-die-vosges-renfort-sanitaire-antilles\/#respond"]}]},{"@type":"WebPage","@id":"https:\/\/vosgesinfo.fr\/gerardmerinfo\/2021\/09\/covid-19-soignant-centre-hospitalier-de-saint-die-vosges-renfort-sanitaire-antilles\/","url":"https:\/\/vosgesinfo.fr\/gerardmerinfo\/2021\/09\/covid-19-soignant-centre-hospitalier-de-saint-die-vosges-renfort-sanitaire-antilles\/","name":"Covid-19 \u2013 Un soignant du Centre Hospitalier de Saint-Di\u00e9-des-Vosges en renfort sanitaire dans les Antilles - Gerardmer Info","isPartOf":{"@id":"https:\/\/vosgesinfo.fr\/gerardmerinfo\/#website"},"primaryImageOfPage":{"@id":"https:\/\/vosgesinfo.fr\/gerardmerinfo\/2021\/09\/covid-19-soignant-centre-hospitalier-de-saint-die-vosges-renfort-sanitaire-antilles\/#primaryimage"},"image":{"@id":"https:\/\/vosgesinfo.fr\/gerardmerinfo\/2021\/09\/covid-19-soignant-centre-hospitalier-de-saint-die-vosges-renfort-sanitaire-antilles\/#primaryimage"},"thumbnailUrl":"https:\/\/vosgesinfo.fr\/app\/uploads\/sites\/6\/2024\/07\/202109jerome-guillot-renfort-sanitaire-3.jpg","datePublished":"2021-09-16T05:15:09+00:00","dateModified":"2021-09-16T05:15:09+00:00","breadcrumb":{"@id":"https:\/\/vosgesinfo.fr\/gerardmerinfo\/2021\/09\/covid-19-soignant-centre-hospitalier-de-saint-die-vosges-renfort-sanitaire-antilles\/#breadcrumb"},"inLanguage":"fr-FR","potentialAction":[{"@type":"ReadAction","target":["https:\/\/vosgesinfo.fr\/gerardmerinfo\/2021\/09\/covid-19-soignant-centre-hospitalier-de-saint-die-vosges-renfort-sanitaire-antilles\/"]}]},{"@type":"ImageObject","inLanguage":"fr-FR","@id":"https:\/\/vosgesinfo.fr\/gerardmerinfo\/2021\/09\/covid-19-soignant-centre-hospitalier-de-saint-die-vosges-renfort-sanitaire-antilles\/#primaryimage","url":"https:\/\/vosgesinfo.fr\/app\/uploads\/sites\/6\/2024\/07\/202109jerome-guillot-renfort-sanitaire-3.jpg","contentUrl":"https:\/\/vosgesinfo.fr\/app\/uploads\/sites\/6\/2024\/07\/202109jerome-guillot-renfort-sanitaire-3.jpg","width":462,"height":800},{"@type":"BreadcrumbList","@id":"https:\/\/vosgesinfo.fr\/gerardmerinfo\/2021\/09\/covid-19-soignant-centre-hospitalier-de-saint-die-vosges-renfort-sanitaire-antilles\/#breadcrumb","itemListElement":[{"@type":"ListItem","position":1,"name":"Home","item":"https:\/\/vosgesinfo.fr\/gerardmerinfo\/"},{"@type":"ListItem","position":2,"name":"Covid-19 \u2013 Un soignant du Centre Hospitalier de Saint-Di\u00e9-des-Vosges en renfort sanitaire dans les Antilles"}]},{"@type":"WebSite","@id":"https:\/\/vosgesinfo.fr\/gerardmerinfo\/#website","url":"https:\/\/vosgesinfo.fr\/gerardmerinfo\/","name":"Gerardmer Info","description":"Toute l&#039;actualit\u00e9 de G\u00e9rardmer","publisher":{"@id":"https:\/\/vosgesinfo.fr\/gerardmerinfo\/#organization"},"alternateName":"Toute l'actualit\u00e9 de G\u00e9rardmer","potentialAction":[{"@type":"SearchAction","target":{"@type":"EntryPoint","urlTemplate":"https:\/\/vosgesinfo.fr\/gerardmerinfo\/?s={search_term_string}"},"query-input":"required name=search_term_string"}],"inLanguage":"fr-FR"},{"@type":"Organization","@id":"https:\/\/vosgesinfo.fr\/gerardmerinfo\/#organization","name":"Gerardmer Info","url":"https:\/\/vosgesinfo.fr\/gerardmerinfo\/","logo":{"@type":"ImageObject","inLanguage":"fr-FR","@id":"https:\/\/vosgesinfo.fr\/gerardmerinfo\/#\/schema\/logo\/image\/","url":"https:\/\/vosgesinfo.fr\/app\/uploads\/sites\/6\/2023\/08\/favicon-gerardmerinfo.png","contentUrl":"https:\/\/vosgesinfo.fr\/app\/uploads\/sites\/6\/2023\/08\/favicon-gerardmerinfo.png","width":512,"height":512,"caption":"Gerardmer Info"},"image":{"@id":"https:\/\/vosgesinfo.fr\/gerardmerinfo\/#\/schema\/logo\/image\/"},"sameAs":["https:\/\/www.facebook.com\/profile.php?id=100049475262660","https:\/\/x.com\/VosgesInfo88","https:\/\/www.youtube.com\/@vosgesinfo"]},{"@type":"Person","@id":"https:\/\/vosgesinfo.fr\/gerardmerinfo\/#\/schema\/person\/bc5d02d71e6932e81b6dadb7386667b1","name":"qs_admin","image":{"@type":"ImageObject","inLanguage":"fr-FR","@id":"https:\/\/vosgesinfo.fr\/gerardmerinfo\/#\/schema\/person\/image\/","url":"https:\/\/secure.gravatar.com\/avatar\/94b18ee0ed79e4a42ea2f2931277b6841a8999fc6fde214600c78057cf1fe1de?s=96&d=mm&r=g","contentUrl":"https:\/\/secure.gravatar.com\/avatar\/94b18ee0ed79e4a42ea2f2931277b6841a8999fc6fde214600c78057cf1fe1de?s=96&d=mm&r=g","caption":"qs_admin"},"sameAs":["https:\/\/vosgesinfo.fr\/wp"],"url":"https:\/\/vosgesinfo.fr\/gerardmerinfo\/author\/qs_admin\/"}]}},"_links":{"self":[{"href":"https:\/\/vosgesinfo.fr\/gerardmerinfo\/wp-json\/wp\/v2\/posts\/54807","targetHints":{"allow":["GET"]}}],"collection":[{"href":"https:\/\/vosgesinfo.fr\/gerardmerinfo\/wp-json\/wp\/v2\/posts"}],"about":[{"href":"https:\/\/vosgesinfo.fr\/gerardmerinfo\/wp-json\/wp\/v2\/types\/post"}],"author":[{"embeddable":true,"href":"https:\/\/vosgesinfo.fr\/gerardmerinfo\/wp-json\/wp\/v2\/users\/1"}],"replies":[{"embeddable":true,"href":"https:\/\/vosgesinfo.fr\/gerardmerinfo\/wp-json\/wp\/v2\/comments?post=54807"}],"version-history":[{"count":0,"href":"https:\/\/vosgesinfo.fr\/gerardmerinfo\/wp-json\/wp\/v2\/posts\/54807\/revisions"}],"wp:featuredmedia":[{"embeddable":true,"href":"https:\/\/vosgesinfo.fr\/gerardmerinfo\/wp-json\/wp\/v2\/media\/54808"}],"wp:attachment":[{"href":"https:\/\/vosgesinfo.fr\/gerardmerinfo\/wp-json\/wp\/v2\/media?parent=54807"}],"wp:term":[{"taxonomy":"category","embeddable":true,"href":"https:\/\/vosgesinfo.fr\/gerardmerinfo\/wp-json\/wp\/v2\/categories?post=54807"},{"taxonomy":"post_tag","embeddable":true,"href":"https:\/\/vosgesinfo.fr\/gerardmerinfo\/wp-json\/wp\/v2\/tags?post=54807"}],"curies":[{"name":"wp","href":"https:\/\/api.w.org\/{rel}","templated":true}]}}