{"id":54882,"date":"2021-09-20T15:43:18","date_gmt":"2021-09-20T13:43:18","guid":{"rendered":"https:\/\/vosgesinfo.fr\/gerardmerinfo\/2021\/09\/pierre-pelot-de-retour-a-mediatheque-de-gerardmer\/"},"modified":"2021-09-20T15:43:18","modified_gmt":"2021-09-20T13:43:18","slug":"pierre-pelot-de-retour-a-mediatheque-de-gerardmer","status":"publish","type":"post","link":"https:\/\/vosgesinfo.fr\/gerardmerinfo\/2021\/09\/pierre-pelot-de-retour-a-mediatheque-de-gerardmer\/","title":{"rendered":"Pierre PELOT de retour \u00e0 la m\u00e9diath\u00e8que de G\u00e9rardmer"},"content":{"rendered":"<div>\n<p><img decoding=\"async\" class=\"aligncenter size-medium wp-image-180169\" src=\"\/2021\/09\/Affiche-pelot-180x255.jpg\" alt=\"Affiche-pelot\" width=\"180\" height=\"255\" \/><\/p>\n<p>&nbsp;<\/p>\n<p>Samedi\u00a025\u00a0Septembre\u00a0\u00e0\u00a017h 00, vous \u00eates conviez \u00e0 une nouvelle rencontre\u00a0avec\u00a0Pierre\u00a0PELOT\u00a0\u00e0\u00a0la\u00a0m\u00e9diath\u00e8que du Tilleul<\/p>\n<p>Le\u00a0c\u00e9l\u00e8bre\u00a0\u00e9crivain\u00a0vosgien\u00a0nous\u00a0honore\u00a0de\u00a0sa\u00a0pr\u00e9sence\u00a0\u00e0\u00a0l&rsquo;occasion\u00a0de\u00a0la\u00a0sortie\u00a0de\u00a0son\u00a0nouveau<\/p>\n<p>livre\u00a0\u00ab\u00a0Un\u00a0autre\u00a0pas\u00a0dans\u00a0la\u00a0rivi\u00e8re&#8230;\u00a0\u00bb\u00a0et\u00a0de\u00a0son\u00a0exposition\u00a0de\u00a0peintures\u00a0\u00e0\u00a0la\u00a0M\u00e9diath\u00e8que.<\/p>\n<\/div>\n<div>\n<p>Un\u00a0moment\u00a0privil\u00e9gi\u00e9\u00a0pour\u00a0discuter\u00a0avec\u00a0l&rsquo;auteur\u00a0et\u00a0se\u00a0faire\u00a0d\u00e9dicacer\u00a0un\u00a0ouvrage.<\/p>\n<\/div>\n<div>\n<p>Places\u00a0limit\u00e9es\u00a0:\u00a0r\u00e9servation\u00a0au\u00a003\u00a029\u00a063\u00a000\u00a070<\/p>\n<\/div>\n<div>\n<p>L&rsquo;acc\u00e8s\u00a0aux\u00a0manifestations\u00a0de\u00a0la\u00a0m\u00e9diath\u00e8que\u00a0est\u00a0soumis\u00a0au\u00a0pass\u00a0sanitaire.<\/p>\n<p><img decoding=\"async\" class=\"aligncenter size-full wp-image-180170\" src=\"\/2021\/09\/pelot-accrochage-expo.jpg\" alt=\"pelot accrochage expo\" width=\"600\" height=\"800\" \/><\/p>\n<\/div>\n","protected":false},"excerpt":{"rendered":"<p>&nbsp; Samedi\u00a025\u00a0Septembre\u00a0\u00e0\u00a017h 00, vous \u00eates conviez \u00e0 une nouvelle rencontre\u00a0avec\u00a0Pierre\u00a0PELOT\u00a0\u00e0\u00a0la\u00a0m\u00e9diath\u00e8que du Tilleul Le\u00a0c\u00e9l\u00e8bre\u00a0\u00e9crivain\u00a0vosgien\u00a0nous\u00a0honore\u00a0de\u00a0sa\u00a0pr\u00e9sence\u00a0\u00e0\u00a0l&rsquo;occasion\u00a0de\u00a0la\u00a0sortie\u00a0de\u00a0son\u00a0nouveau livre\u00a0\u00ab\u00a0Un\u00a0autre\u00a0pas\u00a0dans\u00a0la\u00a0rivi\u00e8re&#8230;\u00a0\u00bb\u00a0et\u00a0de\u00a0son\u00a0exposition\u00a0de\u00a0peintures\u00a0\u00e0\u00a0la\u00a0M\u00e9diath\u00e8que. Un\u00a0moment\u00a0privil\u00e9gi\u00e9\u00a0pour\u00a0discuter\u00a0avec\u00a0l&rsquo;auteur\u00a0et\u00a0se\u00a0faire\u00a0d\u00e9dicacer\u00a0un\u00a0ouvrage. Places\u00a0limit\u00e9es\u00a0:\u00a0r\u00e9servation\u00a0au\u00a003\u00a029\u00a063\u00a000\u00a070 L&rsquo;acc\u00e8s\u00a0aux\u00a0manifestations\u00a0de\u00a0la\u00a0m\u00e9diath\u00e8que\u00a0est\u00a0soumis\u00a0au\u00a0pass\u00a0sanitaire.<\/p>\n","protected":false},"author":1,"featured_media":54883,"comment_status":"open","ping_status":"open","sticky":false,"template":"","format":"standard","meta":{"footnotes":""},"categories":[20,4,25,64],"tags":[4708],"class_list":["post-54882","post","type-post","status-publish","format-standard","has-post-thumbnail","hentry","category-a-la-une","category-culture","category-gerardmer","category-litterature","tag-pierre-pelot"],"acf":[],"yoast_head":"<!-- This site is optimized with the Yoast SEO plugin v22.5 - https:\/\/yoast.com\/wordpress\/plugins\/seo\/ -->\n<title>Pierre PELOT de retour \u00e0 la m\u00e9diath\u00e8que de G\u00e9rardmer - Gerardmer Info<\/title>\n<meta name=\"robots\" content=\"index, follow, max-snippet:-1, max-image-preview:large, max-video-preview:-1\" \/>\n<link rel=\"canonical\" href=\"https:\/\/vosgesinfo.fr\/gerardmerinfo\/2021\/09\/pierre-pelot-de-retour-a-mediatheque-de-gerardmer\/\" \/>\n<meta name=\"twitter:card\" content=\"summary_large_image\" \/>\n<meta name=\"twitter:title\" content=\"Pierre PELOT de retour \u00e0 la m\u00e9diath\u00e8que de G\u00e9rardmer - Gerardmer Info\" \/>\n<meta name=\"twitter:description\" content=\"&nbsp; Samedi\u00a025\u00a0Septembre\u00a0\u00e0\u00a017h 00, vous \u00eates conviez \u00e0 une nouvelle rencontre\u00a0avec\u00a0Pierre\u00a0PELOT\u00a0\u00e0\u00a0la\u00a0m\u00e9diath\u00e8que du Tilleul Le\u00a0c\u00e9l\u00e8bre\u00a0\u00e9crivain\u00a0vosgien\u00a0nous\u00a0honore\u00a0de\u00a0sa\u00a0pr\u00e9sence\u00a0\u00e0\u00a0l&rsquo;occasion\u00a0de\u00a0la\u00a0sortie\u00a0de\u00a0son\u00a0nouveau livre\u00a0\u00ab\u00a0Un\u00a0autre\u00a0pas\u00a0dans\u00a0la\u00a0rivi\u00e8re&#8230;\u00a0\u00bb\u00a0et\u00a0de\u00a0son\u00a0exposition\u00a0de\u00a0peintures\u00a0\u00e0\u00a0la\u00a0M\u00e9diath\u00e8que. Un\u00a0moment\u00a0privil\u00e9gi\u00e9\u00a0pour\u00a0discuter\u00a0avec\u00a0l&rsquo;auteur\u00a0et\u00a0se\u00a0faire\u00a0d\u00e9dicacer\u00a0un\u00a0ouvrage. Places\u00a0limit\u00e9es\u00a0:\u00a0r\u00e9servation\u00a0au\u00a003\u00a029\u00a063\u00a000\u00a070 L&rsquo;acc\u00e8s\u00a0aux\u00a0manifestations\u00a0de\u00a0la\u00a0m\u00e9diath\u00e8que\u00a0est\u00a0soumis\u00a0au\u00a0pass\u00a0sanitaire.\" \/>\n<meta name=\"twitter:image\" content=\"https:\/\/vosgesinfo.fr\/app\/uploads\/sites\/6\/2024\/07\/202109pierre-pelot-photo.jpg\" \/>\n<meta name=\"twitter:creator\" content=\"@VosgesInfo88\" \/>\n<meta name=\"twitter:site\" content=\"@VosgesInfo88\" \/>\n<meta name=\"twitter:label1\" content=\"\u00c9crit par\" \/>\n\t<meta name=\"twitter:data1\" content=\"qs_admin\" \/>\n<script type=\"application\/ld+json\" class=\"yoast-schema-graph\">{\"@context\":\"https:\/\/schema.org\",\"@graph\":[{\"@type\":\"Article\",\"@id\":\"https:\/\/vosgesinfo.fr\/gerardmerinfo\/2021\/09\/pierre-pelot-de-retour-a-mediatheque-de-gerardmer\/#article\",\"isPartOf\":{\"@id\":\"https:\/\/vosgesinfo.fr\/gerardmerinfo\/2021\/09\/pierre-pelot-de-retour-a-mediatheque-de-gerardmer\/\"},\"author\":{\"name\":\"qs_admin\",\"@id\":\"https:\/\/vosgesinfo.fr\/gerardmerinfo\/#\/schema\/person\/bc5d02d71e6932e81b6dadb7386667b1\"},\"headline\":\"Pierre PELOT de retour \u00e0 la m\u00e9diath\u00e8que de G\u00e9rardmer\",\"datePublished\":\"2021-09-20T13:43:18+00:00\",\"dateModified\":\"2021-09-20T13:43:18+00:00\",\"mainEntityOfPage\":{\"@id\":\"https:\/\/vosgesinfo.fr\/gerardmerinfo\/2021\/09\/pierre-pelot-de-retour-a-mediatheque-de-gerardmer\/\"},\"wordCount\":105,\"commentCount\":0,\"publisher\":{\"@id\":\"https:\/\/vosgesinfo.fr\/gerardmerinfo\/#organization\"},\"image\":{\"@id\":\"https:\/\/vosgesinfo.fr\/gerardmerinfo\/2021\/09\/pierre-pelot-de-retour-a-mediatheque-de-gerardmer\/#primaryimage\"},\"thumbnailUrl\":\"https:\/\/vosgesinfo.fr\/app\/uploads\/sites\/6\/2024\/07\/202109pierre-pelot-photo.jpg\",\"keywords\":[\"Pierre Pelot\"],\"articleSection\":[\"A la une\",\"Culture\",\"G\u00e9rardmer\",\"Litt\u00e9rature\"],\"inLanguage\":\"fr-FR\",\"potentialAction\":[{\"@type\":\"CommentAction\",\"name\":\"Comment\",\"target\":[\"https:\/\/vosgesinfo.fr\/gerardmerinfo\/2021\/09\/pierre-pelot-de-retour-a-mediatheque-de-gerardmer\/#respond\"]}]},{\"@type\":\"WebPage\",\"@id\":\"https:\/\/vosgesinfo.fr\/gerardmerinfo\/2021\/09\/pierre-pelot-de-retour-a-mediatheque-de-gerardmer\/\",\"url\":\"https:\/\/vosgesinfo.fr\/gerardmerinfo\/2021\/09\/pierre-pelot-de-retour-a-mediatheque-de-gerardmer\/\",\"name\":\"Pierre PELOT de retour \u00e0 la m\u00e9diath\u00e8que de G\u00e9rardmer - Gerardmer Info\",\"isPartOf\":{\"@id\":\"https:\/\/vosgesinfo.fr\/gerardmerinfo\/#website\"},\"primaryImageOfPage\":{\"@id\":\"https:\/\/vosgesinfo.fr\/gerardmerinfo\/2021\/09\/pierre-pelot-de-retour-a-mediatheque-de-gerardmer\/#primaryimage\"},\"image\":{\"@id\":\"https:\/\/vosgesinfo.fr\/gerardmerinfo\/2021\/09\/pierre-pelot-de-retour-a-mediatheque-de-gerardmer\/#primaryimage\"},\"thumbnailUrl\":\"https:\/\/vosgesinfo.fr\/app\/uploads\/sites\/6\/2024\/07\/202109pierre-pelot-photo.jpg\",\"datePublished\":\"2021-09-20T13:43:18+00:00\",\"dateModified\":\"2021-09-20T13:43:18+00:00\",\"breadcrumb\":{\"@id\":\"https:\/\/vosgesinfo.fr\/gerardmerinfo\/2021\/09\/pierre-pelot-de-retour-a-mediatheque-de-gerardmer\/#breadcrumb\"},\"inLanguage\":\"fr-FR\",\"potentialAction\":[{\"@type\":\"ReadAction\",\"target\":[\"https:\/\/vosgesinfo.fr\/gerardmerinfo\/2021\/09\/pierre-pelot-de-retour-a-mediatheque-de-gerardmer\/\"]}]},{\"@type\":\"ImageObject\",\"inLanguage\":\"fr-FR\",\"@id\":\"https:\/\/vosgesinfo.fr\/gerardmerinfo\/2021\/09\/pierre-pelot-de-retour-a-mediatheque-de-gerardmer\/#primaryimage\",\"url\":\"https:\/\/vosgesinfo.fr\/app\/uploads\/sites\/6\/2024\/07\/202109pierre-pelot-photo.jpg\",\"contentUrl\":\"https:\/\/vosgesinfo.fr\/app\/uploads\/sites\/6\/2024\/07\/202109pierre-pelot-photo.jpg\",\"width\":800,\"height\":450},{\"@type\":\"BreadcrumbList\",\"@id\":\"https:\/\/vosgesinfo.fr\/gerardmerinfo\/2021\/09\/pierre-pelot-de-retour-a-mediatheque-de-gerardmer\/#breadcrumb\",\"itemListElement\":[{\"@type\":\"ListItem\",\"position\":1,\"name\":\"Home\",\"item\":\"https:\/\/vosgesinfo.fr\/gerardmerinfo\/\"},{\"@type\":\"ListItem\",\"position\":2,\"name\":\"Pierre PELOT de retour \u00e0 la m\u00e9diath\u00e8que de G\u00e9rardmer\"}]},{\"@type\":\"WebSite\",\"@id\":\"https:\/\/vosgesinfo.fr\/gerardmerinfo\/#website\",\"url\":\"https:\/\/vosgesinfo.fr\/gerardmerinfo\/\",\"name\":\"Gerardmer Info\",\"description\":\"Toute l&#039;actualit\u00e9 de G\u00e9rardmer\",\"publisher\":{\"@id\":\"https:\/\/vosgesinfo.fr\/gerardmerinfo\/#organization\"},\"alternateName\":\"Toute l'actualit\u00e9 de G\u00e9rardmer\",\"potentialAction\":[{\"@type\":\"SearchAction\",\"target\":{\"@type\":\"EntryPoint\",\"urlTemplate\":\"https:\/\/vosgesinfo.fr\/gerardmerinfo\/?s={search_term_string}\"},\"query-input\":\"required name=search_term_string\"}],\"inLanguage\":\"fr-FR\"},{\"@type\":\"Organization\",\"@id\":\"https:\/\/vosgesinfo.fr\/gerardmerinfo\/#organization\",\"name\":\"Gerardmer Info\",\"url\":\"https:\/\/vosgesinfo.fr\/gerardmerinfo\/\",\"logo\":{\"@type\":\"ImageObject\",\"inLanguage\":\"fr-FR\",\"@id\":\"https:\/\/vosgesinfo.fr\/gerardmerinfo\/#\/schema\/logo\/image\/\",\"url\":\"https:\/\/vosgesinfo.fr\/app\/uploads\/sites\/6\/2023\/08\/favicon-gerardmerinfo.png\",\"contentUrl\":\"https:\/\/vosgesinfo.fr\/app\/uploads\/sites\/6\/2023\/08\/favicon-gerardmerinfo.png\",\"width\":512,\"height\":512,\"caption\":\"Gerardmer Info\"},\"image\":{\"@id\":\"https:\/\/vosgesinfo.fr\/gerardmerinfo\/#\/schema\/logo\/image\/\"},\"sameAs\":[\"https:\/\/www.facebook.com\/profile.php?id=100049475262660\",\"https:\/\/x.com\/VosgesInfo88\",\"https:\/\/www.youtube.com\/@vosgesinfo\"]},{\"@type\":\"Person\",\"@id\":\"https:\/\/vosgesinfo.fr\/gerardmerinfo\/#\/schema\/person\/bc5d02d71e6932e81b6dadb7386667b1\",\"name\":\"qs_admin\",\"image\":{\"@type\":\"ImageObject\",\"inLanguage\":\"fr-FR\",\"@id\":\"https:\/\/vosgesinfo.fr\/gerardmerinfo\/#\/schema\/person\/image\/\",\"url\":\"https:\/\/secure.gravatar.com\/avatar\/94b18ee0ed79e4a42ea2f2931277b6841a8999fc6fde214600c78057cf1fe1de?s=96&d=mm&r=g\",\"contentUrl\":\"https:\/\/secure.gravatar.com\/avatar\/94b18ee0ed79e4a42ea2f2931277b6841a8999fc6fde214600c78057cf1fe1de?s=96&d=mm&r=g\",\"caption\":\"qs_admin\"},\"sameAs\":[\"https:\/\/vosgesinfo.fr\/wp\"],\"url\":\"https:\/\/vosgesinfo.fr\/gerardmerinfo\/author\/qs_admin\/\"}]}<\/script>\n<!-- \/ Yoast SEO plugin. -->","yoast_head_json":{"title":"Pierre PELOT de retour \u00e0 la m\u00e9diath\u00e8que de G\u00e9rardmer - Gerardmer Info","robots":{"index":"index","follow":"follow","max-snippet":"max-snippet:-1","max-image-preview":"max-image-preview:large","max-video-preview":"max-video-preview:-1"},"canonical":"https:\/\/vosgesinfo.fr\/gerardmerinfo\/2021\/09\/pierre-pelot-de-retour-a-mediatheque-de-gerardmer\/","twitter_card":"summary_large_image","twitter_title":"Pierre PELOT de retour \u00e0 la m\u00e9diath\u00e8que de G\u00e9rardmer - Gerardmer Info","twitter_description":"&nbsp; Samedi\u00a025\u00a0Septembre\u00a0\u00e0\u00a017h 00, vous \u00eates conviez \u00e0 une nouvelle rencontre\u00a0avec\u00a0Pierre\u00a0PELOT\u00a0\u00e0\u00a0la\u00a0m\u00e9diath\u00e8que du Tilleul Le\u00a0c\u00e9l\u00e8bre\u00a0\u00e9crivain\u00a0vosgien\u00a0nous\u00a0honore\u00a0de\u00a0sa\u00a0pr\u00e9sence\u00a0\u00e0\u00a0l&rsquo;occasion\u00a0de\u00a0la\u00a0sortie\u00a0de\u00a0son\u00a0nouveau livre\u00a0\u00ab\u00a0Un\u00a0autre\u00a0pas\u00a0dans\u00a0la\u00a0rivi\u00e8re&#8230;\u00a0\u00bb\u00a0et\u00a0de\u00a0son\u00a0exposition\u00a0de\u00a0peintures\u00a0\u00e0\u00a0la\u00a0M\u00e9diath\u00e8que. Un\u00a0moment\u00a0privil\u00e9gi\u00e9\u00a0pour\u00a0discuter\u00a0avec\u00a0l&rsquo;auteur\u00a0et\u00a0se\u00a0faire\u00a0d\u00e9dicacer\u00a0un\u00a0ouvrage. Places\u00a0limit\u00e9es\u00a0:\u00a0r\u00e9servation\u00a0au\u00a003\u00a029\u00a063\u00a000\u00a070 L&rsquo;acc\u00e8s\u00a0aux\u00a0manifestations\u00a0de\u00a0la\u00a0m\u00e9diath\u00e8que\u00a0est\u00a0soumis\u00a0au\u00a0pass\u00a0sanitaire.","twitter_image":"https:\/\/vosgesinfo.fr\/app\/uploads\/sites\/6\/2024\/07\/202109pierre-pelot-photo.jpg","twitter_creator":"@VosgesInfo88","twitter_site":"@VosgesInfo88","twitter_misc":{"\u00c9crit par":"qs_admin"},"schema":{"@context":"https:\/\/schema.org","@graph":[{"@type":"Article","@id":"https:\/\/vosgesinfo.fr\/gerardmerinfo\/2021\/09\/pierre-pelot-de-retour-a-mediatheque-de-gerardmer\/#article","isPartOf":{"@id":"https:\/\/vosgesinfo.fr\/gerardmerinfo\/2021\/09\/pierre-pelot-de-retour-a-mediatheque-de-gerardmer\/"},"author":{"name":"qs_admin","@id":"https:\/\/vosgesinfo.fr\/gerardmerinfo\/#\/schema\/person\/bc5d02d71e6932e81b6dadb7386667b1"},"headline":"Pierre PELOT de retour \u00e0 la m\u00e9diath\u00e8que de G\u00e9rardmer","datePublished":"2021-09-20T13:43:18+00:00","dateModified":"2021-09-20T13:43:18+00:00","mainEntityOfPage":{"@id":"https:\/\/vosgesinfo.fr\/gerardmerinfo\/2021\/09\/pierre-pelot-de-retour-a-mediatheque-de-gerardmer\/"},"wordCount":105,"commentCount":0,"publisher":{"@id":"https:\/\/vosgesinfo.fr\/gerardmerinfo\/#organization"},"image":{"@id":"https:\/\/vosgesinfo.fr\/gerardmerinfo\/2021\/09\/pierre-pelot-de-retour-a-mediatheque-de-gerardmer\/#primaryimage"},"thumbnailUrl":"https:\/\/vosgesinfo.fr\/app\/uploads\/sites\/6\/2024\/07\/202109pierre-pelot-photo.jpg","keywords":["Pierre Pelot"],"articleSection":["A la une","Culture","G\u00e9rardmer","Litt\u00e9rature"],"inLanguage":"fr-FR","potentialAction":[{"@type":"CommentAction","name":"Comment","target":["https:\/\/vosgesinfo.fr\/gerardmerinfo\/2021\/09\/pierre-pelot-de-retour-a-mediatheque-de-gerardmer\/#respond"]}]},{"@type":"WebPage","@id":"https:\/\/vosgesinfo.fr\/gerardmerinfo\/2021\/09\/pierre-pelot-de-retour-a-mediatheque-de-gerardmer\/","url":"https:\/\/vosgesinfo.fr\/gerardmerinfo\/2021\/09\/pierre-pelot-de-retour-a-mediatheque-de-gerardmer\/","name":"Pierre PELOT de retour \u00e0 la m\u00e9diath\u00e8que de G\u00e9rardmer - Gerardmer Info","isPartOf":{"@id":"https:\/\/vosgesinfo.fr\/gerardmerinfo\/#website"},"primaryImageOfPage":{"@id":"https:\/\/vosgesinfo.fr\/gerardmerinfo\/2021\/09\/pierre-pelot-de-retour-a-mediatheque-de-gerardmer\/#primaryimage"},"image":{"@id":"https:\/\/vosgesinfo.fr\/gerardmerinfo\/2021\/09\/pierre-pelot-de-retour-a-mediatheque-de-gerardmer\/#primaryimage"},"thumbnailUrl":"https:\/\/vosgesinfo.fr\/app\/uploads\/sites\/6\/2024\/07\/202109pierre-pelot-photo.jpg","datePublished":"2021-09-20T13:43:18+00:00","dateModified":"2021-09-20T13:43:18+00:00","breadcrumb":{"@id":"https:\/\/vosgesinfo.fr\/gerardmerinfo\/2021\/09\/pierre-pelot-de-retour-a-mediatheque-de-gerardmer\/#breadcrumb"},"inLanguage":"fr-FR","potentialAction":[{"@type":"ReadAction","target":["https:\/\/vosgesinfo.fr\/gerardmerinfo\/2021\/09\/pierre-pelot-de-retour-a-mediatheque-de-gerardmer\/"]}]},{"@type":"ImageObject","inLanguage":"fr-FR","@id":"https:\/\/vosgesinfo.fr\/gerardmerinfo\/2021\/09\/pierre-pelot-de-retour-a-mediatheque-de-gerardmer\/#primaryimage","url":"https:\/\/vosgesinfo.fr\/app\/uploads\/sites\/6\/2024\/07\/202109pierre-pelot-photo.jpg","contentUrl":"https:\/\/vosgesinfo.fr\/app\/uploads\/sites\/6\/2024\/07\/202109pierre-pelot-photo.jpg","width":800,"height":450},{"@type":"BreadcrumbList","@id":"https:\/\/vosgesinfo.fr\/gerardmerinfo\/2021\/09\/pierre-pelot-de-retour-a-mediatheque-de-gerardmer\/#breadcrumb","itemListElement":[{"@type":"ListItem","position":1,"name":"Home","item":"https:\/\/vosgesinfo.fr\/gerardmerinfo\/"},{"@type":"ListItem","position":2,"name":"Pierre PELOT de retour \u00e0 la m\u00e9diath\u00e8que de G\u00e9rardmer"}]},{"@type":"WebSite","@id":"https:\/\/vosgesinfo.fr\/gerardmerinfo\/#website","url":"https:\/\/vosgesinfo.fr\/gerardmerinfo\/","name":"Gerardmer Info","description":"Toute l&#039;actualit\u00e9 de G\u00e9rardmer","publisher":{"@id":"https:\/\/vosgesinfo.fr\/gerardmerinfo\/#organization"},"alternateName":"Toute l'actualit\u00e9 de G\u00e9rardmer","potentialAction":[{"@type":"SearchAction","target":{"@type":"EntryPoint","urlTemplate":"https:\/\/vosgesinfo.fr\/gerardmerinfo\/?s={search_term_string}"},"query-input":"required name=search_term_string"}],"inLanguage":"fr-FR"},{"@type":"Organization","@id":"https:\/\/vosgesinfo.fr\/gerardmerinfo\/#organization","name":"Gerardmer Info","url":"https:\/\/vosgesinfo.fr\/gerardmerinfo\/","logo":{"@type":"ImageObject","inLanguage":"fr-FR","@id":"https:\/\/vosgesinfo.fr\/gerardmerinfo\/#\/schema\/logo\/image\/","url":"https:\/\/vosgesinfo.fr\/app\/uploads\/sites\/6\/2023\/08\/favicon-gerardmerinfo.png","contentUrl":"https:\/\/vosgesinfo.fr\/app\/uploads\/sites\/6\/2023\/08\/favicon-gerardmerinfo.png","width":512,"height":512,"caption":"Gerardmer Info"},"image":{"@id":"https:\/\/vosgesinfo.fr\/gerardmerinfo\/#\/schema\/logo\/image\/"},"sameAs":["https:\/\/www.facebook.com\/profile.php?id=100049475262660","https:\/\/x.com\/VosgesInfo88","https:\/\/www.youtube.com\/@vosgesinfo"]},{"@type":"Person","@id":"https:\/\/vosgesinfo.fr\/gerardmerinfo\/#\/schema\/person\/bc5d02d71e6932e81b6dadb7386667b1","name":"qs_admin","image":{"@type":"ImageObject","inLanguage":"fr-FR","@id":"https:\/\/vosgesinfo.fr\/gerardmerinfo\/#\/schema\/person\/image\/","url":"https:\/\/secure.gravatar.com\/avatar\/94b18ee0ed79e4a42ea2f2931277b6841a8999fc6fde214600c78057cf1fe1de?s=96&d=mm&r=g","contentUrl":"https:\/\/secure.gravatar.com\/avatar\/94b18ee0ed79e4a42ea2f2931277b6841a8999fc6fde214600c78057cf1fe1de?s=96&d=mm&r=g","caption":"qs_admin"},"sameAs":["https:\/\/vosgesinfo.fr\/wp"],"url":"https:\/\/vosgesinfo.fr\/gerardmerinfo\/author\/qs_admin\/"}]}},"_links":{"self":[{"href":"https:\/\/vosgesinfo.fr\/gerardmerinfo\/wp-json\/wp\/v2\/posts\/54882","targetHints":{"allow":["GET"]}}],"collection":[{"href":"https:\/\/vosgesinfo.fr\/gerardmerinfo\/wp-json\/wp\/v2\/posts"}],"about":[{"href":"https:\/\/vosgesinfo.fr\/gerardmerinfo\/wp-json\/wp\/v2\/types\/post"}],"author":[{"embeddable":true,"href":"https:\/\/vosgesinfo.fr\/gerardmerinfo\/wp-json\/wp\/v2\/users\/1"}],"replies":[{"embeddable":true,"href":"https:\/\/vosgesinfo.fr\/gerardmerinfo\/wp-json\/wp\/v2\/comments?post=54882"}],"version-history":[{"count":0,"href":"https:\/\/vosgesinfo.fr\/gerardmerinfo\/wp-json\/wp\/v2\/posts\/54882\/revisions"}],"wp:featuredmedia":[{"embeddable":true,"href":"https:\/\/vosgesinfo.fr\/gerardmerinfo\/wp-json\/wp\/v2\/media\/54883"}],"wp:attachment":[{"href":"https:\/\/vosgesinfo.fr\/gerardmerinfo\/wp-json\/wp\/v2\/media?parent=54882"}],"wp:term":[{"taxonomy":"category","embeddable":true,"href":"https:\/\/vosgesinfo.fr\/gerardmerinfo\/wp-json\/wp\/v2\/categories?post=54882"},{"taxonomy":"post_tag","embeddable":true,"href":"https:\/\/vosgesinfo.fr\/gerardmerinfo\/wp-json\/wp\/v2\/tags?post=54882"}],"curies":[{"name":"wp","href":"https:\/\/api.w.org\/{rel}","templated":true}]}}