{"id":54908,"date":"2021-09-22T04:01:40","date_gmt":"2021-09-22T02:01:40","guid":{"rendered":"https:\/\/vosgesinfo.fr\/gerardmerinfo\/2021\/09\/concert-mr-pelican-vendredi-a-mcl-de-gerardmer\/"},"modified":"2021-09-22T04:01:40","modified_gmt":"2021-09-22T02:01:40","slug":"concert-mr-pelican-vendredi-a-mcl-de-gerardmer","status":"publish","type":"post","link":"https:\/\/vosgesinfo.fr\/gerardmerinfo\/2021\/09\/concert-mr-pelican-vendredi-a-mcl-de-gerardmer\/","title":{"rendered":"Concert &#8211; MR PELICAN ce Vendredi \u00e0 la MCL de G\u00e9rardmer"},"content":{"rendered":"<h3><img decoding=\"async\" class=\"aligncenter size-full wp-image-179442\" src=\"\/2021\/09\/QG003.jpg\" alt=\"M. Pelican concert MCL\" width=\"800\" height=\"567\" \/><\/h3>\n<h3><\/h3>\n<h3>La commission musiques actuelles de la MCL vous propose ce vendredi \u00e0 21h au caf\u00e9 concert de la MCL, en entr\u00e9e Libre (gratuit).<\/h3>\n<div><\/div>\n<p>24 septembre 2021 &#8211;\u00a0<b>21h<\/b>\u00a0<span class=\"x_gmail-il\">Concert<\/span>\u00a0de\u00a0<b>MR PELICAN<\/b><\/p>\n<h4>&#8211; Gratuit sur r\u00e9servation 03-29-63-11-96<\/h4>\n<div class=\"x_gmail-kvgmc6g5 x_gmail-cxmmr5t8 x_gmail-oygrvhab x_gmail-hcukyx3x x_gmail-c1et5uql\">Si\u00a0<em><b><a href=\"https:\/\/www.facebook.com\/monsieurpelicanpelican\" target=\"_blank\" rel=\"noopener noreferrer\" data-auth=\"NotApplicable\" data-linkindex=\"0\">Mr Pelican<\/a><\/b><\/em>\u00a0existe, c\u2019est parce que sa maman lui a dit qu\u2019il \u00e9tait un dr\u00f4le d\u2019oiseau. Un p\u00e9lican, c\u2019est un dr\u00f4le d\u2019oiseau. \u00c7a mange les pigeons ?<\/div>\n<div class=\"x_gmail-o9v6fnle x_gmail-cxmmr5t8 x_gmail-oygrvhab x_gmail-hcukyx3x x_gmail-c1et5uql\">Le ton est donn\u00e9 : la pop du nanc\u00e9ien est dr\u00f4le, un brin nonchalante et a le sens de la formule.<\/div>\n<div class=\"x_gmail-o9v6fnle x_gmail-cxmmr5t8 x_gmail-oygrvhab x_gmail-hcukyx3x x_gmail-c1et5uql\"><\/div>\n<div class=\"x_gmail-o9v6fnle x_gmail-cxmmr5t8 x_gmail-oygrvhab x_gmail-hcukyx3x x_gmail-c1et5uql\">C\u2019est toujours gratuit alors r\u00e9serves ta soir\u00e9e !<\/div>\n<div class=\"x_gmail-o9v6fnle x_gmail-cxmmr5t8 x_gmail-oygrvhab x_gmail-hcukyx3x x_gmail-c1et5uql\"><\/div>\n<div class=\"x_gmail-o9v6fnle x_gmail-cxmmr5t8 x_gmail-oygrvhab x_gmail-hcukyx3x x_gmail-c1et5uql\"><b>\u00c9v\u00e9nement facebook<\/b>:<\/div>\n<div class=\"x_gmail-o9v6fnle x_gmail-cxmmr5t8 x_gmail-oygrvhab x_gmail-hcukyx3x x_gmail-c1et5uql\"><a href=\"https:\/\/www.facebook.com\/events\/223927266412474\" target=\"_blank\" rel=\"noopener noreferrer\" data-auth=\"NotApplicable\" data-linkindex=\"1\">https:\/\/www.facebook.com\/events\/223927266412474<\/a><\/div>\n<div class=\"x_gmail-o9v6fnle x_gmail-cxmmr5t8 x_gmail-oygrvhab x_gmail-hcukyx3x x_gmail-c1et5uql\"><\/div>\n<div class=\"x_gmail-o9v6fnle x_gmail-cxmmr5t8 x_gmail-oygrvhab x_gmail-hcukyx3x x_gmail-c1et5uql\"><b>une vid\u00e9o par ici<\/b><\/div>\n<div class=\"x_gmail-o9v6fnle x_gmail-cxmmr5t8 x_gmail-oygrvhab x_gmail-hcukyx3x x_gmail-c1et5uql\"><\/div>\n<div class=\"x_gmail-o9v6fnle x_gmail-cxmmr5t8 x_gmail-oygrvhab x_gmail-hcukyx3x x_gmail-c1et5uql\"><a class=\"x_gmail-oajrlxb2 x_gmail-g5ia77u1 x_gmail-qu0x051f x_esr5mh6w x_e9989ue4 x_gmail-r7d6kgcz x_gmail-rq0escxv x_gmail-nhd2j8a9 x_gmail-nc684nl6 x_gmail-p7hjln8o x_gmail-kvgmc6g5 x_gmail-cxmmr5t8 x_gmail-oygrvhab x_gmail-hcukyx3x x_gmail-jb3vyjys x_gmail-rz4wbd8a x_gmail-qt6c0cv9 x_gmail-a8nywdso x_gmail-i1ao9s8h x_esuyzwwr x_gmail-f1sip0of x_gmail-lzcic4wl x_gmail-py34i1dx x_gmail-gpro0wi8\" tabindex=\"0\" href=\"https:\/\/youtu.be\/kKUzlOOvBl0?fbclid=IwAR33Xawuv9VsUvrSYpU_tIrC4FuRRIhvpt80zWkGub2ki7X0OT1JFvW5MF4\" target=\"_blank\" rel=\"nofollow noopener noreferrer\" data-auth=\"NotApplicable\" data-linkindex=\"2\">https:\/\/youtu.be\/kKUzlOOvBl0<\/a><\/div>\n<div class=\"x_gmail-o9v6fnle x_gmail-cxmmr5t8 x_gmail-oygrvhab x_gmail-hcukyx3x x_gmail-c1et5uql\"><\/div>\n<div class=\"x_gmail-o9v6fnle x_gmail-cxmmr5t8 x_gmail-oygrvhab x_gmail-hcukyx3x x_gmail-c1et5uql\"><b>Coup de coeur radio france<\/b>:<\/div>\n<div class=\"x_gmail-o9v6fnle x_gmail-cxmmr5t8 x_gmail-oygrvhab x_gmail-hcukyx3x x_gmail-c1et5uql\"><a href=\"https:\/\/www.radiofrance.com\/actualite\/coup-de-coeur-griffonnage\" target=\"_blank\" rel=\"noopener noreferrer\" data-auth=\"NotApplicable\" data-linkindex=\"3\">https:\/\/www.radiofrance.com\/actualite\/coup-de-coeur-griffonnage<\/a><\/div>\n","protected":false},"excerpt":{"rendered":"<p>La commission musiques actuelles de la MCL vous propose ce vendredi \u00e0 21h au caf\u00e9 concert de la MCL, en [&hellip;]<\/p>\n","protected":false},"author":1,"featured_media":54909,"comment_status":"open","ping_status":"open","sticky":false,"template":"","format":"standard","meta":{"footnotes":""},"categories":[20,25],"tags":[4675],"class_list":["post-54908","post","type-post","status-publish","format-standard","has-post-thumbnail","hentry","category-a-la-une","category-gerardmer","tag-mr-pelican"],"acf":[],"yoast_head":"<!-- This site is optimized with the Yoast SEO plugin v22.5 - https:\/\/yoast.com\/wordpress\/plugins\/seo\/ -->\n<title>Concert - MR PELICAN ce Vendredi \u00e0 la MCL de G\u00e9rardmer - Gerardmer Info<\/title>\n<meta name=\"robots\" content=\"index, follow, max-snippet:-1, max-image-preview:large, max-video-preview:-1\" \/>\n<link rel=\"canonical\" href=\"https:\/\/vosgesinfo.fr\/gerardmerinfo\/2021\/09\/concert-mr-pelican-vendredi-a-mcl-de-gerardmer\/\" \/>\n<meta name=\"twitter:card\" content=\"summary_large_image\" \/>\n<meta name=\"twitter:title\" content=\"Concert - MR PELICAN ce Vendredi \u00e0 la MCL de G\u00e9rardmer - Gerardmer Info\" \/>\n<meta name=\"twitter:description\" content=\"La commission musiques actuelles de la MCL vous propose ce vendredi \u00e0 21h au caf\u00e9 concert de la MCL, en [&hellip;]\" \/>\n<meta name=\"twitter:image\" content=\"https:\/\/vosgesinfo.fr\/app\/uploads\/sites\/6\/2024\/07\/202109qg003-1.jpg\" \/>\n<meta name=\"twitter:creator\" content=\"@VosgesInfo88\" \/>\n<meta name=\"twitter:site\" content=\"@VosgesInfo88\" \/>\n<meta name=\"twitter:label1\" content=\"\u00c9crit par\" \/>\n\t<meta name=\"twitter:data1\" content=\"qs_admin\" \/>\n\t<meta name=\"twitter:label2\" content=\"Dur\u00e9e de lecture estim\u00e9e\" \/>\n\t<meta name=\"twitter:data2\" content=\"1 minute\" \/>\n<script type=\"application\/ld+json\" class=\"yoast-schema-graph\">{\"@context\":\"https:\/\/schema.org\",\"@graph\":[{\"@type\":\"Article\",\"@id\":\"https:\/\/vosgesinfo.fr\/gerardmerinfo\/2021\/09\/concert-mr-pelican-vendredi-a-mcl-de-gerardmer\/#article\",\"isPartOf\":{\"@id\":\"https:\/\/vosgesinfo.fr\/gerardmerinfo\/2021\/09\/concert-mr-pelican-vendredi-a-mcl-de-gerardmer\/\"},\"author\":{\"name\":\"qs_admin\",\"@id\":\"https:\/\/vosgesinfo.fr\/gerardmerinfo\/#\/schema\/person\/bc5d02d71e6932e81b6dadb7386667b1\"},\"headline\":\"Concert &#8211; MR PELICAN ce Vendredi \u00e0 la MCL de G\u00e9rardmer\",\"datePublished\":\"2021-09-22T02:01:40+00:00\",\"dateModified\":\"2021-09-22T02:01:40+00:00\",\"mainEntityOfPage\":{\"@id\":\"https:\/\/vosgesinfo.fr\/gerardmerinfo\/2021\/09\/concert-mr-pelican-vendredi-a-mcl-de-gerardmer\/\"},\"wordCount\":145,\"commentCount\":0,\"publisher\":{\"@id\":\"https:\/\/vosgesinfo.fr\/gerardmerinfo\/#organization\"},\"image\":{\"@id\":\"https:\/\/vosgesinfo.fr\/gerardmerinfo\/2021\/09\/concert-mr-pelican-vendredi-a-mcl-de-gerardmer\/#primaryimage\"},\"thumbnailUrl\":\"https:\/\/vosgesinfo.fr\/app\/uploads\/sites\/6\/2024\/07\/202109qg003-1.jpg\",\"keywords\":[\"Mr Pelican\"],\"articleSection\":[\"A la une\",\"G\u00e9rardmer\"],\"inLanguage\":\"fr-FR\",\"potentialAction\":[{\"@type\":\"CommentAction\",\"name\":\"Comment\",\"target\":[\"https:\/\/vosgesinfo.fr\/gerardmerinfo\/2021\/09\/concert-mr-pelican-vendredi-a-mcl-de-gerardmer\/#respond\"]}]},{\"@type\":\"WebPage\",\"@id\":\"https:\/\/vosgesinfo.fr\/gerardmerinfo\/2021\/09\/concert-mr-pelican-vendredi-a-mcl-de-gerardmer\/\",\"url\":\"https:\/\/vosgesinfo.fr\/gerardmerinfo\/2021\/09\/concert-mr-pelican-vendredi-a-mcl-de-gerardmer\/\",\"name\":\"Concert - MR PELICAN ce Vendredi \u00e0 la MCL de G\u00e9rardmer - Gerardmer Info\",\"isPartOf\":{\"@id\":\"https:\/\/vosgesinfo.fr\/gerardmerinfo\/#website\"},\"primaryImageOfPage\":{\"@id\":\"https:\/\/vosgesinfo.fr\/gerardmerinfo\/2021\/09\/concert-mr-pelican-vendredi-a-mcl-de-gerardmer\/#primaryimage\"},\"image\":{\"@id\":\"https:\/\/vosgesinfo.fr\/gerardmerinfo\/2021\/09\/concert-mr-pelican-vendredi-a-mcl-de-gerardmer\/#primaryimage\"},\"thumbnailUrl\":\"https:\/\/vosgesinfo.fr\/app\/uploads\/sites\/6\/2024\/07\/202109qg003-1.jpg\",\"datePublished\":\"2021-09-22T02:01:40+00:00\",\"dateModified\":\"2021-09-22T02:01:40+00:00\",\"breadcrumb\":{\"@id\":\"https:\/\/vosgesinfo.fr\/gerardmerinfo\/2021\/09\/concert-mr-pelican-vendredi-a-mcl-de-gerardmer\/#breadcrumb\"},\"inLanguage\":\"fr-FR\",\"potentialAction\":[{\"@type\":\"ReadAction\",\"target\":[\"https:\/\/vosgesinfo.fr\/gerardmerinfo\/2021\/09\/concert-mr-pelican-vendredi-a-mcl-de-gerardmer\/\"]}]},{\"@type\":\"ImageObject\",\"inLanguage\":\"fr-FR\",\"@id\":\"https:\/\/vosgesinfo.fr\/gerardmerinfo\/2021\/09\/concert-mr-pelican-vendredi-a-mcl-de-gerardmer\/#primaryimage\",\"url\":\"https:\/\/vosgesinfo.fr\/app\/uploads\/sites\/6\/2024\/07\/202109qg003-1.jpg\",\"contentUrl\":\"https:\/\/vosgesinfo.fr\/app\/uploads\/sites\/6\/2024\/07\/202109qg003-1.jpg\",\"width\":800,\"height\":567},{\"@type\":\"BreadcrumbList\",\"@id\":\"https:\/\/vosgesinfo.fr\/gerardmerinfo\/2021\/09\/concert-mr-pelican-vendredi-a-mcl-de-gerardmer\/#breadcrumb\",\"itemListElement\":[{\"@type\":\"ListItem\",\"position\":1,\"name\":\"Home\",\"item\":\"https:\/\/vosgesinfo.fr\/gerardmerinfo\/\"},{\"@type\":\"ListItem\",\"position\":2,\"name\":\"Concert &#8211; MR PELICAN ce Vendredi \u00e0 la MCL de G\u00e9rardmer\"}]},{\"@type\":\"WebSite\",\"@id\":\"https:\/\/vosgesinfo.fr\/gerardmerinfo\/#website\",\"url\":\"https:\/\/vosgesinfo.fr\/gerardmerinfo\/\",\"name\":\"Gerardmer Info\",\"description\":\"Toute l&#039;actualit\u00e9 de G\u00e9rardmer\",\"publisher\":{\"@id\":\"https:\/\/vosgesinfo.fr\/gerardmerinfo\/#organization\"},\"alternateName\":\"Toute l'actualit\u00e9 de G\u00e9rardmer\",\"potentialAction\":[{\"@type\":\"SearchAction\",\"target\":{\"@type\":\"EntryPoint\",\"urlTemplate\":\"https:\/\/vosgesinfo.fr\/gerardmerinfo\/?s={search_term_string}\"},\"query-input\":\"required name=search_term_string\"}],\"inLanguage\":\"fr-FR\"},{\"@type\":\"Organization\",\"@id\":\"https:\/\/vosgesinfo.fr\/gerardmerinfo\/#organization\",\"name\":\"Gerardmer Info\",\"url\":\"https:\/\/vosgesinfo.fr\/gerardmerinfo\/\",\"logo\":{\"@type\":\"ImageObject\",\"inLanguage\":\"fr-FR\",\"@id\":\"https:\/\/vosgesinfo.fr\/gerardmerinfo\/#\/schema\/logo\/image\/\",\"url\":\"https:\/\/vosgesinfo.fr\/app\/uploads\/sites\/6\/2023\/08\/favicon-gerardmerinfo.png\",\"contentUrl\":\"https:\/\/vosgesinfo.fr\/app\/uploads\/sites\/6\/2023\/08\/favicon-gerardmerinfo.png\",\"width\":512,\"height\":512,\"caption\":\"Gerardmer Info\"},\"image\":{\"@id\":\"https:\/\/vosgesinfo.fr\/gerardmerinfo\/#\/schema\/logo\/image\/\"},\"sameAs\":[\"https:\/\/www.facebook.com\/profile.php?id=100049475262660\",\"https:\/\/x.com\/VosgesInfo88\",\"https:\/\/www.youtube.com\/@vosgesinfo\"]},{\"@type\":\"Person\",\"@id\":\"https:\/\/vosgesinfo.fr\/gerardmerinfo\/#\/schema\/person\/bc5d02d71e6932e81b6dadb7386667b1\",\"name\":\"qs_admin\",\"image\":{\"@type\":\"ImageObject\",\"inLanguage\":\"fr-FR\",\"@id\":\"https:\/\/vosgesinfo.fr\/gerardmerinfo\/#\/schema\/person\/image\/\",\"url\":\"https:\/\/secure.gravatar.com\/avatar\/94b18ee0ed79e4a42ea2f2931277b6841a8999fc6fde214600c78057cf1fe1de?s=96&d=mm&r=g\",\"contentUrl\":\"https:\/\/secure.gravatar.com\/avatar\/94b18ee0ed79e4a42ea2f2931277b6841a8999fc6fde214600c78057cf1fe1de?s=96&d=mm&r=g\",\"caption\":\"qs_admin\"},\"sameAs\":[\"https:\/\/vosgesinfo.fr\/wp\"],\"url\":\"https:\/\/vosgesinfo.fr\/gerardmerinfo\/author\/qs_admin\/\"}]}<\/script>\n<!-- \/ Yoast SEO plugin. -->","yoast_head_json":{"title":"Concert - MR PELICAN ce Vendredi \u00e0 la MCL de G\u00e9rardmer - Gerardmer Info","robots":{"index":"index","follow":"follow","max-snippet":"max-snippet:-1","max-image-preview":"max-image-preview:large","max-video-preview":"max-video-preview:-1"},"canonical":"https:\/\/vosgesinfo.fr\/gerardmerinfo\/2021\/09\/concert-mr-pelican-vendredi-a-mcl-de-gerardmer\/","twitter_card":"summary_large_image","twitter_title":"Concert - MR PELICAN ce Vendredi \u00e0 la MCL de G\u00e9rardmer - Gerardmer Info","twitter_description":"La commission musiques actuelles de la MCL vous propose ce vendredi \u00e0 21h au caf\u00e9 concert de la MCL, en [&hellip;]","twitter_image":"https:\/\/vosgesinfo.fr\/app\/uploads\/sites\/6\/2024\/07\/202109qg003-1.jpg","twitter_creator":"@VosgesInfo88","twitter_site":"@VosgesInfo88","twitter_misc":{"\u00c9crit par":"qs_admin","Dur\u00e9e de lecture estim\u00e9e":"1 minute"},"schema":{"@context":"https:\/\/schema.org","@graph":[{"@type":"Article","@id":"https:\/\/vosgesinfo.fr\/gerardmerinfo\/2021\/09\/concert-mr-pelican-vendredi-a-mcl-de-gerardmer\/#article","isPartOf":{"@id":"https:\/\/vosgesinfo.fr\/gerardmerinfo\/2021\/09\/concert-mr-pelican-vendredi-a-mcl-de-gerardmer\/"},"author":{"name":"qs_admin","@id":"https:\/\/vosgesinfo.fr\/gerardmerinfo\/#\/schema\/person\/bc5d02d71e6932e81b6dadb7386667b1"},"headline":"Concert &#8211; MR PELICAN ce Vendredi \u00e0 la MCL de G\u00e9rardmer","datePublished":"2021-09-22T02:01:40+00:00","dateModified":"2021-09-22T02:01:40+00:00","mainEntityOfPage":{"@id":"https:\/\/vosgesinfo.fr\/gerardmerinfo\/2021\/09\/concert-mr-pelican-vendredi-a-mcl-de-gerardmer\/"},"wordCount":145,"commentCount":0,"publisher":{"@id":"https:\/\/vosgesinfo.fr\/gerardmerinfo\/#organization"},"image":{"@id":"https:\/\/vosgesinfo.fr\/gerardmerinfo\/2021\/09\/concert-mr-pelican-vendredi-a-mcl-de-gerardmer\/#primaryimage"},"thumbnailUrl":"https:\/\/vosgesinfo.fr\/app\/uploads\/sites\/6\/2024\/07\/202109qg003-1.jpg","keywords":["Mr Pelican"],"articleSection":["A la une","G\u00e9rardmer"],"inLanguage":"fr-FR","potentialAction":[{"@type":"CommentAction","name":"Comment","target":["https:\/\/vosgesinfo.fr\/gerardmerinfo\/2021\/09\/concert-mr-pelican-vendredi-a-mcl-de-gerardmer\/#respond"]}]},{"@type":"WebPage","@id":"https:\/\/vosgesinfo.fr\/gerardmerinfo\/2021\/09\/concert-mr-pelican-vendredi-a-mcl-de-gerardmer\/","url":"https:\/\/vosgesinfo.fr\/gerardmerinfo\/2021\/09\/concert-mr-pelican-vendredi-a-mcl-de-gerardmer\/","name":"Concert - MR PELICAN ce Vendredi \u00e0 la MCL de G\u00e9rardmer - Gerardmer Info","isPartOf":{"@id":"https:\/\/vosgesinfo.fr\/gerardmerinfo\/#website"},"primaryImageOfPage":{"@id":"https:\/\/vosgesinfo.fr\/gerardmerinfo\/2021\/09\/concert-mr-pelican-vendredi-a-mcl-de-gerardmer\/#primaryimage"},"image":{"@id":"https:\/\/vosgesinfo.fr\/gerardmerinfo\/2021\/09\/concert-mr-pelican-vendredi-a-mcl-de-gerardmer\/#primaryimage"},"thumbnailUrl":"https:\/\/vosgesinfo.fr\/app\/uploads\/sites\/6\/2024\/07\/202109qg003-1.jpg","datePublished":"2021-09-22T02:01:40+00:00","dateModified":"2021-09-22T02:01:40+00:00","breadcrumb":{"@id":"https:\/\/vosgesinfo.fr\/gerardmerinfo\/2021\/09\/concert-mr-pelican-vendredi-a-mcl-de-gerardmer\/#breadcrumb"},"inLanguage":"fr-FR","potentialAction":[{"@type":"ReadAction","target":["https:\/\/vosgesinfo.fr\/gerardmerinfo\/2021\/09\/concert-mr-pelican-vendredi-a-mcl-de-gerardmer\/"]}]},{"@type":"ImageObject","inLanguage":"fr-FR","@id":"https:\/\/vosgesinfo.fr\/gerardmerinfo\/2021\/09\/concert-mr-pelican-vendredi-a-mcl-de-gerardmer\/#primaryimage","url":"https:\/\/vosgesinfo.fr\/app\/uploads\/sites\/6\/2024\/07\/202109qg003-1.jpg","contentUrl":"https:\/\/vosgesinfo.fr\/app\/uploads\/sites\/6\/2024\/07\/202109qg003-1.jpg","width":800,"height":567},{"@type":"BreadcrumbList","@id":"https:\/\/vosgesinfo.fr\/gerardmerinfo\/2021\/09\/concert-mr-pelican-vendredi-a-mcl-de-gerardmer\/#breadcrumb","itemListElement":[{"@type":"ListItem","position":1,"name":"Home","item":"https:\/\/vosgesinfo.fr\/gerardmerinfo\/"},{"@type":"ListItem","position":2,"name":"Concert &#8211; MR PELICAN ce Vendredi \u00e0 la MCL de G\u00e9rardmer"}]},{"@type":"WebSite","@id":"https:\/\/vosgesinfo.fr\/gerardmerinfo\/#website","url":"https:\/\/vosgesinfo.fr\/gerardmerinfo\/","name":"Gerardmer Info","description":"Toute l&#039;actualit\u00e9 de G\u00e9rardmer","publisher":{"@id":"https:\/\/vosgesinfo.fr\/gerardmerinfo\/#organization"},"alternateName":"Toute l'actualit\u00e9 de G\u00e9rardmer","potentialAction":[{"@type":"SearchAction","target":{"@type":"EntryPoint","urlTemplate":"https:\/\/vosgesinfo.fr\/gerardmerinfo\/?s={search_term_string}"},"query-input":"required name=search_term_string"}],"inLanguage":"fr-FR"},{"@type":"Organization","@id":"https:\/\/vosgesinfo.fr\/gerardmerinfo\/#organization","name":"Gerardmer Info","url":"https:\/\/vosgesinfo.fr\/gerardmerinfo\/","logo":{"@type":"ImageObject","inLanguage":"fr-FR","@id":"https:\/\/vosgesinfo.fr\/gerardmerinfo\/#\/schema\/logo\/image\/","url":"https:\/\/vosgesinfo.fr\/app\/uploads\/sites\/6\/2023\/08\/favicon-gerardmerinfo.png","contentUrl":"https:\/\/vosgesinfo.fr\/app\/uploads\/sites\/6\/2023\/08\/favicon-gerardmerinfo.png","width":512,"height":512,"caption":"Gerardmer Info"},"image":{"@id":"https:\/\/vosgesinfo.fr\/gerardmerinfo\/#\/schema\/logo\/image\/"},"sameAs":["https:\/\/www.facebook.com\/profile.php?id=100049475262660","https:\/\/x.com\/VosgesInfo88","https:\/\/www.youtube.com\/@vosgesinfo"]},{"@type":"Person","@id":"https:\/\/vosgesinfo.fr\/gerardmerinfo\/#\/schema\/person\/bc5d02d71e6932e81b6dadb7386667b1","name":"qs_admin","image":{"@type":"ImageObject","inLanguage":"fr-FR","@id":"https:\/\/vosgesinfo.fr\/gerardmerinfo\/#\/schema\/person\/image\/","url":"https:\/\/secure.gravatar.com\/avatar\/94b18ee0ed79e4a42ea2f2931277b6841a8999fc6fde214600c78057cf1fe1de?s=96&d=mm&r=g","contentUrl":"https:\/\/secure.gravatar.com\/avatar\/94b18ee0ed79e4a42ea2f2931277b6841a8999fc6fde214600c78057cf1fe1de?s=96&d=mm&r=g","caption":"qs_admin"},"sameAs":["https:\/\/vosgesinfo.fr\/wp"],"url":"https:\/\/vosgesinfo.fr\/gerardmerinfo\/author\/qs_admin\/"}]}},"_links":{"self":[{"href":"https:\/\/vosgesinfo.fr\/gerardmerinfo\/wp-json\/wp\/v2\/posts\/54908","targetHints":{"allow":["GET"]}}],"collection":[{"href":"https:\/\/vosgesinfo.fr\/gerardmerinfo\/wp-json\/wp\/v2\/posts"}],"about":[{"href":"https:\/\/vosgesinfo.fr\/gerardmerinfo\/wp-json\/wp\/v2\/types\/post"}],"author":[{"embeddable":true,"href":"https:\/\/vosgesinfo.fr\/gerardmerinfo\/wp-json\/wp\/v2\/users\/1"}],"replies":[{"embeddable":true,"href":"https:\/\/vosgesinfo.fr\/gerardmerinfo\/wp-json\/wp\/v2\/comments?post=54908"}],"version-history":[{"count":0,"href":"https:\/\/vosgesinfo.fr\/gerardmerinfo\/wp-json\/wp\/v2\/posts\/54908\/revisions"}],"wp:featuredmedia":[{"embeddable":true,"href":"https:\/\/vosgesinfo.fr\/gerardmerinfo\/wp-json\/wp\/v2\/media\/54909"}],"wp:attachment":[{"href":"https:\/\/vosgesinfo.fr\/gerardmerinfo\/wp-json\/wp\/v2\/media?parent=54908"}],"wp:term":[{"taxonomy":"category","embeddable":true,"href":"https:\/\/vosgesinfo.fr\/gerardmerinfo\/wp-json\/wp\/v2\/categories?post=54908"},{"taxonomy":"post_tag","embeddable":true,"href":"https:\/\/vosgesinfo.fr\/gerardmerinfo\/wp-json\/wp\/v2\/tags?post=54908"}],"curies":[{"name":"wp","href":"https:\/\/api.w.org\/{rel}","templated":true}]}}