{"id":5506,"date":"2023-11-26T13:15:16","date_gmt":"2023-11-26T12:15:16","guid":{"rendered":"https:\/\/vosgesinfo.fr\/gerardmerinfo\/2023\/11\/don-sang-tholy-lundi-27-novembre\/"},"modified":"2023-11-26T13:15:16","modified_gmt":"2023-11-26T12:15:16","slug":"don-sang-tholy-lundi-27-novembre","status":"publish","type":"post","link":"https:\/\/vosgesinfo.fr\/gerardmerinfo\/2023\/11\/don-sang-tholy-lundi-27-novembre\/","title":{"rendered":"Don du Sang &#8211; Le Tholy, lundi 27 novembre"},"content":{"rendered":"<p><a href=\"https:\/\/gerardmerinfo.fr\/wp-content\/uploads\/2016\/05\/don_du_sang_5012.jpg\"><img decoding=\"async\" class=\"aligncenter size-medium wp-image-83555\" src=\"https:\/\/vosgesinfo.fr\/app\/uploads\/sites\/6\/2016\/05\/don-du-sang-5012-400x241-1.jpg\" alt=\"don_du_sang logo\" width=\"400\" height=\"241\" \/><\/a><\/p>\n<h3 style=\"text-align: center;\">Communiqu\u00e9<\/h3>\n<p>\u00ab\u00a0Hello<br \/>\nComment allez-vous ? Si votre r\u00e9ponse est positive, si vous \u00eates en bonne forme, alors nous vous attendons nombreux \u00e0 la prochaine collecte :<br \/>\nNe venez pas seul, invitez vos amis, vos voisins, vos coll\u00e8gues<br \/>\nCette collecte vous concerne, ne comptez pas sur les autres\u2026<br \/>\nVenez m\u00eame sans rendez-vous, nous vous attendons et nous serons tr\u00e8s heureux de vous accueillir le :<br \/>\nLundi 27 novembre 2023 entre 16h et 19h30<br \/>\nAu Tholy, salle polyvalente, 2 Route du Petit Paradis<\/p>\n<p>Vous qui \u00eates en bonne sant\u00e9, sachez que l\u2019on choisit le moment de donner, mais pas celui d\u2019en recevoir.<\/p>\n<p>Chaque don est pr\u00e9cieux car il permet de sauver 3 vies !<br \/>\nLe sang ne se conserve que 42 jours et il faut toujours refaire sans cesse des collectes pour renouveler les stocks.<br \/>\nDe l\u2019inscription \u00e0 la pause, pr\u00e9voyez entre 45 min et 1h.<br \/>\nPour donner votre sang, il faut :<br \/>\n&#8211; Se munir d\u2019une pi\u00e8ce d\u2019identit\u00e9<br \/>\n&#8211; \u00eatre \u00e2g\u00e9 de 18 \u00e0 70 ans<br \/>\n&#8211; \u00eatre bien hydrat\u00e9 (e) et ne pas \u00eatre \u00e0 jeun<br \/>\n&#8211; Peser au moins 50 kg<br \/>\nApr\u00e8s votre don, vous restez au moins 20 mn dans l\u2019espace collation afin de bien vous hydrater et de vous restaurer dans une ambiance conviviale<br \/>\nMerci de faire le partage sur les r\u00e9seaux sociaux, tous mobilis\u00e9s pour sauver des vies\u2026<br \/>\nA tr\u00e8s bient\u00f4t,<\/p>\n<p>PS : Pour en savoir plus, l\u2019EFS vous invite \u00e0 t\u00e9l\u00e9charger l\u2019application \u00ab Don de sang \u00bb<\/p>\n<p>Notez d\u00e8s \u00e0 pr\u00e9sent la date de la prochaine collecte au Tholy : le vendredi 23 f\u00e9vrier 2024, m\u00eame lieu, m\u00eames horaires.\u00a0\u00bb<\/p>\n","protected":false},"excerpt":{"rendered":"<p>Communiqu\u00e9 \u00ab\u00a0Hello Comment allez-vous ? Si votre r\u00e9ponse est positive, si vous \u00eates en bonne forme, alors nous vous attendons [&hellip;]<\/p>\n","protected":false},"author":140,"featured_media":5507,"comment_status":"open","ping_status":"open","sticky":false,"template":"","format":"standard","meta":{"footnotes":""},"categories":[24,1,26,17],"tags":[],"class_list":["post-5506","post","type-post","status-publish","format-standard","has-post-thumbnail","hentry","category-evenements","category-non-classe","category-solidarite","category-vie-associative"],"acf":[],"yoast_head":"<!-- This site is optimized with the Yoast SEO plugin v22.5 - https:\/\/yoast.com\/wordpress\/plugins\/seo\/ -->\n<title>Don du Sang - Le Tholy, lundi 27 novembre - Gerardmer Info<\/title>\n<meta name=\"robots\" content=\"index, follow, max-snippet:-1, max-image-preview:large, max-video-preview:-1\" \/>\n<link rel=\"canonical\" href=\"https:\/\/vosgesinfo.fr\/gerardmerinfo\/2023\/11\/don-sang-tholy-lundi-27-novembre\/\" \/>\n<meta name=\"twitter:card\" content=\"summary_large_image\" \/>\n<meta name=\"twitter:title\" content=\"Don du Sang - Le Tholy, lundi 27 novembre - Gerardmer Info\" \/>\n<meta name=\"twitter:description\" content=\"Communiqu\u00e9 \u00ab\u00a0Hello Comment allez-vous ? Si votre r\u00e9ponse est positive, si vous \u00eates en bonne forme, alors nous vous attendons [&hellip;]\" \/>\n<meta name=\"twitter:image\" content=\"https:\/\/vosgesinfo.fr\/app\/uploads\/sites\/6\/2023\/11\/affiche-collecte-27-11-2023-avec-annee-r.jpg\" \/>\n<meta name=\"twitter:creator\" content=\"@VosgesInfo88\" \/>\n<meta name=\"twitter:site\" content=\"@VosgesInfo88\" \/>\n<meta name=\"twitter:label1\" content=\"\u00c9crit par\" \/>\n\t<meta name=\"twitter:data1\" content=\"Amicale des donneurs de sang benevoles du Tholy et des environs\" \/>\n\t<meta name=\"twitter:label2\" content=\"Dur\u00e9e de lecture estim\u00e9e\" \/>\n\t<meta name=\"twitter:data2\" content=\"1 minute\" \/>\n<script type=\"application\/ld+json\" class=\"yoast-schema-graph\">{\"@context\":\"https:\/\/schema.org\",\"@graph\":[{\"@type\":\"Article\",\"@id\":\"https:\/\/vosgesinfo.fr\/gerardmerinfo\/2023\/11\/don-sang-tholy-lundi-27-novembre\/#article\",\"isPartOf\":{\"@id\":\"https:\/\/vosgesinfo.fr\/gerardmerinfo\/2023\/11\/don-sang-tholy-lundi-27-novembre\/\"},\"author\":{\"name\":\"Amicale des donneurs de sang benevoles du Tholy et des environs\",\"@id\":\"https:\/\/vosgesinfo.fr\/gerardmerinfo\/#\/schema\/person\/9c7db3d3c38d401899d2cf00ae2fa446\"},\"headline\":\"Don du Sang &#8211; Le Tholy, lundi 27 novembre\",\"datePublished\":\"2023-11-26T12:15:16+00:00\",\"dateModified\":\"2023-11-26T12:15:16+00:00\",\"mainEntityOfPage\":{\"@id\":\"https:\/\/vosgesinfo.fr\/gerardmerinfo\/2023\/11\/don-sang-tholy-lundi-27-novembre\/\"},\"wordCount\":272,\"commentCount\":0,\"publisher\":{\"@id\":\"https:\/\/vosgesinfo.fr\/gerardmerinfo\/#organization\"},\"image\":{\"@id\":\"https:\/\/vosgesinfo.fr\/gerardmerinfo\/2023\/11\/don-sang-tholy-lundi-27-novembre\/#primaryimage\"},\"thumbnailUrl\":\"https:\/\/vosgesinfo.fr\/app\/uploads\/sites\/6\/2023\/11\/affiche-collecte-27-11-2023-avec-annee-r.jpg\",\"articleSection\":{\"0\":\"Ev\u00e8nements\",\"2\":\"solidarit\u00e9\",\"3\":\"Vie Associative\"},\"inLanguage\":\"fr-FR\",\"potentialAction\":[{\"@type\":\"CommentAction\",\"name\":\"Comment\",\"target\":[\"https:\/\/vosgesinfo.fr\/gerardmerinfo\/2023\/11\/don-sang-tholy-lundi-27-novembre\/#respond\"]}]},{\"@type\":\"WebPage\",\"@id\":\"https:\/\/vosgesinfo.fr\/gerardmerinfo\/2023\/11\/don-sang-tholy-lundi-27-novembre\/\",\"url\":\"https:\/\/vosgesinfo.fr\/gerardmerinfo\/2023\/11\/don-sang-tholy-lundi-27-novembre\/\",\"name\":\"Don du Sang - Le Tholy, lundi 27 novembre - Gerardmer Info\",\"isPartOf\":{\"@id\":\"https:\/\/vosgesinfo.fr\/gerardmerinfo\/#website\"},\"primaryImageOfPage\":{\"@id\":\"https:\/\/vosgesinfo.fr\/gerardmerinfo\/2023\/11\/don-sang-tholy-lundi-27-novembre\/#primaryimage\"},\"image\":{\"@id\":\"https:\/\/vosgesinfo.fr\/gerardmerinfo\/2023\/11\/don-sang-tholy-lundi-27-novembre\/#primaryimage\"},\"thumbnailUrl\":\"https:\/\/vosgesinfo.fr\/app\/uploads\/sites\/6\/2023\/11\/affiche-collecte-27-11-2023-avec-annee-r.jpg\",\"datePublished\":\"2023-11-26T12:15:16+00:00\",\"dateModified\":\"2023-11-26T12:15:16+00:00\",\"breadcrumb\":{\"@id\":\"https:\/\/vosgesinfo.fr\/gerardmerinfo\/2023\/11\/don-sang-tholy-lundi-27-novembre\/#breadcrumb\"},\"inLanguage\":\"fr-FR\",\"potentialAction\":[{\"@type\":\"ReadAction\",\"target\":[\"https:\/\/vosgesinfo.fr\/gerardmerinfo\/2023\/11\/don-sang-tholy-lundi-27-novembre\/\"]}]},{\"@type\":\"ImageObject\",\"inLanguage\":\"fr-FR\",\"@id\":\"https:\/\/vosgesinfo.fr\/gerardmerinfo\/2023\/11\/don-sang-tholy-lundi-27-novembre\/#primaryimage\",\"url\":\"https:\/\/vosgesinfo.fr\/app\/uploads\/sites\/6\/2023\/11\/affiche-collecte-27-11-2023-avec-annee-r.jpg\",\"contentUrl\":\"https:\/\/vosgesinfo.fr\/app\/uploads\/sites\/6\/2023\/11\/affiche-collecte-27-11-2023-avec-annee-r.jpg\"},{\"@type\":\"BreadcrumbList\",\"@id\":\"https:\/\/vosgesinfo.fr\/gerardmerinfo\/2023\/11\/don-sang-tholy-lundi-27-novembre\/#breadcrumb\",\"itemListElement\":[{\"@type\":\"ListItem\",\"position\":1,\"name\":\"Home\",\"item\":\"https:\/\/vosgesinfo.fr\/gerardmerinfo\/\"},{\"@type\":\"ListItem\",\"position\":2,\"name\":\"Don du Sang &#8211; Le Tholy, lundi 27 novembre\"}]},{\"@type\":\"WebSite\",\"@id\":\"https:\/\/vosgesinfo.fr\/gerardmerinfo\/#website\",\"url\":\"https:\/\/vosgesinfo.fr\/gerardmerinfo\/\",\"name\":\"Gerardmer Info\",\"description\":\"Toute l&#039;actualit\u00e9 de G\u00e9rardmer\",\"publisher\":{\"@id\":\"https:\/\/vosgesinfo.fr\/gerardmerinfo\/#organization\"},\"alternateName\":\"Toute l'actualit\u00e9 de G\u00e9rardmer\",\"potentialAction\":[{\"@type\":\"SearchAction\",\"target\":{\"@type\":\"EntryPoint\",\"urlTemplate\":\"https:\/\/vosgesinfo.fr\/gerardmerinfo\/?s={search_term_string}\"},\"query-input\":\"required name=search_term_string\"}],\"inLanguage\":\"fr-FR\"},{\"@type\":\"Organization\",\"@id\":\"https:\/\/vosgesinfo.fr\/gerardmerinfo\/#organization\",\"name\":\"Gerardmer Info\",\"url\":\"https:\/\/vosgesinfo.fr\/gerardmerinfo\/\",\"logo\":{\"@type\":\"ImageObject\",\"inLanguage\":\"fr-FR\",\"@id\":\"https:\/\/vosgesinfo.fr\/gerardmerinfo\/#\/schema\/logo\/image\/\",\"url\":\"https:\/\/vosgesinfo.fr\/app\/uploads\/sites\/6\/2023\/08\/favicon-gerardmerinfo.png\",\"contentUrl\":\"https:\/\/vosgesinfo.fr\/app\/uploads\/sites\/6\/2023\/08\/favicon-gerardmerinfo.png\",\"width\":512,\"height\":512,\"caption\":\"Gerardmer Info\"},\"image\":{\"@id\":\"https:\/\/vosgesinfo.fr\/gerardmerinfo\/#\/schema\/logo\/image\/\"},\"sameAs\":[\"https:\/\/www.facebook.com\/profile.php?id=100049475262660\",\"https:\/\/x.com\/VosgesInfo88\",\"https:\/\/www.youtube.com\/@vosgesinfo\"]},{\"@type\":\"Person\",\"@id\":\"https:\/\/vosgesinfo.fr\/gerardmerinfo\/#\/schema\/person\/9c7db3d3c38d401899d2cf00ae2fa446\",\"name\":\"Amicale des donneurs de sang benevoles du Tholy et des environs\",\"image\":{\"@type\":\"ImageObject\",\"inLanguage\":\"fr-FR\",\"@id\":\"https:\/\/vosgesinfo.fr\/gerardmerinfo\/#\/schema\/person\/image\/\",\"url\":\"https:\/\/secure.gravatar.com\/avatar\/a5450dd5571df47dc9897da400ae7deb1e898351ef30cc2299b3a99c5906c9ea?s=96&d=mm&r=g\",\"contentUrl\":\"https:\/\/secure.gravatar.com\/avatar\/a5450dd5571df47dc9897da400ae7deb1e898351ef30cc2299b3a99c5906c9ea?s=96&d=mm&r=g\",\"caption\":\"Amicale des donneurs de sang benevoles du Tholy et des environs\"},\"description\":\"Notre amicale a pour but de r\u00e9unir tous les Donneurs de Sang B\u00e9n\u00e9voles du Tholy et des environs pour regrouper les bonnes volont\u00e9s pour la Promotion du don du sang et l'organisation des collectes.\",\"url\":\"https:\/\/vosgesinfo.fr\/gerardmerinfo\/author\/amicale-des-donneurs-de-sang-benevoles-du-tholy-et\/\"}]}<\/script>\n<!-- \/ Yoast SEO plugin. -->","yoast_head_json":{"title":"Don du Sang - Le Tholy, lundi 27 novembre - Gerardmer Info","robots":{"index":"index","follow":"follow","max-snippet":"max-snippet:-1","max-image-preview":"max-image-preview:large","max-video-preview":"max-video-preview:-1"},"canonical":"https:\/\/vosgesinfo.fr\/gerardmerinfo\/2023\/11\/don-sang-tholy-lundi-27-novembre\/","twitter_card":"summary_large_image","twitter_title":"Don du Sang - Le Tholy, lundi 27 novembre - Gerardmer Info","twitter_description":"Communiqu\u00e9 \u00ab\u00a0Hello Comment allez-vous ? Si votre r\u00e9ponse est positive, si vous \u00eates en bonne forme, alors nous vous attendons [&hellip;]","twitter_image":"https:\/\/vosgesinfo.fr\/app\/uploads\/sites\/6\/2023\/11\/affiche-collecte-27-11-2023-avec-annee-r.jpg","twitter_creator":"@VosgesInfo88","twitter_site":"@VosgesInfo88","twitter_misc":{"\u00c9crit par":"Amicale des donneurs de sang benevoles du Tholy et des environs","Dur\u00e9e de lecture estim\u00e9e":"1 minute"},"schema":{"@context":"https:\/\/schema.org","@graph":[{"@type":"Article","@id":"https:\/\/vosgesinfo.fr\/gerardmerinfo\/2023\/11\/don-sang-tholy-lundi-27-novembre\/#article","isPartOf":{"@id":"https:\/\/vosgesinfo.fr\/gerardmerinfo\/2023\/11\/don-sang-tholy-lundi-27-novembre\/"},"author":{"name":"Amicale des donneurs de sang benevoles du Tholy et des environs","@id":"https:\/\/vosgesinfo.fr\/gerardmerinfo\/#\/schema\/person\/9c7db3d3c38d401899d2cf00ae2fa446"},"headline":"Don du Sang &#8211; Le Tholy, lundi 27 novembre","datePublished":"2023-11-26T12:15:16+00:00","dateModified":"2023-11-26T12:15:16+00:00","mainEntityOfPage":{"@id":"https:\/\/vosgesinfo.fr\/gerardmerinfo\/2023\/11\/don-sang-tholy-lundi-27-novembre\/"},"wordCount":272,"commentCount":0,"publisher":{"@id":"https:\/\/vosgesinfo.fr\/gerardmerinfo\/#organization"},"image":{"@id":"https:\/\/vosgesinfo.fr\/gerardmerinfo\/2023\/11\/don-sang-tholy-lundi-27-novembre\/#primaryimage"},"thumbnailUrl":"https:\/\/vosgesinfo.fr\/app\/uploads\/sites\/6\/2023\/11\/affiche-collecte-27-11-2023-avec-annee-r.jpg","articleSection":{"0":"Ev\u00e8nements","2":"solidarit\u00e9","3":"Vie Associative"},"inLanguage":"fr-FR","potentialAction":[{"@type":"CommentAction","name":"Comment","target":["https:\/\/vosgesinfo.fr\/gerardmerinfo\/2023\/11\/don-sang-tholy-lundi-27-novembre\/#respond"]}]},{"@type":"WebPage","@id":"https:\/\/vosgesinfo.fr\/gerardmerinfo\/2023\/11\/don-sang-tholy-lundi-27-novembre\/","url":"https:\/\/vosgesinfo.fr\/gerardmerinfo\/2023\/11\/don-sang-tholy-lundi-27-novembre\/","name":"Don du Sang - Le Tholy, lundi 27 novembre - Gerardmer Info","isPartOf":{"@id":"https:\/\/vosgesinfo.fr\/gerardmerinfo\/#website"},"primaryImageOfPage":{"@id":"https:\/\/vosgesinfo.fr\/gerardmerinfo\/2023\/11\/don-sang-tholy-lundi-27-novembre\/#primaryimage"},"image":{"@id":"https:\/\/vosgesinfo.fr\/gerardmerinfo\/2023\/11\/don-sang-tholy-lundi-27-novembre\/#primaryimage"},"thumbnailUrl":"https:\/\/vosgesinfo.fr\/app\/uploads\/sites\/6\/2023\/11\/affiche-collecte-27-11-2023-avec-annee-r.jpg","datePublished":"2023-11-26T12:15:16+00:00","dateModified":"2023-11-26T12:15:16+00:00","breadcrumb":{"@id":"https:\/\/vosgesinfo.fr\/gerardmerinfo\/2023\/11\/don-sang-tholy-lundi-27-novembre\/#breadcrumb"},"inLanguage":"fr-FR","potentialAction":[{"@type":"ReadAction","target":["https:\/\/vosgesinfo.fr\/gerardmerinfo\/2023\/11\/don-sang-tholy-lundi-27-novembre\/"]}]},{"@type":"ImageObject","inLanguage":"fr-FR","@id":"https:\/\/vosgesinfo.fr\/gerardmerinfo\/2023\/11\/don-sang-tholy-lundi-27-novembre\/#primaryimage","url":"https:\/\/vosgesinfo.fr\/app\/uploads\/sites\/6\/2023\/11\/affiche-collecte-27-11-2023-avec-annee-r.jpg","contentUrl":"https:\/\/vosgesinfo.fr\/app\/uploads\/sites\/6\/2023\/11\/affiche-collecte-27-11-2023-avec-annee-r.jpg"},{"@type":"BreadcrumbList","@id":"https:\/\/vosgesinfo.fr\/gerardmerinfo\/2023\/11\/don-sang-tholy-lundi-27-novembre\/#breadcrumb","itemListElement":[{"@type":"ListItem","position":1,"name":"Home","item":"https:\/\/vosgesinfo.fr\/gerardmerinfo\/"},{"@type":"ListItem","position":2,"name":"Don du Sang &#8211; Le Tholy, lundi 27 novembre"}]},{"@type":"WebSite","@id":"https:\/\/vosgesinfo.fr\/gerardmerinfo\/#website","url":"https:\/\/vosgesinfo.fr\/gerardmerinfo\/","name":"Gerardmer Info","description":"Toute l&#039;actualit\u00e9 de G\u00e9rardmer","publisher":{"@id":"https:\/\/vosgesinfo.fr\/gerardmerinfo\/#organization"},"alternateName":"Toute l'actualit\u00e9 de G\u00e9rardmer","potentialAction":[{"@type":"SearchAction","target":{"@type":"EntryPoint","urlTemplate":"https:\/\/vosgesinfo.fr\/gerardmerinfo\/?s={search_term_string}"},"query-input":"required name=search_term_string"}],"inLanguage":"fr-FR"},{"@type":"Organization","@id":"https:\/\/vosgesinfo.fr\/gerardmerinfo\/#organization","name":"Gerardmer Info","url":"https:\/\/vosgesinfo.fr\/gerardmerinfo\/","logo":{"@type":"ImageObject","inLanguage":"fr-FR","@id":"https:\/\/vosgesinfo.fr\/gerardmerinfo\/#\/schema\/logo\/image\/","url":"https:\/\/vosgesinfo.fr\/app\/uploads\/sites\/6\/2023\/08\/favicon-gerardmerinfo.png","contentUrl":"https:\/\/vosgesinfo.fr\/app\/uploads\/sites\/6\/2023\/08\/favicon-gerardmerinfo.png","width":512,"height":512,"caption":"Gerardmer Info"},"image":{"@id":"https:\/\/vosgesinfo.fr\/gerardmerinfo\/#\/schema\/logo\/image\/"},"sameAs":["https:\/\/www.facebook.com\/profile.php?id=100049475262660","https:\/\/x.com\/VosgesInfo88","https:\/\/www.youtube.com\/@vosgesinfo"]},{"@type":"Person","@id":"https:\/\/vosgesinfo.fr\/gerardmerinfo\/#\/schema\/person\/9c7db3d3c38d401899d2cf00ae2fa446","name":"Amicale des donneurs de sang benevoles du Tholy et des environs","image":{"@type":"ImageObject","inLanguage":"fr-FR","@id":"https:\/\/vosgesinfo.fr\/gerardmerinfo\/#\/schema\/person\/image\/","url":"https:\/\/secure.gravatar.com\/avatar\/a5450dd5571df47dc9897da400ae7deb1e898351ef30cc2299b3a99c5906c9ea?s=96&d=mm&r=g","contentUrl":"https:\/\/secure.gravatar.com\/avatar\/a5450dd5571df47dc9897da400ae7deb1e898351ef30cc2299b3a99c5906c9ea?s=96&d=mm&r=g","caption":"Amicale des donneurs de sang benevoles du Tholy et des environs"},"description":"Notre amicale a pour but de r\u00e9unir tous les Donneurs de Sang B\u00e9n\u00e9voles du Tholy et des environs pour regrouper les bonnes volont\u00e9s pour la Promotion du don du sang et l'organisation des collectes.","url":"https:\/\/vosgesinfo.fr\/gerardmerinfo\/author\/amicale-des-donneurs-de-sang-benevoles-du-tholy-et\/"}]}},"_links":{"self":[{"href":"https:\/\/vosgesinfo.fr\/gerardmerinfo\/wp-json\/wp\/v2\/posts\/5506","targetHints":{"allow":["GET"]}}],"collection":[{"href":"https:\/\/vosgesinfo.fr\/gerardmerinfo\/wp-json\/wp\/v2\/posts"}],"about":[{"href":"https:\/\/vosgesinfo.fr\/gerardmerinfo\/wp-json\/wp\/v2\/types\/post"}],"author":[{"embeddable":true,"href":"https:\/\/vosgesinfo.fr\/gerardmerinfo\/wp-json\/wp\/v2\/users\/140"}],"replies":[{"embeddable":true,"href":"https:\/\/vosgesinfo.fr\/gerardmerinfo\/wp-json\/wp\/v2\/comments?post=5506"}],"version-history":[{"count":0,"href":"https:\/\/vosgesinfo.fr\/gerardmerinfo\/wp-json\/wp\/v2\/posts\/5506\/revisions"}],"wp:featuredmedia":[{"embeddable":true,"href":"https:\/\/vosgesinfo.fr\/gerardmerinfo\/wp-json\/wp\/v2\/media\/5507"}],"wp:attachment":[{"href":"https:\/\/vosgesinfo.fr\/gerardmerinfo\/wp-json\/wp\/v2\/media?parent=5506"}],"wp:term":[{"taxonomy":"category","embeddable":true,"href":"https:\/\/vosgesinfo.fr\/gerardmerinfo\/wp-json\/wp\/v2\/categories?post=5506"},{"taxonomy":"post_tag","embeddable":true,"href":"https:\/\/vosgesinfo.fr\/gerardmerinfo\/wp-json\/wp\/v2\/tags?post=5506"}],"curies":[{"name":"wp","href":"https:\/\/api.w.org\/{rel}","templated":true}]}}