{"id":55324,"date":"2021-10-14T16:02:05","date_gmt":"2021-10-14T14:02:05","guid":{"rendered":"https:\/\/vosgesinfo.fr\/gerardmerinfo\/2021\/10\/sang-autres-forte-mobilisation-cette-collecte-automnale\/"},"modified":"2021-10-14T16:02:05","modified_gmt":"2021-10-14T14:02:05","slug":"sang-autres-forte-mobilisation-cette-collecte-automnale","status":"publish","type":"post","link":"https:\/\/vosgesinfo.fr\/gerardmerinfo\/2021\/10\/sang-autres-forte-mobilisation-cette-collecte-automnale\/","title":{"rendered":"\u00ab\u00a0Mon Sang Pour les Autres\u00a0\u00bb : forte mobilisation pour cette collecte automnale"},"content":{"rendered":"<h3><img decoding=\"async\" class=\"aligncenter size-full wp-image-181104\" src=\"\/2021\/10\/Don-du-sang-rotary.jpg\" alt=\"Don du sang rotary\" width=\"800\" height=\"600\" \/><\/h3>\n<h3><\/h3>\n<h3>La d\u00e9sormais traditionnelle collecte de sang organis\u00e9e en partenariat avec le Rotary club a remport\u00e9 un v\u00e9ritable succ\u00e8s ce mercredi du c\u00f4t\u00e9 de la Halle des Sports. Il y avait danger au niveau des stocks et les donneurs ont r\u00e9pondu pr\u00e9sent ainsi que plusieurs petits nouveaux qui sont venus renforcer les rangs des habitu\u00e9s du rendez-vous !<\/h3>\n<p>Au final, c&rsquo;est donc une collecte qui va largement au-del\u00e0 des attentes de l&rsquo;EFS malgr\u00e9 quelques petits soucis organisationnels sans lesquels les chiffres seraient encore meilleurs, c&rsquo;est dire si la mobilisation a \u00e9t\u00e9 forte. En effet, l&rsquo;apr\u00e8s-midi, de nombreux Donneurs ayant pris rendez-vous n&rsquo;ont pas pas pu \u00eatre pris en charge, et un certain nombre est reparti m\u00e9content, ce qui se comprend ais\u00e9ment m\u00eame si l&rsquo;amicale locale n&rsquo;y pouvait rien changer.<\/p>\n<div id=\"attachment_181106\" style=\"width: 410px\" class=\"wp-caption alignright\"><img decoding=\"async\" aria-describedby=\"caption-attachment-181106\" class=\"size-medium wp-image-181106\" src=\"\/2021\/10\/Tessa-1\u00e8re-Dauphine-avec-les-B\u00e9n\u00e9voles-lors-de-la-collecte-du-13-oct-2021--400x185.jpg\" alt=\"Elle montre l'eemple : merci \u00e0 Tessa, 1\u00e8re Dauphine avec les B\u00e9n\u00e9voles\" width=\"400\" height=\"185\" \/><p id=\"caption-attachment-181106\" class=\"wp-caption-text\">Elle montre l&rsquo;exemple : merci \u00e0 Tessa, 1\u00e8re Dauphine avec les B\u00e9n\u00e9voles<\/p><\/div>\n<p>\u00ab\u00a0<em>A la d\u00e9charge de l&rsquo;EFS, c&rsquo;est la premi\u00e8re fois qu&rsquo;une collecte avec rendez-vous \u00e9tait mise en place et la g\u00e9n\u00e9rosit\u00e9 des Donneurs du secteur de G\u00e9rardmer-Xonrupt-Li\u00e9zey et m\u00eame bien au-del\u00e0, a fait venir beaucoup plus de volontaires que pr\u00e9vu. Ajoutons \u00e0 cela que la crise sanitaire impose des mesures strictes (ex : d\u00e9sinfection du mat\u00e9riel apr\u00e8s chaque Donneur&#8230;) qui augmentent le temps \u00e0 consacrer pour chacun. Enfin, la non inclusion de l&rsquo;EFS dans le S\u00e9gur de la Sant\u00e9 et l&rsquo;obligation vaccinale pour les personnels provoquent une h\u00e9morragie des \u00e9quipes \u00e0 l&rsquo;EFS comme dans tous les secteurs de la Sant\u00e9. Dans tous les cas, nous remercions toutes celles et ceux qui ont r\u00e9pondu et particuli\u00e8rement s&rsquo;ils ont eu la patience d&rsquo;attendre parfois plus d&rsquo;1h30 avant d&rsquo;\u00eatre pr\u00e9lev\u00e9s (m\u00eame s&rsquo;ils avaient pris RV). Nous sommes aussi tr\u00e8s d\u00e9\u00e7us pour celles et ceux qui n&rsquo;ont pas pu faire leur don alors qu&rsquo;ils s&rsquo;\u00e9taient mobilis\u00e9s pour r\u00e9pondre aux appels entendus si souvent sur les ondes<\/em>\u00a0\u00bb explique Fran\u00e7oise Didier, pr\u00e9sidente de l&rsquo;amicale des Donneurs de Sang B\u00e9n\u00e9voles du secteur. Mieux vaut g\u00e9rer le trop-plein que la p\u00e9nurie !<\/p>\n<h4><strong>La collecte en chiffres :<\/strong><\/h4>\n<p>MATIN : (Attendus par EFS 70), Pr\u00e9sent\u00e9s 60 Pr\u00e9lev\u00e9s 59, Nouveaux Donneurs : 2. Tout c&rsquo;est tr\u00e8s bien pass\u00e9 malgr\u00e9 l&rsquo;absence d&rsquo;une personne dans l&rsquo;\u00e9quipe EFS (elle a pr\u00e9venu de son absence juste avant le d\u00e9part des v\u00e9hicules !) car le personnel pr\u00e9sent a r\u00e9ellement bien assur\u00e9.<\/p>\n<p>APR\u00c8S-MIDI : (Attendus par l&rsquo;EFS : 100) Pr\u00e9sent\u00e9s 130, Pr\u00e9lev\u00e9s 115, Nouveaux Donneurs : 9<\/p>\n<p>&nbsp;<\/p>\n","protected":false},"excerpt":{"rendered":"<p>La d\u00e9sormais traditionnelle collecte de sang organis\u00e9e en partenariat avec le Rotary club a remport\u00e9 un v\u00e9ritable succ\u00e8s ce mercredi [&hellip;]<\/p>\n","protected":false},"author":42,"featured_media":55325,"comment_status":"open","ping_status":"open","sticky":false,"template":"","format":"standard","meta":{"footnotes":""},"categories":[20,25,12],"tags":[54],"class_list":["post-55324","post","type-post","status-publish","format-standard","has-post-thumbnail","hentry","category-a-la-une","category-gerardmer","category-sante","tag-don-du-sang"],"acf":[],"yoast_head":"<!-- This site is optimized with the Yoast SEO plugin v22.5 - https:\/\/yoast.com\/wordpress\/plugins\/seo\/ -->\n<title>&quot;Mon Sang Pour les Autres&quot; : forte mobilisation pour cette collecte automnale - Gerardmer Info<\/title>\n<meta name=\"robots\" content=\"index, follow, max-snippet:-1, max-image-preview:large, max-video-preview:-1\" \/>\n<link rel=\"canonical\" href=\"https:\/\/vosgesinfo.fr\/gerardmerinfo\/2021\/10\/sang-autres-forte-mobilisation-cette-collecte-automnale\/\" \/>\n<meta name=\"twitter:card\" content=\"summary_large_image\" \/>\n<meta name=\"twitter:title\" content=\"&quot;Mon Sang Pour les Autres&quot; : forte mobilisation pour cette collecte automnale - Gerardmer Info\" \/>\n<meta name=\"twitter:description\" content=\"La d\u00e9sormais traditionnelle collecte de sang organis\u00e9e en partenariat avec le Rotary club a remport\u00e9 un v\u00e9ritable succ\u00e8s ce mercredi [&hellip;]\" \/>\n<meta name=\"twitter:image\" content=\"https:\/\/vosgesinfo.fr\/app\/uploads\/sites\/6\/2024\/07\/202110don-du-sang-rotary.jpg\" \/>\n<meta name=\"twitter:creator\" content=\"@VosgesInfo88\" \/>\n<meta name=\"twitter:site\" content=\"@VosgesInfo88\" \/>\n<meta name=\"twitter:label1\" content=\"\u00c9crit par\" \/>\n\t<meta name=\"twitter:data1\" content=\"QG\" \/>\n\t<meta name=\"twitter:label2\" content=\"Dur\u00e9e de lecture estim\u00e9e\" \/>\n\t<meta name=\"twitter:data2\" content=\"2 minutes\" \/>\n<script type=\"application\/ld+json\" class=\"yoast-schema-graph\">{\"@context\":\"https:\/\/schema.org\",\"@graph\":[{\"@type\":\"Article\",\"@id\":\"https:\/\/vosgesinfo.fr\/gerardmerinfo\/2021\/10\/sang-autres-forte-mobilisation-cette-collecte-automnale\/#article\",\"isPartOf\":{\"@id\":\"https:\/\/vosgesinfo.fr\/gerardmerinfo\/2021\/10\/sang-autres-forte-mobilisation-cette-collecte-automnale\/\"},\"author\":{\"name\":\"QG\",\"@id\":\"https:\/\/vosgesinfo.fr\/gerardmerinfo\/#\/schema\/person\/db5605779a843dad16b5368f3e7613a5\"},\"headline\":\"\u00ab\u00a0Mon Sang Pour les Autres\u00a0\u00bb : forte mobilisation pour cette collecte automnale\",\"datePublished\":\"2021-10-14T14:02:05+00:00\",\"dateModified\":\"2021-10-14T14:02:05+00:00\",\"mainEntityOfPage\":{\"@id\":\"https:\/\/vosgesinfo.fr\/gerardmerinfo\/2021\/10\/sang-autres-forte-mobilisation-cette-collecte-automnale\/\"},\"wordCount\":471,\"commentCount\":0,\"publisher\":{\"@id\":\"https:\/\/vosgesinfo.fr\/gerardmerinfo\/#organization\"},\"image\":{\"@id\":\"https:\/\/vosgesinfo.fr\/gerardmerinfo\/2021\/10\/sang-autres-forte-mobilisation-cette-collecte-automnale\/#primaryimage\"},\"thumbnailUrl\":\"https:\/\/vosgesinfo.fr\/app\/uploads\/sites\/6\/2024\/07\/202110don-du-sang-rotary.jpg\",\"keywords\":[\"don du sang\"],\"articleSection\":[\"A la une\",\"G\u00e9rardmer\",\"Sant\u00e9\"],\"inLanguage\":\"fr-FR\",\"potentialAction\":[{\"@type\":\"CommentAction\",\"name\":\"Comment\",\"target\":[\"https:\/\/vosgesinfo.fr\/gerardmerinfo\/2021\/10\/sang-autres-forte-mobilisation-cette-collecte-automnale\/#respond\"]}]},{\"@type\":\"WebPage\",\"@id\":\"https:\/\/vosgesinfo.fr\/gerardmerinfo\/2021\/10\/sang-autres-forte-mobilisation-cette-collecte-automnale\/\",\"url\":\"https:\/\/vosgesinfo.fr\/gerardmerinfo\/2021\/10\/sang-autres-forte-mobilisation-cette-collecte-automnale\/\",\"name\":\"\\\"Mon Sang Pour les Autres\\\" : forte mobilisation pour cette collecte automnale - Gerardmer Info\",\"isPartOf\":{\"@id\":\"https:\/\/vosgesinfo.fr\/gerardmerinfo\/#website\"},\"primaryImageOfPage\":{\"@id\":\"https:\/\/vosgesinfo.fr\/gerardmerinfo\/2021\/10\/sang-autres-forte-mobilisation-cette-collecte-automnale\/#primaryimage\"},\"image\":{\"@id\":\"https:\/\/vosgesinfo.fr\/gerardmerinfo\/2021\/10\/sang-autres-forte-mobilisation-cette-collecte-automnale\/#primaryimage\"},\"thumbnailUrl\":\"https:\/\/vosgesinfo.fr\/app\/uploads\/sites\/6\/2024\/07\/202110don-du-sang-rotary.jpg\",\"datePublished\":\"2021-10-14T14:02:05+00:00\",\"dateModified\":\"2021-10-14T14:02:05+00:00\",\"breadcrumb\":{\"@id\":\"https:\/\/vosgesinfo.fr\/gerardmerinfo\/2021\/10\/sang-autres-forte-mobilisation-cette-collecte-automnale\/#breadcrumb\"},\"inLanguage\":\"fr-FR\",\"potentialAction\":[{\"@type\":\"ReadAction\",\"target\":[\"https:\/\/vosgesinfo.fr\/gerardmerinfo\/2021\/10\/sang-autres-forte-mobilisation-cette-collecte-automnale\/\"]}]},{\"@type\":\"ImageObject\",\"inLanguage\":\"fr-FR\",\"@id\":\"https:\/\/vosgesinfo.fr\/gerardmerinfo\/2021\/10\/sang-autres-forte-mobilisation-cette-collecte-automnale\/#primaryimage\",\"url\":\"https:\/\/vosgesinfo.fr\/app\/uploads\/sites\/6\/2024\/07\/202110don-du-sang-rotary.jpg\",\"contentUrl\":\"https:\/\/vosgesinfo.fr\/app\/uploads\/sites\/6\/2024\/07\/202110don-du-sang-rotary.jpg\",\"width\":800,\"height\":600},{\"@type\":\"BreadcrumbList\",\"@id\":\"https:\/\/vosgesinfo.fr\/gerardmerinfo\/2021\/10\/sang-autres-forte-mobilisation-cette-collecte-automnale\/#breadcrumb\",\"itemListElement\":[{\"@type\":\"ListItem\",\"position\":1,\"name\":\"Home\",\"item\":\"https:\/\/vosgesinfo.fr\/gerardmerinfo\/\"},{\"@type\":\"ListItem\",\"position\":2,\"name\":\"\u00ab\u00a0Mon Sang Pour les Autres\u00a0\u00bb : forte mobilisation pour cette collecte automnale\"}]},{\"@type\":\"WebSite\",\"@id\":\"https:\/\/vosgesinfo.fr\/gerardmerinfo\/#website\",\"url\":\"https:\/\/vosgesinfo.fr\/gerardmerinfo\/\",\"name\":\"Gerardmer Info\",\"description\":\"Toute l&#039;actualit\u00e9 de G\u00e9rardmer\",\"publisher\":{\"@id\":\"https:\/\/vosgesinfo.fr\/gerardmerinfo\/#organization\"},\"alternateName\":\"Toute l'actualit\u00e9 de G\u00e9rardmer\",\"potentialAction\":[{\"@type\":\"SearchAction\",\"target\":{\"@type\":\"EntryPoint\",\"urlTemplate\":\"https:\/\/vosgesinfo.fr\/gerardmerinfo\/?s={search_term_string}\"},\"query-input\":\"required name=search_term_string\"}],\"inLanguage\":\"fr-FR\"},{\"@type\":\"Organization\",\"@id\":\"https:\/\/vosgesinfo.fr\/gerardmerinfo\/#organization\",\"name\":\"Gerardmer Info\",\"url\":\"https:\/\/vosgesinfo.fr\/gerardmerinfo\/\",\"logo\":{\"@type\":\"ImageObject\",\"inLanguage\":\"fr-FR\",\"@id\":\"https:\/\/vosgesinfo.fr\/gerardmerinfo\/#\/schema\/logo\/image\/\",\"url\":\"https:\/\/vosgesinfo.fr\/app\/uploads\/sites\/6\/2023\/08\/favicon-gerardmerinfo.png\",\"contentUrl\":\"https:\/\/vosgesinfo.fr\/app\/uploads\/sites\/6\/2023\/08\/favicon-gerardmerinfo.png\",\"width\":512,\"height\":512,\"caption\":\"Gerardmer Info\"},\"image\":{\"@id\":\"https:\/\/vosgesinfo.fr\/gerardmerinfo\/#\/schema\/logo\/image\/\"},\"sameAs\":[\"https:\/\/www.facebook.com\/profile.php?id=100049475262660\",\"https:\/\/x.com\/VosgesInfo88\",\"https:\/\/www.youtube.com\/@vosgesinfo\"]},{\"@type\":\"Person\",\"@id\":\"https:\/\/vosgesinfo.fr\/gerardmerinfo\/#\/schema\/person\/db5605779a843dad16b5368f3e7613a5\",\"name\":\"QG\",\"image\":{\"@type\":\"ImageObject\",\"inLanguage\":\"fr-FR\",\"@id\":\"https:\/\/vosgesinfo.fr\/gerardmerinfo\/#\/schema\/person\/image\/\",\"url\":\"https:\/\/secure.gravatar.com\/avatar\/ea80c42c204b534408512832fde52504ecabb9706bcb6151cf6175e5b64e6793?s=96&d=mm&r=g\",\"contentUrl\":\"https:\/\/secure.gravatar.com\/avatar\/ea80c42c204b534408512832fde52504ecabb9706bcb6151cf6175e5b64e6793?s=96&d=mm&r=g\",\"caption\":\"QG\"},\"url\":\"https:\/\/vosgesinfo.fr\/gerardmerinfo\/author\/quentin88\/\"}]}<\/script>\n<!-- \/ Yoast SEO plugin. -->","yoast_head_json":{"title":"\"Mon Sang Pour les Autres\" : forte mobilisation pour cette collecte automnale - Gerardmer Info","robots":{"index":"index","follow":"follow","max-snippet":"max-snippet:-1","max-image-preview":"max-image-preview:large","max-video-preview":"max-video-preview:-1"},"canonical":"https:\/\/vosgesinfo.fr\/gerardmerinfo\/2021\/10\/sang-autres-forte-mobilisation-cette-collecte-automnale\/","twitter_card":"summary_large_image","twitter_title":"\"Mon Sang Pour les Autres\" : forte mobilisation pour cette collecte automnale - Gerardmer Info","twitter_description":"La d\u00e9sormais traditionnelle collecte de sang organis\u00e9e en partenariat avec le Rotary club a remport\u00e9 un v\u00e9ritable succ\u00e8s ce mercredi [&hellip;]","twitter_image":"https:\/\/vosgesinfo.fr\/app\/uploads\/sites\/6\/2024\/07\/202110don-du-sang-rotary.jpg","twitter_creator":"@VosgesInfo88","twitter_site":"@VosgesInfo88","twitter_misc":{"\u00c9crit par":"QG","Dur\u00e9e de lecture estim\u00e9e":"2 minutes"},"schema":{"@context":"https:\/\/schema.org","@graph":[{"@type":"Article","@id":"https:\/\/vosgesinfo.fr\/gerardmerinfo\/2021\/10\/sang-autres-forte-mobilisation-cette-collecte-automnale\/#article","isPartOf":{"@id":"https:\/\/vosgesinfo.fr\/gerardmerinfo\/2021\/10\/sang-autres-forte-mobilisation-cette-collecte-automnale\/"},"author":{"name":"QG","@id":"https:\/\/vosgesinfo.fr\/gerardmerinfo\/#\/schema\/person\/db5605779a843dad16b5368f3e7613a5"},"headline":"\u00ab\u00a0Mon Sang Pour les Autres\u00a0\u00bb : forte mobilisation pour cette collecte automnale","datePublished":"2021-10-14T14:02:05+00:00","dateModified":"2021-10-14T14:02:05+00:00","mainEntityOfPage":{"@id":"https:\/\/vosgesinfo.fr\/gerardmerinfo\/2021\/10\/sang-autres-forte-mobilisation-cette-collecte-automnale\/"},"wordCount":471,"commentCount":0,"publisher":{"@id":"https:\/\/vosgesinfo.fr\/gerardmerinfo\/#organization"},"image":{"@id":"https:\/\/vosgesinfo.fr\/gerardmerinfo\/2021\/10\/sang-autres-forte-mobilisation-cette-collecte-automnale\/#primaryimage"},"thumbnailUrl":"https:\/\/vosgesinfo.fr\/app\/uploads\/sites\/6\/2024\/07\/202110don-du-sang-rotary.jpg","keywords":["don du sang"],"articleSection":["A la une","G\u00e9rardmer","Sant\u00e9"],"inLanguage":"fr-FR","potentialAction":[{"@type":"CommentAction","name":"Comment","target":["https:\/\/vosgesinfo.fr\/gerardmerinfo\/2021\/10\/sang-autres-forte-mobilisation-cette-collecte-automnale\/#respond"]}]},{"@type":"WebPage","@id":"https:\/\/vosgesinfo.fr\/gerardmerinfo\/2021\/10\/sang-autres-forte-mobilisation-cette-collecte-automnale\/","url":"https:\/\/vosgesinfo.fr\/gerardmerinfo\/2021\/10\/sang-autres-forte-mobilisation-cette-collecte-automnale\/","name":"\"Mon Sang Pour les Autres\" : forte mobilisation pour cette collecte automnale - Gerardmer Info","isPartOf":{"@id":"https:\/\/vosgesinfo.fr\/gerardmerinfo\/#website"},"primaryImageOfPage":{"@id":"https:\/\/vosgesinfo.fr\/gerardmerinfo\/2021\/10\/sang-autres-forte-mobilisation-cette-collecte-automnale\/#primaryimage"},"image":{"@id":"https:\/\/vosgesinfo.fr\/gerardmerinfo\/2021\/10\/sang-autres-forte-mobilisation-cette-collecte-automnale\/#primaryimage"},"thumbnailUrl":"https:\/\/vosgesinfo.fr\/app\/uploads\/sites\/6\/2024\/07\/202110don-du-sang-rotary.jpg","datePublished":"2021-10-14T14:02:05+00:00","dateModified":"2021-10-14T14:02:05+00:00","breadcrumb":{"@id":"https:\/\/vosgesinfo.fr\/gerardmerinfo\/2021\/10\/sang-autres-forte-mobilisation-cette-collecte-automnale\/#breadcrumb"},"inLanguage":"fr-FR","potentialAction":[{"@type":"ReadAction","target":["https:\/\/vosgesinfo.fr\/gerardmerinfo\/2021\/10\/sang-autres-forte-mobilisation-cette-collecte-automnale\/"]}]},{"@type":"ImageObject","inLanguage":"fr-FR","@id":"https:\/\/vosgesinfo.fr\/gerardmerinfo\/2021\/10\/sang-autres-forte-mobilisation-cette-collecte-automnale\/#primaryimage","url":"https:\/\/vosgesinfo.fr\/app\/uploads\/sites\/6\/2024\/07\/202110don-du-sang-rotary.jpg","contentUrl":"https:\/\/vosgesinfo.fr\/app\/uploads\/sites\/6\/2024\/07\/202110don-du-sang-rotary.jpg","width":800,"height":600},{"@type":"BreadcrumbList","@id":"https:\/\/vosgesinfo.fr\/gerardmerinfo\/2021\/10\/sang-autres-forte-mobilisation-cette-collecte-automnale\/#breadcrumb","itemListElement":[{"@type":"ListItem","position":1,"name":"Home","item":"https:\/\/vosgesinfo.fr\/gerardmerinfo\/"},{"@type":"ListItem","position":2,"name":"\u00ab\u00a0Mon Sang Pour les Autres\u00a0\u00bb : forte mobilisation pour cette collecte automnale"}]},{"@type":"WebSite","@id":"https:\/\/vosgesinfo.fr\/gerardmerinfo\/#website","url":"https:\/\/vosgesinfo.fr\/gerardmerinfo\/","name":"Gerardmer Info","description":"Toute l&#039;actualit\u00e9 de G\u00e9rardmer","publisher":{"@id":"https:\/\/vosgesinfo.fr\/gerardmerinfo\/#organization"},"alternateName":"Toute l'actualit\u00e9 de G\u00e9rardmer","potentialAction":[{"@type":"SearchAction","target":{"@type":"EntryPoint","urlTemplate":"https:\/\/vosgesinfo.fr\/gerardmerinfo\/?s={search_term_string}"},"query-input":"required name=search_term_string"}],"inLanguage":"fr-FR"},{"@type":"Organization","@id":"https:\/\/vosgesinfo.fr\/gerardmerinfo\/#organization","name":"Gerardmer Info","url":"https:\/\/vosgesinfo.fr\/gerardmerinfo\/","logo":{"@type":"ImageObject","inLanguage":"fr-FR","@id":"https:\/\/vosgesinfo.fr\/gerardmerinfo\/#\/schema\/logo\/image\/","url":"https:\/\/vosgesinfo.fr\/app\/uploads\/sites\/6\/2023\/08\/favicon-gerardmerinfo.png","contentUrl":"https:\/\/vosgesinfo.fr\/app\/uploads\/sites\/6\/2023\/08\/favicon-gerardmerinfo.png","width":512,"height":512,"caption":"Gerardmer Info"},"image":{"@id":"https:\/\/vosgesinfo.fr\/gerardmerinfo\/#\/schema\/logo\/image\/"},"sameAs":["https:\/\/www.facebook.com\/profile.php?id=100049475262660","https:\/\/x.com\/VosgesInfo88","https:\/\/www.youtube.com\/@vosgesinfo"]},{"@type":"Person","@id":"https:\/\/vosgesinfo.fr\/gerardmerinfo\/#\/schema\/person\/db5605779a843dad16b5368f3e7613a5","name":"QG","image":{"@type":"ImageObject","inLanguage":"fr-FR","@id":"https:\/\/vosgesinfo.fr\/gerardmerinfo\/#\/schema\/person\/image\/","url":"https:\/\/secure.gravatar.com\/avatar\/ea80c42c204b534408512832fde52504ecabb9706bcb6151cf6175e5b64e6793?s=96&d=mm&r=g","contentUrl":"https:\/\/secure.gravatar.com\/avatar\/ea80c42c204b534408512832fde52504ecabb9706bcb6151cf6175e5b64e6793?s=96&d=mm&r=g","caption":"QG"},"url":"https:\/\/vosgesinfo.fr\/gerardmerinfo\/author\/quentin88\/"}]}},"_links":{"self":[{"href":"https:\/\/vosgesinfo.fr\/gerardmerinfo\/wp-json\/wp\/v2\/posts\/55324","targetHints":{"allow":["GET"]}}],"collection":[{"href":"https:\/\/vosgesinfo.fr\/gerardmerinfo\/wp-json\/wp\/v2\/posts"}],"about":[{"href":"https:\/\/vosgesinfo.fr\/gerardmerinfo\/wp-json\/wp\/v2\/types\/post"}],"author":[{"embeddable":true,"href":"https:\/\/vosgesinfo.fr\/gerardmerinfo\/wp-json\/wp\/v2\/users\/42"}],"replies":[{"embeddable":true,"href":"https:\/\/vosgesinfo.fr\/gerardmerinfo\/wp-json\/wp\/v2\/comments?post=55324"}],"version-history":[{"count":0,"href":"https:\/\/vosgesinfo.fr\/gerardmerinfo\/wp-json\/wp\/v2\/posts\/55324\/revisions"}],"wp:featuredmedia":[{"embeddable":true,"href":"https:\/\/vosgesinfo.fr\/gerardmerinfo\/wp-json\/wp\/v2\/media\/55325"}],"wp:attachment":[{"href":"https:\/\/vosgesinfo.fr\/gerardmerinfo\/wp-json\/wp\/v2\/media?parent=55324"}],"wp:term":[{"taxonomy":"category","embeddable":true,"href":"https:\/\/vosgesinfo.fr\/gerardmerinfo\/wp-json\/wp\/v2\/categories?post=55324"},{"taxonomy":"post_tag","embeddable":true,"href":"https:\/\/vosgesinfo.fr\/gerardmerinfo\/wp-json\/wp\/v2\/tags?post=55324"}],"curies":[{"name":"wp","href":"https:\/\/api.w.org\/{rel}","templated":true}]}}