{"id":55337,"date":"2021-10-15T03:56:01","date_gmt":"2021-10-15T01:56:01","guid":{"rendered":"https:\/\/vosgesinfo.fr\/gerardmerinfo\/2021\/10\/semaine-bleue-musique-a-lehpad-lea-andre\/"},"modified":"2021-10-15T03:56:01","modified_gmt":"2021-10-15T01:56:01","slug":"semaine-bleue-musique-a-lehpad-lea-andre","status":"publish","type":"post","link":"https:\/\/vosgesinfo.fr\/gerardmerinfo\/2021\/10\/semaine-bleue-musique-a-lehpad-lea-andre\/","title":{"rendered":"Semaine Bleue en musique \u00e0 l&rsquo;EHPAD L\u00e9a Andr\u00e9"},"content":{"rendered":"\n<p><span style=\"font-family: Comic Sans MS, serif;\"><span style=\"font-size: medium;\">Dans le cadre de la Semaine Bleue qui s&rsquo;est d\u00e9roul\u00e9e du lundi 4 au 8 Octobre, le collectif \u00ab\u00a0Ram\u00e8ne ta chaise\u00a0\u00bb<\/span><\/span><span style=\"font-family: Comic Sans MS, serif;\"><span style=\"font-size: medium;\"> est intervenu \u00e0 l\u2019EHPAD L\u00e9a Andr\u00e9<\/span><\/span><span style=\"font-family: Comic Sans MS, serif;\"><span style=\"font-size: medium;\"> avec Boris MAXANT\u00a0(Atelier d\u2019\u00e9criture, collecte de paroles, mise en lecture \u00e0 voix haute), Guillaume CHERPITEL (Piano, Chant, Percussion) et Olivier TUILLON (Trompette, collecte de paroles et cr\u00e9ation sonore). Ce projet \u00e0 \u00e9t\u00e9 mis en place par le Conseil D\u00e9partemental avec Myriam COCHARD. IL devait se d\u00e9rouler en 2020 et a \u00e9t\u00e9 report\u00e9 suite \u00e0 la crise sanitaire.<\/span><\/span><\/p>\n<p><span style=\"font-family: Comic Sans MS, serif;\"><span style=\"font-size: medium;\">Les intervenants ont propos\u00e9 divers ateliers sur quatre apr\u00e8s-midi avec pour objectifs de voir les r\u00e9sidents s\u2019exprimer en po\u00e9sie, en musique et en chanson sur le th\u00e8me \u00ab\u00a0t\u00e9moignage de vie\u00a0\u00bb. La restitution de ce travail collectif c\u2019est d\u00e9roul\u00e9 le vendredi apr\u00e8s-midi avec les r\u00e9sidents et les artistes\/intervenants dans une ambiance festive. Un enregistrement du spectacle collectif \u00e0 \u00e9t\u00e9 r\u00e9alis\u00e9 pour garder une trace de cette cr\u00e9ation. <\/span><\/span><\/p>\n","protected":false},"excerpt":{"rendered":"<p>Dans le cadre de la Semaine Bleue qui s&rsquo;est d\u00e9roul\u00e9e du lundi 4 au 8 Octobre, le collectif \u00ab\u00a0Ram\u00e8ne ta [&hellip;]<\/p>\n","protected":false},"author":1,"featured_media":55338,"comment_status":"open","ping_status":"open","sticky":false,"template":"","format":"standard","meta":{"footnotes":""},"categories":[20,4,25,12],"tags":[95],"class_list":["post-55337","post","type-post","status-publish","format-standard","has-post-thumbnail","hentry","category-a-la-une","category-culture","category-gerardmer","category-sante","tag-ehpad-lea-andre"],"acf":[],"yoast_head":"<!-- This site is optimized with the Yoast SEO plugin v22.5 - https:\/\/yoast.com\/wordpress\/plugins\/seo\/ -->\n<title>Semaine Bleue en musique \u00e0 l&#039;EHPAD L\u00e9a Andr\u00e9 - Gerardmer Info<\/title>\n<meta name=\"robots\" content=\"index, follow, max-snippet:-1, max-image-preview:large, max-video-preview:-1\" \/>\n<link rel=\"canonical\" href=\"https:\/\/vosgesinfo.fr\/gerardmerinfo\/2021\/10\/semaine-bleue-musique-a-lehpad-lea-andre\/\" \/>\n<meta name=\"twitter:card\" content=\"summary_large_image\" \/>\n<meta name=\"twitter:title\" content=\"Semaine Bleue en musique \u00e0 l&#039;EHPAD L\u00e9a Andr\u00e9 - Gerardmer Info\" \/>\n<meta name=\"twitter:description\" content=\"Dans le cadre de la Semaine Bleue qui s&rsquo;est d\u00e9roul\u00e9e du lundi 4 au 8 Octobre, le collectif \u00ab\u00a0Ram\u00e8ne ta [&hellip;]\" \/>\n<meta name=\"twitter:image\" content=\"https:\/\/vosgesinfo.fr\/app\/uploads\/sites\/6\/2024\/07\/202110ehpad-2.jpg\" \/>\n<meta name=\"twitter:creator\" content=\"@VosgesInfo88\" \/>\n<meta name=\"twitter:site\" content=\"@VosgesInfo88\" \/>\n<meta name=\"twitter:label1\" content=\"\u00c9crit par\" \/>\n\t<meta name=\"twitter:data1\" content=\"qs_admin\" \/>\n\t<meta name=\"twitter:label2\" content=\"Dur\u00e9e de lecture estim\u00e9e\" \/>\n\t<meta name=\"twitter:data2\" content=\"1 minute\" \/>\n<script type=\"application\/ld+json\" class=\"yoast-schema-graph\">{\"@context\":\"https:\/\/schema.org\",\"@graph\":[{\"@type\":\"Article\",\"@id\":\"https:\/\/vosgesinfo.fr\/gerardmerinfo\/2021\/10\/semaine-bleue-musique-a-lehpad-lea-andre\/#article\",\"isPartOf\":{\"@id\":\"https:\/\/vosgesinfo.fr\/gerardmerinfo\/2021\/10\/semaine-bleue-musique-a-lehpad-lea-andre\/\"},\"author\":{\"name\":\"qs_admin\",\"@id\":\"https:\/\/vosgesinfo.fr\/gerardmerinfo\/#\/schema\/person\/bc5d02d71e6932e81b6dadb7386667b1\"},\"headline\":\"Semaine Bleue en musique \u00e0 l&rsquo;EHPAD L\u00e9a Andr\u00e9\",\"datePublished\":\"2021-10-15T01:56:01+00:00\",\"dateModified\":\"2021-10-15T01:56:01+00:00\",\"mainEntityOfPage\":{\"@id\":\"https:\/\/vosgesinfo.fr\/gerardmerinfo\/2021\/10\/semaine-bleue-musique-a-lehpad-lea-andre\/\"},\"wordCount\":184,\"commentCount\":0,\"publisher\":{\"@id\":\"https:\/\/vosgesinfo.fr\/gerardmerinfo\/#organization\"},\"image\":{\"@id\":\"https:\/\/vosgesinfo.fr\/gerardmerinfo\/2021\/10\/semaine-bleue-musique-a-lehpad-lea-andre\/#primaryimage\"},\"thumbnailUrl\":\"https:\/\/vosgesinfo.fr\/app\/uploads\/sites\/6\/2024\/07\/202110ehpad-2.jpg\",\"keywords\":[\"ehpad l\u00e9a andr\u00e9\"],\"articleSection\":[\"A la une\",\"Culture\",\"G\u00e9rardmer\",\"Sant\u00e9\"],\"inLanguage\":\"fr-FR\",\"potentialAction\":[{\"@type\":\"CommentAction\",\"name\":\"Comment\",\"target\":[\"https:\/\/vosgesinfo.fr\/gerardmerinfo\/2021\/10\/semaine-bleue-musique-a-lehpad-lea-andre\/#respond\"]}]},{\"@type\":\"WebPage\",\"@id\":\"https:\/\/vosgesinfo.fr\/gerardmerinfo\/2021\/10\/semaine-bleue-musique-a-lehpad-lea-andre\/\",\"url\":\"https:\/\/vosgesinfo.fr\/gerardmerinfo\/2021\/10\/semaine-bleue-musique-a-lehpad-lea-andre\/\",\"name\":\"Semaine Bleue en musique \u00e0 l'EHPAD L\u00e9a Andr\u00e9 - Gerardmer Info\",\"isPartOf\":{\"@id\":\"https:\/\/vosgesinfo.fr\/gerardmerinfo\/#website\"},\"primaryImageOfPage\":{\"@id\":\"https:\/\/vosgesinfo.fr\/gerardmerinfo\/2021\/10\/semaine-bleue-musique-a-lehpad-lea-andre\/#primaryimage\"},\"image\":{\"@id\":\"https:\/\/vosgesinfo.fr\/gerardmerinfo\/2021\/10\/semaine-bleue-musique-a-lehpad-lea-andre\/#primaryimage\"},\"thumbnailUrl\":\"https:\/\/vosgesinfo.fr\/app\/uploads\/sites\/6\/2024\/07\/202110ehpad-2.jpg\",\"datePublished\":\"2021-10-15T01:56:01+00:00\",\"dateModified\":\"2021-10-15T01:56:01+00:00\",\"breadcrumb\":{\"@id\":\"https:\/\/vosgesinfo.fr\/gerardmerinfo\/2021\/10\/semaine-bleue-musique-a-lehpad-lea-andre\/#breadcrumb\"},\"inLanguage\":\"fr-FR\",\"potentialAction\":[{\"@type\":\"ReadAction\",\"target\":[\"https:\/\/vosgesinfo.fr\/gerardmerinfo\/2021\/10\/semaine-bleue-musique-a-lehpad-lea-andre\/\"]}]},{\"@type\":\"ImageObject\",\"inLanguage\":\"fr-FR\",\"@id\":\"https:\/\/vosgesinfo.fr\/gerardmerinfo\/2021\/10\/semaine-bleue-musique-a-lehpad-lea-andre\/#primaryimage\",\"url\":\"https:\/\/vosgesinfo.fr\/app\/uploads\/sites\/6\/2024\/07\/202110ehpad-2.jpg\",\"contentUrl\":\"https:\/\/vosgesinfo.fr\/app\/uploads\/sites\/6\/2024\/07\/202110ehpad-2.jpg\",\"width\":708,\"height\":397},{\"@type\":\"BreadcrumbList\",\"@id\":\"https:\/\/vosgesinfo.fr\/gerardmerinfo\/2021\/10\/semaine-bleue-musique-a-lehpad-lea-andre\/#breadcrumb\",\"itemListElement\":[{\"@type\":\"ListItem\",\"position\":1,\"name\":\"Home\",\"item\":\"https:\/\/vosgesinfo.fr\/gerardmerinfo\/\"},{\"@type\":\"ListItem\",\"position\":2,\"name\":\"Semaine Bleue en musique \u00e0 l&rsquo;EHPAD L\u00e9a Andr\u00e9\"}]},{\"@type\":\"WebSite\",\"@id\":\"https:\/\/vosgesinfo.fr\/gerardmerinfo\/#website\",\"url\":\"https:\/\/vosgesinfo.fr\/gerardmerinfo\/\",\"name\":\"Gerardmer Info\",\"description\":\"Toute l&#039;actualit\u00e9 de G\u00e9rardmer\",\"publisher\":{\"@id\":\"https:\/\/vosgesinfo.fr\/gerardmerinfo\/#organization\"},\"alternateName\":\"Toute l'actualit\u00e9 de G\u00e9rardmer\",\"potentialAction\":[{\"@type\":\"SearchAction\",\"target\":{\"@type\":\"EntryPoint\",\"urlTemplate\":\"https:\/\/vosgesinfo.fr\/gerardmerinfo\/?s={search_term_string}\"},\"query-input\":\"required name=search_term_string\"}],\"inLanguage\":\"fr-FR\"},{\"@type\":\"Organization\",\"@id\":\"https:\/\/vosgesinfo.fr\/gerardmerinfo\/#organization\",\"name\":\"Gerardmer Info\",\"url\":\"https:\/\/vosgesinfo.fr\/gerardmerinfo\/\",\"logo\":{\"@type\":\"ImageObject\",\"inLanguage\":\"fr-FR\",\"@id\":\"https:\/\/vosgesinfo.fr\/gerardmerinfo\/#\/schema\/logo\/image\/\",\"url\":\"https:\/\/vosgesinfo.fr\/app\/uploads\/sites\/6\/2023\/08\/favicon-gerardmerinfo.png\",\"contentUrl\":\"https:\/\/vosgesinfo.fr\/app\/uploads\/sites\/6\/2023\/08\/favicon-gerardmerinfo.png\",\"width\":512,\"height\":512,\"caption\":\"Gerardmer Info\"},\"image\":{\"@id\":\"https:\/\/vosgesinfo.fr\/gerardmerinfo\/#\/schema\/logo\/image\/\"},\"sameAs\":[\"https:\/\/www.facebook.com\/profile.php?id=100049475262660\",\"https:\/\/x.com\/VosgesInfo88\",\"https:\/\/www.youtube.com\/@vosgesinfo\"]},{\"@type\":\"Person\",\"@id\":\"https:\/\/vosgesinfo.fr\/gerardmerinfo\/#\/schema\/person\/bc5d02d71e6932e81b6dadb7386667b1\",\"name\":\"qs_admin\",\"image\":{\"@type\":\"ImageObject\",\"inLanguage\":\"fr-FR\",\"@id\":\"https:\/\/vosgesinfo.fr\/gerardmerinfo\/#\/schema\/person\/image\/\",\"url\":\"https:\/\/secure.gravatar.com\/avatar\/94b18ee0ed79e4a42ea2f2931277b6841a8999fc6fde214600c78057cf1fe1de?s=96&d=mm&r=g\",\"contentUrl\":\"https:\/\/secure.gravatar.com\/avatar\/94b18ee0ed79e4a42ea2f2931277b6841a8999fc6fde214600c78057cf1fe1de?s=96&d=mm&r=g\",\"caption\":\"qs_admin\"},\"sameAs\":[\"https:\/\/vosgesinfo.fr\/wp\"],\"url\":\"https:\/\/vosgesinfo.fr\/gerardmerinfo\/author\/qs_admin\/\"}]}<\/script>\n<!-- \/ Yoast SEO plugin. -->","yoast_head_json":{"title":"Semaine Bleue en musique \u00e0 l'EHPAD L\u00e9a Andr\u00e9 - Gerardmer Info","robots":{"index":"index","follow":"follow","max-snippet":"max-snippet:-1","max-image-preview":"max-image-preview:large","max-video-preview":"max-video-preview:-1"},"canonical":"https:\/\/vosgesinfo.fr\/gerardmerinfo\/2021\/10\/semaine-bleue-musique-a-lehpad-lea-andre\/","twitter_card":"summary_large_image","twitter_title":"Semaine Bleue en musique \u00e0 l'EHPAD L\u00e9a Andr\u00e9 - Gerardmer Info","twitter_description":"Dans le cadre de la Semaine Bleue qui s&rsquo;est d\u00e9roul\u00e9e du lundi 4 au 8 Octobre, le collectif \u00ab\u00a0Ram\u00e8ne ta [&hellip;]","twitter_image":"https:\/\/vosgesinfo.fr\/app\/uploads\/sites\/6\/2024\/07\/202110ehpad-2.jpg","twitter_creator":"@VosgesInfo88","twitter_site":"@VosgesInfo88","twitter_misc":{"\u00c9crit par":"qs_admin","Dur\u00e9e de lecture estim\u00e9e":"1 minute"},"schema":{"@context":"https:\/\/schema.org","@graph":[{"@type":"Article","@id":"https:\/\/vosgesinfo.fr\/gerardmerinfo\/2021\/10\/semaine-bleue-musique-a-lehpad-lea-andre\/#article","isPartOf":{"@id":"https:\/\/vosgesinfo.fr\/gerardmerinfo\/2021\/10\/semaine-bleue-musique-a-lehpad-lea-andre\/"},"author":{"name":"qs_admin","@id":"https:\/\/vosgesinfo.fr\/gerardmerinfo\/#\/schema\/person\/bc5d02d71e6932e81b6dadb7386667b1"},"headline":"Semaine Bleue en musique \u00e0 l&rsquo;EHPAD L\u00e9a Andr\u00e9","datePublished":"2021-10-15T01:56:01+00:00","dateModified":"2021-10-15T01:56:01+00:00","mainEntityOfPage":{"@id":"https:\/\/vosgesinfo.fr\/gerardmerinfo\/2021\/10\/semaine-bleue-musique-a-lehpad-lea-andre\/"},"wordCount":184,"commentCount":0,"publisher":{"@id":"https:\/\/vosgesinfo.fr\/gerardmerinfo\/#organization"},"image":{"@id":"https:\/\/vosgesinfo.fr\/gerardmerinfo\/2021\/10\/semaine-bleue-musique-a-lehpad-lea-andre\/#primaryimage"},"thumbnailUrl":"https:\/\/vosgesinfo.fr\/app\/uploads\/sites\/6\/2024\/07\/202110ehpad-2.jpg","keywords":["ehpad l\u00e9a andr\u00e9"],"articleSection":["A la une","Culture","G\u00e9rardmer","Sant\u00e9"],"inLanguage":"fr-FR","potentialAction":[{"@type":"CommentAction","name":"Comment","target":["https:\/\/vosgesinfo.fr\/gerardmerinfo\/2021\/10\/semaine-bleue-musique-a-lehpad-lea-andre\/#respond"]}]},{"@type":"WebPage","@id":"https:\/\/vosgesinfo.fr\/gerardmerinfo\/2021\/10\/semaine-bleue-musique-a-lehpad-lea-andre\/","url":"https:\/\/vosgesinfo.fr\/gerardmerinfo\/2021\/10\/semaine-bleue-musique-a-lehpad-lea-andre\/","name":"Semaine Bleue en musique \u00e0 l'EHPAD L\u00e9a Andr\u00e9 - Gerardmer Info","isPartOf":{"@id":"https:\/\/vosgesinfo.fr\/gerardmerinfo\/#website"},"primaryImageOfPage":{"@id":"https:\/\/vosgesinfo.fr\/gerardmerinfo\/2021\/10\/semaine-bleue-musique-a-lehpad-lea-andre\/#primaryimage"},"image":{"@id":"https:\/\/vosgesinfo.fr\/gerardmerinfo\/2021\/10\/semaine-bleue-musique-a-lehpad-lea-andre\/#primaryimage"},"thumbnailUrl":"https:\/\/vosgesinfo.fr\/app\/uploads\/sites\/6\/2024\/07\/202110ehpad-2.jpg","datePublished":"2021-10-15T01:56:01+00:00","dateModified":"2021-10-15T01:56:01+00:00","breadcrumb":{"@id":"https:\/\/vosgesinfo.fr\/gerardmerinfo\/2021\/10\/semaine-bleue-musique-a-lehpad-lea-andre\/#breadcrumb"},"inLanguage":"fr-FR","potentialAction":[{"@type":"ReadAction","target":["https:\/\/vosgesinfo.fr\/gerardmerinfo\/2021\/10\/semaine-bleue-musique-a-lehpad-lea-andre\/"]}]},{"@type":"ImageObject","inLanguage":"fr-FR","@id":"https:\/\/vosgesinfo.fr\/gerardmerinfo\/2021\/10\/semaine-bleue-musique-a-lehpad-lea-andre\/#primaryimage","url":"https:\/\/vosgesinfo.fr\/app\/uploads\/sites\/6\/2024\/07\/202110ehpad-2.jpg","contentUrl":"https:\/\/vosgesinfo.fr\/app\/uploads\/sites\/6\/2024\/07\/202110ehpad-2.jpg","width":708,"height":397},{"@type":"BreadcrumbList","@id":"https:\/\/vosgesinfo.fr\/gerardmerinfo\/2021\/10\/semaine-bleue-musique-a-lehpad-lea-andre\/#breadcrumb","itemListElement":[{"@type":"ListItem","position":1,"name":"Home","item":"https:\/\/vosgesinfo.fr\/gerardmerinfo\/"},{"@type":"ListItem","position":2,"name":"Semaine Bleue en musique \u00e0 l&rsquo;EHPAD L\u00e9a Andr\u00e9"}]},{"@type":"WebSite","@id":"https:\/\/vosgesinfo.fr\/gerardmerinfo\/#website","url":"https:\/\/vosgesinfo.fr\/gerardmerinfo\/","name":"Gerardmer Info","description":"Toute l&#039;actualit\u00e9 de G\u00e9rardmer","publisher":{"@id":"https:\/\/vosgesinfo.fr\/gerardmerinfo\/#organization"},"alternateName":"Toute l'actualit\u00e9 de G\u00e9rardmer","potentialAction":[{"@type":"SearchAction","target":{"@type":"EntryPoint","urlTemplate":"https:\/\/vosgesinfo.fr\/gerardmerinfo\/?s={search_term_string}"},"query-input":"required name=search_term_string"}],"inLanguage":"fr-FR"},{"@type":"Organization","@id":"https:\/\/vosgesinfo.fr\/gerardmerinfo\/#organization","name":"Gerardmer Info","url":"https:\/\/vosgesinfo.fr\/gerardmerinfo\/","logo":{"@type":"ImageObject","inLanguage":"fr-FR","@id":"https:\/\/vosgesinfo.fr\/gerardmerinfo\/#\/schema\/logo\/image\/","url":"https:\/\/vosgesinfo.fr\/app\/uploads\/sites\/6\/2023\/08\/favicon-gerardmerinfo.png","contentUrl":"https:\/\/vosgesinfo.fr\/app\/uploads\/sites\/6\/2023\/08\/favicon-gerardmerinfo.png","width":512,"height":512,"caption":"Gerardmer Info"},"image":{"@id":"https:\/\/vosgesinfo.fr\/gerardmerinfo\/#\/schema\/logo\/image\/"},"sameAs":["https:\/\/www.facebook.com\/profile.php?id=100049475262660","https:\/\/x.com\/VosgesInfo88","https:\/\/www.youtube.com\/@vosgesinfo"]},{"@type":"Person","@id":"https:\/\/vosgesinfo.fr\/gerardmerinfo\/#\/schema\/person\/bc5d02d71e6932e81b6dadb7386667b1","name":"qs_admin","image":{"@type":"ImageObject","inLanguage":"fr-FR","@id":"https:\/\/vosgesinfo.fr\/gerardmerinfo\/#\/schema\/person\/image\/","url":"https:\/\/secure.gravatar.com\/avatar\/94b18ee0ed79e4a42ea2f2931277b6841a8999fc6fde214600c78057cf1fe1de?s=96&d=mm&r=g","contentUrl":"https:\/\/secure.gravatar.com\/avatar\/94b18ee0ed79e4a42ea2f2931277b6841a8999fc6fde214600c78057cf1fe1de?s=96&d=mm&r=g","caption":"qs_admin"},"sameAs":["https:\/\/vosgesinfo.fr\/wp"],"url":"https:\/\/vosgesinfo.fr\/gerardmerinfo\/author\/qs_admin\/"}]}},"_links":{"self":[{"href":"https:\/\/vosgesinfo.fr\/gerardmerinfo\/wp-json\/wp\/v2\/posts\/55337","targetHints":{"allow":["GET"]}}],"collection":[{"href":"https:\/\/vosgesinfo.fr\/gerardmerinfo\/wp-json\/wp\/v2\/posts"}],"about":[{"href":"https:\/\/vosgesinfo.fr\/gerardmerinfo\/wp-json\/wp\/v2\/types\/post"}],"author":[{"embeddable":true,"href":"https:\/\/vosgesinfo.fr\/gerardmerinfo\/wp-json\/wp\/v2\/users\/1"}],"replies":[{"embeddable":true,"href":"https:\/\/vosgesinfo.fr\/gerardmerinfo\/wp-json\/wp\/v2\/comments?post=55337"}],"version-history":[{"count":0,"href":"https:\/\/vosgesinfo.fr\/gerardmerinfo\/wp-json\/wp\/v2\/posts\/55337\/revisions"}],"wp:featuredmedia":[{"embeddable":true,"href":"https:\/\/vosgesinfo.fr\/gerardmerinfo\/wp-json\/wp\/v2\/media\/55338"}],"wp:attachment":[{"href":"https:\/\/vosgesinfo.fr\/gerardmerinfo\/wp-json\/wp\/v2\/media?parent=55337"}],"wp:term":[{"taxonomy":"category","embeddable":true,"href":"https:\/\/vosgesinfo.fr\/gerardmerinfo\/wp-json\/wp\/v2\/categories?post=55337"},{"taxonomy":"post_tag","embeddable":true,"href":"https:\/\/vosgesinfo.fr\/gerardmerinfo\/wp-json\/wp\/v2\/tags?post=55337"}],"curies":[{"name":"wp","href":"https:\/\/api.w.org\/{rel}","templated":true}]}}