{"id":55383,"date":"2021-10-18T08:51:58","date_gmt":"2021-10-18T06:51:58","guid":{"rendered":"https:\/\/vosgesinfo.fr\/gerardmerinfo\/2021\/10\/saut-a-ski-combine-jeunes-francais-plus-pres-etoiles\/"},"modified":"2021-10-18T08:51:58","modified_gmt":"2021-10-18T06:51:58","slug":"saut-a-ski-combine-jeunes-francais-plus-pres-etoiles","status":"publish","type":"post","link":"https:\/\/vosgesinfo.fr\/gerardmerinfo\/2021\/10\/saut-a-ski-combine-jeunes-francais-plus-pres-etoiles\/","title":{"rendered":"Saut \u00e0 ski &#038; combin\u00e9 : Les jeunes fran\u00e7ais plus pr\u00e8s des \u00e9toiles"},"content":{"rendered":"\n<p><strong>C\u2019est sous un beau soleil que le tremplin des Bas-Rupts accueillait ce dimanche matin les meilleurs jeunes fran\u00e7ais U15 et U17 lors d\u2019un challenge national de saut \u00e0 ski avec une partie de ski \u00e0 roulettes.<\/strong><\/p>\n<p>Cette ultime journ\u00e9e sportive a d\u00e9but\u00e9 ce dimanche matin sur le tremplin des Bas Rupt avec les \u00e9preuves de saut \u00e0 ski pour les U15 et U17, filles et gar\u00e7ons. Les 29 participants se sont ensuite dirig\u00e9s vers le domaine de ski alpin de la Mauselaine afin de participer aux \u00e9preuves de combin\u00e9 nordique.<\/p>\n<p>En ce qui concerne les filles de la cat\u00e9gorie U17, le public a assist\u00e9 \u00e0 une belle bagarre entre vosgiennes pour la seconde et la troisi\u00e8me place, Justine Mengin et Oriane Didier viennent du club de la Bressaude et s\u2019entrainent toute l\u2019ann\u00e9e au centre interr\u00e9gional d&rsquo;entra\u00eenement de G\u00e9rardmer. Le meilleur chrono du jour nous vient de Lena Brocard qui monte sur la plus haute marche du podium avec un temps de 12 min 27\u2019, elle devance Oriane Didier et Justine Mengin qui terminent respectivement seconde et troisi\u00e8me de l\u2019\u00e9preuve.<\/p>\n<p>Chez les gar\u00e7ons, Lucas Chaignard et Cl\u00e9ment Chiappa ont bataill\u00e9 ferme, c\u2019est finalement Lucas Chaignard qui termine troisi\u00e8me de cette course de combin\u00e9 nordique avec un chrono de 11 min 29\u2019 tandis que Cl\u00e9ment Chiappa, qui a bien r\u00e9sist\u00e9 dans le dernier tour, termine \u00e0 deux minutes du grand vainqueur du jour, Lilian Tr\u00e9and. Il n\u2019y a pas eu match, Lilian qui vient de l\u2019Olympic Mondo dans le Jura, termine sa course tout seul en t\u00eate avec un chrono de 10 min 33\u2019 pour boucler les trois tours.<\/p>\n<p><strong>Les r\u00e9sultats :<\/strong><\/p>\n<p><a href=\"\/2021\/10\/RESULTATS-CN-HOMMES-U17.pdf\">RESULTATS CN HOMMES U17<\/a><\/p>\n<p><a href=\"\/2021\/10\/RESULTATS-CN-HOMMES-U15.pdf\">RESULTATS CN HOMMES U15<\/a><\/p>\n<p><a href=\"\/2021\/10\/RESULTATS-CN-DAMES-U15.pdf\">RESULTATS CN DAMES U15<\/a><\/p>\n<p><a href=\"\/2021\/10\/RESULTATS-CN-DAMES-TC.pdf\">RESULTATS CN DAMES TC<\/a><\/p>\n","protected":false},"excerpt":{"rendered":"<p>C\u2019est sous un beau soleil que le tremplin des Bas-Rupts accueillait ce dimanche matin les meilleurs jeunes fran\u00e7ais U15 et [&hellip;]<\/p>\n","protected":false},"author":1,"featured_media":55384,"comment_status":"open","ping_status":"open","sticky":false,"template":"","format":"standard","meta":{"footnotes":""},"categories":[20,25,14],"tags":[1017,68,467],"class_list":["post-55383","post","type-post","status-publish","format-standard","has-post-thumbnail","hentry","category-a-la-une","category-gerardmer","category-sport","tag-combine-nordique","tag-saut-a-ski","tag-tremplin-bas-rupts"],"acf":[],"yoast_head":"<!-- This site is optimized with the Yoast SEO plugin v22.5 - https:\/\/yoast.com\/wordpress\/plugins\/seo\/ -->\n<title>Saut \u00e0 ski &amp; combin\u00e9 : Les jeunes fran\u00e7ais plus pr\u00e8s des \u00e9toiles - Gerardmer Info<\/title>\n<meta name=\"robots\" content=\"index, follow, max-snippet:-1, max-image-preview:large, max-video-preview:-1\" \/>\n<link rel=\"canonical\" href=\"https:\/\/vosgesinfo.fr\/gerardmerinfo\/2021\/10\/saut-a-ski-combine-jeunes-francais-plus-pres-etoiles\/\" \/>\n<meta name=\"twitter:card\" content=\"summary_large_image\" \/>\n<meta name=\"twitter:title\" content=\"Saut \u00e0 ski &amp; combin\u00e9 : Les jeunes fran\u00e7ais plus pr\u00e8s des \u00e9toiles - Gerardmer Info\" \/>\n<meta name=\"twitter:description\" content=\"C\u2019est sous un beau soleil que le tremplin des Bas-Rupts accueillait ce dimanche matin les meilleurs jeunes fran\u00e7ais U15 et [&hellip;]\" \/>\n<meta name=\"twitter:image\" content=\"https:\/\/vosgesinfo.fr\/app\/uploads\/sites\/6\/2024\/07\/202110combine-nordique-1684.jpg\" \/>\n<meta name=\"twitter:creator\" content=\"@VosgesInfo88\" \/>\n<meta name=\"twitter:site\" content=\"@VosgesInfo88\" \/>\n<meta name=\"twitter:label1\" content=\"\u00c9crit par\" \/>\n\t<meta name=\"twitter:data1\" content=\"qs_admin\" \/>\n\t<meta name=\"twitter:label2\" content=\"Dur\u00e9e de lecture estim\u00e9e\" \/>\n\t<meta name=\"twitter:data2\" content=\"2 minutes\" \/>\n<script type=\"application\/ld+json\" class=\"yoast-schema-graph\">{\"@context\":\"https:\/\/schema.org\",\"@graph\":[{\"@type\":\"Article\",\"@id\":\"https:\/\/vosgesinfo.fr\/gerardmerinfo\/2021\/10\/saut-a-ski-combine-jeunes-francais-plus-pres-etoiles\/#article\",\"isPartOf\":{\"@id\":\"https:\/\/vosgesinfo.fr\/gerardmerinfo\/2021\/10\/saut-a-ski-combine-jeunes-francais-plus-pres-etoiles\/\"},\"author\":{\"name\":\"qs_admin\",\"@id\":\"https:\/\/vosgesinfo.fr\/gerardmerinfo\/#\/schema\/person\/bc5d02d71e6932e81b6dadb7386667b1\"},\"headline\":\"Saut \u00e0 ski &#038; combin\u00e9 : Les jeunes fran\u00e7ais plus pr\u00e8s des \u00e9toiles\",\"datePublished\":\"2021-10-18T06:51:58+00:00\",\"dateModified\":\"2021-10-18T06:51:58+00:00\",\"mainEntityOfPage\":{\"@id\":\"https:\/\/vosgesinfo.fr\/gerardmerinfo\/2021\/10\/saut-a-ski-combine-jeunes-francais-plus-pres-etoiles\/\"},\"wordCount\":323,\"commentCount\":0,\"publisher\":{\"@id\":\"https:\/\/vosgesinfo.fr\/gerardmerinfo\/#organization\"},\"image\":{\"@id\":\"https:\/\/vosgesinfo.fr\/gerardmerinfo\/2021\/10\/saut-a-ski-combine-jeunes-francais-plus-pres-etoiles\/#primaryimage\"},\"thumbnailUrl\":\"https:\/\/vosgesinfo.fr\/app\/uploads\/sites\/6\/2024\/07\/202110combine-nordique-1684.jpg\",\"keywords\":[\"combin\u00e9 nordique\",\"saut \u00e0 ski\",\"tremplin bas rupts\"],\"articleSection\":[\"A la une\",\"G\u00e9rardmer\",\"Sport\"],\"inLanguage\":\"fr-FR\",\"potentialAction\":[{\"@type\":\"CommentAction\",\"name\":\"Comment\",\"target\":[\"https:\/\/vosgesinfo.fr\/gerardmerinfo\/2021\/10\/saut-a-ski-combine-jeunes-francais-plus-pres-etoiles\/#respond\"]}]},{\"@type\":\"WebPage\",\"@id\":\"https:\/\/vosgesinfo.fr\/gerardmerinfo\/2021\/10\/saut-a-ski-combine-jeunes-francais-plus-pres-etoiles\/\",\"url\":\"https:\/\/vosgesinfo.fr\/gerardmerinfo\/2021\/10\/saut-a-ski-combine-jeunes-francais-plus-pres-etoiles\/\",\"name\":\"Saut \u00e0 ski & combin\u00e9 : Les jeunes fran\u00e7ais plus pr\u00e8s des \u00e9toiles - Gerardmer Info\",\"isPartOf\":{\"@id\":\"https:\/\/vosgesinfo.fr\/gerardmerinfo\/#website\"},\"primaryImageOfPage\":{\"@id\":\"https:\/\/vosgesinfo.fr\/gerardmerinfo\/2021\/10\/saut-a-ski-combine-jeunes-francais-plus-pres-etoiles\/#primaryimage\"},\"image\":{\"@id\":\"https:\/\/vosgesinfo.fr\/gerardmerinfo\/2021\/10\/saut-a-ski-combine-jeunes-francais-plus-pres-etoiles\/#primaryimage\"},\"thumbnailUrl\":\"https:\/\/vosgesinfo.fr\/app\/uploads\/sites\/6\/2024\/07\/202110combine-nordique-1684.jpg\",\"datePublished\":\"2021-10-18T06:51:58+00:00\",\"dateModified\":\"2021-10-18T06:51:58+00:00\",\"breadcrumb\":{\"@id\":\"https:\/\/vosgesinfo.fr\/gerardmerinfo\/2021\/10\/saut-a-ski-combine-jeunes-francais-plus-pres-etoiles\/#breadcrumb\"},\"inLanguage\":\"fr-FR\",\"potentialAction\":[{\"@type\":\"ReadAction\",\"target\":[\"https:\/\/vosgesinfo.fr\/gerardmerinfo\/2021\/10\/saut-a-ski-combine-jeunes-francais-plus-pres-etoiles\/\"]}]},{\"@type\":\"ImageObject\",\"inLanguage\":\"fr-FR\",\"@id\":\"https:\/\/vosgesinfo.fr\/gerardmerinfo\/2021\/10\/saut-a-ski-combine-jeunes-francais-plus-pres-etoiles\/#primaryimage\",\"url\":\"https:\/\/vosgesinfo.fr\/app\/uploads\/sites\/6\/2024\/07\/202110combine-nordique-1684.jpg\",\"contentUrl\":\"https:\/\/vosgesinfo.fr\/app\/uploads\/sites\/6\/2024\/07\/202110combine-nordique-1684.jpg\",\"width\":800,\"height\":533},{\"@type\":\"BreadcrumbList\",\"@id\":\"https:\/\/vosgesinfo.fr\/gerardmerinfo\/2021\/10\/saut-a-ski-combine-jeunes-francais-plus-pres-etoiles\/#breadcrumb\",\"itemListElement\":[{\"@type\":\"ListItem\",\"position\":1,\"name\":\"Home\",\"item\":\"https:\/\/vosgesinfo.fr\/gerardmerinfo\/\"},{\"@type\":\"ListItem\",\"position\":2,\"name\":\"Saut \u00e0 ski &#038; combin\u00e9 : Les jeunes fran\u00e7ais plus pr\u00e8s des \u00e9toiles\"}]},{\"@type\":\"WebSite\",\"@id\":\"https:\/\/vosgesinfo.fr\/gerardmerinfo\/#website\",\"url\":\"https:\/\/vosgesinfo.fr\/gerardmerinfo\/\",\"name\":\"Gerardmer Info\",\"description\":\"Toute l&#039;actualit\u00e9 de G\u00e9rardmer\",\"publisher\":{\"@id\":\"https:\/\/vosgesinfo.fr\/gerardmerinfo\/#organization\"},\"alternateName\":\"Toute l'actualit\u00e9 de G\u00e9rardmer\",\"potentialAction\":[{\"@type\":\"SearchAction\",\"target\":{\"@type\":\"EntryPoint\",\"urlTemplate\":\"https:\/\/vosgesinfo.fr\/gerardmerinfo\/?s={search_term_string}\"},\"query-input\":\"required name=search_term_string\"}],\"inLanguage\":\"fr-FR\"},{\"@type\":\"Organization\",\"@id\":\"https:\/\/vosgesinfo.fr\/gerardmerinfo\/#organization\",\"name\":\"Gerardmer Info\",\"url\":\"https:\/\/vosgesinfo.fr\/gerardmerinfo\/\",\"logo\":{\"@type\":\"ImageObject\",\"inLanguage\":\"fr-FR\",\"@id\":\"https:\/\/vosgesinfo.fr\/gerardmerinfo\/#\/schema\/logo\/image\/\",\"url\":\"https:\/\/vosgesinfo.fr\/app\/uploads\/sites\/6\/2023\/08\/favicon-gerardmerinfo.png\",\"contentUrl\":\"https:\/\/vosgesinfo.fr\/app\/uploads\/sites\/6\/2023\/08\/favicon-gerardmerinfo.png\",\"width\":512,\"height\":512,\"caption\":\"Gerardmer Info\"},\"image\":{\"@id\":\"https:\/\/vosgesinfo.fr\/gerardmerinfo\/#\/schema\/logo\/image\/\"},\"sameAs\":[\"https:\/\/www.facebook.com\/profile.php?id=100049475262660\",\"https:\/\/x.com\/VosgesInfo88\",\"https:\/\/www.youtube.com\/@vosgesinfo\"]},{\"@type\":\"Person\",\"@id\":\"https:\/\/vosgesinfo.fr\/gerardmerinfo\/#\/schema\/person\/bc5d02d71e6932e81b6dadb7386667b1\",\"name\":\"qs_admin\",\"image\":{\"@type\":\"ImageObject\",\"inLanguage\":\"fr-FR\",\"@id\":\"https:\/\/vosgesinfo.fr\/gerardmerinfo\/#\/schema\/person\/image\/\",\"url\":\"https:\/\/secure.gravatar.com\/avatar\/94b18ee0ed79e4a42ea2f2931277b6841a8999fc6fde214600c78057cf1fe1de?s=96&d=mm&r=g\",\"contentUrl\":\"https:\/\/secure.gravatar.com\/avatar\/94b18ee0ed79e4a42ea2f2931277b6841a8999fc6fde214600c78057cf1fe1de?s=96&d=mm&r=g\",\"caption\":\"qs_admin\"},\"sameAs\":[\"https:\/\/vosgesinfo.fr\/wp\"],\"url\":\"https:\/\/vosgesinfo.fr\/gerardmerinfo\/author\/qs_admin\/\"}]}<\/script>\n<!-- \/ Yoast SEO plugin. -->","yoast_head_json":{"title":"Saut \u00e0 ski & combin\u00e9 : Les jeunes fran\u00e7ais plus pr\u00e8s des \u00e9toiles - Gerardmer Info","robots":{"index":"index","follow":"follow","max-snippet":"max-snippet:-1","max-image-preview":"max-image-preview:large","max-video-preview":"max-video-preview:-1"},"canonical":"https:\/\/vosgesinfo.fr\/gerardmerinfo\/2021\/10\/saut-a-ski-combine-jeunes-francais-plus-pres-etoiles\/","twitter_card":"summary_large_image","twitter_title":"Saut \u00e0 ski & combin\u00e9 : Les jeunes fran\u00e7ais plus pr\u00e8s des \u00e9toiles - Gerardmer Info","twitter_description":"C\u2019est sous un beau soleil que le tremplin des Bas-Rupts accueillait ce dimanche matin les meilleurs jeunes fran\u00e7ais U15 et [&hellip;]","twitter_image":"https:\/\/vosgesinfo.fr\/app\/uploads\/sites\/6\/2024\/07\/202110combine-nordique-1684.jpg","twitter_creator":"@VosgesInfo88","twitter_site":"@VosgesInfo88","twitter_misc":{"\u00c9crit par":"qs_admin","Dur\u00e9e de lecture estim\u00e9e":"2 minutes"},"schema":{"@context":"https:\/\/schema.org","@graph":[{"@type":"Article","@id":"https:\/\/vosgesinfo.fr\/gerardmerinfo\/2021\/10\/saut-a-ski-combine-jeunes-francais-plus-pres-etoiles\/#article","isPartOf":{"@id":"https:\/\/vosgesinfo.fr\/gerardmerinfo\/2021\/10\/saut-a-ski-combine-jeunes-francais-plus-pres-etoiles\/"},"author":{"name":"qs_admin","@id":"https:\/\/vosgesinfo.fr\/gerardmerinfo\/#\/schema\/person\/bc5d02d71e6932e81b6dadb7386667b1"},"headline":"Saut \u00e0 ski &#038; combin\u00e9 : Les jeunes fran\u00e7ais plus pr\u00e8s des \u00e9toiles","datePublished":"2021-10-18T06:51:58+00:00","dateModified":"2021-10-18T06:51:58+00:00","mainEntityOfPage":{"@id":"https:\/\/vosgesinfo.fr\/gerardmerinfo\/2021\/10\/saut-a-ski-combine-jeunes-francais-plus-pres-etoiles\/"},"wordCount":323,"commentCount":0,"publisher":{"@id":"https:\/\/vosgesinfo.fr\/gerardmerinfo\/#organization"},"image":{"@id":"https:\/\/vosgesinfo.fr\/gerardmerinfo\/2021\/10\/saut-a-ski-combine-jeunes-francais-plus-pres-etoiles\/#primaryimage"},"thumbnailUrl":"https:\/\/vosgesinfo.fr\/app\/uploads\/sites\/6\/2024\/07\/202110combine-nordique-1684.jpg","keywords":["combin\u00e9 nordique","saut \u00e0 ski","tremplin bas rupts"],"articleSection":["A la une","G\u00e9rardmer","Sport"],"inLanguage":"fr-FR","potentialAction":[{"@type":"CommentAction","name":"Comment","target":["https:\/\/vosgesinfo.fr\/gerardmerinfo\/2021\/10\/saut-a-ski-combine-jeunes-francais-plus-pres-etoiles\/#respond"]}]},{"@type":"WebPage","@id":"https:\/\/vosgesinfo.fr\/gerardmerinfo\/2021\/10\/saut-a-ski-combine-jeunes-francais-plus-pres-etoiles\/","url":"https:\/\/vosgesinfo.fr\/gerardmerinfo\/2021\/10\/saut-a-ski-combine-jeunes-francais-plus-pres-etoiles\/","name":"Saut \u00e0 ski & combin\u00e9 : Les jeunes fran\u00e7ais plus pr\u00e8s des \u00e9toiles - Gerardmer Info","isPartOf":{"@id":"https:\/\/vosgesinfo.fr\/gerardmerinfo\/#website"},"primaryImageOfPage":{"@id":"https:\/\/vosgesinfo.fr\/gerardmerinfo\/2021\/10\/saut-a-ski-combine-jeunes-francais-plus-pres-etoiles\/#primaryimage"},"image":{"@id":"https:\/\/vosgesinfo.fr\/gerardmerinfo\/2021\/10\/saut-a-ski-combine-jeunes-francais-plus-pres-etoiles\/#primaryimage"},"thumbnailUrl":"https:\/\/vosgesinfo.fr\/app\/uploads\/sites\/6\/2024\/07\/202110combine-nordique-1684.jpg","datePublished":"2021-10-18T06:51:58+00:00","dateModified":"2021-10-18T06:51:58+00:00","breadcrumb":{"@id":"https:\/\/vosgesinfo.fr\/gerardmerinfo\/2021\/10\/saut-a-ski-combine-jeunes-francais-plus-pres-etoiles\/#breadcrumb"},"inLanguage":"fr-FR","potentialAction":[{"@type":"ReadAction","target":["https:\/\/vosgesinfo.fr\/gerardmerinfo\/2021\/10\/saut-a-ski-combine-jeunes-francais-plus-pres-etoiles\/"]}]},{"@type":"ImageObject","inLanguage":"fr-FR","@id":"https:\/\/vosgesinfo.fr\/gerardmerinfo\/2021\/10\/saut-a-ski-combine-jeunes-francais-plus-pres-etoiles\/#primaryimage","url":"https:\/\/vosgesinfo.fr\/app\/uploads\/sites\/6\/2024\/07\/202110combine-nordique-1684.jpg","contentUrl":"https:\/\/vosgesinfo.fr\/app\/uploads\/sites\/6\/2024\/07\/202110combine-nordique-1684.jpg","width":800,"height":533},{"@type":"BreadcrumbList","@id":"https:\/\/vosgesinfo.fr\/gerardmerinfo\/2021\/10\/saut-a-ski-combine-jeunes-francais-plus-pres-etoiles\/#breadcrumb","itemListElement":[{"@type":"ListItem","position":1,"name":"Home","item":"https:\/\/vosgesinfo.fr\/gerardmerinfo\/"},{"@type":"ListItem","position":2,"name":"Saut \u00e0 ski &#038; combin\u00e9 : Les jeunes fran\u00e7ais plus pr\u00e8s des \u00e9toiles"}]},{"@type":"WebSite","@id":"https:\/\/vosgesinfo.fr\/gerardmerinfo\/#website","url":"https:\/\/vosgesinfo.fr\/gerardmerinfo\/","name":"Gerardmer Info","description":"Toute l&#039;actualit\u00e9 de G\u00e9rardmer","publisher":{"@id":"https:\/\/vosgesinfo.fr\/gerardmerinfo\/#organization"},"alternateName":"Toute l'actualit\u00e9 de G\u00e9rardmer","potentialAction":[{"@type":"SearchAction","target":{"@type":"EntryPoint","urlTemplate":"https:\/\/vosgesinfo.fr\/gerardmerinfo\/?s={search_term_string}"},"query-input":"required name=search_term_string"}],"inLanguage":"fr-FR"},{"@type":"Organization","@id":"https:\/\/vosgesinfo.fr\/gerardmerinfo\/#organization","name":"Gerardmer Info","url":"https:\/\/vosgesinfo.fr\/gerardmerinfo\/","logo":{"@type":"ImageObject","inLanguage":"fr-FR","@id":"https:\/\/vosgesinfo.fr\/gerardmerinfo\/#\/schema\/logo\/image\/","url":"https:\/\/vosgesinfo.fr\/app\/uploads\/sites\/6\/2023\/08\/favicon-gerardmerinfo.png","contentUrl":"https:\/\/vosgesinfo.fr\/app\/uploads\/sites\/6\/2023\/08\/favicon-gerardmerinfo.png","width":512,"height":512,"caption":"Gerardmer Info"},"image":{"@id":"https:\/\/vosgesinfo.fr\/gerardmerinfo\/#\/schema\/logo\/image\/"},"sameAs":["https:\/\/www.facebook.com\/profile.php?id=100049475262660","https:\/\/x.com\/VosgesInfo88","https:\/\/www.youtube.com\/@vosgesinfo"]},{"@type":"Person","@id":"https:\/\/vosgesinfo.fr\/gerardmerinfo\/#\/schema\/person\/bc5d02d71e6932e81b6dadb7386667b1","name":"qs_admin","image":{"@type":"ImageObject","inLanguage":"fr-FR","@id":"https:\/\/vosgesinfo.fr\/gerardmerinfo\/#\/schema\/person\/image\/","url":"https:\/\/secure.gravatar.com\/avatar\/94b18ee0ed79e4a42ea2f2931277b6841a8999fc6fde214600c78057cf1fe1de?s=96&d=mm&r=g","contentUrl":"https:\/\/secure.gravatar.com\/avatar\/94b18ee0ed79e4a42ea2f2931277b6841a8999fc6fde214600c78057cf1fe1de?s=96&d=mm&r=g","caption":"qs_admin"},"sameAs":["https:\/\/vosgesinfo.fr\/wp"],"url":"https:\/\/vosgesinfo.fr\/gerardmerinfo\/author\/qs_admin\/"}]}},"_links":{"self":[{"href":"https:\/\/vosgesinfo.fr\/gerardmerinfo\/wp-json\/wp\/v2\/posts\/55383","targetHints":{"allow":["GET"]}}],"collection":[{"href":"https:\/\/vosgesinfo.fr\/gerardmerinfo\/wp-json\/wp\/v2\/posts"}],"about":[{"href":"https:\/\/vosgesinfo.fr\/gerardmerinfo\/wp-json\/wp\/v2\/types\/post"}],"author":[{"embeddable":true,"href":"https:\/\/vosgesinfo.fr\/gerardmerinfo\/wp-json\/wp\/v2\/users\/1"}],"replies":[{"embeddable":true,"href":"https:\/\/vosgesinfo.fr\/gerardmerinfo\/wp-json\/wp\/v2\/comments?post=55383"}],"version-history":[{"count":0,"href":"https:\/\/vosgesinfo.fr\/gerardmerinfo\/wp-json\/wp\/v2\/posts\/55383\/revisions"}],"wp:featuredmedia":[{"embeddable":true,"href":"https:\/\/vosgesinfo.fr\/gerardmerinfo\/wp-json\/wp\/v2\/media\/55384"}],"wp:attachment":[{"href":"https:\/\/vosgesinfo.fr\/gerardmerinfo\/wp-json\/wp\/v2\/media?parent=55383"}],"wp:term":[{"taxonomy":"category","embeddable":true,"href":"https:\/\/vosgesinfo.fr\/gerardmerinfo\/wp-json\/wp\/v2\/categories?post=55383"},{"taxonomy":"post_tag","embeddable":true,"href":"https:\/\/vosgesinfo.fr\/gerardmerinfo\/wp-json\/wp\/v2\/tags?post=55383"}],"curies":[{"name":"wp","href":"https:\/\/api.w.org\/{rel}","templated":true}]}}