{"id":55467,"date":"2021-10-21T13:44:43","date_gmt":"2021-10-21T11:44:43","guid":{"rendered":"https:\/\/vosgesinfo.fr\/gerardmerinfo\/2021\/10\/bacs-potagers-contribuer-a-embellir-quartier\/"},"modified":"2021-10-21T13:44:43","modified_gmt":"2021-10-21T11:44:43","slug":"bacs-potagers-contribuer-a-embellir-quartier","status":"publish","type":"post","link":"https:\/\/vosgesinfo.fr\/gerardmerinfo\/2021\/10\/bacs-potagers-contribuer-a-embellir-quartier\/","title":{"rendered":"Des bacs potagers pour contribuer \u00e0 embellir le quartier"},"content":{"rendered":"<h3 class=\"m_-1209091485597447226MsoNoSpacing\"><img decoding=\"async\" class=\"aligncenter size-full wp-image-181418\" src=\"\/2021\/10\/bergon-embellissement-3.jpg\" alt=\"bergon embellissement (3)\" width=\"800\" height=\"533\" \/><\/h3>\n<h3 class=\"m_-1209091485597447226MsoNoSpacing\">L&rsquo;op\u00e9ration \u00ab\u00a0Ensemble, embellissons notre quartier\u00a0\u00bb prend forme dans le secteur du Bergon avec une \u00e9tape r\u00e9cemment d\u00e9di\u00e9e \u00e0 l&rsquo;installation de bacs potagers faisant suite \u00e0 une premi\u00e8re r\u00e9union de concertation avec les principaux acteurs que sont le CCAS de la Ville, le conseil d\u00e9partemental et l&rsquo;association <em>Incroyables Potagers<\/em>.<\/h3>\n<p class=\"m_-1209091485597447226MsoNoSpacing\">L&rsquo;installation a donc d\u00e9but\u00e9 ce mercredi apr\u00e8s-midi au Bergon en pr\u00e9sence de l&rsquo;adjointe \u00e0 la solidarit\u00e9 Fabienne Creteur-Clement et de Nathalie Colnat, directrice du CCAS. Dans un premier temps, les planches ont \u00e9t\u00e9 mont\u00e9es devant la maison du Bergon avant d\u2019\u00eatre assembl\u00e9es pour \u00eatre d\u00e9pos\u00e9s dans diff\u00e9rents lieux strat\u00e9gique du quartier : aux \u00c9glantiers, aux Gen\u00eats, aux Ch\u00eanes et aux Aub\u00e9pine. Les deux bacs en pierre qui existent d\u00e9j\u00e0 aux Thuyas et aux Gen\u00e9vriers vont \u00e9galement \u00eatre repris pr\u00e9cisait J\u00e9r\u00e9my Berger, travailleur social impliqu\u00e9 dans ce projet soutenu par Josiane Mansuy, conseill\u00e8re d\u00e9partementale.<\/p>\n<p class=\"m_-1209091485597447226MsoNoSpacing\">On notera que plusieurs locataires ont pris part \u00e0 cette premi\u00e8re \u00e9tape essentielle, preuve que le \u00ab\u00a0Le Faire ensemble\u00a0\u00bb qui est un \u00e9l\u00e9ment important du projet a plut\u00f4t donc bien fonctionn\u00e9. Et ce n&rsquo;est qu&rsquo;un d\u00e9but. Pr\u00e9sent ce mercredi au Bergon, l&rsquo;un des enseignants de l&rsquo;\u00e9cole Jules Ferry en la personne de Julien Vaxelaire \u00e0 l&rsquo;intention de proposer \u00e0 ses \u00e9l\u00e8ves de faire un autre bac potager \u00e0 l\u2019\u00e9cole. En attendant, il va falloir garnir les bacs qui viennent d&rsquo;\u00eatre install\u00e9s. Nouvelle \u00e9tape ce jeudi avec le ramassage des feuilles et de la mousse qui composeront l&rsquo;une des couches essentielles de la garniture des bacs&#8230;<\/p>\n<p class=\"m_-1209091485597447226MsoNoSpacing\"><u><\/u><\/p>\n","protected":false},"excerpt":{"rendered":"<p>L&rsquo;op\u00e9ration \u00ab\u00a0Ensemble, embellissons notre quartier\u00a0\u00bb prend forme dans le secteur du Bergon avec une \u00e9tape r\u00e9cemment d\u00e9di\u00e9e \u00e0 l&rsquo;installation de [&hellip;]<\/p>\n","protected":false},"author":1,"featured_media":55468,"comment_status":"open","ping_status":"open","sticky":false,"template":"","format":"standard","meta":{"footnotes":""},"categories":[20,25,13],"tags":[2065],"class_list":["post-55467","post","type-post","status-publish","format-standard","has-post-thumbnail","hentry","category-a-la-une","category-gerardmer","category-societe","tag-bergon"],"acf":[],"yoast_head":"<!-- This site is optimized with the Yoast SEO plugin v22.5 - https:\/\/yoast.com\/wordpress\/plugins\/seo\/ -->\n<title>Des bacs potagers pour contribuer \u00e0 embellir le quartier - Gerardmer Info<\/title>\n<meta name=\"robots\" content=\"index, follow, max-snippet:-1, max-image-preview:large, max-video-preview:-1\" \/>\n<link rel=\"canonical\" href=\"https:\/\/vosgesinfo.fr\/gerardmerinfo\/2021\/10\/bacs-potagers-contribuer-a-embellir-quartier\/\" \/>\n<meta name=\"twitter:card\" content=\"summary_large_image\" \/>\n<meta name=\"twitter:title\" content=\"Des bacs potagers pour contribuer \u00e0 embellir le quartier - Gerardmer Info\" \/>\n<meta name=\"twitter:description\" content=\"L&rsquo;op\u00e9ration \u00ab\u00a0Ensemble, embellissons notre quartier\u00a0\u00bb prend forme dans le secteur du Bergon avec une \u00e9tape r\u00e9cemment d\u00e9di\u00e9e \u00e0 l&rsquo;installation de [&hellip;]\" \/>\n<meta name=\"twitter:image\" content=\"https:\/\/vosgesinfo.fr\/app\/uploads\/sites\/6\/2024\/07\/202110bergon-embellissement-3.jpg\" \/>\n<meta name=\"twitter:creator\" content=\"@VosgesInfo88\" \/>\n<meta name=\"twitter:site\" content=\"@VosgesInfo88\" \/>\n<meta name=\"twitter:label1\" content=\"\u00c9crit par\" \/>\n\t<meta name=\"twitter:data1\" content=\"qs_admin\" \/>\n\t<meta name=\"twitter:label2\" content=\"Dur\u00e9e de lecture estim\u00e9e\" \/>\n\t<meta name=\"twitter:data2\" content=\"1 minute\" \/>\n<script type=\"application\/ld+json\" class=\"yoast-schema-graph\">{\"@context\":\"https:\/\/schema.org\",\"@graph\":[{\"@type\":\"Article\",\"@id\":\"https:\/\/vosgesinfo.fr\/gerardmerinfo\/2021\/10\/bacs-potagers-contribuer-a-embellir-quartier\/#article\",\"isPartOf\":{\"@id\":\"https:\/\/vosgesinfo.fr\/gerardmerinfo\/2021\/10\/bacs-potagers-contribuer-a-embellir-quartier\/\"},\"author\":{\"name\":\"qs_admin\",\"@id\":\"https:\/\/vosgesinfo.fr\/gerardmerinfo\/#\/schema\/person\/bc5d02d71e6932e81b6dadb7386667b1\"},\"headline\":\"Des bacs potagers pour contribuer \u00e0 embellir le quartier\",\"datePublished\":\"2021-10-21T11:44:43+00:00\",\"dateModified\":\"2021-10-21T11:44:43+00:00\",\"mainEntityOfPage\":{\"@id\":\"https:\/\/vosgesinfo.fr\/gerardmerinfo\/2021\/10\/bacs-potagers-contribuer-a-embellir-quartier\/\"},\"wordCount\":293,\"commentCount\":0,\"publisher\":{\"@id\":\"https:\/\/vosgesinfo.fr\/gerardmerinfo\/#organization\"},\"image\":{\"@id\":\"https:\/\/vosgesinfo.fr\/gerardmerinfo\/2021\/10\/bacs-potagers-contribuer-a-embellir-quartier\/#primaryimage\"},\"thumbnailUrl\":\"https:\/\/vosgesinfo.fr\/app\/uploads\/sites\/6\/2024\/07\/202110bergon-embellissement-3.jpg\",\"keywords\":[\"Bergon\"],\"articleSection\":[\"A la une\",\"G\u00e9rardmer\",\"Soci\u00e9t\u00e9\"],\"inLanguage\":\"fr-FR\",\"potentialAction\":[{\"@type\":\"CommentAction\",\"name\":\"Comment\",\"target\":[\"https:\/\/vosgesinfo.fr\/gerardmerinfo\/2021\/10\/bacs-potagers-contribuer-a-embellir-quartier\/#respond\"]}]},{\"@type\":\"WebPage\",\"@id\":\"https:\/\/vosgesinfo.fr\/gerardmerinfo\/2021\/10\/bacs-potagers-contribuer-a-embellir-quartier\/\",\"url\":\"https:\/\/vosgesinfo.fr\/gerardmerinfo\/2021\/10\/bacs-potagers-contribuer-a-embellir-quartier\/\",\"name\":\"Des bacs potagers pour contribuer \u00e0 embellir le quartier - Gerardmer Info\",\"isPartOf\":{\"@id\":\"https:\/\/vosgesinfo.fr\/gerardmerinfo\/#website\"},\"primaryImageOfPage\":{\"@id\":\"https:\/\/vosgesinfo.fr\/gerardmerinfo\/2021\/10\/bacs-potagers-contribuer-a-embellir-quartier\/#primaryimage\"},\"image\":{\"@id\":\"https:\/\/vosgesinfo.fr\/gerardmerinfo\/2021\/10\/bacs-potagers-contribuer-a-embellir-quartier\/#primaryimage\"},\"thumbnailUrl\":\"https:\/\/vosgesinfo.fr\/app\/uploads\/sites\/6\/2024\/07\/202110bergon-embellissement-3.jpg\",\"datePublished\":\"2021-10-21T11:44:43+00:00\",\"dateModified\":\"2021-10-21T11:44:43+00:00\",\"breadcrumb\":{\"@id\":\"https:\/\/vosgesinfo.fr\/gerardmerinfo\/2021\/10\/bacs-potagers-contribuer-a-embellir-quartier\/#breadcrumb\"},\"inLanguage\":\"fr-FR\",\"potentialAction\":[{\"@type\":\"ReadAction\",\"target\":[\"https:\/\/vosgesinfo.fr\/gerardmerinfo\/2021\/10\/bacs-potagers-contribuer-a-embellir-quartier\/\"]}]},{\"@type\":\"ImageObject\",\"inLanguage\":\"fr-FR\",\"@id\":\"https:\/\/vosgesinfo.fr\/gerardmerinfo\/2021\/10\/bacs-potagers-contribuer-a-embellir-quartier\/#primaryimage\",\"url\":\"https:\/\/vosgesinfo.fr\/app\/uploads\/sites\/6\/2024\/07\/202110bergon-embellissement-3.jpg\",\"contentUrl\":\"https:\/\/vosgesinfo.fr\/app\/uploads\/sites\/6\/2024\/07\/202110bergon-embellissement-3.jpg\",\"width\":800,\"height\":533},{\"@type\":\"BreadcrumbList\",\"@id\":\"https:\/\/vosgesinfo.fr\/gerardmerinfo\/2021\/10\/bacs-potagers-contribuer-a-embellir-quartier\/#breadcrumb\",\"itemListElement\":[{\"@type\":\"ListItem\",\"position\":1,\"name\":\"Home\",\"item\":\"https:\/\/vosgesinfo.fr\/gerardmerinfo\/\"},{\"@type\":\"ListItem\",\"position\":2,\"name\":\"Des bacs potagers pour contribuer \u00e0 embellir le quartier\"}]},{\"@type\":\"WebSite\",\"@id\":\"https:\/\/vosgesinfo.fr\/gerardmerinfo\/#website\",\"url\":\"https:\/\/vosgesinfo.fr\/gerardmerinfo\/\",\"name\":\"Gerardmer Info\",\"description\":\"Toute l&#039;actualit\u00e9 de G\u00e9rardmer\",\"publisher\":{\"@id\":\"https:\/\/vosgesinfo.fr\/gerardmerinfo\/#organization\"},\"alternateName\":\"Toute l'actualit\u00e9 de G\u00e9rardmer\",\"potentialAction\":[{\"@type\":\"SearchAction\",\"target\":{\"@type\":\"EntryPoint\",\"urlTemplate\":\"https:\/\/vosgesinfo.fr\/gerardmerinfo\/?s={search_term_string}\"},\"query-input\":\"required name=search_term_string\"}],\"inLanguage\":\"fr-FR\"},{\"@type\":\"Organization\",\"@id\":\"https:\/\/vosgesinfo.fr\/gerardmerinfo\/#organization\",\"name\":\"Gerardmer Info\",\"url\":\"https:\/\/vosgesinfo.fr\/gerardmerinfo\/\",\"logo\":{\"@type\":\"ImageObject\",\"inLanguage\":\"fr-FR\",\"@id\":\"https:\/\/vosgesinfo.fr\/gerardmerinfo\/#\/schema\/logo\/image\/\",\"url\":\"https:\/\/vosgesinfo.fr\/app\/uploads\/sites\/6\/2023\/08\/favicon-gerardmerinfo.png\",\"contentUrl\":\"https:\/\/vosgesinfo.fr\/app\/uploads\/sites\/6\/2023\/08\/favicon-gerardmerinfo.png\",\"width\":512,\"height\":512,\"caption\":\"Gerardmer Info\"},\"image\":{\"@id\":\"https:\/\/vosgesinfo.fr\/gerardmerinfo\/#\/schema\/logo\/image\/\"},\"sameAs\":[\"https:\/\/www.facebook.com\/profile.php?id=100049475262660\",\"https:\/\/x.com\/VosgesInfo88\",\"https:\/\/www.youtube.com\/@vosgesinfo\"]},{\"@type\":\"Person\",\"@id\":\"https:\/\/vosgesinfo.fr\/gerardmerinfo\/#\/schema\/person\/bc5d02d71e6932e81b6dadb7386667b1\",\"name\":\"qs_admin\",\"image\":{\"@type\":\"ImageObject\",\"inLanguage\":\"fr-FR\",\"@id\":\"https:\/\/vosgesinfo.fr\/gerardmerinfo\/#\/schema\/person\/image\/\",\"url\":\"https:\/\/secure.gravatar.com\/avatar\/94b18ee0ed79e4a42ea2f2931277b6841a8999fc6fde214600c78057cf1fe1de?s=96&d=mm&r=g\",\"contentUrl\":\"https:\/\/secure.gravatar.com\/avatar\/94b18ee0ed79e4a42ea2f2931277b6841a8999fc6fde214600c78057cf1fe1de?s=96&d=mm&r=g\",\"caption\":\"qs_admin\"},\"sameAs\":[\"https:\/\/vosgesinfo.fr\/wp\"],\"url\":\"https:\/\/vosgesinfo.fr\/gerardmerinfo\/author\/qs_admin\/\"}]}<\/script>\n<!-- \/ Yoast SEO plugin. -->","yoast_head_json":{"title":"Des bacs potagers pour contribuer \u00e0 embellir le quartier - Gerardmer Info","robots":{"index":"index","follow":"follow","max-snippet":"max-snippet:-1","max-image-preview":"max-image-preview:large","max-video-preview":"max-video-preview:-1"},"canonical":"https:\/\/vosgesinfo.fr\/gerardmerinfo\/2021\/10\/bacs-potagers-contribuer-a-embellir-quartier\/","twitter_card":"summary_large_image","twitter_title":"Des bacs potagers pour contribuer \u00e0 embellir le quartier - Gerardmer Info","twitter_description":"L&rsquo;op\u00e9ration \u00ab\u00a0Ensemble, embellissons notre quartier\u00a0\u00bb prend forme dans le secteur du Bergon avec une \u00e9tape r\u00e9cemment d\u00e9di\u00e9e \u00e0 l&rsquo;installation de [&hellip;]","twitter_image":"https:\/\/vosgesinfo.fr\/app\/uploads\/sites\/6\/2024\/07\/202110bergon-embellissement-3.jpg","twitter_creator":"@VosgesInfo88","twitter_site":"@VosgesInfo88","twitter_misc":{"\u00c9crit par":"qs_admin","Dur\u00e9e de lecture estim\u00e9e":"1 minute"},"schema":{"@context":"https:\/\/schema.org","@graph":[{"@type":"Article","@id":"https:\/\/vosgesinfo.fr\/gerardmerinfo\/2021\/10\/bacs-potagers-contribuer-a-embellir-quartier\/#article","isPartOf":{"@id":"https:\/\/vosgesinfo.fr\/gerardmerinfo\/2021\/10\/bacs-potagers-contribuer-a-embellir-quartier\/"},"author":{"name":"qs_admin","@id":"https:\/\/vosgesinfo.fr\/gerardmerinfo\/#\/schema\/person\/bc5d02d71e6932e81b6dadb7386667b1"},"headline":"Des bacs potagers pour contribuer \u00e0 embellir le quartier","datePublished":"2021-10-21T11:44:43+00:00","dateModified":"2021-10-21T11:44:43+00:00","mainEntityOfPage":{"@id":"https:\/\/vosgesinfo.fr\/gerardmerinfo\/2021\/10\/bacs-potagers-contribuer-a-embellir-quartier\/"},"wordCount":293,"commentCount":0,"publisher":{"@id":"https:\/\/vosgesinfo.fr\/gerardmerinfo\/#organization"},"image":{"@id":"https:\/\/vosgesinfo.fr\/gerardmerinfo\/2021\/10\/bacs-potagers-contribuer-a-embellir-quartier\/#primaryimage"},"thumbnailUrl":"https:\/\/vosgesinfo.fr\/app\/uploads\/sites\/6\/2024\/07\/202110bergon-embellissement-3.jpg","keywords":["Bergon"],"articleSection":["A la une","G\u00e9rardmer","Soci\u00e9t\u00e9"],"inLanguage":"fr-FR","potentialAction":[{"@type":"CommentAction","name":"Comment","target":["https:\/\/vosgesinfo.fr\/gerardmerinfo\/2021\/10\/bacs-potagers-contribuer-a-embellir-quartier\/#respond"]}]},{"@type":"WebPage","@id":"https:\/\/vosgesinfo.fr\/gerardmerinfo\/2021\/10\/bacs-potagers-contribuer-a-embellir-quartier\/","url":"https:\/\/vosgesinfo.fr\/gerardmerinfo\/2021\/10\/bacs-potagers-contribuer-a-embellir-quartier\/","name":"Des bacs potagers pour contribuer \u00e0 embellir le quartier - Gerardmer Info","isPartOf":{"@id":"https:\/\/vosgesinfo.fr\/gerardmerinfo\/#website"},"primaryImageOfPage":{"@id":"https:\/\/vosgesinfo.fr\/gerardmerinfo\/2021\/10\/bacs-potagers-contribuer-a-embellir-quartier\/#primaryimage"},"image":{"@id":"https:\/\/vosgesinfo.fr\/gerardmerinfo\/2021\/10\/bacs-potagers-contribuer-a-embellir-quartier\/#primaryimage"},"thumbnailUrl":"https:\/\/vosgesinfo.fr\/app\/uploads\/sites\/6\/2024\/07\/202110bergon-embellissement-3.jpg","datePublished":"2021-10-21T11:44:43+00:00","dateModified":"2021-10-21T11:44:43+00:00","breadcrumb":{"@id":"https:\/\/vosgesinfo.fr\/gerardmerinfo\/2021\/10\/bacs-potagers-contribuer-a-embellir-quartier\/#breadcrumb"},"inLanguage":"fr-FR","potentialAction":[{"@type":"ReadAction","target":["https:\/\/vosgesinfo.fr\/gerardmerinfo\/2021\/10\/bacs-potagers-contribuer-a-embellir-quartier\/"]}]},{"@type":"ImageObject","inLanguage":"fr-FR","@id":"https:\/\/vosgesinfo.fr\/gerardmerinfo\/2021\/10\/bacs-potagers-contribuer-a-embellir-quartier\/#primaryimage","url":"https:\/\/vosgesinfo.fr\/app\/uploads\/sites\/6\/2024\/07\/202110bergon-embellissement-3.jpg","contentUrl":"https:\/\/vosgesinfo.fr\/app\/uploads\/sites\/6\/2024\/07\/202110bergon-embellissement-3.jpg","width":800,"height":533},{"@type":"BreadcrumbList","@id":"https:\/\/vosgesinfo.fr\/gerardmerinfo\/2021\/10\/bacs-potagers-contribuer-a-embellir-quartier\/#breadcrumb","itemListElement":[{"@type":"ListItem","position":1,"name":"Home","item":"https:\/\/vosgesinfo.fr\/gerardmerinfo\/"},{"@type":"ListItem","position":2,"name":"Des bacs potagers pour contribuer \u00e0 embellir le quartier"}]},{"@type":"WebSite","@id":"https:\/\/vosgesinfo.fr\/gerardmerinfo\/#website","url":"https:\/\/vosgesinfo.fr\/gerardmerinfo\/","name":"Gerardmer Info","description":"Toute l&#039;actualit\u00e9 de G\u00e9rardmer","publisher":{"@id":"https:\/\/vosgesinfo.fr\/gerardmerinfo\/#organization"},"alternateName":"Toute l'actualit\u00e9 de G\u00e9rardmer","potentialAction":[{"@type":"SearchAction","target":{"@type":"EntryPoint","urlTemplate":"https:\/\/vosgesinfo.fr\/gerardmerinfo\/?s={search_term_string}"},"query-input":"required name=search_term_string"}],"inLanguage":"fr-FR"},{"@type":"Organization","@id":"https:\/\/vosgesinfo.fr\/gerardmerinfo\/#organization","name":"Gerardmer Info","url":"https:\/\/vosgesinfo.fr\/gerardmerinfo\/","logo":{"@type":"ImageObject","inLanguage":"fr-FR","@id":"https:\/\/vosgesinfo.fr\/gerardmerinfo\/#\/schema\/logo\/image\/","url":"https:\/\/vosgesinfo.fr\/app\/uploads\/sites\/6\/2023\/08\/favicon-gerardmerinfo.png","contentUrl":"https:\/\/vosgesinfo.fr\/app\/uploads\/sites\/6\/2023\/08\/favicon-gerardmerinfo.png","width":512,"height":512,"caption":"Gerardmer Info"},"image":{"@id":"https:\/\/vosgesinfo.fr\/gerardmerinfo\/#\/schema\/logo\/image\/"},"sameAs":["https:\/\/www.facebook.com\/profile.php?id=100049475262660","https:\/\/x.com\/VosgesInfo88","https:\/\/www.youtube.com\/@vosgesinfo"]},{"@type":"Person","@id":"https:\/\/vosgesinfo.fr\/gerardmerinfo\/#\/schema\/person\/bc5d02d71e6932e81b6dadb7386667b1","name":"qs_admin","image":{"@type":"ImageObject","inLanguage":"fr-FR","@id":"https:\/\/vosgesinfo.fr\/gerardmerinfo\/#\/schema\/person\/image\/","url":"https:\/\/secure.gravatar.com\/avatar\/94b18ee0ed79e4a42ea2f2931277b6841a8999fc6fde214600c78057cf1fe1de?s=96&d=mm&r=g","contentUrl":"https:\/\/secure.gravatar.com\/avatar\/94b18ee0ed79e4a42ea2f2931277b6841a8999fc6fde214600c78057cf1fe1de?s=96&d=mm&r=g","caption":"qs_admin"},"sameAs":["https:\/\/vosgesinfo.fr\/wp"],"url":"https:\/\/vosgesinfo.fr\/gerardmerinfo\/author\/qs_admin\/"}]}},"_links":{"self":[{"href":"https:\/\/vosgesinfo.fr\/gerardmerinfo\/wp-json\/wp\/v2\/posts\/55467","targetHints":{"allow":["GET"]}}],"collection":[{"href":"https:\/\/vosgesinfo.fr\/gerardmerinfo\/wp-json\/wp\/v2\/posts"}],"about":[{"href":"https:\/\/vosgesinfo.fr\/gerardmerinfo\/wp-json\/wp\/v2\/types\/post"}],"author":[{"embeddable":true,"href":"https:\/\/vosgesinfo.fr\/gerardmerinfo\/wp-json\/wp\/v2\/users\/1"}],"replies":[{"embeddable":true,"href":"https:\/\/vosgesinfo.fr\/gerardmerinfo\/wp-json\/wp\/v2\/comments?post=55467"}],"version-history":[{"count":0,"href":"https:\/\/vosgesinfo.fr\/gerardmerinfo\/wp-json\/wp\/v2\/posts\/55467\/revisions"}],"wp:featuredmedia":[{"embeddable":true,"href":"https:\/\/vosgesinfo.fr\/gerardmerinfo\/wp-json\/wp\/v2\/media\/55468"}],"wp:attachment":[{"href":"https:\/\/vosgesinfo.fr\/gerardmerinfo\/wp-json\/wp\/v2\/media?parent=55467"}],"wp:term":[{"taxonomy":"category","embeddable":true,"href":"https:\/\/vosgesinfo.fr\/gerardmerinfo\/wp-json\/wp\/v2\/categories?post=55467"},{"taxonomy":"post_tag","embeddable":true,"href":"https:\/\/vosgesinfo.fr\/gerardmerinfo\/wp-json\/wp\/v2\/tags?post=55467"}],"curies":[{"name":"wp","href":"https:\/\/api.w.org\/{rel}","templated":true}]}}