{"id":55475,"date":"2021-10-22T13:26:16","date_gmt":"2021-10-22T11:26:16","guid":{"rendered":"https:\/\/vosgesinfo.fr\/gerardmerinfo\/2021\/10\/cross-college-eleves-de-haie-griselle-starting-blocks\/"},"modified":"2021-10-22T13:26:16","modified_gmt":"2021-10-22T11:26:16","slug":"cross-college-eleves-de-haie-griselle-starting-blocks","status":"publish","type":"post","link":"https:\/\/vosgesinfo.fr\/gerardmerinfo\/2021\/10\/cross-college-eleves-de-haie-griselle-starting-blocks\/","title":{"rendered":"Cross du coll\u00e8ge \u2013 les \u00e9l\u00e8ves de la Haie Griselle dans les starting-blocks"},"content":{"rendered":"\n<p><strong>Ce jeudi matin, c\u2019est sous un ciel automnal que les coll\u00e9giens de la Haie Griselle se sont r\u00e9unis pour le traditionnel cross en compagnie d\u2019une \u00e9quipe d\u2019encadrement pour assurer le bon d\u00e9roulement de l\u2019\u00e9preuve.<\/strong><\/p>\n<p>Le soleil n\u2019\u00e9tait certes pas au rendez-vous, mais en revanche la bonne humeur et la motivation entaient au beau fixe. L\u2019\u00e9dition 2021 du cross du coll\u00e8ge de la Hair Griselle se d\u00e9roulait sur les rives du lac de G\u00e9rardmer avec quelques nouveaut\u00e9s cette ann\u00e9e. Ainsi dans le cadre de la liaison CM2 \u2013 6\u00e8me, une initiative destin\u00e9e \u00e0 faciliter le passage du primaire vers le coll\u00e8ge, les \u00e9l\u00e8ves de CM2 des \u00e9coles primaires du secteur \u00e9taient invit\u00e9s \u00e0 courir avec les \u00ab grands 6\u00e8me \u00bb du coll\u00e8ge sur un parcours de 2.300 m\u00e8tres.<\/p>\n<p>C\u2019est dans un contexte d\u2019\u00e9galit\u00e9 entre filles et gar\u00e7ons et pour favoriser la mixit\u00e9, le tout en lien avec des actions men\u00e9es toute l\u2019ann\u00e9e au sein du coll\u00e8ge, que des courses mixtes pour les classes de 5\u00e8me, 4\u00e8me et 3\u00e8me ont \u00e9t\u00e9 mises en place cette ann\u00e9e. Le r\u00e9sultat est b\u00e9n\u00e9fique selon l\u2019\u00e9quipe d\u2019encadrement qui invoque le fait que la mixit\u00e9 a tendance \u00e0 jouer sur l\u2019opposition entre filles et gar\u00e7ons, ce qui \u00ab induirait \u00bb une am\u00e9lioration des performances au sein de chaque groupe. Une affaire \u00e0 suivre \u2026<\/p>\n<p>Ce cross, qui a rassembl\u00e9 environ 400 \u00e9l\u00e8ves, vient cl\u00f4turer un cycle de courses de demi-fond commenc\u00e9 d\u00e9but septembre. Nos champions en herbe vont pouvoir \u00e0 pr\u00e9sent profiter d\u2019un repos bien m\u00e9rit\u00e9 pendant les cong\u00e9s de la Toussaint.<\/p>\n<p><strong>R\u00e9sultats :<\/strong><\/p>\n<ul>\n<li><a href=\"\/2021\/10\/Classement-cross-2021-2022-Primaires-gar\u00e7ons.pdf\">Classement cross 2021-2022 &#8211; Primaires gar\u00e7ons<\/a><\/li>\n<li><a href=\"\/2021\/10\/Classement-cross-2021-2022-Primaires-filles.pdf\">Classement cross 2021-2022 &#8211; Primaires filles<\/a><\/li>\n<li><a href=\"\/2021\/10\/Classement-cross-2021-2022-6\u00e8mes-gar\u00e7ons.pdf\">Classement cross 2021-2022 &#8211; 6\u00e8mes gar\u00e7ons<\/a><\/li>\n<li><a href=\"\/2021\/10\/Classement-cross-2021-2022-6\u00e8mes-filles.pdf\">Classement cross 2021-2022 &#8211; 6\u00e8mes filles<\/a><\/li>\n<li><a href=\"\/2021\/10\/Classement-cross-2021-2022-5\u00e8mes-gar\u00e7ons.pdf\">Classement cross 2021-2022 &#8211; 5\u00e8mes gar\u00e7ons<\/a><\/li>\n<li><a href=\"\/2021\/10\/Classement-cross-2021-2022-5\u00e8mes-filles.pdf\">Classement cross 2021-2022 &#8211; 5\u00e8mes filles<\/a><\/li>\n<li><a href=\"\/2021\/10\/Classement-cross-2021-2022-4\u00e8mes-gar\u00e7ons.pdf\">Classement cross 2021-2022 &#8211; 4\u00e8mes gar\u00e7ons<\/a><\/li>\n<li><a href=\"\/2021\/10\/Classement-cross-2021-2022-4\u00e8mes-filles.pdf\">Classement cross 2021-2022 &#8211; 4\u00e8mes filles<\/a><\/li>\n<li><a href=\"\/2021\/10\/Classement-cross-2021-2022-3\u00e8mes-gar\u00e7ons.pdf\">Classement cross 2021-2022 &#8211; 3\u00e8mes gar\u00e7ons<\/a><\/li>\n<li><a href=\"\/2021\/10\/Classement-cross-2021-2022-3\u00e8mes-filles.pdf\">Classement cross 2021-2022 &#8211; 3\u00e8mes filles<\/a><\/li>\n<\/ul>\n\n","protected":false},"excerpt":{"rendered":"<p>Ce jeudi matin, c\u2019est sous un ciel automnal que les coll\u00e9giens de la Haie Griselle se sont r\u00e9unis pour le [&hellip;]<\/p>\n","protected":false},"author":1,"featured_media":55476,"comment_status":"open","ping_status":"open","sticky":false,"template":"","format":"standard","meta":{"footnotes":""},"categories":[20,25,14],"tags":[386,622,1463],"class_list":["post-55475","post","type-post","status-publish","format-standard","has-post-thumbnail","hentry","category-a-la-une","category-gerardmer","category-sport","tag-college-la-haie-griselle","tag-cross-du-college","tag-sport"],"acf":[],"yoast_head":"<!-- This site is optimized with the Yoast SEO plugin v22.5 - https:\/\/yoast.com\/wordpress\/plugins\/seo\/ -->\n<title>Cross du coll\u00e8ge \u2013 les \u00e9l\u00e8ves de la Haie Griselle dans les starting-blocks - Gerardmer Info<\/title>\n<meta name=\"robots\" content=\"index, follow, max-snippet:-1, max-image-preview:large, max-video-preview:-1\" \/>\n<link rel=\"canonical\" href=\"https:\/\/vosgesinfo.fr\/gerardmerinfo\/2021\/10\/cross-college-eleves-de-haie-griselle-starting-blocks\/\" \/>\n<meta name=\"twitter:card\" content=\"summary_large_image\" \/>\n<meta name=\"twitter:title\" content=\"Cross du coll\u00e8ge \u2013 les \u00e9l\u00e8ves de la Haie Griselle dans les starting-blocks - Gerardmer Info\" \/>\n<meta name=\"twitter:description\" content=\"Ce jeudi matin, c\u2019est sous un ciel automnal que les coll\u00e9giens de la Haie Griselle se sont r\u00e9unis pour le [&hellip;]\" \/>\n<meta name=\"twitter:image\" content=\"https:\/\/vosgesinfo.fr\/app\/uploads\/sites\/6\/2024\/07\/202110cross-2021-1818.jpg\" \/>\n<meta name=\"twitter:creator\" content=\"@VosgesInfo88\" \/>\n<meta name=\"twitter:site\" content=\"@VosgesInfo88\" \/>\n<meta name=\"twitter:label1\" content=\"\u00c9crit par\" \/>\n\t<meta name=\"twitter:data1\" content=\"qs_admin\" \/>\n\t<meta name=\"twitter:label2\" content=\"Dur\u00e9e de lecture estim\u00e9e\" \/>\n\t<meta name=\"twitter:data2\" content=\"2 minutes\" \/>\n<script type=\"application\/ld+json\" class=\"yoast-schema-graph\">{\"@context\":\"https:\/\/schema.org\",\"@graph\":[{\"@type\":\"Article\",\"@id\":\"https:\/\/vosgesinfo.fr\/gerardmerinfo\/2021\/10\/cross-college-eleves-de-haie-griselle-starting-blocks\/#article\",\"isPartOf\":{\"@id\":\"https:\/\/vosgesinfo.fr\/gerardmerinfo\/2021\/10\/cross-college-eleves-de-haie-griselle-starting-blocks\/\"},\"author\":{\"name\":\"qs_admin\",\"@id\":\"https:\/\/vosgesinfo.fr\/gerardmerinfo\/#\/schema\/person\/bc5d02d71e6932e81b6dadb7386667b1\"},\"headline\":\"Cross du coll\u00e8ge \u2013 les \u00e9l\u00e8ves de la Haie Griselle dans les starting-blocks\",\"datePublished\":\"2021-10-22T11:26:16+00:00\",\"dateModified\":\"2021-10-22T11:26:16+00:00\",\"mainEntityOfPage\":{\"@id\":\"https:\/\/vosgesinfo.fr\/gerardmerinfo\/2021\/10\/cross-college-eleves-de-haie-griselle-starting-blocks\/\"},\"wordCount\":383,\"commentCount\":0,\"publisher\":{\"@id\":\"https:\/\/vosgesinfo.fr\/gerardmerinfo\/#organization\"},\"image\":{\"@id\":\"https:\/\/vosgesinfo.fr\/gerardmerinfo\/2021\/10\/cross-college-eleves-de-haie-griselle-starting-blocks\/#primaryimage\"},\"thumbnailUrl\":\"https:\/\/vosgesinfo.fr\/app\/uploads\/sites\/6\/2024\/07\/202110cross-2021-1818.jpg\",\"keywords\":[\"coll\u00e9ge la haie griselle\",\"cross du coll\u00e8ge\",\"sport\"],\"articleSection\":[\"A la une\",\"G\u00e9rardmer\",\"Sport\"],\"inLanguage\":\"fr-FR\",\"potentialAction\":[{\"@type\":\"CommentAction\",\"name\":\"Comment\",\"target\":[\"https:\/\/vosgesinfo.fr\/gerardmerinfo\/2021\/10\/cross-college-eleves-de-haie-griselle-starting-blocks\/#respond\"]}]},{\"@type\":\"WebPage\",\"@id\":\"https:\/\/vosgesinfo.fr\/gerardmerinfo\/2021\/10\/cross-college-eleves-de-haie-griselle-starting-blocks\/\",\"url\":\"https:\/\/vosgesinfo.fr\/gerardmerinfo\/2021\/10\/cross-college-eleves-de-haie-griselle-starting-blocks\/\",\"name\":\"Cross du coll\u00e8ge \u2013 les \u00e9l\u00e8ves de la Haie Griselle dans les starting-blocks - Gerardmer Info\",\"isPartOf\":{\"@id\":\"https:\/\/vosgesinfo.fr\/gerardmerinfo\/#website\"},\"primaryImageOfPage\":{\"@id\":\"https:\/\/vosgesinfo.fr\/gerardmerinfo\/2021\/10\/cross-college-eleves-de-haie-griselle-starting-blocks\/#primaryimage\"},\"image\":{\"@id\":\"https:\/\/vosgesinfo.fr\/gerardmerinfo\/2021\/10\/cross-college-eleves-de-haie-griselle-starting-blocks\/#primaryimage\"},\"thumbnailUrl\":\"https:\/\/vosgesinfo.fr\/app\/uploads\/sites\/6\/2024\/07\/202110cross-2021-1818.jpg\",\"datePublished\":\"2021-10-22T11:26:16+00:00\",\"dateModified\":\"2021-10-22T11:26:16+00:00\",\"breadcrumb\":{\"@id\":\"https:\/\/vosgesinfo.fr\/gerardmerinfo\/2021\/10\/cross-college-eleves-de-haie-griselle-starting-blocks\/#breadcrumb\"},\"inLanguage\":\"fr-FR\",\"potentialAction\":[{\"@type\":\"ReadAction\",\"target\":[\"https:\/\/vosgesinfo.fr\/gerardmerinfo\/2021\/10\/cross-college-eleves-de-haie-griselle-starting-blocks\/\"]}]},{\"@type\":\"ImageObject\",\"inLanguage\":\"fr-FR\",\"@id\":\"https:\/\/vosgesinfo.fr\/gerardmerinfo\/2021\/10\/cross-college-eleves-de-haie-griselle-starting-blocks\/#primaryimage\",\"url\":\"https:\/\/vosgesinfo.fr\/app\/uploads\/sites\/6\/2024\/07\/202110cross-2021-1818.jpg\",\"contentUrl\":\"https:\/\/vosgesinfo.fr\/app\/uploads\/sites\/6\/2024\/07\/202110cross-2021-1818.jpg\",\"width\":800,\"height\":533},{\"@type\":\"BreadcrumbList\",\"@id\":\"https:\/\/vosgesinfo.fr\/gerardmerinfo\/2021\/10\/cross-college-eleves-de-haie-griselle-starting-blocks\/#breadcrumb\",\"itemListElement\":[{\"@type\":\"ListItem\",\"position\":1,\"name\":\"Home\",\"item\":\"https:\/\/vosgesinfo.fr\/gerardmerinfo\/\"},{\"@type\":\"ListItem\",\"position\":2,\"name\":\"Cross du coll\u00e8ge \u2013 les \u00e9l\u00e8ves de la Haie Griselle dans les starting-blocks\"}]},{\"@type\":\"WebSite\",\"@id\":\"https:\/\/vosgesinfo.fr\/gerardmerinfo\/#website\",\"url\":\"https:\/\/vosgesinfo.fr\/gerardmerinfo\/\",\"name\":\"Gerardmer Info\",\"description\":\"Toute l&#039;actualit\u00e9 de G\u00e9rardmer\",\"publisher\":{\"@id\":\"https:\/\/vosgesinfo.fr\/gerardmerinfo\/#organization\"},\"alternateName\":\"Toute l'actualit\u00e9 de G\u00e9rardmer\",\"potentialAction\":[{\"@type\":\"SearchAction\",\"target\":{\"@type\":\"EntryPoint\",\"urlTemplate\":\"https:\/\/vosgesinfo.fr\/gerardmerinfo\/?s={search_term_string}\"},\"query-input\":\"required name=search_term_string\"}],\"inLanguage\":\"fr-FR\"},{\"@type\":\"Organization\",\"@id\":\"https:\/\/vosgesinfo.fr\/gerardmerinfo\/#organization\",\"name\":\"Gerardmer Info\",\"url\":\"https:\/\/vosgesinfo.fr\/gerardmerinfo\/\",\"logo\":{\"@type\":\"ImageObject\",\"inLanguage\":\"fr-FR\",\"@id\":\"https:\/\/vosgesinfo.fr\/gerardmerinfo\/#\/schema\/logo\/image\/\",\"url\":\"https:\/\/vosgesinfo.fr\/app\/uploads\/sites\/6\/2023\/08\/favicon-gerardmerinfo.png\",\"contentUrl\":\"https:\/\/vosgesinfo.fr\/app\/uploads\/sites\/6\/2023\/08\/favicon-gerardmerinfo.png\",\"width\":512,\"height\":512,\"caption\":\"Gerardmer Info\"},\"image\":{\"@id\":\"https:\/\/vosgesinfo.fr\/gerardmerinfo\/#\/schema\/logo\/image\/\"},\"sameAs\":[\"https:\/\/www.facebook.com\/profile.php?id=100049475262660\",\"https:\/\/x.com\/VosgesInfo88\",\"https:\/\/www.youtube.com\/@vosgesinfo\"]},{\"@type\":\"Person\",\"@id\":\"https:\/\/vosgesinfo.fr\/gerardmerinfo\/#\/schema\/person\/bc5d02d71e6932e81b6dadb7386667b1\",\"name\":\"qs_admin\",\"image\":{\"@type\":\"ImageObject\",\"inLanguage\":\"fr-FR\",\"@id\":\"https:\/\/vosgesinfo.fr\/gerardmerinfo\/#\/schema\/person\/image\/\",\"url\":\"https:\/\/secure.gravatar.com\/avatar\/94b18ee0ed79e4a42ea2f2931277b6841a8999fc6fde214600c78057cf1fe1de?s=96&d=mm&r=g\",\"contentUrl\":\"https:\/\/secure.gravatar.com\/avatar\/94b18ee0ed79e4a42ea2f2931277b6841a8999fc6fde214600c78057cf1fe1de?s=96&d=mm&r=g\",\"caption\":\"qs_admin\"},\"sameAs\":[\"https:\/\/vosgesinfo.fr\/wp\"],\"url\":\"https:\/\/vosgesinfo.fr\/gerardmerinfo\/author\/qs_admin\/\"}]}<\/script>\n<!-- \/ Yoast SEO plugin. -->","yoast_head_json":{"title":"Cross du coll\u00e8ge \u2013 les \u00e9l\u00e8ves de la Haie Griselle dans les starting-blocks - Gerardmer Info","robots":{"index":"index","follow":"follow","max-snippet":"max-snippet:-1","max-image-preview":"max-image-preview:large","max-video-preview":"max-video-preview:-1"},"canonical":"https:\/\/vosgesinfo.fr\/gerardmerinfo\/2021\/10\/cross-college-eleves-de-haie-griselle-starting-blocks\/","twitter_card":"summary_large_image","twitter_title":"Cross du coll\u00e8ge \u2013 les \u00e9l\u00e8ves de la Haie Griselle dans les starting-blocks - Gerardmer Info","twitter_description":"Ce jeudi matin, c\u2019est sous un ciel automnal que les coll\u00e9giens de la Haie Griselle se sont r\u00e9unis pour le [&hellip;]","twitter_image":"https:\/\/vosgesinfo.fr\/app\/uploads\/sites\/6\/2024\/07\/202110cross-2021-1818.jpg","twitter_creator":"@VosgesInfo88","twitter_site":"@VosgesInfo88","twitter_misc":{"\u00c9crit par":"qs_admin","Dur\u00e9e de lecture estim\u00e9e":"2 minutes"},"schema":{"@context":"https:\/\/schema.org","@graph":[{"@type":"Article","@id":"https:\/\/vosgesinfo.fr\/gerardmerinfo\/2021\/10\/cross-college-eleves-de-haie-griselle-starting-blocks\/#article","isPartOf":{"@id":"https:\/\/vosgesinfo.fr\/gerardmerinfo\/2021\/10\/cross-college-eleves-de-haie-griselle-starting-blocks\/"},"author":{"name":"qs_admin","@id":"https:\/\/vosgesinfo.fr\/gerardmerinfo\/#\/schema\/person\/bc5d02d71e6932e81b6dadb7386667b1"},"headline":"Cross du coll\u00e8ge \u2013 les \u00e9l\u00e8ves de la Haie Griselle dans les starting-blocks","datePublished":"2021-10-22T11:26:16+00:00","dateModified":"2021-10-22T11:26:16+00:00","mainEntityOfPage":{"@id":"https:\/\/vosgesinfo.fr\/gerardmerinfo\/2021\/10\/cross-college-eleves-de-haie-griselle-starting-blocks\/"},"wordCount":383,"commentCount":0,"publisher":{"@id":"https:\/\/vosgesinfo.fr\/gerardmerinfo\/#organization"},"image":{"@id":"https:\/\/vosgesinfo.fr\/gerardmerinfo\/2021\/10\/cross-college-eleves-de-haie-griselle-starting-blocks\/#primaryimage"},"thumbnailUrl":"https:\/\/vosgesinfo.fr\/app\/uploads\/sites\/6\/2024\/07\/202110cross-2021-1818.jpg","keywords":["coll\u00e9ge la haie griselle","cross du coll\u00e8ge","sport"],"articleSection":["A la une","G\u00e9rardmer","Sport"],"inLanguage":"fr-FR","potentialAction":[{"@type":"CommentAction","name":"Comment","target":["https:\/\/vosgesinfo.fr\/gerardmerinfo\/2021\/10\/cross-college-eleves-de-haie-griselle-starting-blocks\/#respond"]}]},{"@type":"WebPage","@id":"https:\/\/vosgesinfo.fr\/gerardmerinfo\/2021\/10\/cross-college-eleves-de-haie-griselle-starting-blocks\/","url":"https:\/\/vosgesinfo.fr\/gerardmerinfo\/2021\/10\/cross-college-eleves-de-haie-griselle-starting-blocks\/","name":"Cross du coll\u00e8ge \u2013 les \u00e9l\u00e8ves de la Haie Griselle dans les starting-blocks - Gerardmer Info","isPartOf":{"@id":"https:\/\/vosgesinfo.fr\/gerardmerinfo\/#website"},"primaryImageOfPage":{"@id":"https:\/\/vosgesinfo.fr\/gerardmerinfo\/2021\/10\/cross-college-eleves-de-haie-griselle-starting-blocks\/#primaryimage"},"image":{"@id":"https:\/\/vosgesinfo.fr\/gerardmerinfo\/2021\/10\/cross-college-eleves-de-haie-griselle-starting-blocks\/#primaryimage"},"thumbnailUrl":"https:\/\/vosgesinfo.fr\/app\/uploads\/sites\/6\/2024\/07\/202110cross-2021-1818.jpg","datePublished":"2021-10-22T11:26:16+00:00","dateModified":"2021-10-22T11:26:16+00:00","breadcrumb":{"@id":"https:\/\/vosgesinfo.fr\/gerardmerinfo\/2021\/10\/cross-college-eleves-de-haie-griselle-starting-blocks\/#breadcrumb"},"inLanguage":"fr-FR","potentialAction":[{"@type":"ReadAction","target":["https:\/\/vosgesinfo.fr\/gerardmerinfo\/2021\/10\/cross-college-eleves-de-haie-griselle-starting-blocks\/"]}]},{"@type":"ImageObject","inLanguage":"fr-FR","@id":"https:\/\/vosgesinfo.fr\/gerardmerinfo\/2021\/10\/cross-college-eleves-de-haie-griselle-starting-blocks\/#primaryimage","url":"https:\/\/vosgesinfo.fr\/app\/uploads\/sites\/6\/2024\/07\/202110cross-2021-1818.jpg","contentUrl":"https:\/\/vosgesinfo.fr\/app\/uploads\/sites\/6\/2024\/07\/202110cross-2021-1818.jpg","width":800,"height":533},{"@type":"BreadcrumbList","@id":"https:\/\/vosgesinfo.fr\/gerardmerinfo\/2021\/10\/cross-college-eleves-de-haie-griselle-starting-blocks\/#breadcrumb","itemListElement":[{"@type":"ListItem","position":1,"name":"Home","item":"https:\/\/vosgesinfo.fr\/gerardmerinfo\/"},{"@type":"ListItem","position":2,"name":"Cross du coll\u00e8ge \u2013 les \u00e9l\u00e8ves de la Haie Griselle dans les starting-blocks"}]},{"@type":"WebSite","@id":"https:\/\/vosgesinfo.fr\/gerardmerinfo\/#website","url":"https:\/\/vosgesinfo.fr\/gerardmerinfo\/","name":"Gerardmer Info","description":"Toute l&#039;actualit\u00e9 de G\u00e9rardmer","publisher":{"@id":"https:\/\/vosgesinfo.fr\/gerardmerinfo\/#organization"},"alternateName":"Toute l'actualit\u00e9 de G\u00e9rardmer","potentialAction":[{"@type":"SearchAction","target":{"@type":"EntryPoint","urlTemplate":"https:\/\/vosgesinfo.fr\/gerardmerinfo\/?s={search_term_string}"},"query-input":"required name=search_term_string"}],"inLanguage":"fr-FR"},{"@type":"Organization","@id":"https:\/\/vosgesinfo.fr\/gerardmerinfo\/#organization","name":"Gerardmer Info","url":"https:\/\/vosgesinfo.fr\/gerardmerinfo\/","logo":{"@type":"ImageObject","inLanguage":"fr-FR","@id":"https:\/\/vosgesinfo.fr\/gerardmerinfo\/#\/schema\/logo\/image\/","url":"https:\/\/vosgesinfo.fr\/app\/uploads\/sites\/6\/2023\/08\/favicon-gerardmerinfo.png","contentUrl":"https:\/\/vosgesinfo.fr\/app\/uploads\/sites\/6\/2023\/08\/favicon-gerardmerinfo.png","width":512,"height":512,"caption":"Gerardmer Info"},"image":{"@id":"https:\/\/vosgesinfo.fr\/gerardmerinfo\/#\/schema\/logo\/image\/"},"sameAs":["https:\/\/www.facebook.com\/profile.php?id=100049475262660","https:\/\/x.com\/VosgesInfo88","https:\/\/www.youtube.com\/@vosgesinfo"]},{"@type":"Person","@id":"https:\/\/vosgesinfo.fr\/gerardmerinfo\/#\/schema\/person\/bc5d02d71e6932e81b6dadb7386667b1","name":"qs_admin","image":{"@type":"ImageObject","inLanguage":"fr-FR","@id":"https:\/\/vosgesinfo.fr\/gerardmerinfo\/#\/schema\/person\/image\/","url":"https:\/\/secure.gravatar.com\/avatar\/94b18ee0ed79e4a42ea2f2931277b6841a8999fc6fde214600c78057cf1fe1de?s=96&d=mm&r=g","contentUrl":"https:\/\/secure.gravatar.com\/avatar\/94b18ee0ed79e4a42ea2f2931277b6841a8999fc6fde214600c78057cf1fe1de?s=96&d=mm&r=g","caption":"qs_admin"},"sameAs":["https:\/\/vosgesinfo.fr\/wp"],"url":"https:\/\/vosgesinfo.fr\/gerardmerinfo\/author\/qs_admin\/"}]}},"_links":{"self":[{"href":"https:\/\/vosgesinfo.fr\/gerardmerinfo\/wp-json\/wp\/v2\/posts\/55475","targetHints":{"allow":["GET"]}}],"collection":[{"href":"https:\/\/vosgesinfo.fr\/gerardmerinfo\/wp-json\/wp\/v2\/posts"}],"about":[{"href":"https:\/\/vosgesinfo.fr\/gerardmerinfo\/wp-json\/wp\/v2\/types\/post"}],"author":[{"embeddable":true,"href":"https:\/\/vosgesinfo.fr\/gerardmerinfo\/wp-json\/wp\/v2\/users\/1"}],"replies":[{"embeddable":true,"href":"https:\/\/vosgesinfo.fr\/gerardmerinfo\/wp-json\/wp\/v2\/comments?post=55475"}],"version-history":[{"count":0,"href":"https:\/\/vosgesinfo.fr\/gerardmerinfo\/wp-json\/wp\/v2\/posts\/55475\/revisions"}],"wp:featuredmedia":[{"embeddable":true,"href":"https:\/\/vosgesinfo.fr\/gerardmerinfo\/wp-json\/wp\/v2\/media\/55476"}],"wp:attachment":[{"href":"https:\/\/vosgesinfo.fr\/gerardmerinfo\/wp-json\/wp\/v2\/media?parent=55475"}],"wp:term":[{"taxonomy":"category","embeddable":true,"href":"https:\/\/vosgesinfo.fr\/gerardmerinfo\/wp-json\/wp\/v2\/categories?post=55475"},{"taxonomy":"post_tag","embeddable":true,"href":"https:\/\/vosgesinfo.fr\/gerardmerinfo\/wp-json\/wp\/v2\/tags?post=55475"}],"curies":[{"name":"wp","href":"https:\/\/api.w.org\/{rel}","templated":true}]}}