{"id":55684,"date":"2021-11-04T18:46:23","date_gmt":"2021-11-04T17:46:23","guid":{"rendered":"https:\/\/vosgesinfo.fr\/gerardmerinfo\/2021\/11\/palmares-festival-graines-toiles-coeur-public-chavire-panthere-neiges\/"},"modified":"2021-11-04T18:46:23","modified_gmt":"2021-11-04T17:46:23","slug":"palmares-festival-graines-toiles-coeur-public-chavire-panthere-neiges","status":"publish","type":"post","link":"https:\/\/vosgesinfo.fr\/gerardmerinfo\/2021\/11\/palmares-festival-graines-toiles-coeur-public-chavire-panthere-neiges\/","title":{"rendered":"Palmar\u00e8s du festival Graines des Toiles : le c\u0153ur du public chavire pour \u00ab La Panth\u00e8re des neiges \u00bb"},"content":{"rendered":"<p class=\"western\" align=\"left\"><span style=\"color: #000000;\"><span style=\"font-family: Times New Roman, serif;\"><span style=\"font-size: large;\"><img decoding=\"async\" class=\"aligncenter size-full wp-image-182106\" src=\"\/2021\/11\/Cloture-3.jpg\" alt=\"Cloture (3)\" width=\"800\" height=\"533\" \/><\/span><\/span><\/span><\/p>\n<h3 class=\"western\" align=\"left\"><span style=\"color: #000000; font-size: 14pt;\"><span style=\"font-family: Times New Roman, serif;\"><b>Le palmar\u00e8s de la 14\u00e8me \u00e9dition du Festival du Film Jeune Public a \u00e9t\u00e9 remis ce jeudi 4 novembre \u00e0 la MCL de G\u00e9rardmer. Sans grande surprise, le nouveau film de Marie Aniguet et Vincent Munier projet\u00e9 en avant-premi\u00e8re a enchant\u00e9 le public avec notamment des images \u00e0 couper le souffle.<\/b><\/span><\/span><\/h3>\n<p class=\"western\" align=\"center\"><span style=\"font-family: Times New Roman, serif;\"><span style=\"font-size: medium;\"><br \/>\n<\/span><\/span><\/p>\n<p class=\"western\" align=\"center\"><span style=\"font-size: 18pt;\"><span style=\"color: #000000;\"><span style=\"font-family: Times New Roman, serif;\"><b>Le palmar\u00e8s\u00a0: <\/b><\/span><\/span><span style=\"color: #000000;\"><span style=\"font-family: Times New Roman, serif;\"><br \/>\n<\/span><\/span><\/span><\/p>\n<p class=\"western\" align=\"left\"><span style=\"font-family: Times New Roman, serif;\"><span style=\"font-size: medium;\"><b><img decoding=\"async\" class=\"alignright size-medium wp-image-182107\" src=\"\/2021\/11\/Palmares-180x255.jpg\" alt=\"Palmares\" width=\"180\" height=\"255\" \/>Prix du court-m\u00e9trage<\/b><\/span><\/span><\/p>\n<p class=\"western\" align=\"left\"><span style=\"font-family: Times New Roman, serif;\"><span style=\"font-size: medium;\">(Remis par 150 \u00e9l\u00e8ves de CM1\/CM2 des \u00e9coles de G\u00e9rardmer)<\/span><\/span><\/p>\n<p class=\"western\" align=\"left\"><span style=\"color: #000000;\"><span style=\"font-family: Times New Roman, serif;\"><span style=\"font-size: medium;\">Graines de la bande son, du message, de la technique et des \u00e9motions\u00a0: <\/span><\/span><\/span><span style=\"color: #000000;\"><span style=\"font-family: Times New Roman, serif;\"><span style=\"font-size: medium;\"><b><br \/>\nCul de Bouteille \u2026 de Jean-Claude Rozec<\/p>\n<p><\/b><\/span><\/span><\/span><span style=\"color: #000000;\"><span style=\"font-family: Times New Roman, serif;\"><span style=\"font-size: medium;\">Graines du sc\u00e9nario, de l\u2019humour et de la technique \u00a0: <\/span><\/span><\/span><span style=\"color: #000000;\"><span style=\"font-family: Times New Roman, serif;\"><span style=\"font-size: medium;\"><b><br \/>\nPremier Voyage \u2026 de Gr\u00e9goire Sivan<\/b><\/span><\/span><\/span><\/p>\n<p class=\"western\" align=\"left\"><span style=\"font-family: Times New Roman, serif;\"><span style=\"font-size: medium;\"><b>Prix coup de c\u0153ur de l\u2019ALSH\u00a0<\/b><\/span><\/span><\/p>\n<p class=\"western\" align=\"left\"><span style=\"font-family: Times New Roman, serif;\"><span style=\"font-size: medium;\">(Accueil de Loisirs sans h\u00e9bergement de la MCL)<\/span><\/span><\/p>\n<p class=\"western\" align=\"left\"><span style=\"font-family: Times New Roman, serif;\"><span style=\"font-size: medium;\"><b>Le loup et le lion \u2026 de Gilles de Maistre<br \/>\n<\/b><\/span><\/span>\n<\/p>\n<p class=\"western\" align=\"left\"><span style=\"font-family: Times New Roman, serif;\"><span style=\"font-size: medium;\"><b>Prix du jury jeune <\/b><\/span><\/span><\/p>\n<p class=\"western\" align=\"left\"><span style=\"font-family: Times New Roman, serif;\"><span style=\"font-size: medium;\">(Classe de Mme NICOLAS (CM2) &#8211; \u00c9cole Jean Mac\u00e9 de G\u00e9rardmer &#8211; 25 \u00e9l\u00e8ves)<\/span><\/span><\/p>\n<p class=\"western\" align=\"left\"><span style=\"color: #000000;\"><span style=\"font-family: Times New Roman, serif;\"><span style=\"font-size: medium;\"><b>Le peuple loup<\/b><\/span><\/span><\/span><span style=\"color: #000000;\"><span style=\"font-family: Times New Roman, serif;\"><span style=\"font-size: medium;\"> \u2026 <\/span><\/span><\/span><span style=\"color: #000000;\"><span style=\"font-family: Times New Roman, serif;\"><span style=\"font-size: medium;\"><b>de Tomm Moore et Ross Stewart<\/b><\/span><\/span><\/span><\/p>\n<p class=\"western\" align=\"left\"><span style=\"font-family: Times New Roman, serif;\"><span style=\"font-size: medium;\"><b>Prix du public<\/b><\/span><\/span><\/p>\n<p class=\"western\" align=\"left\"><span style=\"font-family: Times New Roman, serif;\"><span style=\"font-size: medium;\"><img decoding=\"async\" class=\"alignright size-medium wp-image-182103\" src=\"\/2021\/11\/QG003-383x255.jpg\" alt=\"cloture graines des toiles 2021\" width=\"383\" height=\"255\" \/>Le public \u00e9tait invit\u00e9 \u00e0 voter \u00e0 la fin des s\u00e9ances et il a d\u00e9sign\u00e9 le film<\/span><\/span><\/p>\n<p class=\"western\" align=\"left\"><span style=\"color: #000000;\"><span style=\"font-family: Times New Roman, serif;\"><span style=\"font-size: medium;\"><b>La panth\u00e8re des neiges &#8230; de Marie Amiguet et Vincent Munier<\/p>\n<p>A noter que ce film sera diffus\u00e9 \u00e0 la MCL en d\u00e9cembre prochain.<br \/>\n<\/b><\/span><\/span><\/span>\n<\/p>\n<p class=\"western\" align=\"left\"><strong><span style=\"color: #000000;\"><span style=\"font-family: Times New Roman, serif;\"><span style=\"font-size: medium;\">Concernant la fr\u00e9quentation du festival, elle est \u00e0 nouveau en l\u00e9g\u00e8re hausse\u00a0: 4 614 spectateurs contre 4251 en 2020 ( soit + 363 personnes).<\/span><\/span><\/span><span style=\"color: #000000;\"><span style=\"font-family: Times New Roman, serif;\"><span style=\"font-size: medium;\"><\/p>\n<p><\/span><\/span><\/span><\/strong><span style=\"color: #000000;\"><span style=\"font-family: Times New Roman, serif;\"><span style=\"font-size: medium;\">La MCL vous donne rendez-vous pour un nouvel opus en 2022. La 15\u00e8me \u00e9dition du Festival du Film Jeune Public Graines des Toiles de G\u00e9rardmer aura lieu du 17 octobre au 3 novembre 2022. Le th\u00e8me sera d\u00e9voil\u00e9 prochainement !<\/span><\/span><\/span><\/p>\n<p class=\"western\" align=\"left\"><img decoding=\"async\" class=\"aligncenter size-full wp-image-182104\" src=\"\/2021\/11\/QG004.jpg\" alt=\"cloture graines des toiles public cin\u00e9ma\" width=\"800\" height=\"533\" \/><\/p>\n","protected":false},"excerpt":{"rendered":"<p>Le palmar\u00e8s de la 14\u00e8me \u00e9dition du Festival du Film Jeune Public a \u00e9t\u00e9 remis ce jeudi 4 novembre \u00e0 [&hellip;]<\/p>\n","protected":false},"author":42,"featured_media":55685,"comment_status":"open","ping_status":"open","sticky":false,"template":"","format":"standard","meta":{"footnotes":""},"categories":[20,4,25],"tags":[537],"class_list":["post-55684","post","type-post","status-publish","format-standard","has-post-thumbnail","hentry","category-a-la-une","category-culture","category-gerardmer","tag-festival-graines-des-toiles"],"acf":[],"yoast_head":"<!-- This site is optimized with the Yoast SEO plugin v22.5 - https:\/\/yoast.com\/wordpress\/plugins\/seo\/ -->\n<title>Palmar\u00e8s du festival Graines des Toiles : le c\u0153ur du public chavire pour \u00ab La Panth\u00e8re des neiges \u00bb - Gerardmer Info<\/title>\n<meta name=\"robots\" content=\"index, follow, max-snippet:-1, max-image-preview:large, max-video-preview:-1\" \/>\n<link rel=\"canonical\" href=\"https:\/\/vosgesinfo.fr\/gerardmerinfo\/2021\/11\/palmares-festival-graines-toiles-coeur-public-chavire-panthere-neiges\/\" \/>\n<meta name=\"twitter:card\" content=\"summary_large_image\" \/>\n<meta name=\"twitter:title\" content=\"Palmar\u00e8s du festival Graines des Toiles : le c\u0153ur du public chavire pour \u00ab La Panth\u00e8re des neiges \u00bb - Gerardmer Info\" \/>\n<meta name=\"twitter:description\" content=\"Le palmar\u00e8s de la 14\u00e8me \u00e9dition du Festival du Film Jeune Public a \u00e9t\u00e9 remis ce jeudi 4 novembre \u00e0 [&hellip;]\" \/>\n<meta name=\"twitter:image\" content=\"https:\/\/vosgesinfo.fr\/app\/uploads\/sites\/6\/2024\/07\/202111cloture-3.jpg\" \/>\n<meta name=\"twitter:creator\" content=\"@VosgesInfo88\" \/>\n<meta name=\"twitter:site\" content=\"@VosgesInfo88\" \/>\n<meta name=\"twitter:label1\" content=\"\u00c9crit par\" \/>\n\t<meta name=\"twitter:data1\" content=\"QG\" \/>\n\t<meta name=\"twitter:label2\" content=\"Dur\u00e9e de lecture estim\u00e9e\" \/>\n\t<meta name=\"twitter:data2\" content=\"1 minute\" \/>\n<script type=\"application\/ld+json\" class=\"yoast-schema-graph\">{\"@context\":\"https:\/\/schema.org\",\"@graph\":[{\"@type\":\"Article\",\"@id\":\"https:\/\/vosgesinfo.fr\/gerardmerinfo\/2021\/11\/palmares-festival-graines-toiles-coeur-public-chavire-panthere-neiges\/#article\",\"isPartOf\":{\"@id\":\"https:\/\/vosgesinfo.fr\/gerardmerinfo\/2021\/11\/palmares-festival-graines-toiles-coeur-public-chavire-panthere-neiges\/\"},\"author\":{\"name\":\"QG\",\"@id\":\"https:\/\/vosgesinfo.fr\/gerardmerinfo\/#\/schema\/person\/db5605779a843dad16b5368f3e7613a5\"},\"headline\":\"Palmar\u00e8s du festival Graines des Toiles : le c\u0153ur du public chavire pour \u00ab La Panth\u00e8re des neiges \u00bb\",\"datePublished\":\"2021-11-04T17:46:23+00:00\",\"dateModified\":\"2021-11-04T17:46:23+00:00\",\"mainEntityOfPage\":{\"@id\":\"https:\/\/vosgesinfo.fr\/gerardmerinfo\/2021\/11\/palmares-festival-graines-toiles-coeur-public-chavire-panthere-neiges\/\"},\"wordCount\":280,\"commentCount\":0,\"publisher\":{\"@id\":\"https:\/\/vosgesinfo.fr\/gerardmerinfo\/#organization\"},\"image\":{\"@id\":\"https:\/\/vosgesinfo.fr\/gerardmerinfo\/2021\/11\/palmares-festival-graines-toiles-coeur-public-chavire-panthere-neiges\/#primaryimage\"},\"thumbnailUrl\":\"https:\/\/vosgesinfo.fr\/app\/uploads\/sites\/6\/2024\/07\/202111cloture-3.jpg\",\"keywords\":[\"festival graines des toiles\"],\"articleSection\":[\"A la une\",\"Culture\",\"G\u00e9rardmer\"],\"inLanguage\":\"fr-FR\",\"potentialAction\":[{\"@type\":\"CommentAction\",\"name\":\"Comment\",\"target\":[\"https:\/\/vosgesinfo.fr\/gerardmerinfo\/2021\/11\/palmares-festival-graines-toiles-coeur-public-chavire-panthere-neiges\/#respond\"]}]},{\"@type\":\"WebPage\",\"@id\":\"https:\/\/vosgesinfo.fr\/gerardmerinfo\/2021\/11\/palmares-festival-graines-toiles-coeur-public-chavire-panthere-neiges\/\",\"url\":\"https:\/\/vosgesinfo.fr\/gerardmerinfo\/2021\/11\/palmares-festival-graines-toiles-coeur-public-chavire-panthere-neiges\/\",\"name\":\"Palmar\u00e8s du festival Graines des Toiles : le c\u0153ur du public chavire pour \u00ab La Panth\u00e8re des neiges \u00bb - Gerardmer Info\",\"isPartOf\":{\"@id\":\"https:\/\/vosgesinfo.fr\/gerardmerinfo\/#website\"},\"primaryImageOfPage\":{\"@id\":\"https:\/\/vosgesinfo.fr\/gerardmerinfo\/2021\/11\/palmares-festival-graines-toiles-coeur-public-chavire-panthere-neiges\/#primaryimage\"},\"image\":{\"@id\":\"https:\/\/vosgesinfo.fr\/gerardmerinfo\/2021\/11\/palmares-festival-graines-toiles-coeur-public-chavire-panthere-neiges\/#primaryimage\"},\"thumbnailUrl\":\"https:\/\/vosgesinfo.fr\/app\/uploads\/sites\/6\/2024\/07\/202111cloture-3.jpg\",\"datePublished\":\"2021-11-04T17:46:23+00:00\",\"dateModified\":\"2021-11-04T17:46:23+00:00\",\"breadcrumb\":{\"@id\":\"https:\/\/vosgesinfo.fr\/gerardmerinfo\/2021\/11\/palmares-festival-graines-toiles-coeur-public-chavire-panthere-neiges\/#breadcrumb\"},\"inLanguage\":\"fr-FR\",\"potentialAction\":[{\"@type\":\"ReadAction\",\"target\":[\"https:\/\/vosgesinfo.fr\/gerardmerinfo\/2021\/11\/palmares-festival-graines-toiles-coeur-public-chavire-panthere-neiges\/\"]}]},{\"@type\":\"ImageObject\",\"inLanguage\":\"fr-FR\",\"@id\":\"https:\/\/vosgesinfo.fr\/gerardmerinfo\/2021\/11\/palmares-festival-graines-toiles-coeur-public-chavire-panthere-neiges\/#primaryimage\",\"url\":\"https:\/\/vosgesinfo.fr\/app\/uploads\/sites\/6\/2024\/07\/202111cloture-3.jpg\",\"contentUrl\":\"https:\/\/vosgesinfo.fr\/app\/uploads\/sites\/6\/2024\/07\/202111cloture-3.jpg\",\"width\":800,\"height\":533},{\"@type\":\"BreadcrumbList\",\"@id\":\"https:\/\/vosgesinfo.fr\/gerardmerinfo\/2021\/11\/palmares-festival-graines-toiles-coeur-public-chavire-panthere-neiges\/#breadcrumb\",\"itemListElement\":[{\"@type\":\"ListItem\",\"position\":1,\"name\":\"Home\",\"item\":\"https:\/\/vosgesinfo.fr\/gerardmerinfo\/\"},{\"@type\":\"ListItem\",\"position\":2,\"name\":\"Palmar\u00e8s du festival Graines des Toiles : le c\u0153ur du public chavire pour \u00ab La Panth\u00e8re des neiges \u00bb\"}]},{\"@type\":\"WebSite\",\"@id\":\"https:\/\/vosgesinfo.fr\/gerardmerinfo\/#website\",\"url\":\"https:\/\/vosgesinfo.fr\/gerardmerinfo\/\",\"name\":\"Gerardmer Info\",\"description\":\"Toute l&#039;actualit\u00e9 de G\u00e9rardmer\",\"publisher\":{\"@id\":\"https:\/\/vosgesinfo.fr\/gerardmerinfo\/#organization\"},\"alternateName\":\"Toute l'actualit\u00e9 de G\u00e9rardmer\",\"potentialAction\":[{\"@type\":\"SearchAction\",\"target\":{\"@type\":\"EntryPoint\",\"urlTemplate\":\"https:\/\/vosgesinfo.fr\/gerardmerinfo\/?s={search_term_string}\"},\"query-input\":\"required name=search_term_string\"}],\"inLanguage\":\"fr-FR\"},{\"@type\":\"Organization\",\"@id\":\"https:\/\/vosgesinfo.fr\/gerardmerinfo\/#organization\",\"name\":\"Gerardmer Info\",\"url\":\"https:\/\/vosgesinfo.fr\/gerardmerinfo\/\",\"logo\":{\"@type\":\"ImageObject\",\"inLanguage\":\"fr-FR\",\"@id\":\"https:\/\/vosgesinfo.fr\/gerardmerinfo\/#\/schema\/logo\/image\/\",\"url\":\"https:\/\/vosgesinfo.fr\/app\/uploads\/sites\/6\/2023\/08\/favicon-gerardmerinfo.png\",\"contentUrl\":\"https:\/\/vosgesinfo.fr\/app\/uploads\/sites\/6\/2023\/08\/favicon-gerardmerinfo.png\",\"width\":512,\"height\":512,\"caption\":\"Gerardmer Info\"},\"image\":{\"@id\":\"https:\/\/vosgesinfo.fr\/gerardmerinfo\/#\/schema\/logo\/image\/\"},\"sameAs\":[\"https:\/\/www.facebook.com\/profile.php?id=100049475262660\",\"https:\/\/x.com\/VosgesInfo88\",\"https:\/\/www.youtube.com\/@vosgesinfo\"]},{\"@type\":\"Person\",\"@id\":\"https:\/\/vosgesinfo.fr\/gerardmerinfo\/#\/schema\/person\/db5605779a843dad16b5368f3e7613a5\",\"name\":\"QG\",\"image\":{\"@type\":\"ImageObject\",\"inLanguage\":\"fr-FR\",\"@id\":\"https:\/\/vosgesinfo.fr\/gerardmerinfo\/#\/schema\/person\/image\/\",\"url\":\"https:\/\/secure.gravatar.com\/avatar\/ea80c42c204b534408512832fde52504ecabb9706bcb6151cf6175e5b64e6793?s=96&d=mm&r=g\",\"contentUrl\":\"https:\/\/secure.gravatar.com\/avatar\/ea80c42c204b534408512832fde52504ecabb9706bcb6151cf6175e5b64e6793?s=96&d=mm&r=g\",\"caption\":\"QG\"},\"url\":\"https:\/\/vosgesinfo.fr\/gerardmerinfo\/author\/quentin88\/\"}]}<\/script>\n<!-- \/ Yoast SEO plugin. -->","yoast_head_json":{"title":"Palmar\u00e8s du festival Graines des Toiles : le c\u0153ur du public chavire pour \u00ab La Panth\u00e8re des neiges \u00bb - Gerardmer Info","robots":{"index":"index","follow":"follow","max-snippet":"max-snippet:-1","max-image-preview":"max-image-preview:large","max-video-preview":"max-video-preview:-1"},"canonical":"https:\/\/vosgesinfo.fr\/gerardmerinfo\/2021\/11\/palmares-festival-graines-toiles-coeur-public-chavire-panthere-neiges\/","twitter_card":"summary_large_image","twitter_title":"Palmar\u00e8s du festival Graines des Toiles : le c\u0153ur du public chavire pour \u00ab La Panth\u00e8re des neiges \u00bb - Gerardmer Info","twitter_description":"Le palmar\u00e8s de la 14\u00e8me \u00e9dition du Festival du Film Jeune Public a \u00e9t\u00e9 remis ce jeudi 4 novembre \u00e0 [&hellip;]","twitter_image":"https:\/\/vosgesinfo.fr\/app\/uploads\/sites\/6\/2024\/07\/202111cloture-3.jpg","twitter_creator":"@VosgesInfo88","twitter_site":"@VosgesInfo88","twitter_misc":{"\u00c9crit par":"QG","Dur\u00e9e de lecture estim\u00e9e":"1 minute"},"schema":{"@context":"https:\/\/schema.org","@graph":[{"@type":"Article","@id":"https:\/\/vosgesinfo.fr\/gerardmerinfo\/2021\/11\/palmares-festival-graines-toiles-coeur-public-chavire-panthere-neiges\/#article","isPartOf":{"@id":"https:\/\/vosgesinfo.fr\/gerardmerinfo\/2021\/11\/palmares-festival-graines-toiles-coeur-public-chavire-panthere-neiges\/"},"author":{"name":"QG","@id":"https:\/\/vosgesinfo.fr\/gerardmerinfo\/#\/schema\/person\/db5605779a843dad16b5368f3e7613a5"},"headline":"Palmar\u00e8s du festival Graines des Toiles : le c\u0153ur du public chavire pour \u00ab La Panth\u00e8re des neiges \u00bb","datePublished":"2021-11-04T17:46:23+00:00","dateModified":"2021-11-04T17:46:23+00:00","mainEntityOfPage":{"@id":"https:\/\/vosgesinfo.fr\/gerardmerinfo\/2021\/11\/palmares-festival-graines-toiles-coeur-public-chavire-panthere-neiges\/"},"wordCount":280,"commentCount":0,"publisher":{"@id":"https:\/\/vosgesinfo.fr\/gerardmerinfo\/#organization"},"image":{"@id":"https:\/\/vosgesinfo.fr\/gerardmerinfo\/2021\/11\/palmares-festival-graines-toiles-coeur-public-chavire-panthere-neiges\/#primaryimage"},"thumbnailUrl":"https:\/\/vosgesinfo.fr\/app\/uploads\/sites\/6\/2024\/07\/202111cloture-3.jpg","keywords":["festival graines des toiles"],"articleSection":["A la une","Culture","G\u00e9rardmer"],"inLanguage":"fr-FR","potentialAction":[{"@type":"CommentAction","name":"Comment","target":["https:\/\/vosgesinfo.fr\/gerardmerinfo\/2021\/11\/palmares-festival-graines-toiles-coeur-public-chavire-panthere-neiges\/#respond"]}]},{"@type":"WebPage","@id":"https:\/\/vosgesinfo.fr\/gerardmerinfo\/2021\/11\/palmares-festival-graines-toiles-coeur-public-chavire-panthere-neiges\/","url":"https:\/\/vosgesinfo.fr\/gerardmerinfo\/2021\/11\/palmares-festival-graines-toiles-coeur-public-chavire-panthere-neiges\/","name":"Palmar\u00e8s du festival Graines des Toiles : le c\u0153ur du public chavire pour \u00ab La Panth\u00e8re des neiges \u00bb - Gerardmer Info","isPartOf":{"@id":"https:\/\/vosgesinfo.fr\/gerardmerinfo\/#website"},"primaryImageOfPage":{"@id":"https:\/\/vosgesinfo.fr\/gerardmerinfo\/2021\/11\/palmares-festival-graines-toiles-coeur-public-chavire-panthere-neiges\/#primaryimage"},"image":{"@id":"https:\/\/vosgesinfo.fr\/gerardmerinfo\/2021\/11\/palmares-festival-graines-toiles-coeur-public-chavire-panthere-neiges\/#primaryimage"},"thumbnailUrl":"https:\/\/vosgesinfo.fr\/app\/uploads\/sites\/6\/2024\/07\/202111cloture-3.jpg","datePublished":"2021-11-04T17:46:23+00:00","dateModified":"2021-11-04T17:46:23+00:00","breadcrumb":{"@id":"https:\/\/vosgesinfo.fr\/gerardmerinfo\/2021\/11\/palmares-festival-graines-toiles-coeur-public-chavire-panthere-neiges\/#breadcrumb"},"inLanguage":"fr-FR","potentialAction":[{"@type":"ReadAction","target":["https:\/\/vosgesinfo.fr\/gerardmerinfo\/2021\/11\/palmares-festival-graines-toiles-coeur-public-chavire-panthere-neiges\/"]}]},{"@type":"ImageObject","inLanguage":"fr-FR","@id":"https:\/\/vosgesinfo.fr\/gerardmerinfo\/2021\/11\/palmares-festival-graines-toiles-coeur-public-chavire-panthere-neiges\/#primaryimage","url":"https:\/\/vosgesinfo.fr\/app\/uploads\/sites\/6\/2024\/07\/202111cloture-3.jpg","contentUrl":"https:\/\/vosgesinfo.fr\/app\/uploads\/sites\/6\/2024\/07\/202111cloture-3.jpg","width":800,"height":533},{"@type":"BreadcrumbList","@id":"https:\/\/vosgesinfo.fr\/gerardmerinfo\/2021\/11\/palmares-festival-graines-toiles-coeur-public-chavire-panthere-neiges\/#breadcrumb","itemListElement":[{"@type":"ListItem","position":1,"name":"Home","item":"https:\/\/vosgesinfo.fr\/gerardmerinfo\/"},{"@type":"ListItem","position":2,"name":"Palmar\u00e8s du festival Graines des Toiles : le c\u0153ur du public chavire pour \u00ab La Panth\u00e8re des neiges \u00bb"}]},{"@type":"WebSite","@id":"https:\/\/vosgesinfo.fr\/gerardmerinfo\/#website","url":"https:\/\/vosgesinfo.fr\/gerardmerinfo\/","name":"Gerardmer Info","description":"Toute l&#039;actualit\u00e9 de G\u00e9rardmer","publisher":{"@id":"https:\/\/vosgesinfo.fr\/gerardmerinfo\/#organization"},"alternateName":"Toute l'actualit\u00e9 de G\u00e9rardmer","potentialAction":[{"@type":"SearchAction","target":{"@type":"EntryPoint","urlTemplate":"https:\/\/vosgesinfo.fr\/gerardmerinfo\/?s={search_term_string}"},"query-input":"required name=search_term_string"}],"inLanguage":"fr-FR"},{"@type":"Organization","@id":"https:\/\/vosgesinfo.fr\/gerardmerinfo\/#organization","name":"Gerardmer Info","url":"https:\/\/vosgesinfo.fr\/gerardmerinfo\/","logo":{"@type":"ImageObject","inLanguage":"fr-FR","@id":"https:\/\/vosgesinfo.fr\/gerardmerinfo\/#\/schema\/logo\/image\/","url":"https:\/\/vosgesinfo.fr\/app\/uploads\/sites\/6\/2023\/08\/favicon-gerardmerinfo.png","contentUrl":"https:\/\/vosgesinfo.fr\/app\/uploads\/sites\/6\/2023\/08\/favicon-gerardmerinfo.png","width":512,"height":512,"caption":"Gerardmer Info"},"image":{"@id":"https:\/\/vosgesinfo.fr\/gerardmerinfo\/#\/schema\/logo\/image\/"},"sameAs":["https:\/\/www.facebook.com\/profile.php?id=100049475262660","https:\/\/x.com\/VosgesInfo88","https:\/\/www.youtube.com\/@vosgesinfo"]},{"@type":"Person","@id":"https:\/\/vosgesinfo.fr\/gerardmerinfo\/#\/schema\/person\/db5605779a843dad16b5368f3e7613a5","name":"QG","image":{"@type":"ImageObject","inLanguage":"fr-FR","@id":"https:\/\/vosgesinfo.fr\/gerardmerinfo\/#\/schema\/person\/image\/","url":"https:\/\/secure.gravatar.com\/avatar\/ea80c42c204b534408512832fde52504ecabb9706bcb6151cf6175e5b64e6793?s=96&d=mm&r=g","contentUrl":"https:\/\/secure.gravatar.com\/avatar\/ea80c42c204b534408512832fde52504ecabb9706bcb6151cf6175e5b64e6793?s=96&d=mm&r=g","caption":"QG"},"url":"https:\/\/vosgesinfo.fr\/gerardmerinfo\/author\/quentin88\/"}]}},"_links":{"self":[{"href":"https:\/\/vosgesinfo.fr\/gerardmerinfo\/wp-json\/wp\/v2\/posts\/55684","targetHints":{"allow":["GET"]}}],"collection":[{"href":"https:\/\/vosgesinfo.fr\/gerardmerinfo\/wp-json\/wp\/v2\/posts"}],"about":[{"href":"https:\/\/vosgesinfo.fr\/gerardmerinfo\/wp-json\/wp\/v2\/types\/post"}],"author":[{"embeddable":true,"href":"https:\/\/vosgesinfo.fr\/gerardmerinfo\/wp-json\/wp\/v2\/users\/42"}],"replies":[{"embeddable":true,"href":"https:\/\/vosgesinfo.fr\/gerardmerinfo\/wp-json\/wp\/v2\/comments?post=55684"}],"version-history":[{"count":0,"href":"https:\/\/vosgesinfo.fr\/gerardmerinfo\/wp-json\/wp\/v2\/posts\/55684\/revisions"}],"wp:featuredmedia":[{"embeddable":true,"href":"https:\/\/vosgesinfo.fr\/gerardmerinfo\/wp-json\/wp\/v2\/media\/55685"}],"wp:attachment":[{"href":"https:\/\/vosgesinfo.fr\/gerardmerinfo\/wp-json\/wp\/v2\/media?parent=55684"}],"wp:term":[{"taxonomy":"category","embeddable":true,"href":"https:\/\/vosgesinfo.fr\/gerardmerinfo\/wp-json\/wp\/v2\/categories?post=55684"},{"taxonomy":"post_tag","embeddable":true,"href":"https:\/\/vosgesinfo.fr\/gerardmerinfo\/wp-json\/wp\/v2\/tags?post=55684"}],"curies":[{"name":"wp","href":"https:\/\/api.w.org\/{rel}","templated":true}]}}