{"id":56421,"date":"2021-12-17T08:23:43","date_gmt":"2021-12-17T07:23:43","guid":{"rendered":"https:\/\/vosgesinfo.fr\/gerardmerinfo\/2021\/12\/concours-deloquence-contre-respect-de-lorthographe\/"},"modified":"2021-12-17T08:23:43","modified_gmt":"2021-12-17T07:23:43","slug":"concours-deloquence-contre-respect-de-lorthographe","status":"publish","type":"post","link":"https:\/\/vosgesinfo.fr\/gerardmerinfo\/2021\/12\/concours-deloquence-contre-respect-de-lorthographe\/","title":{"rendered":"Concours d\u2019\u00e9loquence : pour ou contre le respect de l\u2019orthographe"},"content":{"rendered":"\n<p><strong>Six \u00e9tablissements scolaires vosgiens sont oppos\u00e9s cette ann\u00e9e dans le Concours d\u2019\u00e9loquence du Rotary Club. Ce jeudi soir, les joutes verbale opposaient le lyc\u00e9e La Haie Griselle de G\u00e9rardmer au lyc\u00e9e Beau Jardin de Saint-Di\u00e9. La finale aura lieu le 1er avril \u00e0 l\u2019espace LAC.<\/strong><\/p>\n<p><a href=\"\/2021\/12\/Rotary-elequence-0005.jpg\"><img decoding=\"async\" class=\"alignright wp-image-183827 size-medium\" src=\"\/2021\/12\/Rotary-elequence-0005-383x255.jpg\" alt=\"Rotary-elequence-0005\" width=\"383\" height=\"255\" \/><\/a>La salle des Armes de l\u2019H\u00f4tel de Ville \u00e9tait comble ce jeudi soir pour la 4\u00e8me rencontre du Concours d\u2019\u00c9loquence 2022 organis\u00e9 par le Rotary Club de G\u00e9rardmer. La seconde \u00e9quipe du Lyc\u00e9e La Haie Griselle livrait une \u00e2pre bataille contre l\u2019\u00e9quipe du Lyc\u00e9e Beau Jardin de Saint-Di\u00e9. Le duo g\u00e9r\u00f4mois \u00e9tait compos\u00e9e de Titouan Margraitte et Lukas Dierstein qui affrontaient les deux jeunes d\u00e9odatiennes Victoria Anglesio et Elline Jacquot. Les jeunes filles ont eu \u00e0 d\u00e9fendre le parti d\u2019\u00eatre contre le respect de l&rsquo;orthographe alors que le sort avait d\u00e9sign\u00e9 les gar\u00e7ons grands d\u00e9fenseurs de la langue de Moli\u00e8re. Vint ensuite le temps des Jonquilles, ou la question saugrenue, qui vit l&rsquo;\u00e9quipe de Saint-Di\u00e9 tirer le billet suivant : \u00ab\u00a0<em>Mais que dit et que fait le couteau trouv\u00e9 par la poule\u00a0?<\/em>\u00a0\u00bb Puis ce fut au tour de l&rsquo;\u00e9quipe de la Haie Griselle de sortir ce billet du chapeau ; \u00ab\u00a0<em>Conflit d\u2019int\u00e9r\u00eat entre un point d&rsquo;exclamation et un point d&rsquo;interrogation&#8230;<\/em>\u00a0\u00bb.<\/p>\n<p>Les membres du jury, compos\u00e9 de rotariens ou amis de rotariens, ont eu du mal \u00e0 d\u00e9partager les deux \u00e9quipes \u00e9valu\u00e9es tant sur le fond que sur la forme, avec une grille de docimologie qui prend en compte de nombreux param\u00e8tres tels que l\u2019attitude, l\u2019\u00e9locution, l\u2019\u00e9coute, la structure, la connaissance et l\u2019argumentation. C\u2019est donc la Haie Griselle qui remporte l&rsquo;\u00e9preuve\u00a0 avec un tout petit point d\u2019avance sur Beau Jardin. Il s\u2019agit d\u2019un bon d\u00e9part pour les \u00e9quipes g\u00e9r\u00f4moises puisque mardi dernier, la premi\u00e8re \u00e9quipe de la Haie Griselle remportait elle aussi son \u00e9preuve \u00e0 Lun\u00e9ville au Lyc\u00e9e St Pierre Fourier. Fran\u00e7ois Laubacher, le responsable du concours d\u2019\u00e9loquence, convie d\u2019ores et d\u00e9j\u00e0 les amateurs de plaidoiries et de formules choc \u00e0 la finale, qui se d\u00e9roulera le 1er avril \u00e0 l\u2019espace LAC de G\u00e9rardmer.<\/p>\n\n","protected":false},"excerpt":{"rendered":"<p>Six \u00e9tablissements scolaires vosgiens sont oppos\u00e9s cette ann\u00e9e dans le Concours d\u2019\u00e9loquence du Rotary Club. Ce jeudi soir, les joutes [&hellip;]<\/p>\n","protected":false},"author":1,"featured_media":56422,"comment_status":"open","ping_status":"open","sticky":false,"template":"","format":"standard","meta":{"footnotes":""},"categories":[20,4,6,25],"tags":[151,4805,160],"class_list":["post-56421","post","type-post","status-publish","format-standard","has-post-thumbnail","hentry","category-a-la-une","category-culture","category-education","category-gerardmer","tag-concours-deloquence-rotary","tag-education","tag-lycee-de-la-haie-griselle"],"acf":[],"yoast_head":"<!-- This site is optimized with the Yoast SEO plugin v22.5 - https:\/\/yoast.com\/wordpress\/plugins\/seo\/ -->\n<title>Concours d\u2019\u00e9loquence : pour ou contre le respect de l\u2019orthographe - Gerardmer Info<\/title>\n<meta name=\"robots\" content=\"index, follow, max-snippet:-1, max-image-preview:large, max-video-preview:-1\" \/>\n<link rel=\"canonical\" href=\"https:\/\/vosgesinfo.fr\/gerardmerinfo\/2021\/12\/concours-deloquence-contre-respect-de-lorthographe\/\" \/>\n<meta name=\"twitter:card\" content=\"summary_large_image\" \/>\n<meta name=\"twitter:title\" content=\"Concours d\u2019\u00e9loquence : pour ou contre le respect de l\u2019orthographe - Gerardmer Info\" \/>\n<meta name=\"twitter:description\" content=\"Six \u00e9tablissements scolaires vosgiens sont oppos\u00e9s cette ann\u00e9e dans le Concours d\u2019\u00e9loquence du Rotary Club. Ce jeudi soir, les joutes [&hellip;]\" \/>\n<meta name=\"twitter:image\" content=\"https:\/\/vosgesinfo.fr\/app\/uploads\/sites\/6\/2024\/07\/202112rotary-elequence-0032.jpg\" \/>\n<meta name=\"twitter:creator\" content=\"@VosgesInfo88\" \/>\n<meta name=\"twitter:site\" content=\"@VosgesInfo88\" \/>\n<meta name=\"twitter:label1\" content=\"\u00c9crit par\" \/>\n\t<meta name=\"twitter:data1\" content=\"qs_admin\" \/>\n\t<meta name=\"twitter:label2\" content=\"Dur\u00e9e de lecture estim\u00e9e\" \/>\n\t<meta name=\"twitter:data2\" content=\"2 minutes\" \/>\n<script type=\"application\/ld+json\" class=\"yoast-schema-graph\">{\"@context\":\"https:\/\/schema.org\",\"@graph\":[{\"@type\":\"Article\",\"@id\":\"https:\/\/vosgesinfo.fr\/gerardmerinfo\/2021\/12\/concours-deloquence-contre-respect-de-lorthographe\/#article\",\"isPartOf\":{\"@id\":\"https:\/\/vosgesinfo.fr\/gerardmerinfo\/2021\/12\/concours-deloquence-contre-respect-de-lorthographe\/\"},\"author\":{\"name\":\"qs_admin\",\"@id\":\"https:\/\/vosgesinfo.fr\/gerardmerinfo\/#\/schema\/person\/bc5d02d71e6932e81b6dadb7386667b1\"},\"headline\":\"Concours d\u2019\u00e9loquence : pour ou contre le respect de l\u2019orthographe\",\"datePublished\":\"2021-12-17T07:23:43+00:00\",\"dateModified\":\"2021-12-17T07:23:43+00:00\",\"mainEntityOfPage\":{\"@id\":\"https:\/\/vosgesinfo.fr\/gerardmerinfo\/2021\/12\/concours-deloquence-contre-respect-de-lorthographe\/\"},\"wordCount\":414,\"commentCount\":0,\"publisher\":{\"@id\":\"https:\/\/vosgesinfo.fr\/gerardmerinfo\/#organization\"},\"image\":{\"@id\":\"https:\/\/vosgesinfo.fr\/gerardmerinfo\/2021\/12\/concours-deloquence-contre-respect-de-lorthographe\/#primaryimage\"},\"thumbnailUrl\":\"https:\/\/vosgesinfo.fr\/app\/uploads\/sites\/6\/2024\/07\/202112rotary-elequence-0032.jpg\",\"keywords\":[\"concours d'\u00e9loquence rotary\",\"\u00e9ducation\",\"lyc\u00e9e de la haie griselle\"],\"articleSection\":[\"A la une\",\"Culture\",\"\u00c9ducation\",\"G\u00e9rardmer\"],\"inLanguage\":\"fr-FR\",\"potentialAction\":[{\"@type\":\"CommentAction\",\"name\":\"Comment\",\"target\":[\"https:\/\/vosgesinfo.fr\/gerardmerinfo\/2021\/12\/concours-deloquence-contre-respect-de-lorthographe\/#respond\"]}]},{\"@type\":\"WebPage\",\"@id\":\"https:\/\/vosgesinfo.fr\/gerardmerinfo\/2021\/12\/concours-deloquence-contre-respect-de-lorthographe\/\",\"url\":\"https:\/\/vosgesinfo.fr\/gerardmerinfo\/2021\/12\/concours-deloquence-contre-respect-de-lorthographe\/\",\"name\":\"Concours d\u2019\u00e9loquence : pour ou contre le respect de l\u2019orthographe - Gerardmer Info\",\"isPartOf\":{\"@id\":\"https:\/\/vosgesinfo.fr\/gerardmerinfo\/#website\"},\"primaryImageOfPage\":{\"@id\":\"https:\/\/vosgesinfo.fr\/gerardmerinfo\/2021\/12\/concours-deloquence-contre-respect-de-lorthographe\/#primaryimage\"},\"image\":{\"@id\":\"https:\/\/vosgesinfo.fr\/gerardmerinfo\/2021\/12\/concours-deloquence-contre-respect-de-lorthographe\/#primaryimage\"},\"thumbnailUrl\":\"https:\/\/vosgesinfo.fr\/app\/uploads\/sites\/6\/2024\/07\/202112rotary-elequence-0032.jpg\",\"datePublished\":\"2021-12-17T07:23:43+00:00\",\"dateModified\":\"2021-12-17T07:23:43+00:00\",\"breadcrumb\":{\"@id\":\"https:\/\/vosgesinfo.fr\/gerardmerinfo\/2021\/12\/concours-deloquence-contre-respect-de-lorthographe\/#breadcrumb\"},\"inLanguage\":\"fr-FR\",\"potentialAction\":[{\"@type\":\"ReadAction\",\"target\":[\"https:\/\/vosgesinfo.fr\/gerardmerinfo\/2021\/12\/concours-deloquence-contre-respect-de-lorthographe\/\"]}]},{\"@type\":\"ImageObject\",\"inLanguage\":\"fr-FR\",\"@id\":\"https:\/\/vosgesinfo.fr\/gerardmerinfo\/2021\/12\/concours-deloquence-contre-respect-de-lorthographe\/#primaryimage\",\"url\":\"https:\/\/vosgesinfo.fr\/app\/uploads\/sites\/6\/2024\/07\/202112rotary-elequence-0032.jpg\",\"contentUrl\":\"https:\/\/vosgesinfo.fr\/app\/uploads\/sites\/6\/2024\/07\/202112rotary-elequence-0032.jpg\",\"width\":1200,\"height\":800},{\"@type\":\"BreadcrumbList\",\"@id\":\"https:\/\/vosgesinfo.fr\/gerardmerinfo\/2021\/12\/concours-deloquence-contre-respect-de-lorthographe\/#breadcrumb\",\"itemListElement\":[{\"@type\":\"ListItem\",\"position\":1,\"name\":\"Home\",\"item\":\"https:\/\/vosgesinfo.fr\/gerardmerinfo\/\"},{\"@type\":\"ListItem\",\"position\":2,\"name\":\"Concours d\u2019\u00e9loquence : pour ou contre le respect de l\u2019orthographe\"}]},{\"@type\":\"WebSite\",\"@id\":\"https:\/\/vosgesinfo.fr\/gerardmerinfo\/#website\",\"url\":\"https:\/\/vosgesinfo.fr\/gerardmerinfo\/\",\"name\":\"Gerardmer Info\",\"description\":\"Toute l&#039;actualit\u00e9 de G\u00e9rardmer\",\"publisher\":{\"@id\":\"https:\/\/vosgesinfo.fr\/gerardmerinfo\/#organization\"},\"alternateName\":\"Toute l'actualit\u00e9 de G\u00e9rardmer\",\"potentialAction\":[{\"@type\":\"SearchAction\",\"target\":{\"@type\":\"EntryPoint\",\"urlTemplate\":\"https:\/\/vosgesinfo.fr\/gerardmerinfo\/?s={search_term_string}\"},\"query-input\":\"required name=search_term_string\"}],\"inLanguage\":\"fr-FR\"},{\"@type\":\"Organization\",\"@id\":\"https:\/\/vosgesinfo.fr\/gerardmerinfo\/#organization\",\"name\":\"Gerardmer Info\",\"url\":\"https:\/\/vosgesinfo.fr\/gerardmerinfo\/\",\"logo\":{\"@type\":\"ImageObject\",\"inLanguage\":\"fr-FR\",\"@id\":\"https:\/\/vosgesinfo.fr\/gerardmerinfo\/#\/schema\/logo\/image\/\",\"url\":\"https:\/\/vosgesinfo.fr\/app\/uploads\/sites\/6\/2023\/08\/favicon-gerardmerinfo.png\",\"contentUrl\":\"https:\/\/vosgesinfo.fr\/app\/uploads\/sites\/6\/2023\/08\/favicon-gerardmerinfo.png\",\"width\":512,\"height\":512,\"caption\":\"Gerardmer Info\"},\"image\":{\"@id\":\"https:\/\/vosgesinfo.fr\/gerardmerinfo\/#\/schema\/logo\/image\/\"},\"sameAs\":[\"https:\/\/www.facebook.com\/profile.php?id=100049475262660\",\"https:\/\/x.com\/VosgesInfo88\",\"https:\/\/www.youtube.com\/@vosgesinfo\"]},{\"@type\":\"Person\",\"@id\":\"https:\/\/vosgesinfo.fr\/gerardmerinfo\/#\/schema\/person\/bc5d02d71e6932e81b6dadb7386667b1\",\"name\":\"qs_admin\",\"image\":{\"@type\":\"ImageObject\",\"inLanguage\":\"fr-FR\",\"@id\":\"https:\/\/vosgesinfo.fr\/gerardmerinfo\/#\/schema\/person\/image\/\",\"url\":\"https:\/\/secure.gravatar.com\/avatar\/94b18ee0ed79e4a42ea2f2931277b6841a8999fc6fde214600c78057cf1fe1de?s=96&d=mm&r=g\",\"contentUrl\":\"https:\/\/secure.gravatar.com\/avatar\/94b18ee0ed79e4a42ea2f2931277b6841a8999fc6fde214600c78057cf1fe1de?s=96&d=mm&r=g\",\"caption\":\"qs_admin\"},\"sameAs\":[\"https:\/\/vosgesinfo.fr\/wp\"],\"url\":\"https:\/\/vosgesinfo.fr\/gerardmerinfo\/author\/qs_admin\/\"}]}<\/script>\n<!-- \/ Yoast SEO plugin. -->","yoast_head_json":{"title":"Concours d\u2019\u00e9loquence : pour ou contre le respect de l\u2019orthographe - Gerardmer Info","robots":{"index":"index","follow":"follow","max-snippet":"max-snippet:-1","max-image-preview":"max-image-preview:large","max-video-preview":"max-video-preview:-1"},"canonical":"https:\/\/vosgesinfo.fr\/gerardmerinfo\/2021\/12\/concours-deloquence-contre-respect-de-lorthographe\/","twitter_card":"summary_large_image","twitter_title":"Concours d\u2019\u00e9loquence : pour ou contre le respect de l\u2019orthographe - Gerardmer Info","twitter_description":"Six \u00e9tablissements scolaires vosgiens sont oppos\u00e9s cette ann\u00e9e dans le Concours d\u2019\u00e9loquence du Rotary Club. Ce jeudi soir, les joutes [&hellip;]","twitter_image":"https:\/\/vosgesinfo.fr\/app\/uploads\/sites\/6\/2024\/07\/202112rotary-elequence-0032.jpg","twitter_creator":"@VosgesInfo88","twitter_site":"@VosgesInfo88","twitter_misc":{"\u00c9crit par":"qs_admin","Dur\u00e9e de lecture estim\u00e9e":"2 minutes"},"schema":{"@context":"https:\/\/schema.org","@graph":[{"@type":"Article","@id":"https:\/\/vosgesinfo.fr\/gerardmerinfo\/2021\/12\/concours-deloquence-contre-respect-de-lorthographe\/#article","isPartOf":{"@id":"https:\/\/vosgesinfo.fr\/gerardmerinfo\/2021\/12\/concours-deloquence-contre-respect-de-lorthographe\/"},"author":{"name":"qs_admin","@id":"https:\/\/vosgesinfo.fr\/gerardmerinfo\/#\/schema\/person\/bc5d02d71e6932e81b6dadb7386667b1"},"headline":"Concours d\u2019\u00e9loquence : pour ou contre le respect de l\u2019orthographe","datePublished":"2021-12-17T07:23:43+00:00","dateModified":"2021-12-17T07:23:43+00:00","mainEntityOfPage":{"@id":"https:\/\/vosgesinfo.fr\/gerardmerinfo\/2021\/12\/concours-deloquence-contre-respect-de-lorthographe\/"},"wordCount":414,"commentCount":0,"publisher":{"@id":"https:\/\/vosgesinfo.fr\/gerardmerinfo\/#organization"},"image":{"@id":"https:\/\/vosgesinfo.fr\/gerardmerinfo\/2021\/12\/concours-deloquence-contre-respect-de-lorthographe\/#primaryimage"},"thumbnailUrl":"https:\/\/vosgesinfo.fr\/app\/uploads\/sites\/6\/2024\/07\/202112rotary-elequence-0032.jpg","keywords":["concours d'\u00e9loquence rotary","\u00e9ducation","lyc\u00e9e de la haie griselle"],"articleSection":["A la une","Culture","\u00c9ducation","G\u00e9rardmer"],"inLanguage":"fr-FR","potentialAction":[{"@type":"CommentAction","name":"Comment","target":["https:\/\/vosgesinfo.fr\/gerardmerinfo\/2021\/12\/concours-deloquence-contre-respect-de-lorthographe\/#respond"]}]},{"@type":"WebPage","@id":"https:\/\/vosgesinfo.fr\/gerardmerinfo\/2021\/12\/concours-deloquence-contre-respect-de-lorthographe\/","url":"https:\/\/vosgesinfo.fr\/gerardmerinfo\/2021\/12\/concours-deloquence-contre-respect-de-lorthographe\/","name":"Concours d\u2019\u00e9loquence : pour ou contre le respect de l\u2019orthographe - Gerardmer Info","isPartOf":{"@id":"https:\/\/vosgesinfo.fr\/gerardmerinfo\/#website"},"primaryImageOfPage":{"@id":"https:\/\/vosgesinfo.fr\/gerardmerinfo\/2021\/12\/concours-deloquence-contre-respect-de-lorthographe\/#primaryimage"},"image":{"@id":"https:\/\/vosgesinfo.fr\/gerardmerinfo\/2021\/12\/concours-deloquence-contre-respect-de-lorthographe\/#primaryimage"},"thumbnailUrl":"https:\/\/vosgesinfo.fr\/app\/uploads\/sites\/6\/2024\/07\/202112rotary-elequence-0032.jpg","datePublished":"2021-12-17T07:23:43+00:00","dateModified":"2021-12-17T07:23:43+00:00","breadcrumb":{"@id":"https:\/\/vosgesinfo.fr\/gerardmerinfo\/2021\/12\/concours-deloquence-contre-respect-de-lorthographe\/#breadcrumb"},"inLanguage":"fr-FR","potentialAction":[{"@type":"ReadAction","target":["https:\/\/vosgesinfo.fr\/gerardmerinfo\/2021\/12\/concours-deloquence-contre-respect-de-lorthographe\/"]}]},{"@type":"ImageObject","inLanguage":"fr-FR","@id":"https:\/\/vosgesinfo.fr\/gerardmerinfo\/2021\/12\/concours-deloquence-contre-respect-de-lorthographe\/#primaryimage","url":"https:\/\/vosgesinfo.fr\/app\/uploads\/sites\/6\/2024\/07\/202112rotary-elequence-0032.jpg","contentUrl":"https:\/\/vosgesinfo.fr\/app\/uploads\/sites\/6\/2024\/07\/202112rotary-elequence-0032.jpg","width":1200,"height":800},{"@type":"BreadcrumbList","@id":"https:\/\/vosgesinfo.fr\/gerardmerinfo\/2021\/12\/concours-deloquence-contre-respect-de-lorthographe\/#breadcrumb","itemListElement":[{"@type":"ListItem","position":1,"name":"Home","item":"https:\/\/vosgesinfo.fr\/gerardmerinfo\/"},{"@type":"ListItem","position":2,"name":"Concours d\u2019\u00e9loquence : pour ou contre le respect de l\u2019orthographe"}]},{"@type":"WebSite","@id":"https:\/\/vosgesinfo.fr\/gerardmerinfo\/#website","url":"https:\/\/vosgesinfo.fr\/gerardmerinfo\/","name":"Gerardmer Info","description":"Toute l&#039;actualit\u00e9 de G\u00e9rardmer","publisher":{"@id":"https:\/\/vosgesinfo.fr\/gerardmerinfo\/#organization"},"alternateName":"Toute l'actualit\u00e9 de G\u00e9rardmer","potentialAction":[{"@type":"SearchAction","target":{"@type":"EntryPoint","urlTemplate":"https:\/\/vosgesinfo.fr\/gerardmerinfo\/?s={search_term_string}"},"query-input":"required name=search_term_string"}],"inLanguage":"fr-FR"},{"@type":"Organization","@id":"https:\/\/vosgesinfo.fr\/gerardmerinfo\/#organization","name":"Gerardmer Info","url":"https:\/\/vosgesinfo.fr\/gerardmerinfo\/","logo":{"@type":"ImageObject","inLanguage":"fr-FR","@id":"https:\/\/vosgesinfo.fr\/gerardmerinfo\/#\/schema\/logo\/image\/","url":"https:\/\/vosgesinfo.fr\/app\/uploads\/sites\/6\/2023\/08\/favicon-gerardmerinfo.png","contentUrl":"https:\/\/vosgesinfo.fr\/app\/uploads\/sites\/6\/2023\/08\/favicon-gerardmerinfo.png","width":512,"height":512,"caption":"Gerardmer Info"},"image":{"@id":"https:\/\/vosgesinfo.fr\/gerardmerinfo\/#\/schema\/logo\/image\/"},"sameAs":["https:\/\/www.facebook.com\/profile.php?id=100049475262660","https:\/\/x.com\/VosgesInfo88","https:\/\/www.youtube.com\/@vosgesinfo"]},{"@type":"Person","@id":"https:\/\/vosgesinfo.fr\/gerardmerinfo\/#\/schema\/person\/bc5d02d71e6932e81b6dadb7386667b1","name":"qs_admin","image":{"@type":"ImageObject","inLanguage":"fr-FR","@id":"https:\/\/vosgesinfo.fr\/gerardmerinfo\/#\/schema\/person\/image\/","url":"https:\/\/secure.gravatar.com\/avatar\/94b18ee0ed79e4a42ea2f2931277b6841a8999fc6fde214600c78057cf1fe1de?s=96&d=mm&r=g","contentUrl":"https:\/\/secure.gravatar.com\/avatar\/94b18ee0ed79e4a42ea2f2931277b6841a8999fc6fde214600c78057cf1fe1de?s=96&d=mm&r=g","caption":"qs_admin"},"sameAs":["https:\/\/vosgesinfo.fr\/wp"],"url":"https:\/\/vosgesinfo.fr\/gerardmerinfo\/author\/qs_admin\/"}]}},"_links":{"self":[{"href":"https:\/\/vosgesinfo.fr\/gerardmerinfo\/wp-json\/wp\/v2\/posts\/56421","targetHints":{"allow":["GET"]}}],"collection":[{"href":"https:\/\/vosgesinfo.fr\/gerardmerinfo\/wp-json\/wp\/v2\/posts"}],"about":[{"href":"https:\/\/vosgesinfo.fr\/gerardmerinfo\/wp-json\/wp\/v2\/types\/post"}],"author":[{"embeddable":true,"href":"https:\/\/vosgesinfo.fr\/gerardmerinfo\/wp-json\/wp\/v2\/users\/1"}],"replies":[{"embeddable":true,"href":"https:\/\/vosgesinfo.fr\/gerardmerinfo\/wp-json\/wp\/v2\/comments?post=56421"}],"version-history":[{"count":0,"href":"https:\/\/vosgesinfo.fr\/gerardmerinfo\/wp-json\/wp\/v2\/posts\/56421\/revisions"}],"wp:featuredmedia":[{"embeddable":true,"href":"https:\/\/vosgesinfo.fr\/gerardmerinfo\/wp-json\/wp\/v2\/media\/56422"}],"wp:attachment":[{"href":"https:\/\/vosgesinfo.fr\/gerardmerinfo\/wp-json\/wp\/v2\/media?parent=56421"}],"wp:term":[{"taxonomy":"category","embeddable":true,"href":"https:\/\/vosgesinfo.fr\/gerardmerinfo\/wp-json\/wp\/v2\/categories?post=56421"},{"taxonomy":"post_tag","embeddable":true,"href":"https:\/\/vosgesinfo.fr\/gerardmerinfo\/wp-json\/wp\/v2\/tags?post=56421"}],"curies":[{"name":"wp","href":"https:\/\/api.w.org\/{rel}","templated":true}]}}