{"id":56546,"date":"2021-12-24T14:30:50","date_gmt":"2021-12-24T13:30:50","guid":{"rendered":"https:\/\/vosgesinfo.fr\/gerardmerinfo\/2021\/12\/a-chacun-natation-lasg-prepare-rentree\/"},"modified":"2021-12-24T14:30:50","modified_gmt":"2021-12-24T13:30:50","slug":"a-chacun-natation-lasg-prepare-rentree","status":"publish","type":"post","link":"https:\/\/vosgesinfo.fr\/gerardmerinfo\/2021\/12\/a-chacun-natation-lasg-prepare-rentree\/","title":{"rendered":"A chacun sa natation : l&rsquo;ASG pr\u00e9pare sa rentr\u00e9e !"},"content":{"rendered":"\n<h3><a href=\"\/2021\/12\/ASG-natation-4.jpg\"><img decoding=\"async\" class=\"aligncenter size-medium wp-image-184120\" src=\"\/2021\/12\/ASG-natation-4-358x255.jpg\" alt=\"LOGO AS GERARDMER NATATION BLEU DAUFIN NORMAL\" width=\"358\" height=\"255\" \/><\/a><\/h3>\n<h3>Apr\u00e8s 33 mois d&rsquo;interruption, retour dans le grand bassin pour les nageuses et nageurs de l&rsquo;ASG natation avec une reprise des activit\u00e9s et entra\u00eenements du club pr\u00e9vues pour le mois de janvier 2022 (\u00e0 confirmer !).<\/h3>\n<p><a href=\"\/2021\/12\/ASG-natation-3.jpg\"><img decoding=\"async\" class=\"alignright size-medium wp-image-184119\" src=\"\/2021\/12\/ASG-natation-3-143x255.jpg\" alt=\"ASG natation (3)\" width=\"143\" height=\"255\" \/><\/a>Concernant l&rsquo;\u00e9cole de natation d\u00e9di\u00e9e aux 6-10 ans, la reprise se fera avec une journ\u00e9e d&rsquo;initiation et les s\u00e9ances sont programm\u00e9s le mercredi de 13 h 30 \u00e0 14 h 30 ainsi que le samedi de 16 h 30 \u00e0 17 h 30. Cet atelier d&rsquo;\u00e9veil a pour objectif principal de contribuer aux d\u00e9veloppement de la motricit\u00e9 des jeunes enfants avec au programme : la d\u00e9couverte du milieu aquatique et du mat\u00e9riel sp\u00e9cifique utilis\u00e9 en natation, l&rsquo;apprentissage des nages dorsales et ventrales, et enfin la pr\u00e9paration en vue du passage de l&rsquo;examen du dipl\u00f4me Sauv&rsquo;Nage propos\u00e9 par l&rsquo;ENF (\u00c9cole de Natation Fran\u00e7aise).\u00a0 Cette section fait la part belle \u00e0 l&rsquo;aspect ludique de la discipline : \u00ab\u00a0Il s&rsquo;agit de mettre les enfants en confiance avec l&rsquo;\u00e9l\u00e9ment par des parcours avec immersion afin qu&rsquo;ils prennent confiance et qu&rsquo;\u00e0 terme, ils n&rsquo;appr\u00e9hendent plus le moment de l&rsquo;apprentissage de la natation\u00a0\u00bb pr\u00e9cise Jacky Lecoanet, r\u00e9f\u00e9rent de l\u2019\u00c9cole de Natation Fran\u00e7aise (\u00e9ducateur brevet f\u00e9d\u00e9ral 1, ENF1, ENF2) et pr\u00e9sident de l&rsquo;ASG Natation.<\/p>\n<p><strong>3 \u00e9tapes avant la comp\u00e9tition<\/strong><\/p>\n<div id=\"attachment_184122\" style=\"width: 321px\" class=\"wp-caption alignright\"><a href=\"\/2021\/12\/ASG-natation-Jacky-lecoanet-1.jpg\"><img decoding=\"async\" aria-describedby=\"caption-attachment-184122\" class=\"size-medium wp-image-184122\" src=\"\/2021\/12\/ASG-natation-Jacky-lecoanet-1-311x255.jpg\" alt=\"Jacky Lecoanet, entra\u00eeneur et pr\u00e9sident du club.\" width=\"311\" height=\"255\" \/><\/a><p id=\"caption-attachment-184122\" class=\"wp-caption-text\">Jacky Lecoanet, entra\u00eeneur et pr\u00e9sident du club.<\/p><\/div>\n<p>Apr\u00e8s cette familiarisation avec le milieu aquatique, place au Pass&rsquo;Sport de l&rsquo;Eau et au Pass&rsquo;Comp\u00e9tition, deux nouvelles \u00e9tapes qui permettront d&rsquo;amener les pratiquants vers la comp\u00e9tition : d\u00e8s l\u2019obtention du Sauv&rsquo;Nage, les jeunes nageurs apprendront donc les quatre nages que sont le papillon, le dos, la brasse et le crawl, sans oublier le travail et la ma\u00eetrise des parties techniques non nag\u00e9es que sont le plongeon, la coul\u00e9e et la reprise de nage en virage. L&rsquo;accent est mis sur la qualit\u00e9 de la nage et les r\u00e8glements de la natation sportive ainsi que les r\u00e8gles de vie et le respect sont enseign\u00e9s. L&rsquo;encadrement est assur\u00e9e par des moniteurs dipl\u00f4m\u00e9s d\u2019\u00c9tat et F\u00e9d\u00e9raux.<\/p>\n<h4>Natation : comp\u00e9tition et sport sant\u00e9<\/h4>\n<p>Pour ce qui est des adultes, les s\u00e9ances auront lieu le mardi de 20 h 05 \u00e0 22 h 00 et le samedi de 19 h 00 \u00e0 21 h 00. Vous pourrez pratiquer la natation en loisir \u00e0 travers une fili\u00e8re non-comp\u00e9titive adapt\u00e9e \u00e0 chacun, vous perfectionner dans certains types de nages ou vous pr\u00e9parer \u00e0 la comp\u00e9tition avec des entra\u00eenement sp\u00e9cifiques. Enfin, l&rsquo;ASG Natation propose \u00e9galement des s\u00e9ances \u00ab\u00a0Nager Forme Sant\u00e9\u00a0\u00bb et \u00ab\u00a0Nage avec Palmes\u00a0\u00bb le mardi de 20 h 05 \u00e0 21 h 30 et le samedi de 19 h 00 \u00e0 21 h 00. \u00ab\u00a0L&rsquo;\u00e9l\u00e9ment naturel qu&rsquo;est l&rsquo;eau permet de faire travailler l&rsquo;ensemble du corps sans forcer. Le poids du corps y est consid\u00e9rablement r\u00e9duit, soulageant les articulations et la colonne vert\u00e9brale. C&rsquo;est un des meilleurs moyens de retrouver la forme et de la conserver. Du mat\u00e9riel sp\u00e9cifique vous fera d\u00e9couvrir les bienfaits de la natation\u00a0\u00bb ajoute Jacky Lecoanet.<\/p>\n<p>L&rsquo;ASG Natation vous donne donc rendez-vous pour la reprise en janvier avec la natation jeunes et adultes, puis le 5 janvier pour l&rsquo;\u00e9cole de natation et enfin le samedi 8 janvier toujours pour l&rsquo;\u00e9cole de natation, mais aussi la pratique en loisir et la comp\u00e9tition jeunes et adultes. Les futurs licenci\u00e9s seront accueillis par le pr\u00e9sident et entraineur pour une premi\u00e8re s\u00e9ance ludique permettant de d\u00e9couvrir les joies de la natation dans un centre aquatique flambant neuf !<\/p>\n<p>&nbsp;<\/p>\n<p><strong>Rappel des autres cr\u00e9neaux d&rsquo;entra\u00eenement :<\/strong><\/p>\n<p>*Natation comp\u00e9tition jeunes (\u00eatre titulaire du Pass&rsquo;Comp\u00e9tition) :<\/p>\n<p>Mardi de 17 h 15 \u00e0 19 h 00<\/p>\n<p>Mercredi de 14 h 00 \u00e0 15 h 30<\/p>\n<p>Samedi de 16 h 30 \u00e0 18 h 30<\/p>\n<p>*Natation loisir &#8211; perfectionnement jeunes :<\/p>\n<p>Mardi de 17 h 15 \u00e0 18 h 30<\/p>\n<p>Mercredi de 14 h 00 \u00e0 15 h 00<\/p>\n<p>Samedi de 16 h 30 \u00e0 18 h 00<\/p>\n<p>Entra\u00eenements adapt\u00e9s selon les niveaux<\/p>\n","protected":false},"excerpt":{"rendered":"<p>Apr\u00e8s 33 mois d&rsquo;interruption, retour dans le grand bassin pour les nageuses et nageurs de l&rsquo;ASG natation avec une reprise [&hellip;]<\/p>\n","protected":false},"author":42,"featured_media":56547,"comment_status":"open","ping_status":"open","sticky":false,"template":"","format":"standard","meta":{"footnotes":""},"categories":[20,25,14],"tags":[527],"class_list":["post-56546","post","type-post","status-publish","format-standard","has-post-thumbnail","hentry","category-a-la-une","category-gerardmer","category-sport","tag-asg-natation"],"acf":[],"yoast_head":"<!-- This site is optimized with the Yoast SEO plugin v22.5 - https:\/\/yoast.com\/wordpress\/plugins\/seo\/ -->\n<title>A chacun sa natation : l&#039;ASG pr\u00e9pare sa rentr\u00e9e ! - Gerardmer Info<\/title>\n<meta name=\"robots\" content=\"index, follow, max-snippet:-1, max-image-preview:large, max-video-preview:-1\" \/>\n<link rel=\"canonical\" href=\"https:\/\/vosgesinfo.fr\/gerardmerinfo\/2021\/12\/a-chacun-natation-lasg-prepare-rentree\/\" \/>\n<meta name=\"twitter:card\" content=\"summary_large_image\" \/>\n<meta name=\"twitter:title\" content=\"A chacun sa natation : l&#039;ASG pr\u00e9pare sa rentr\u00e9e ! - Gerardmer Info\" \/>\n<meta name=\"twitter:description\" content=\"Apr\u00e8s 33 mois d&rsquo;interruption, retour dans le grand bassin pour les nageuses et nageurs de l&rsquo;ASG natation avec une reprise [&hellip;]\" \/>\n<meta name=\"twitter:image\" content=\"https:\/\/vosgesinfo.fr\/app\/uploads\/sites\/6\/2024\/07\/202112asg-natation-4.jpg\" \/>\n<meta name=\"twitter:creator\" content=\"@VosgesInfo88\" \/>\n<meta name=\"twitter:site\" content=\"@VosgesInfo88\" \/>\n<meta name=\"twitter:label1\" content=\"\u00c9crit par\" \/>\n\t<meta name=\"twitter:data1\" content=\"QG\" \/>\n\t<meta name=\"twitter:label2\" content=\"Dur\u00e9e de lecture estim\u00e9e\" \/>\n\t<meta name=\"twitter:data2\" content=\"3 minutes\" \/>\n<script type=\"application\/ld+json\" class=\"yoast-schema-graph\">{\"@context\":\"https:\/\/schema.org\",\"@graph\":[{\"@type\":\"Article\",\"@id\":\"https:\/\/vosgesinfo.fr\/gerardmerinfo\/2021\/12\/a-chacun-natation-lasg-prepare-rentree\/#article\",\"isPartOf\":{\"@id\":\"https:\/\/vosgesinfo.fr\/gerardmerinfo\/2021\/12\/a-chacun-natation-lasg-prepare-rentree\/\"},\"author\":{\"name\":\"QG\",\"@id\":\"https:\/\/vosgesinfo.fr\/gerardmerinfo\/#\/schema\/person\/db5605779a843dad16b5368f3e7613a5\"},\"headline\":\"A chacun sa natation : l&rsquo;ASG pr\u00e9pare sa rentr\u00e9e !\",\"datePublished\":\"2021-12-24T13:30:50+00:00\",\"dateModified\":\"2021-12-24T13:30:50+00:00\",\"mainEntityOfPage\":{\"@id\":\"https:\/\/vosgesinfo.fr\/gerardmerinfo\/2021\/12\/a-chacun-natation-lasg-prepare-rentree\/\"},\"wordCount\":700,\"commentCount\":0,\"publisher\":{\"@id\":\"https:\/\/vosgesinfo.fr\/gerardmerinfo\/#organization\"},\"image\":{\"@id\":\"https:\/\/vosgesinfo.fr\/gerardmerinfo\/2021\/12\/a-chacun-natation-lasg-prepare-rentree\/#primaryimage\"},\"thumbnailUrl\":\"https:\/\/vosgesinfo.fr\/app\/uploads\/sites\/6\/2024\/07\/202112asg-natation-4.jpg\",\"keywords\":[\"asg natation\"],\"articleSection\":[\"A la une\",\"G\u00e9rardmer\",\"Sport\"],\"inLanguage\":\"fr-FR\",\"potentialAction\":[{\"@type\":\"CommentAction\",\"name\":\"Comment\",\"target\":[\"https:\/\/vosgesinfo.fr\/gerardmerinfo\/2021\/12\/a-chacun-natation-lasg-prepare-rentree\/#respond\"]}]},{\"@type\":\"WebPage\",\"@id\":\"https:\/\/vosgesinfo.fr\/gerardmerinfo\/2021\/12\/a-chacun-natation-lasg-prepare-rentree\/\",\"url\":\"https:\/\/vosgesinfo.fr\/gerardmerinfo\/2021\/12\/a-chacun-natation-lasg-prepare-rentree\/\",\"name\":\"A chacun sa natation : l'ASG pr\u00e9pare sa rentr\u00e9e ! - Gerardmer Info\",\"isPartOf\":{\"@id\":\"https:\/\/vosgesinfo.fr\/gerardmerinfo\/#website\"},\"primaryImageOfPage\":{\"@id\":\"https:\/\/vosgesinfo.fr\/gerardmerinfo\/2021\/12\/a-chacun-natation-lasg-prepare-rentree\/#primaryimage\"},\"image\":{\"@id\":\"https:\/\/vosgesinfo.fr\/gerardmerinfo\/2021\/12\/a-chacun-natation-lasg-prepare-rentree\/#primaryimage\"},\"thumbnailUrl\":\"https:\/\/vosgesinfo.fr\/app\/uploads\/sites\/6\/2024\/07\/202112asg-natation-4.jpg\",\"datePublished\":\"2021-12-24T13:30:50+00:00\",\"dateModified\":\"2021-12-24T13:30:50+00:00\",\"breadcrumb\":{\"@id\":\"https:\/\/vosgesinfo.fr\/gerardmerinfo\/2021\/12\/a-chacun-natation-lasg-prepare-rentree\/#breadcrumb\"},\"inLanguage\":\"fr-FR\",\"potentialAction\":[{\"@type\":\"ReadAction\",\"target\":[\"https:\/\/vosgesinfo.fr\/gerardmerinfo\/2021\/12\/a-chacun-natation-lasg-prepare-rentree\/\"]}]},{\"@type\":\"ImageObject\",\"inLanguage\":\"fr-FR\",\"@id\":\"https:\/\/vosgesinfo.fr\/gerardmerinfo\/2021\/12\/a-chacun-natation-lasg-prepare-rentree\/#primaryimage\",\"url\":\"https:\/\/vosgesinfo.fr\/app\/uploads\/sites\/6\/2024\/07\/202112asg-natation-4.jpg\",\"contentUrl\":\"https:\/\/vosgesinfo.fr\/app\/uploads\/sites\/6\/2024\/07\/202112asg-natation-4.jpg\",\"width\":1657,\"height\":1181},{\"@type\":\"BreadcrumbList\",\"@id\":\"https:\/\/vosgesinfo.fr\/gerardmerinfo\/2021\/12\/a-chacun-natation-lasg-prepare-rentree\/#breadcrumb\",\"itemListElement\":[{\"@type\":\"ListItem\",\"position\":1,\"name\":\"Home\",\"item\":\"https:\/\/vosgesinfo.fr\/gerardmerinfo\/\"},{\"@type\":\"ListItem\",\"position\":2,\"name\":\"A chacun sa natation : l&rsquo;ASG pr\u00e9pare sa rentr\u00e9e !\"}]},{\"@type\":\"WebSite\",\"@id\":\"https:\/\/vosgesinfo.fr\/gerardmerinfo\/#website\",\"url\":\"https:\/\/vosgesinfo.fr\/gerardmerinfo\/\",\"name\":\"Gerardmer Info\",\"description\":\"Toute l&#039;actualit\u00e9 de G\u00e9rardmer\",\"publisher\":{\"@id\":\"https:\/\/vosgesinfo.fr\/gerardmerinfo\/#organization\"},\"alternateName\":\"Toute l'actualit\u00e9 de G\u00e9rardmer\",\"potentialAction\":[{\"@type\":\"SearchAction\",\"target\":{\"@type\":\"EntryPoint\",\"urlTemplate\":\"https:\/\/vosgesinfo.fr\/gerardmerinfo\/?s={search_term_string}\"},\"query-input\":\"required name=search_term_string\"}],\"inLanguage\":\"fr-FR\"},{\"@type\":\"Organization\",\"@id\":\"https:\/\/vosgesinfo.fr\/gerardmerinfo\/#organization\",\"name\":\"Gerardmer Info\",\"url\":\"https:\/\/vosgesinfo.fr\/gerardmerinfo\/\",\"logo\":{\"@type\":\"ImageObject\",\"inLanguage\":\"fr-FR\",\"@id\":\"https:\/\/vosgesinfo.fr\/gerardmerinfo\/#\/schema\/logo\/image\/\",\"url\":\"https:\/\/vosgesinfo.fr\/app\/uploads\/sites\/6\/2023\/08\/favicon-gerardmerinfo.png\",\"contentUrl\":\"https:\/\/vosgesinfo.fr\/app\/uploads\/sites\/6\/2023\/08\/favicon-gerardmerinfo.png\",\"width\":512,\"height\":512,\"caption\":\"Gerardmer Info\"},\"image\":{\"@id\":\"https:\/\/vosgesinfo.fr\/gerardmerinfo\/#\/schema\/logo\/image\/\"},\"sameAs\":[\"https:\/\/www.facebook.com\/profile.php?id=100049475262660\",\"https:\/\/x.com\/VosgesInfo88\",\"https:\/\/www.youtube.com\/@vosgesinfo\"]},{\"@type\":\"Person\",\"@id\":\"https:\/\/vosgesinfo.fr\/gerardmerinfo\/#\/schema\/person\/db5605779a843dad16b5368f3e7613a5\",\"name\":\"QG\",\"image\":{\"@type\":\"ImageObject\",\"inLanguage\":\"fr-FR\",\"@id\":\"https:\/\/vosgesinfo.fr\/gerardmerinfo\/#\/schema\/person\/image\/\",\"url\":\"https:\/\/secure.gravatar.com\/avatar\/ea80c42c204b534408512832fde52504ecabb9706bcb6151cf6175e5b64e6793?s=96&d=mm&r=g\",\"contentUrl\":\"https:\/\/secure.gravatar.com\/avatar\/ea80c42c204b534408512832fde52504ecabb9706bcb6151cf6175e5b64e6793?s=96&d=mm&r=g\",\"caption\":\"QG\"},\"url\":\"https:\/\/vosgesinfo.fr\/gerardmerinfo\/author\/quentin88\/\"}]}<\/script>\n<!-- \/ Yoast SEO plugin. -->","yoast_head_json":{"title":"A chacun sa natation : l'ASG pr\u00e9pare sa rentr\u00e9e ! - Gerardmer Info","robots":{"index":"index","follow":"follow","max-snippet":"max-snippet:-1","max-image-preview":"max-image-preview:large","max-video-preview":"max-video-preview:-1"},"canonical":"https:\/\/vosgesinfo.fr\/gerardmerinfo\/2021\/12\/a-chacun-natation-lasg-prepare-rentree\/","twitter_card":"summary_large_image","twitter_title":"A chacun sa natation : l'ASG pr\u00e9pare sa rentr\u00e9e ! - Gerardmer Info","twitter_description":"Apr\u00e8s 33 mois d&rsquo;interruption, retour dans le grand bassin pour les nageuses et nageurs de l&rsquo;ASG natation avec une reprise [&hellip;]","twitter_image":"https:\/\/vosgesinfo.fr\/app\/uploads\/sites\/6\/2024\/07\/202112asg-natation-4.jpg","twitter_creator":"@VosgesInfo88","twitter_site":"@VosgesInfo88","twitter_misc":{"\u00c9crit par":"QG","Dur\u00e9e de lecture estim\u00e9e":"3 minutes"},"schema":{"@context":"https:\/\/schema.org","@graph":[{"@type":"Article","@id":"https:\/\/vosgesinfo.fr\/gerardmerinfo\/2021\/12\/a-chacun-natation-lasg-prepare-rentree\/#article","isPartOf":{"@id":"https:\/\/vosgesinfo.fr\/gerardmerinfo\/2021\/12\/a-chacun-natation-lasg-prepare-rentree\/"},"author":{"name":"QG","@id":"https:\/\/vosgesinfo.fr\/gerardmerinfo\/#\/schema\/person\/db5605779a843dad16b5368f3e7613a5"},"headline":"A chacun sa natation : l&rsquo;ASG pr\u00e9pare sa rentr\u00e9e !","datePublished":"2021-12-24T13:30:50+00:00","dateModified":"2021-12-24T13:30:50+00:00","mainEntityOfPage":{"@id":"https:\/\/vosgesinfo.fr\/gerardmerinfo\/2021\/12\/a-chacun-natation-lasg-prepare-rentree\/"},"wordCount":700,"commentCount":0,"publisher":{"@id":"https:\/\/vosgesinfo.fr\/gerardmerinfo\/#organization"},"image":{"@id":"https:\/\/vosgesinfo.fr\/gerardmerinfo\/2021\/12\/a-chacun-natation-lasg-prepare-rentree\/#primaryimage"},"thumbnailUrl":"https:\/\/vosgesinfo.fr\/app\/uploads\/sites\/6\/2024\/07\/202112asg-natation-4.jpg","keywords":["asg natation"],"articleSection":["A la une","G\u00e9rardmer","Sport"],"inLanguage":"fr-FR","potentialAction":[{"@type":"CommentAction","name":"Comment","target":["https:\/\/vosgesinfo.fr\/gerardmerinfo\/2021\/12\/a-chacun-natation-lasg-prepare-rentree\/#respond"]}]},{"@type":"WebPage","@id":"https:\/\/vosgesinfo.fr\/gerardmerinfo\/2021\/12\/a-chacun-natation-lasg-prepare-rentree\/","url":"https:\/\/vosgesinfo.fr\/gerardmerinfo\/2021\/12\/a-chacun-natation-lasg-prepare-rentree\/","name":"A chacun sa natation : l'ASG pr\u00e9pare sa rentr\u00e9e ! - Gerardmer Info","isPartOf":{"@id":"https:\/\/vosgesinfo.fr\/gerardmerinfo\/#website"},"primaryImageOfPage":{"@id":"https:\/\/vosgesinfo.fr\/gerardmerinfo\/2021\/12\/a-chacun-natation-lasg-prepare-rentree\/#primaryimage"},"image":{"@id":"https:\/\/vosgesinfo.fr\/gerardmerinfo\/2021\/12\/a-chacun-natation-lasg-prepare-rentree\/#primaryimage"},"thumbnailUrl":"https:\/\/vosgesinfo.fr\/app\/uploads\/sites\/6\/2024\/07\/202112asg-natation-4.jpg","datePublished":"2021-12-24T13:30:50+00:00","dateModified":"2021-12-24T13:30:50+00:00","breadcrumb":{"@id":"https:\/\/vosgesinfo.fr\/gerardmerinfo\/2021\/12\/a-chacun-natation-lasg-prepare-rentree\/#breadcrumb"},"inLanguage":"fr-FR","potentialAction":[{"@type":"ReadAction","target":["https:\/\/vosgesinfo.fr\/gerardmerinfo\/2021\/12\/a-chacun-natation-lasg-prepare-rentree\/"]}]},{"@type":"ImageObject","inLanguage":"fr-FR","@id":"https:\/\/vosgesinfo.fr\/gerardmerinfo\/2021\/12\/a-chacun-natation-lasg-prepare-rentree\/#primaryimage","url":"https:\/\/vosgesinfo.fr\/app\/uploads\/sites\/6\/2024\/07\/202112asg-natation-4.jpg","contentUrl":"https:\/\/vosgesinfo.fr\/app\/uploads\/sites\/6\/2024\/07\/202112asg-natation-4.jpg","width":1657,"height":1181},{"@type":"BreadcrumbList","@id":"https:\/\/vosgesinfo.fr\/gerardmerinfo\/2021\/12\/a-chacun-natation-lasg-prepare-rentree\/#breadcrumb","itemListElement":[{"@type":"ListItem","position":1,"name":"Home","item":"https:\/\/vosgesinfo.fr\/gerardmerinfo\/"},{"@type":"ListItem","position":2,"name":"A chacun sa natation : l&rsquo;ASG pr\u00e9pare sa rentr\u00e9e !"}]},{"@type":"WebSite","@id":"https:\/\/vosgesinfo.fr\/gerardmerinfo\/#website","url":"https:\/\/vosgesinfo.fr\/gerardmerinfo\/","name":"Gerardmer Info","description":"Toute l&#039;actualit\u00e9 de G\u00e9rardmer","publisher":{"@id":"https:\/\/vosgesinfo.fr\/gerardmerinfo\/#organization"},"alternateName":"Toute l'actualit\u00e9 de G\u00e9rardmer","potentialAction":[{"@type":"SearchAction","target":{"@type":"EntryPoint","urlTemplate":"https:\/\/vosgesinfo.fr\/gerardmerinfo\/?s={search_term_string}"},"query-input":"required name=search_term_string"}],"inLanguage":"fr-FR"},{"@type":"Organization","@id":"https:\/\/vosgesinfo.fr\/gerardmerinfo\/#organization","name":"Gerardmer Info","url":"https:\/\/vosgesinfo.fr\/gerardmerinfo\/","logo":{"@type":"ImageObject","inLanguage":"fr-FR","@id":"https:\/\/vosgesinfo.fr\/gerardmerinfo\/#\/schema\/logo\/image\/","url":"https:\/\/vosgesinfo.fr\/app\/uploads\/sites\/6\/2023\/08\/favicon-gerardmerinfo.png","contentUrl":"https:\/\/vosgesinfo.fr\/app\/uploads\/sites\/6\/2023\/08\/favicon-gerardmerinfo.png","width":512,"height":512,"caption":"Gerardmer Info"},"image":{"@id":"https:\/\/vosgesinfo.fr\/gerardmerinfo\/#\/schema\/logo\/image\/"},"sameAs":["https:\/\/www.facebook.com\/profile.php?id=100049475262660","https:\/\/x.com\/VosgesInfo88","https:\/\/www.youtube.com\/@vosgesinfo"]},{"@type":"Person","@id":"https:\/\/vosgesinfo.fr\/gerardmerinfo\/#\/schema\/person\/db5605779a843dad16b5368f3e7613a5","name":"QG","image":{"@type":"ImageObject","inLanguage":"fr-FR","@id":"https:\/\/vosgesinfo.fr\/gerardmerinfo\/#\/schema\/person\/image\/","url":"https:\/\/secure.gravatar.com\/avatar\/ea80c42c204b534408512832fde52504ecabb9706bcb6151cf6175e5b64e6793?s=96&d=mm&r=g","contentUrl":"https:\/\/secure.gravatar.com\/avatar\/ea80c42c204b534408512832fde52504ecabb9706bcb6151cf6175e5b64e6793?s=96&d=mm&r=g","caption":"QG"},"url":"https:\/\/vosgesinfo.fr\/gerardmerinfo\/author\/quentin88\/"}]}},"_links":{"self":[{"href":"https:\/\/vosgesinfo.fr\/gerardmerinfo\/wp-json\/wp\/v2\/posts\/56546","targetHints":{"allow":["GET"]}}],"collection":[{"href":"https:\/\/vosgesinfo.fr\/gerardmerinfo\/wp-json\/wp\/v2\/posts"}],"about":[{"href":"https:\/\/vosgesinfo.fr\/gerardmerinfo\/wp-json\/wp\/v2\/types\/post"}],"author":[{"embeddable":true,"href":"https:\/\/vosgesinfo.fr\/gerardmerinfo\/wp-json\/wp\/v2\/users\/42"}],"replies":[{"embeddable":true,"href":"https:\/\/vosgesinfo.fr\/gerardmerinfo\/wp-json\/wp\/v2\/comments?post=56546"}],"version-history":[{"count":0,"href":"https:\/\/vosgesinfo.fr\/gerardmerinfo\/wp-json\/wp\/v2\/posts\/56546\/revisions"}],"wp:featuredmedia":[{"embeddable":true,"href":"https:\/\/vosgesinfo.fr\/gerardmerinfo\/wp-json\/wp\/v2\/media\/56547"}],"wp:attachment":[{"href":"https:\/\/vosgesinfo.fr\/gerardmerinfo\/wp-json\/wp\/v2\/media?parent=56546"}],"wp:term":[{"taxonomy":"category","embeddable":true,"href":"https:\/\/vosgesinfo.fr\/gerardmerinfo\/wp-json\/wp\/v2\/categories?post=56546"},{"taxonomy":"post_tag","embeddable":true,"href":"https:\/\/vosgesinfo.fr\/gerardmerinfo\/wp-json\/wp\/v2\/tags?post=56546"}],"curies":[{"name":"wp","href":"https:\/\/api.w.org\/{rel}","templated":true}]}}