{"id":56557,"date":"2021-12-23T04:59:56","date_gmt":"2021-12-23T03:59:56","guid":{"rendered":"https:\/\/vosgesinfo.fr\/gerardmerinfo\/2021\/12\/petite-sortie-nocturne-club-vosgien-gerardmer-animation\/"},"modified":"2021-12-23T04:59:56","modified_gmt":"2021-12-23T03:59:56","slug":"petite-sortie-nocturne-club-vosgien-gerardmer-animation","status":"publish","type":"post","link":"https:\/\/vosgesinfo.fr\/gerardmerinfo\/2021\/12\/petite-sortie-nocturne-club-vosgien-gerardmer-animation\/","title":{"rendered":"Petite sortie nocturne avec le Club Vosgien et G\u00e9rardmer Animation"},"content":{"rendered":"<p style=\"text-align: center;\" align=\"left\"><span style=\"color: #000000; font-size: 14pt;\"><span style=\"font-family: Times New Roman, serif;\"><b>Rando Nocturne organis\u00e9e par le Club Vosgien de G\u00e9rardmer<\/b><\/span><\/span><\/p>\n<p style=\"text-align: center;\" align=\"left\"><span style=\"color: #000000; font-size: 14pt;\"><span style=\"font-family: Times New Roman, serif;\"><b>avec le soutien de G\u00e9rardmer Animation<\/b><\/span><\/span><\/p>\n<p align=\"left\"><span style=\"color: #000000; font-size: 14pt;\">\u00a0<\/span><\/p>\n<p align=\"left\"><span style=\"color: #000000; font-size: 14pt;\">\u00a0<a href=\"\/2021\/12\/randonn\u00e9e-nocturne-club-vosgien-g\u00e9rardmer-2.jpg\"><img decoding=\"async\" class=\"aligncenter size-large wp-image-184113\" src=\"\/2021\/12\/randonn\u00e9e-nocturne-club-vosgien-g\u00e9rardmer-2-1024x768.jpg\" alt=\"randonn\u00e9e nocturne club vosgien g\u00e9rardmer (2)\" width=\"960\" height=\"720\" \/><\/a><\/span><\/p>\n\n<p align=\"left\"><span style=\"font-family: Times New Roman, serif; font-size: 14pt; color: #000000;\">Mardi 21 d\u00e9cembre \u00e0 16 h 30,\u00a080 personnes avaient rendez-vous sur le parvis de l&rsquo;\u00e9glise pour une rando nocturne de 7 Km. Une mont\u00e9e par le chemin du Pr\u00e9 des clefs permet aux randonneurs du soir de rejoindre la T\u00eate du Costet o\u00f9 s\u2019ouvre\u00a0un superbe panorama sur le Lac et les lumi\u00e8res de G\u00e9rardmer. La rando se prolonge sur le front de Neige de La Mauselaine o\u00f9 il sont accueillis par Jules Honor\u00e9 pour une pr\u00e9sentation du domaine skiable et de l\u2019Espace Ski Enfants. On poursuit cette balade par le chemin de Mexel, le chemin la Creuse, la rue G\u00e9rard d\u2019Alsace pour arriver enfin sur les quais du lac et revenir sur le March\u00e9 de No\u00ebl. Pour terminer, un vin chaud nous \u00e9tait offert par G\u00e9rardmer Animation, l&rsquo;association des commer\u00e7ants locaux. Merci \u00e0 eux ! Tout le monde\u00a0est ravi de cette vir\u00e9e nocturne sous un ciel \u00e9clair\u00e9 par la pleine lune et avec\u00a0des conditions m\u00e9t\u00e9orologiques\u00a0id\u00e9ales. Le Club Vosgien vous donne rendez vous mercredi\u00a029 d\u00e9cembre \u00e0 16 h 30 pour une nouvelle balade. <\/span><\/p>\n<h2 align=\"left\"><span style=\"font-family: Times New Roman, serif; font-size: 14pt; color: #000000;\"><strong>Inscriptions gratuites de 14h \u00e0 16h sur le march\u00e9 de No\u00ebl<\/strong><\/span><\/h2>\n","protected":false},"excerpt":{"rendered":"<p>Rando Nocturne organis\u00e9e par le Club Vosgien de G\u00e9rardmer avec le soutien de G\u00e9rardmer Animation \u00a0 \u00a0 Mardi 21 d\u00e9cembre [&hellip;]<\/p>\n","protected":false},"author":1,"featured_media":56558,"comment_status":"open","ping_status":"open","sticky":false,"template":"","format":"standard","meta":{"footnotes":""},"categories":[20,25,14,15],"tags":[],"class_list":["post-56557","post","type-post","status-publish","format-standard","has-post-thumbnail","hentry","category-a-la-une","category-gerardmer","category-sport","category-tourisme"],"acf":[],"yoast_head":"<!-- This site is optimized with the Yoast SEO plugin v22.5 - https:\/\/yoast.com\/wordpress\/plugins\/seo\/ -->\n<title>Petite sortie nocturne avec le Club Vosgien et G\u00e9rardmer Animation - Gerardmer Info<\/title>\n<meta name=\"robots\" content=\"index, follow, max-snippet:-1, max-image-preview:large, max-video-preview:-1\" \/>\n<link rel=\"canonical\" href=\"https:\/\/vosgesinfo.fr\/gerardmerinfo\/2021\/12\/petite-sortie-nocturne-club-vosgien-gerardmer-animation\/\" \/>\n<meta name=\"twitter:card\" content=\"summary_large_image\" \/>\n<meta name=\"twitter:title\" content=\"Petite sortie nocturne avec le Club Vosgien et G\u00e9rardmer Animation - Gerardmer Info\" \/>\n<meta name=\"twitter:description\" content=\"Rando Nocturne organis\u00e9e par le Club Vosgien de G\u00e9rardmer avec le soutien de G\u00e9rardmer Animation \u00a0 \u00a0 Mardi 21 d\u00e9cembre [&hellip;]\" \/>\n<meta name=\"twitter:image\" content=\"https:\/\/vosgesinfo.fr\/app\/uploads\/sites\/6\/2024\/07\/202112randonnee-nocturne-club-vosgien-gerardmer-2.jpg\" \/>\n<meta name=\"twitter:creator\" content=\"@VosgesInfo88\" \/>\n<meta name=\"twitter:site\" content=\"@VosgesInfo88\" \/>\n<meta name=\"twitter:label1\" content=\"\u00c9crit par\" \/>\n\t<meta name=\"twitter:data1\" content=\"qs_admin\" \/>\n\t<meta name=\"twitter:label2\" content=\"Dur\u00e9e de lecture estim\u00e9e\" \/>\n\t<meta name=\"twitter:data2\" content=\"1 minute\" \/>\n<script type=\"application\/ld+json\" class=\"yoast-schema-graph\">{\"@context\":\"https:\/\/schema.org\",\"@graph\":[{\"@type\":\"Article\",\"@id\":\"https:\/\/vosgesinfo.fr\/gerardmerinfo\/2021\/12\/petite-sortie-nocturne-club-vosgien-gerardmer-animation\/#article\",\"isPartOf\":{\"@id\":\"https:\/\/vosgesinfo.fr\/gerardmerinfo\/2021\/12\/petite-sortie-nocturne-club-vosgien-gerardmer-animation\/\"},\"author\":{\"name\":\"qs_admin\",\"@id\":\"https:\/\/vosgesinfo.fr\/gerardmerinfo\/#\/schema\/person\/bc5d02d71e6932e81b6dadb7386667b1\"},\"headline\":\"Petite sortie nocturne avec le Club Vosgien et G\u00e9rardmer Animation\",\"datePublished\":\"2021-12-23T03:59:56+00:00\",\"dateModified\":\"2021-12-23T03:59:56+00:00\",\"mainEntityOfPage\":{\"@id\":\"https:\/\/vosgesinfo.fr\/gerardmerinfo\/2021\/12\/petite-sortie-nocturne-club-vosgien-gerardmer-animation\/\"},\"wordCount\":235,\"commentCount\":0,\"publisher\":{\"@id\":\"https:\/\/vosgesinfo.fr\/gerardmerinfo\/#organization\"},\"image\":{\"@id\":\"https:\/\/vosgesinfo.fr\/gerardmerinfo\/2021\/12\/petite-sortie-nocturne-club-vosgien-gerardmer-animation\/#primaryimage\"},\"thumbnailUrl\":\"https:\/\/vosgesinfo.fr\/app\/uploads\/sites\/6\/2024\/07\/202112randonnee-nocturne-club-vosgien-gerardmer-2.jpg\",\"articleSection\":[\"A la une\",\"G\u00e9rardmer\",\"Sport\",\"Tourisme\"],\"inLanguage\":\"fr-FR\",\"potentialAction\":[{\"@type\":\"CommentAction\",\"name\":\"Comment\",\"target\":[\"https:\/\/vosgesinfo.fr\/gerardmerinfo\/2021\/12\/petite-sortie-nocturne-club-vosgien-gerardmer-animation\/#respond\"]}]},{\"@type\":\"WebPage\",\"@id\":\"https:\/\/vosgesinfo.fr\/gerardmerinfo\/2021\/12\/petite-sortie-nocturne-club-vosgien-gerardmer-animation\/\",\"url\":\"https:\/\/vosgesinfo.fr\/gerardmerinfo\/2021\/12\/petite-sortie-nocturne-club-vosgien-gerardmer-animation\/\",\"name\":\"Petite sortie nocturne avec le Club Vosgien et G\u00e9rardmer Animation - Gerardmer Info\",\"isPartOf\":{\"@id\":\"https:\/\/vosgesinfo.fr\/gerardmerinfo\/#website\"},\"primaryImageOfPage\":{\"@id\":\"https:\/\/vosgesinfo.fr\/gerardmerinfo\/2021\/12\/petite-sortie-nocturne-club-vosgien-gerardmer-animation\/#primaryimage\"},\"image\":{\"@id\":\"https:\/\/vosgesinfo.fr\/gerardmerinfo\/2021\/12\/petite-sortie-nocturne-club-vosgien-gerardmer-animation\/#primaryimage\"},\"thumbnailUrl\":\"https:\/\/vosgesinfo.fr\/app\/uploads\/sites\/6\/2024\/07\/202112randonnee-nocturne-club-vosgien-gerardmer-2.jpg\",\"datePublished\":\"2021-12-23T03:59:56+00:00\",\"dateModified\":\"2021-12-23T03:59:56+00:00\",\"breadcrumb\":{\"@id\":\"https:\/\/vosgesinfo.fr\/gerardmerinfo\/2021\/12\/petite-sortie-nocturne-club-vosgien-gerardmer-animation\/#breadcrumb\"},\"inLanguage\":\"fr-FR\",\"potentialAction\":[{\"@type\":\"ReadAction\",\"target\":[\"https:\/\/vosgesinfo.fr\/gerardmerinfo\/2021\/12\/petite-sortie-nocturne-club-vosgien-gerardmer-animation\/\"]}]},{\"@type\":\"ImageObject\",\"inLanguage\":\"fr-FR\",\"@id\":\"https:\/\/vosgesinfo.fr\/gerardmerinfo\/2021\/12\/petite-sortie-nocturne-club-vosgien-gerardmer-animation\/#primaryimage\",\"url\":\"https:\/\/vosgesinfo.fr\/app\/uploads\/sites\/6\/2024\/07\/202112randonnee-nocturne-club-vosgien-gerardmer-2.jpg\",\"contentUrl\":\"https:\/\/vosgesinfo.fr\/app\/uploads\/sites\/6\/2024\/07\/202112randonnee-nocturne-club-vosgien-gerardmer-2.jpg\",\"width\":1600,\"height\":1200},{\"@type\":\"BreadcrumbList\",\"@id\":\"https:\/\/vosgesinfo.fr\/gerardmerinfo\/2021\/12\/petite-sortie-nocturne-club-vosgien-gerardmer-animation\/#breadcrumb\",\"itemListElement\":[{\"@type\":\"ListItem\",\"position\":1,\"name\":\"Home\",\"item\":\"https:\/\/vosgesinfo.fr\/gerardmerinfo\/\"},{\"@type\":\"ListItem\",\"position\":2,\"name\":\"Petite sortie nocturne avec le Club Vosgien et G\u00e9rardmer Animation\"}]},{\"@type\":\"WebSite\",\"@id\":\"https:\/\/vosgesinfo.fr\/gerardmerinfo\/#website\",\"url\":\"https:\/\/vosgesinfo.fr\/gerardmerinfo\/\",\"name\":\"Gerardmer Info\",\"description\":\"Toute l&#039;actualit\u00e9 de G\u00e9rardmer\",\"publisher\":{\"@id\":\"https:\/\/vosgesinfo.fr\/gerardmerinfo\/#organization\"},\"alternateName\":\"Toute l'actualit\u00e9 de G\u00e9rardmer\",\"potentialAction\":[{\"@type\":\"SearchAction\",\"target\":{\"@type\":\"EntryPoint\",\"urlTemplate\":\"https:\/\/vosgesinfo.fr\/gerardmerinfo\/?s={search_term_string}\"},\"query-input\":\"required name=search_term_string\"}],\"inLanguage\":\"fr-FR\"},{\"@type\":\"Organization\",\"@id\":\"https:\/\/vosgesinfo.fr\/gerardmerinfo\/#organization\",\"name\":\"Gerardmer Info\",\"url\":\"https:\/\/vosgesinfo.fr\/gerardmerinfo\/\",\"logo\":{\"@type\":\"ImageObject\",\"inLanguage\":\"fr-FR\",\"@id\":\"https:\/\/vosgesinfo.fr\/gerardmerinfo\/#\/schema\/logo\/image\/\",\"url\":\"https:\/\/vosgesinfo.fr\/app\/uploads\/sites\/6\/2023\/08\/favicon-gerardmerinfo.png\",\"contentUrl\":\"https:\/\/vosgesinfo.fr\/app\/uploads\/sites\/6\/2023\/08\/favicon-gerardmerinfo.png\",\"width\":512,\"height\":512,\"caption\":\"Gerardmer Info\"},\"image\":{\"@id\":\"https:\/\/vosgesinfo.fr\/gerardmerinfo\/#\/schema\/logo\/image\/\"},\"sameAs\":[\"https:\/\/www.facebook.com\/profile.php?id=100049475262660\",\"https:\/\/x.com\/VosgesInfo88\",\"https:\/\/www.youtube.com\/@vosgesinfo\"]},{\"@type\":\"Person\",\"@id\":\"https:\/\/vosgesinfo.fr\/gerardmerinfo\/#\/schema\/person\/bc5d02d71e6932e81b6dadb7386667b1\",\"name\":\"qs_admin\",\"image\":{\"@type\":\"ImageObject\",\"inLanguage\":\"fr-FR\",\"@id\":\"https:\/\/vosgesinfo.fr\/gerardmerinfo\/#\/schema\/person\/image\/\",\"url\":\"https:\/\/secure.gravatar.com\/avatar\/94b18ee0ed79e4a42ea2f2931277b6841a8999fc6fde214600c78057cf1fe1de?s=96&d=mm&r=g\",\"contentUrl\":\"https:\/\/secure.gravatar.com\/avatar\/94b18ee0ed79e4a42ea2f2931277b6841a8999fc6fde214600c78057cf1fe1de?s=96&d=mm&r=g\",\"caption\":\"qs_admin\"},\"sameAs\":[\"https:\/\/vosgesinfo.fr\/wp\"],\"url\":\"https:\/\/vosgesinfo.fr\/gerardmerinfo\/author\/qs_admin\/\"}]}<\/script>\n<!-- \/ Yoast SEO plugin. -->","yoast_head_json":{"title":"Petite sortie nocturne avec le Club Vosgien et G\u00e9rardmer Animation - Gerardmer Info","robots":{"index":"index","follow":"follow","max-snippet":"max-snippet:-1","max-image-preview":"max-image-preview:large","max-video-preview":"max-video-preview:-1"},"canonical":"https:\/\/vosgesinfo.fr\/gerardmerinfo\/2021\/12\/petite-sortie-nocturne-club-vosgien-gerardmer-animation\/","twitter_card":"summary_large_image","twitter_title":"Petite sortie nocturne avec le Club Vosgien et G\u00e9rardmer Animation - Gerardmer Info","twitter_description":"Rando Nocturne organis\u00e9e par le Club Vosgien de G\u00e9rardmer avec le soutien de G\u00e9rardmer Animation \u00a0 \u00a0 Mardi 21 d\u00e9cembre [&hellip;]","twitter_image":"https:\/\/vosgesinfo.fr\/app\/uploads\/sites\/6\/2024\/07\/202112randonnee-nocturne-club-vosgien-gerardmer-2.jpg","twitter_creator":"@VosgesInfo88","twitter_site":"@VosgesInfo88","twitter_misc":{"\u00c9crit par":"qs_admin","Dur\u00e9e de lecture estim\u00e9e":"1 minute"},"schema":{"@context":"https:\/\/schema.org","@graph":[{"@type":"Article","@id":"https:\/\/vosgesinfo.fr\/gerardmerinfo\/2021\/12\/petite-sortie-nocturne-club-vosgien-gerardmer-animation\/#article","isPartOf":{"@id":"https:\/\/vosgesinfo.fr\/gerardmerinfo\/2021\/12\/petite-sortie-nocturne-club-vosgien-gerardmer-animation\/"},"author":{"name":"qs_admin","@id":"https:\/\/vosgesinfo.fr\/gerardmerinfo\/#\/schema\/person\/bc5d02d71e6932e81b6dadb7386667b1"},"headline":"Petite sortie nocturne avec le Club Vosgien et G\u00e9rardmer Animation","datePublished":"2021-12-23T03:59:56+00:00","dateModified":"2021-12-23T03:59:56+00:00","mainEntityOfPage":{"@id":"https:\/\/vosgesinfo.fr\/gerardmerinfo\/2021\/12\/petite-sortie-nocturne-club-vosgien-gerardmer-animation\/"},"wordCount":235,"commentCount":0,"publisher":{"@id":"https:\/\/vosgesinfo.fr\/gerardmerinfo\/#organization"},"image":{"@id":"https:\/\/vosgesinfo.fr\/gerardmerinfo\/2021\/12\/petite-sortie-nocturne-club-vosgien-gerardmer-animation\/#primaryimage"},"thumbnailUrl":"https:\/\/vosgesinfo.fr\/app\/uploads\/sites\/6\/2024\/07\/202112randonnee-nocturne-club-vosgien-gerardmer-2.jpg","articleSection":["A la une","G\u00e9rardmer","Sport","Tourisme"],"inLanguage":"fr-FR","potentialAction":[{"@type":"CommentAction","name":"Comment","target":["https:\/\/vosgesinfo.fr\/gerardmerinfo\/2021\/12\/petite-sortie-nocturne-club-vosgien-gerardmer-animation\/#respond"]}]},{"@type":"WebPage","@id":"https:\/\/vosgesinfo.fr\/gerardmerinfo\/2021\/12\/petite-sortie-nocturne-club-vosgien-gerardmer-animation\/","url":"https:\/\/vosgesinfo.fr\/gerardmerinfo\/2021\/12\/petite-sortie-nocturne-club-vosgien-gerardmer-animation\/","name":"Petite sortie nocturne avec le Club Vosgien et G\u00e9rardmer Animation - Gerardmer Info","isPartOf":{"@id":"https:\/\/vosgesinfo.fr\/gerardmerinfo\/#website"},"primaryImageOfPage":{"@id":"https:\/\/vosgesinfo.fr\/gerardmerinfo\/2021\/12\/petite-sortie-nocturne-club-vosgien-gerardmer-animation\/#primaryimage"},"image":{"@id":"https:\/\/vosgesinfo.fr\/gerardmerinfo\/2021\/12\/petite-sortie-nocturne-club-vosgien-gerardmer-animation\/#primaryimage"},"thumbnailUrl":"https:\/\/vosgesinfo.fr\/app\/uploads\/sites\/6\/2024\/07\/202112randonnee-nocturne-club-vosgien-gerardmer-2.jpg","datePublished":"2021-12-23T03:59:56+00:00","dateModified":"2021-12-23T03:59:56+00:00","breadcrumb":{"@id":"https:\/\/vosgesinfo.fr\/gerardmerinfo\/2021\/12\/petite-sortie-nocturne-club-vosgien-gerardmer-animation\/#breadcrumb"},"inLanguage":"fr-FR","potentialAction":[{"@type":"ReadAction","target":["https:\/\/vosgesinfo.fr\/gerardmerinfo\/2021\/12\/petite-sortie-nocturne-club-vosgien-gerardmer-animation\/"]}]},{"@type":"ImageObject","inLanguage":"fr-FR","@id":"https:\/\/vosgesinfo.fr\/gerardmerinfo\/2021\/12\/petite-sortie-nocturne-club-vosgien-gerardmer-animation\/#primaryimage","url":"https:\/\/vosgesinfo.fr\/app\/uploads\/sites\/6\/2024\/07\/202112randonnee-nocturne-club-vosgien-gerardmer-2.jpg","contentUrl":"https:\/\/vosgesinfo.fr\/app\/uploads\/sites\/6\/2024\/07\/202112randonnee-nocturne-club-vosgien-gerardmer-2.jpg","width":1600,"height":1200},{"@type":"BreadcrumbList","@id":"https:\/\/vosgesinfo.fr\/gerardmerinfo\/2021\/12\/petite-sortie-nocturne-club-vosgien-gerardmer-animation\/#breadcrumb","itemListElement":[{"@type":"ListItem","position":1,"name":"Home","item":"https:\/\/vosgesinfo.fr\/gerardmerinfo\/"},{"@type":"ListItem","position":2,"name":"Petite sortie nocturne avec le Club Vosgien et G\u00e9rardmer Animation"}]},{"@type":"WebSite","@id":"https:\/\/vosgesinfo.fr\/gerardmerinfo\/#website","url":"https:\/\/vosgesinfo.fr\/gerardmerinfo\/","name":"Gerardmer Info","description":"Toute l&#039;actualit\u00e9 de G\u00e9rardmer","publisher":{"@id":"https:\/\/vosgesinfo.fr\/gerardmerinfo\/#organization"},"alternateName":"Toute l'actualit\u00e9 de G\u00e9rardmer","potentialAction":[{"@type":"SearchAction","target":{"@type":"EntryPoint","urlTemplate":"https:\/\/vosgesinfo.fr\/gerardmerinfo\/?s={search_term_string}"},"query-input":"required name=search_term_string"}],"inLanguage":"fr-FR"},{"@type":"Organization","@id":"https:\/\/vosgesinfo.fr\/gerardmerinfo\/#organization","name":"Gerardmer Info","url":"https:\/\/vosgesinfo.fr\/gerardmerinfo\/","logo":{"@type":"ImageObject","inLanguage":"fr-FR","@id":"https:\/\/vosgesinfo.fr\/gerardmerinfo\/#\/schema\/logo\/image\/","url":"https:\/\/vosgesinfo.fr\/app\/uploads\/sites\/6\/2023\/08\/favicon-gerardmerinfo.png","contentUrl":"https:\/\/vosgesinfo.fr\/app\/uploads\/sites\/6\/2023\/08\/favicon-gerardmerinfo.png","width":512,"height":512,"caption":"Gerardmer Info"},"image":{"@id":"https:\/\/vosgesinfo.fr\/gerardmerinfo\/#\/schema\/logo\/image\/"},"sameAs":["https:\/\/www.facebook.com\/profile.php?id=100049475262660","https:\/\/x.com\/VosgesInfo88","https:\/\/www.youtube.com\/@vosgesinfo"]},{"@type":"Person","@id":"https:\/\/vosgesinfo.fr\/gerardmerinfo\/#\/schema\/person\/bc5d02d71e6932e81b6dadb7386667b1","name":"qs_admin","image":{"@type":"ImageObject","inLanguage":"fr-FR","@id":"https:\/\/vosgesinfo.fr\/gerardmerinfo\/#\/schema\/person\/image\/","url":"https:\/\/secure.gravatar.com\/avatar\/94b18ee0ed79e4a42ea2f2931277b6841a8999fc6fde214600c78057cf1fe1de?s=96&d=mm&r=g","contentUrl":"https:\/\/secure.gravatar.com\/avatar\/94b18ee0ed79e4a42ea2f2931277b6841a8999fc6fde214600c78057cf1fe1de?s=96&d=mm&r=g","caption":"qs_admin"},"sameAs":["https:\/\/vosgesinfo.fr\/wp"],"url":"https:\/\/vosgesinfo.fr\/gerardmerinfo\/author\/qs_admin\/"}]}},"_links":{"self":[{"href":"https:\/\/vosgesinfo.fr\/gerardmerinfo\/wp-json\/wp\/v2\/posts\/56557","targetHints":{"allow":["GET"]}}],"collection":[{"href":"https:\/\/vosgesinfo.fr\/gerardmerinfo\/wp-json\/wp\/v2\/posts"}],"about":[{"href":"https:\/\/vosgesinfo.fr\/gerardmerinfo\/wp-json\/wp\/v2\/types\/post"}],"author":[{"embeddable":true,"href":"https:\/\/vosgesinfo.fr\/gerardmerinfo\/wp-json\/wp\/v2\/users\/1"}],"replies":[{"embeddable":true,"href":"https:\/\/vosgesinfo.fr\/gerardmerinfo\/wp-json\/wp\/v2\/comments?post=56557"}],"version-history":[{"count":0,"href":"https:\/\/vosgesinfo.fr\/gerardmerinfo\/wp-json\/wp\/v2\/posts\/56557\/revisions"}],"wp:featuredmedia":[{"embeddable":true,"href":"https:\/\/vosgesinfo.fr\/gerardmerinfo\/wp-json\/wp\/v2\/media\/56558"}],"wp:attachment":[{"href":"https:\/\/vosgesinfo.fr\/gerardmerinfo\/wp-json\/wp\/v2\/media?parent=56557"}],"wp:term":[{"taxonomy":"category","embeddable":true,"href":"https:\/\/vosgesinfo.fr\/gerardmerinfo\/wp-json\/wp\/v2\/categories?post=56557"},{"taxonomy":"post_tag","embeddable":true,"href":"https:\/\/vosgesinfo.fr\/gerardmerinfo\/wp-json\/wp\/v2\/tags?post=56557"}],"curies":[{"name":"wp","href":"https:\/\/api.w.org\/{rel}","templated":true}]}}