{"id":56569,"date":"2021-12-24T08:54:07","date_gmt":"2021-12-24T07:54:07","guid":{"rendered":"https:\/\/vosgesinfo.fr\/gerardmerinfo\/2021\/12\/deces-de-mme-sylvia-garzia\/"},"modified":"2021-12-24T08:54:07","modified_gmt":"2021-12-24T07:54:07","slug":"deces-de-mme-sylvia-garzia","status":"publish","type":"post","link":"https:\/\/vosgesinfo.fr\/gerardmerinfo\/2021\/12\/deces-de-mme-sylvia-garzia\/","title":{"rendered":"D\u00e9c\u00e8s de Mme Sylvia Garzia"},"content":{"rendered":"<p style=\"text-align: center;\"><a href=\"\/2020\/07\/bernard-DIDIER-pompes-fun\u00e8bres-new.jpg\"><img decoding=\"async\" class=\"aligncenter size-medium wp-image-165632\" src=\"\/2020\/07\/bernard-DIDIER-pompes-fun\u00e8bres-new-400x80.jpg\" alt=\"bernard-DIDIER-pompes-fun\u00e8bres new\" width=\"400\" height=\"80\" \/><\/a><\/p>\n<p style=\"text-align: center;\"><strong>G\u00c9RARDMER \u2013 XONRUPT-LONGEMER<\/strong><\/p>\n<p style=\"text-align: center;\"><strong>GRANGES-AUMONTZEY<\/strong><\/p>\n<p style=\"text-align: center;\">Jean-Michel PERRIN, son compagnon ;<\/p>\n<p style=\"text-align: center;\">Ga\u00eblle et Fr\u00e9d\u00e9ric JACQUEL, Myriam et Christophe JACQUEL, Lucas PERRIN,<\/p>\n<p style=\"text-align: center;\">Ses enfants ;<\/p>\n<p style=\"text-align: center;\">India-Mary, Jasmine, Capucine et Ruben,<\/p>\n<p style=\"text-align: center;\">Ses petits-enfants ;<\/p>\n<p style=\"text-align: center;\">Fran\u00e7oise GARZIA n\u00e9e JOANNES,<\/p>\n<p style=\"text-align: center;\">Sa maman ;<\/p>\n<p style=\"text-align: center;\">Orlando, Val\u00e9rie, Oc\u00e9ane et Tino GARZIA,<\/p>\n<p style=\"text-align: center;\">J\u00e9r\u00f4me et L\u00e9a GARZIA,<\/p>\n<p style=\"text-align: center;\">Ses fr\u00e8res et leurs enfants ;<\/p>\n<p style=\"text-align: center;\">Christine et Roger JACQUEL,<\/p>\n<p style=\"text-align: center;\">Sa belle-s\u0153ur et son beau-fr\u00e8re ;<\/p>\n<p style=\"text-align: center;\">Fran\u00e7oise PERRIN,<\/p>\n<p style=\"text-align: center;\">Sa belle-m\u00e8re ;<\/p>\n<p style=\"text-align: center;\">Jean-Pierre MASSON, son premier mari ;<\/p>\n<p style=\"text-align: center;\">Toute la famille et ses amis<\/p>\n<p style=\"text-align: center;\">Vous font part du d\u00e9c\u00e8s de<\/p>\n<h2 style=\"text-align: center;\">Madame Sylvia GARZIA<\/h2>\n<p style=\"text-align: center;\">Survenu le 22 d\u00e9cembre 2021, \u00e0 l&rsquo;\u00e2ge de 58 ans.<\/p>\n<p style=\"text-align: center;\">Ses obs\u00e8ques religieuses seront c\u00e9l\u00e9br\u00e9es vendredi 24 d\u00e9cembre,<\/p>\n<p style=\"text-align: center;\">\u00e0 14h, en l&rsquo;\u00e9glise de Xonrupt-Longemer.<\/p>\n<p style=\"text-align: center;\">La famille rappelle \u00e0 votre souvenir, son fr\u00e8re, Patrick et ses ni\u00e8ces, d\u00e9c\u00e9d\u00e9s en 1989 et son papa, d\u00e9c\u00e9d\u00e9 en 1998.<\/p>\n<p style=\"text-align: center;\">Sylvia repose au fun\u00e9rarium de G\u00e9rardmer.<\/p>\n<p style=\"text-align: center;\">La famille remercie particuli\u00e8rement les infirmi\u00e8res Sylvie, Nathalie et M\u00e9lanie, le SSIAD, le cabinet SESSA Lydie, l\u2019HAD de G\u00e9rardmer, les ambulances BALLAND-GERMAIN ainsi que le docteur R\u00e9gulaire.<\/p>\n<p style=\"text-align: center;\">Cet avis tient lieu de faire-part et de remerciements<\/p>\n","protected":false},"excerpt":{"rendered":"<p>G\u00c9RARDMER \u2013 XONRUPT-LONGEMER GRANGES-AUMONTZEY Jean-Michel PERRIN, son compagnon ; Ga\u00eblle et Fr\u00e9d\u00e9ric JACQUEL, Myriam et Christophe JACQUEL, Lucas PERRIN, Ses [&hellip;]<\/p>\n","protected":false},"author":1,"featured_media":213,"comment_status":"open","ping_status":"open","sticky":false,"template":"","format":"standard","meta":{"footnotes":""},"categories":[20,36],"tags":[],"class_list":["post-56569","post","type-post","status-publish","format-standard","has-post-thumbnail","hentry","category-a-la-une","category-avis-de-deces"],"acf":[],"yoast_head":"<!-- This site is optimized with the Yoast SEO plugin v22.5 - https:\/\/yoast.com\/wordpress\/plugins\/seo\/ -->\n<title>D\u00e9c\u00e8s de Mme Sylvia Garzia - Gerardmer Info<\/title>\n<meta name=\"robots\" content=\"index, follow, max-snippet:-1, max-image-preview:large, max-video-preview:-1\" \/>\n<link rel=\"canonical\" href=\"https:\/\/vosgesinfo.fr\/gerardmerinfo\/2021\/12\/deces-de-mme-sylvia-garzia\/\" \/>\n<meta name=\"twitter:card\" content=\"summary_large_image\" \/>\n<meta name=\"twitter:title\" content=\"D\u00e9c\u00e8s de Mme Sylvia Garzia - Gerardmer Info\" \/>\n<meta name=\"twitter:description\" content=\"G\u00c9RARDMER \u2013 XONRUPT-LONGEMER GRANGES-AUMONTZEY Jean-Michel PERRIN, son compagnon ; Ga\u00eblle et Fr\u00e9d\u00e9ric JACQUEL, Myriam et Christophe JACQUEL, Lucas PERRIN, Ses [&hellip;]\" \/>\n<meta name=\"twitter:image\" content=\"https:\/\/vosgesinfo.fr\/app\/uploads\/sites\/6\/2020\/09\/avis-de-decces-bougie.jpg\" \/>\n<meta name=\"twitter:creator\" content=\"@VosgesInfo88\" \/>\n<meta name=\"twitter:site\" content=\"@VosgesInfo88\" \/>\n<meta name=\"twitter:label1\" content=\"\u00c9crit par\" \/>\n\t<meta name=\"twitter:data1\" content=\"qs_admin\" \/>\n\t<meta name=\"twitter:label2\" content=\"Dur\u00e9e de lecture estim\u00e9e\" \/>\n\t<meta name=\"twitter:data2\" content=\"1 minute\" \/>\n<script type=\"application\/ld+json\" class=\"yoast-schema-graph\">{\"@context\":\"https:\/\/schema.org\",\"@graph\":[{\"@type\":\"Article\",\"@id\":\"https:\/\/vosgesinfo.fr\/gerardmerinfo\/2021\/12\/deces-de-mme-sylvia-garzia\/#article\",\"isPartOf\":{\"@id\":\"https:\/\/vosgesinfo.fr\/gerardmerinfo\/2021\/12\/deces-de-mme-sylvia-garzia\/\"},\"author\":{\"name\":\"qs_admin\",\"@id\":\"https:\/\/vosgesinfo.fr\/gerardmerinfo\/#\/schema\/person\/bc5d02d71e6932e81b6dadb7386667b1\"},\"headline\":\"D\u00e9c\u00e8s de Mme Sylvia Garzia\",\"datePublished\":\"2021-12-24T07:54:07+00:00\",\"dateModified\":\"2021-12-24T07:54:07+00:00\",\"mainEntityOfPage\":{\"@id\":\"https:\/\/vosgesinfo.fr\/gerardmerinfo\/2021\/12\/deces-de-mme-sylvia-garzia\/\"},\"wordCount\":206,\"commentCount\":0,\"publisher\":{\"@id\":\"https:\/\/vosgesinfo.fr\/gerardmerinfo\/#organization\"},\"image\":{\"@id\":\"https:\/\/vosgesinfo.fr\/gerardmerinfo\/2021\/12\/deces-de-mme-sylvia-garzia\/#primaryimage\"},\"thumbnailUrl\":\"https:\/\/vosgesinfo.fr\/app\/uploads\/sites\/6\/2020\/09\/avis-de-decces-bougie.jpg\",\"articleSection\":[\"A la une\",\"Avis de d\u00e9c\u00e8s\"],\"inLanguage\":\"fr-FR\",\"potentialAction\":[{\"@type\":\"CommentAction\",\"name\":\"Comment\",\"target\":[\"https:\/\/vosgesinfo.fr\/gerardmerinfo\/2021\/12\/deces-de-mme-sylvia-garzia\/#respond\"]}]},{\"@type\":\"WebPage\",\"@id\":\"https:\/\/vosgesinfo.fr\/gerardmerinfo\/2021\/12\/deces-de-mme-sylvia-garzia\/\",\"url\":\"https:\/\/vosgesinfo.fr\/gerardmerinfo\/2021\/12\/deces-de-mme-sylvia-garzia\/\",\"name\":\"D\u00e9c\u00e8s de Mme Sylvia Garzia - Gerardmer Info\",\"isPartOf\":{\"@id\":\"https:\/\/vosgesinfo.fr\/gerardmerinfo\/#website\"},\"primaryImageOfPage\":{\"@id\":\"https:\/\/vosgesinfo.fr\/gerardmerinfo\/2021\/12\/deces-de-mme-sylvia-garzia\/#primaryimage\"},\"image\":{\"@id\":\"https:\/\/vosgesinfo.fr\/gerardmerinfo\/2021\/12\/deces-de-mme-sylvia-garzia\/#primaryimage\"},\"thumbnailUrl\":\"https:\/\/vosgesinfo.fr\/app\/uploads\/sites\/6\/2020\/09\/avis-de-decces-bougie.jpg\",\"datePublished\":\"2021-12-24T07:54:07+00:00\",\"dateModified\":\"2021-12-24T07:54:07+00:00\",\"breadcrumb\":{\"@id\":\"https:\/\/vosgesinfo.fr\/gerardmerinfo\/2021\/12\/deces-de-mme-sylvia-garzia\/#breadcrumb\"},\"inLanguage\":\"fr-FR\",\"potentialAction\":[{\"@type\":\"ReadAction\",\"target\":[\"https:\/\/vosgesinfo.fr\/gerardmerinfo\/2021\/12\/deces-de-mme-sylvia-garzia\/\"]}]},{\"@type\":\"ImageObject\",\"inLanguage\":\"fr-FR\",\"@id\":\"https:\/\/vosgesinfo.fr\/gerardmerinfo\/2021\/12\/deces-de-mme-sylvia-garzia\/#primaryimage\",\"url\":\"https:\/\/vosgesinfo.fr\/app\/uploads\/sites\/6\/2020\/09\/avis-de-decces-bougie.jpg\",\"contentUrl\":\"https:\/\/vosgesinfo.fr\/app\/uploads\/sites\/6\/2020\/09\/avis-de-decces-bougie.jpg\",\"width\":700,\"height\":321},{\"@type\":\"BreadcrumbList\",\"@id\":\"https:\/\/vosgesinfo.fr\/gerardmerinfo\/2021\/12\/deces-de-mme-sylvia-garzia\/#breadcrumb\",\"itemListElement\":[{\"@type\":\"ListItem\",\"position\":1,\"name\":\"Home\",\"item\":\"https:\/\/vosgesinfo.fr\/gerardmerinfo\/\"},{\"@type\":\"ListItem\",\"position\":2,\"name\":\"D\u00e9c\u00e8s de Mme Sylvia Garzia\"}]},{\"@type\":\"WebSite\",\"@id\":\"https:\/\/vosgesinfo.fr\/gerardmerinfo\/#website\",\"url\":\"https:\/\/vosgesinfo.fr\/gerardmerinfo\/\",\"name\":\"Gerardmer Info\",\"description\":\"Toute l&#039;actualit\u00e9 de G\u00e9rardmer\",\"publisher\":{\"@id\":\"https:\/\/vosgesinfo.fr\/gerardmerinfo\/#organization\"},\"alternateName\":\"Toute l'actualit\u00e9 de G\u00e9rardmer\",\"potentialAction\":[{\"@type\":\"SearchAction\",\"target\":{\"@type\":\"EntryPoint\",\"urlTemplate\":\"https:\/\/vosgesinfo.fr\/gerardmerinfo\/?s={search_term_string}\"},\"query-input\":\"required name=search_term_string\"}],\"inLanguage\":\"fr-FR\"},{\"@type\":\"Organization\",\"@id\":\"https:\/\/vosgesinfo.fr\/gerardmerinfo\/#organization\",\"name\":\"Gerardmer Info\",\"url\":\"https:\/\/vosgesinfo.fr\/gerardmerinfo\/\",\"logo\":{\"@type\":\"ImageObject\",\"inLanguage\":\"fr-FR\",\"@id\":\"https:\/\/vosgesinfo.fr\/gerardmerinfo\/#\/schema\/logo\/image\/\",\"url\":\"https:\/\/vosgesinfo.fr\/app\/uploads\/sites\/6\/2023\/08\/favicon-gerardmerinfo.png\",\"contentUrl\":\"https:\/\/vosgesinfo.fr\/app\/uploads\/sites\/6\/2023\/08\/favicon-gerardmerinfo.png\",\"width\":512,\"height\":512,\"caption\":\"Gerardmer Info\"},\"image\":{\"@id\":\"https:\/\/vosgesinfo.fr\/gerardmerinfo\/#\/schema\/logo\/image\/\"},\"sameAs\":[\"https:\/\/www.facebook.com\/profile.php?id=100049475262660\",\"https:\/\/x.com\/VosgesInfo88\",\"https:\/\/www.youtube.com\/@vosgesinfo\"]},{\"@type\":\"Person\",\"@id\":\"https:\/\/vosgesinfo.fr\/gerardmerinfo\/#\/schema\/person\/bc5d02d71e6932e81b6dadb7386667b1\",\"name\":\"qs_admin\",\"image\":{\"@type\":\"ImageObject\",\"inLanguage\":\"fr-FR\",\"@id\":\"https:\/\/vosgesinfo.fr\/gerardmerinfo\/#\/schema\/person\/image\/\",\"url\":\"https:\/\/secure.gravatar.com\/avatar\/94b18ee0ed79e4a42ea2f2931277b6841a8999fc6fde214600c78057cf1fe1de?s=96&d=mm&r=g\",\"contentUrl\":\"https:\/\/secure.gravatar.com\/avatar\/94b18ee0ed79e4a42ea2f2931277b6841a8999fc6fde214600c78057cf1fe1de?s=96&d=mm&r=g\",\"caption\":\"qs_admin\"},\"sameAs\":[\"https:\/\/vosgesinfo.fr\/wp\"],\"url\":\"https:\/\/vosgesinfo.fr\/gerardmerinfo\/author\/qs_admin\/\"}]}<\/script>\n<!-- \/ Yoast SEO plugin. -->","yoast_head_json":{"title":"D\u00e9c\u00e8s de Mme Sylvia Garzia - Gerardmer Info","robots":{"index":"index","follow":"follow","max-snippet":"max-snippet:-1","max-image-preview":"max-image-preview:large","max-video-preview":"max-video-preview:-1"},"canonical":"https:\/\/vosgesinfo.fr\/gerardmerinfo\/2021\/12\/deces-de-mme-sylvia-garzia\/","twitter_card":"summary_large_image","twitter_title":"D\u00e9c\u00e8s de Mme Sylvia Garzia - Gerardmer Info","twitter_description":"G\u00c9RARDMER \u2013 XONRUPT-LONGEMER GRANGES-AUMONTZEY Jean-Michel PERRIN, son compagnon ; Ga\u00eblle et Fr\u00e9d\u00e9ric JACQUEL, Myriam et Christophe JACQUEL, Lucas PERRIN, Ses [&hellip;]","twitter_image":"https:\/\/vosgesinfo.fr\/app\/uploads\/sites\/6\/2020\/09\/avis-de-decces-bougie.jpg","twitter_creator":"@VosgesInfo88","twitter_site":"@VosgesInfo88","twitter_misc":{"\u00c9crit par":"qs_admin","Dur\u00e9e de lecture estim\u00e9e":"1 minute"},"schema":{"@context":"https:\/\/schema.org","@graph":[{"@type":"Article","@id":"https:\/\/vosgesinfo.fr\/gerardmerinfo\/2021\/12\/deces-de-mme-sylvia-garzia\/#article","isPartOf":{"@id":"https:\/\/vosgesinfo.fr\/gerardmerinfo\/2021\/12\/deces-de-mme-sylvia-garzia\/"},"author":{"name":"qs_admin","@id":"https:\/\/vosgesinfo.fr\/gerardmerinfo\/#\/schema\/person\/bc5d02d71e6932e81b6dadb7386667b1"},"headline":"D\u00e9c\u00e8s de Mme Sylvia Garzia","datePublished":"2021-12-24T07:54:07+00:00","dateModified":"2021-12-24T07:54:07+00:00","mainEntityOfPage":{"@id":"https:\/\/vosgesinfo.fr\/gerardmerinfo\/2021\/12\/deces-de-mme-sylvia-garzia\/"},"wordCount":206,"commentCount":0,"publisher":{"@id":"https:\/\/vosgesinfo.fr\/gerardmerinfo\/#organization"},"image":{"@id":"https:\/\/vosgesinfo.fr\/gerardmerinfo\/2021\/12\/deces-de-mme-sylvia-garzia\/#primaryimage"},"thumbnailUrl":"https:\/\/vosgesinfo.fr\/app\/uploads\/sites\/6\/2020\/09\/avis-de-decces-bougie.jpg","articleSection":["A la une","Avis de d\u00e9c\u00e8s"],"inLanguage":"fr-FR","potentialAction":[{"@type":"CommentAction","name":"Comment","target":["https:\/\/vosgesinfo.fr\/gerardmerinfo\/2021\/12\/deces-de-mme-sylvia-garzia\/#respond"]}]},{"@type":"WebPage","@id":"https:\/\/vosgesinfo.fr\/gerardmerinfo\/2021\/12\/deces-de-mme-sylvia-garzia\/","url":"https:\/\/vosgesinfo.fr\/gerardmerinfo\/2021\/12\/deces-de-mme-sylvia-garzia\/","name":"D\u00e9c\u00e8s de Mme Sylvia Garzia - Gerardmer Info","isPartOf":{"@id":"https:\/\/vosgesinfo.fr\/gerardmerinfo\/#website"},"primaryImageOfPage":{"@id":"https:\/\/vosgesinfo.fr\/gerardmerinfo\/2021\/12\/deces-de-mme-sylvia-garzia\/#primaryimage"},"image":{"@id":"https:\/\/vosgesinfo.fr\/gerardmerinfo\/2021\/12\/deces-de-mme-sylvia-garzia\/#primaryimage"},"thumbnailUrl":"https:\/\/vosgesinfo.fr\/app\/uploads\/sites\/6\/2020\/09\/avis-de-decces-bougie.jpg","datePublished":"2021-12-24T07:54:07+00:00","dateModified":"2021-12-24T07:54:07+00:00","breadcrumb":{"@id":"https:\/\/vosgesinfo.fr\/gerardmerinfo\/2021\/12\/deces-de-mme-sylvia-garzia\/#breadcrumb"},"inLanguage":"fr-FR","potentialAction":[{"@type":"ReadAction","target":["https:\/\/vosgesinfo.fr\/gerardmerinfo\/2021\/12\/deces-de-mme-sylvia-garzia\/"]}]},{"@type":"ImageObject","inLanguage":"fr-FR","@id":"https:\/\/vosgesinfo.fr\/gerardmerinfo\/2021\/12\/deces-de-mme-sylvia-garzia\/#primaryimage","url":"https:\/\/vosgesinfo.fr\/app\/uploads\/sites\/6\/2020\/09\/avis-de-decces-bougie.jpg","contentUrl":"https:\/\/vosgesinfo.fr\/app\/uploads\/sites\/6\/2020\/09\/avis-de-decces-bougie.jpg","width":700,"height":321},{"@type":"BreadcrumbList","@id":"https:\/\/vosgesinfo.fr\/gerardmerinfo\/2021\/12\/deces-de-mme-sylvia-garzia\/#breadcrumb","itemListElement":[{"@type":"ListItem","position":1,"name":"Home","item":"https:\/\/vosgesinfo.fr\/gerardmerinfo\/"},{"@type":"ListItem","position":2,"name":"D\u00e9c\u00e8s de Mme Sylvia Garzia"}]},{"@type":"WebSite","@id":"https:\/\/vosgesinfo.fr\/gerardmerinfo\/#website","url":"https:\/\/vosgesinfo.fr\/gerardmerinfo\/","name":"Gerardmer Info","description":"Toute l&#039;actualit\u00e9 de G\u00e9rardmer","publisher":{"@id":"https:\/\/vosgesinfo.fr\/gerardmerinfo\/#organization"},"alternateName":"Toute l'actualit\u00e9 de G\u00e9rardmer","potentialAction":[{"@type":"SearchAction","target":{"@type":"EntryPoint","urlTemplate":"https:\/\/vosgesinfo.fr\/gerardmerinfo\/?s={search_term_string}"},"query-input":"required name=search_term_string"}],"inLanguage":"fr-FR"},{"@type":"Organization","@id":"https:\/\/vosgesinfo.fr\/gerardmerinfo\/#organization","name":"Gerardmer Info","url":"https:\/\/vosgesinfo.fr\/gerardmerinfo\/","logo":{"@type":"ImageObject","inLanguage":"fr-FR","@id":"https:\/\/vosgesinfo.fr\/gerardmerinfo\/#\/schema\/logo\/image\/","url":"https:\/\/vosgesinfo.fr\/app\/uploads\/sites\/6\/2023\/08\/favicon-gerardmerinfo.png","contentUrl":"https:\/\/vosgesinfo.fr\/app\/uploads\/sites\/6\/2023\/08\/favicon-gerardmerinfo.png","width":512,"height":512,"caption":"Gerardmer Info"},"image":{"@id":"https:\/\/vosgesinfo.fr\/gerardmerinfo\/#\/schema\/logo\/image\/"},"sameAs":["https:\/\/www.facebook.com\/profile.php?id=100049475262660","https:\/\/x.com\/VosgesInfo88","https:\/\/www.youtube.com\/@vosgesinfo"]},{"@type":"Person","@id":"https:\/\/vosgesinfo.fr\/gerardmerinfo\/#\/schema\/person\/bc5d02d71e6932e81b6dadb7386667b1","name":"qs_admin","image":{"@type":"ImageObject","inLanguage":"fr-FR","@id":"https:\/\/vosgesinfo.fr\/gerardmerinfo\/#\/schema\/person\/image\/","url":"https:\/\/secure.gravatar.com\/avatar\/94b18ee0ed79e4a42ea2f2931277b6841a8999fc6fde214600c78057cf1fe1de?s=96&d=mm&r=g","contentUrl":"https:\/\/secure.gravatar.com\/avatar\/94b18ee0ed79e4a42ea2f2931277b6841a8999fc6fde214600c78057cf1fe1de?s=96&d=mm&r=g","caption":"qs_admin"},"sameAs":["https:\/\/vosgesinfo.fr\/wp"],"url":"https:\/\/vosgesinfo.fr\/gerardmerinfo\/author\/qs_admin\/"}]}},"_links":{"self":[{"href":"https:\/\/vosgesinfo.fr\/gerardmerinfo\/wp-json\/wp\/v2\/posts\/56569","targetHints":{"allow":["GET"]}}],"collection":[{"href":"https:\/\/vosgesinfo.fr\/gerardmerinfo\/wp-json\/wp\/v2\/posts"}],"about":[{"href":"https:\/\/vosgesinfo.fr\/gerardmerinfo\/wp-json\/wp\/v2\/types\/post"}],"author":[{"embeddable":true,"href":"https:\/\/vosgesinfo.fr\/gerardmerinfo\/wp-json\/wp\/v2\/users\/1"}],"replies":[{"embeddable":true,"href":"https:\/\/vosgesinfo.fr\/gerardmerinfo\/wp-json\/wp\/v2\/comments?post=56569"}],"version-history":[{"count":0,"href":"https:\/\/vosgesinfo.fr\/gerardmerinfo\/wp-json\/wp\/v2\/posts\/56569\/revisions"}],"wp:featuredmedia":[{"embeddable":true,"href":"https:\/\/vosgesinfo.fr\/gerardmerinfo\/wp-json\/wp\/v2\/media\/213"}],"wp:attachment":[{"href":"https:\/\/vosgesinfo.fr\/gerardmerinfo\/wp-json\/wp\/v2\/media?parent=56569"}],"wp:term":[{"taxonomy":"category","embeddable":true,"href":"https:\/\/vosgesinfo.fr\/gerardmerinfo\/wp-json\/wp\/v2\/categories?post=56569"},{"taxonomy":"post_tag","embeddable":true,"href":"https:\/\/vosgesinfo.fr\/gerardmerinfo\/wp-json\/wp\/v2\/tags?post=56569"}],"curies":[{"name":"wp","href":"https:\/\/api.w.org\/{rel}","templated":true}]}}